{"id":4591,"date":"2025-08-21T21:44:44","date_gmt":"2025-08-22T02:44:44","guid":{"rendered":"https:\/\/www.uartes.edu.ec\/sitio\/encuentroilia\/?p=4591"},"modified":"2025-08-21T21:57:07","modified_gmt":"2025-08-22T02:57:07","slug":"juan-sebastian-gil","status":"publish","type":"post","link":"http:\/\/www.uartes.edu.ec\/sitio\/encuentroilia\/juan-sebastian-gil\/","title":{"rendered":"Juan Sebasti\u00e1n Gil"},"content":{"rendered":"\n<p>Decano de la Facultad de Contenidos audiovisuales y digitales, adem\u00e1s de docente de Guion, Teor\u00edas de la comunicaci\u00f3n e Investigaci\u00f3n y Contexto Digital (I.D.). Comunicador en lenguajes audiovisuales, Tecn\u00f3logo en escritura de guiones, M\u00e1ster en tecnolog\u00eda e innovaci\u00f3n educativa y Mag\u00edster en comunicaci\u00f3n y educaci\u00f3n con \u00e9nfasis en transmedia. Docente de postgrado especializaci\u00f3n y maestr\u00eda en diferentes universidades en \u00e1reas de la innovaci\u00f3n. Investigador y docente invitado internacional comunicaci\u00f3n digital en Instituto Superior Tecnol\u00f3gico Cuesttv Quito Ecuador. Sus l\u00edneas de estudio est\u00e1n orientadas a las narrativas transmedia, la creaci\u00f3n de contenidos multimediales de aprendizaje y experiencias de usuario, el lenguaje, la educomunicaci\u00f3n, los mass media y nuevos medios, y las ciberciudadan\u00edas desde una mirada cr\u00edtica de naci\u00f3n y creaci\u00f3n audiovisual y digital. Guionista y dise\u00f1ador instruccional<\/p>\n","protected":false},"excerpt":{"rendered":"<p>Tecnol\u00f3gico de Artes D\u00e9bora Arango, Colombia<\/p>\n","protected":false},"author":1,"featured_media":4595,"comment_status":"open","ping_status":"open","sticky":false,"template":"","format":"standard","meta":{"_uag_custom_page_level_css":"","_monsterinsights_skip_tracking":false,"_monsterinsights_sitenote_active":false,"_monsterinsights_sitenote_note":"","_monsterinsights_sitenote_category":0,"cybocfi_hide_featured_image":"","footnotes":""},"categories":[44],"tags":[70],"class_list":["post-4591","post","type-post","status-publish","format-standard","has-post-thumbnail","hentry","category-participantes","tag-2025internacionales"],"uagb_featured_image_src":{"full":["https:\/\/www.uartes.edu.ec\/sitio\/encuentroilia\/wp-content\/uploads\/sites\/5\/2025\/08\/juan-sebastian-gil.jpg",1000,1000,false],"thumbnail":["https:\/\/www.uartes.edu.ec\/sitio\/encuentroilia\/wp-content\/uploads\/sites\/5\/2025\/08\/juan-sebastian-gil-150x150.jpg",150,150,true],"medium":["https:\/\/www.uartes.edu.ec\/sitio\/encuentroilia\/wp-content\/uploads\/sites\/5\/2025\/08\/juan-sebastian-gil-300x300.jpg",300,300,true],"medium_large":["https:\/\/www.uartes.edu.ec\/sitio\/encuentroilia\/wp-content\/uploads\/sites\/5\/2025\/08\/juan-sebastian-gil-768x768.jpg",750,750,true],"large":["https:\/\/www.uartes.edu.ec\/sitio\/encuentroilia\/wp-content\/uploads\/sites\/5\/2025\/08\/juan-sebastian-gil.jpg",750,750,false],"1536x1536":["https:\/\/www.uartes.edu.ec\/sitio\/encuentroilia\/wp-content\/uploads\/sites\/5\/2025\/08\/juan-sebastian-gil.jpg",1000,1000,false],"2048x2048":["https:\/\/www.uartes.edu.ec\/sitio\/encuentroilia\/wp-content\/uploads\/sites\/5\/2025\/08\/juan-sebastian-gil.jpg",1000,1000,false],"hestia-blog":["https:\/\/www.uartes.edu.ec\/sitio\/encuentroilia\/wp-content\/uploads\/sites\/5\/2025\/08\/juan-sebastian-gil-360x240.jpg",360,240,true]},"uagb_author_info":{"display_name":"Universidad de las Artes","author_link":"https:\/\/www.uartes.edu.ec\/sitio\/encuentroilia\/author\/dircomadm\/"},"uagb_comment_info":0,"uagb_excerpt":"Tecnol\u00f3gico de Artes D\u00e9bora Arango, Colombia","distributor_meta":false,"distributor_terms":false,"distributor_media":false,"distributor_original_site_name":"VIII Encuentro Internacional de Investigaci\u00f3n en Artes","distributor_original_site_url":"https:\/\/www.uartes.edu.ec\/sitio\/encuentroilia","push-errors":false,"_links":{"self":[{"href":"https:\/\/www.uartes.edu.ec\/sitio\/encuentroilia\/wp-json\/wp\/v2\/posts\/4591","targetHints":{"allow":["GET"]}}],"collection":[{"href":"https:\/\/www.uartes.edu.ec\/sitio\/encuentroilia\/wp-json\/wp\/v2\/posts"}],"about":[{"href":"https:\/\/www.uartes.edu.ec\/sitio\/encuentroilia\/wp-json\/wp\/v2\/types\/post"}],"author":[{"embeddable":true,"href":"https:\/\/www.uartes.edu.ec\/sitio\/encuentroilia\/wp-json\/wp\/v2\/users\/1"}],"replies":[{"embeddable":true,"href":"https:\/\/www.uartes.edu.ec\/sitio\/encuentroilia\/wp-json\/wp\/v2\/comments?post=4591"}],"version-history":[{"count":3,"href":"https:\/\/www.uartes.edu.ec\/sitio\/encuentroilia\/wp-json\/wp\/v2\/posts\/4591\/revisions"}],"predecessor-version":[{"id":4615,"href":"https:\/\/www.uartes.edu.ec\/sitio\/encuentroilia\/wp-json\/wp\/v2\/posts\/4591\/revisions\/4615"}],"wp:featuredmedia":[{"embeddable":true,"href":"https:\/\/www.uartes.edu.ec\/sitio\/encuentroilia\/wp-json\/wp\/v2\/media\/4595"}],"wp:attachment":[{"href":"https:\/\/www.uartes.edu.ec\/sitio\/encuentroilia\/wp-json\/wp\/v2\/media?parent=4591"}],"wp:term":[{"taxonomy":"category","embeddable":true,"href":"https:\/\/www.uartes.edu.ec\/sitio\/encuentroilia\/wp-json\/wp\/v2\/categories?post=4591"},{"taxonomy":"post_tag","embeddable":true,"href":"https:\/\/www.uartes.edu.ec\/sitio\/encuentroilia\/wp-json\/wp\/v2\/tags?post=4591"}],"curies":[{"name":"wp","href":"https:\/\/api.w.org\/{rel}","templated":true}]}}