{"id":4602,"date":"2025-08-21T21:48:08","date_gmt":"2025-08-22T02:48:08","guid":{"rendered":"https:\/\/www.uartes.edu.ec\/sitio\/encuentroilia\/?p=4602"},"modified":"2025-08-21T21:57:38","modified_gmt":"2025-08-22T02:57:38","slug":"aurora-lechuga","status":"publish","type":"post","link":"http:\/\/www.uartes.edu.ec\/sitio\/encuentroilia\/aurora-lechuga\/","title":{"rendered":"Aurora Lechuga"},"content":{"rendered":"\n<p>Aurora Lechuga Rodr\u00edguez es Doctora en Pedagog\u00eda en la Universidad Aut\u00f3noma de M\u00e9xico (UNAM). Realiza una investigaci\u00f3n sobre La Educaci\u00f3n Art\u00edstica en las universidades de Artes P\u00fablicas de Am\u00e9rica Latina. Actualmente es Investigador Asociado en el C3 (Centro de Ciencias de la Complejidad) de la UNAM, en el proyecto de Ciencias, Arte y Complejidad. Adicionalmente integrante del equipo de trabajo de CLACSO en el Grupo de Trabajo: Artes, educaci\u00f3n y producci\u00f3n transversal de conocimientos Nombre del Grupo de Trabajo. Artes, educaci\u00f3n y producci\u00f3n transversal de conocimientos. Es integrante de la C\u00e1tedra UNESCO Universidad e Integraci\u00f3n Regional. Es docente en la Universidad Pedag\u00f3gica Nacional Unidad 095 y del Tecnol\u00f3gico Nacional de M\u00e9xico. Ha organizado diversos Congresos Internacionales. Es miembro fundador de las Redes de investigaci\u00f3n Kair\u00f3s, \u00d1an Yachaq, FREI en su l\u00ednea de investigaci\u00f3n en Pedagog\u00eda, y participante en la Red Ayllu de la Universidad de Artes de Ecuador.<\/p>\n","protected":false},"excerpt":{"rendered":"<p>Universidad Nacional Aut\u00f3noma de M\u00e9xico, M\u00e9xico<\/p>\n","protected":false},"author":1,"featured_media":4592,"comment_status":"open","ping_status":"open","sticky":false,"template":"","format":"standard","meta":{"_uag_custom_page_level_css":"","_monsterinsights_skip_tracking":false,"_monsterinsights_sitenote_active":false,"_monsterinsights_sitenote_note":"","_monsterinsights_sitenote_category":0,"cybocfi_hide_featured_image":"","footnotes":""},"categories":[44],"tags":[70],"class_list":["post-4602","post","type-post","status-publish","format-standard","has-post-thumbnail","hentry","category-participantes","tag-2025internacionales"],"uagb_featured_image_src":{"full":["https:\/\/www.uartes.edu.ec\/sitio\/encuentroilia\/wp-content\/uploads\/sites\/5\/2025\/08\/aurora-lechuga.jpg",1000,1000,false],"thumbnail":["https:\/\/www.uartes.edu.ec\/sitio\/encuentroilia\/wp-content\/uploads\/sites\/5\/2025\/08\/aurora-lechuga-150x150.jpg",150,150,true],"medium":["https:\/\/www.uartes.edu.ec\/sitio\/encuentroilia\/wp-content\/uploads\/sites\/5\/2025\/08\/aurora-lechuga-300x300.jpg",300,300,true],"medium_large":["https:\/\/www.uartes.edu.ec\/sitio\/encuentroilia\/wp-content\/uploads\/sites\/5\/2025\/08\/aurora-lechuga-768x768.jpg",750,750,true],"large":["https:\/\/www.uartes.edu.ec\/sitio\/encuentroilia\/wp-content\/uploads\/sites\/5\/2025\/08\/aurora-lechuga.jpg",750,750,false],"1536x1536":["https:\/\/www.uartes.edu.ec\/sitio\/encuentroilia\/wp-content\/uploads\/sites\/5\/2025\/08\/aurora-lechuga.jpg",1000,1000,false],"2048x2048":["https:\/\/www.uartes.edu.ec\/sitio\/encuentroilia\/wp-content\/uploads\/sites\/5\/2025\/08\/aurora-lechuga.jpg",1000,1000,false],"hestia-blog":["https:\/\/www.uartes.edu.ec\/sitio\/encuentroilia\/wp-content\/uploads\/sites\/5\/2025\/08\/aurora-lechuga-360x240.jpg",360,240,true]},"uagb_author_info":{"display_name":"Universidad de las Artes","author_link":"https:\/\/www.uartes.edu.ec\/sitio\/encuentroilia\/author\/dircomadm\/"},"uagb_comment_info":0,"uagb_excerpt":"Universidad Nacional Aut\u00f3noma de M\u00e9xico, M\u00e9xico","distributor_meta":false,"distributor_terms":false,"distributor_media":false,"distributor_original_site_name":"VIII Encuentro Internacional de Investigaci\u00f3n en Artes","distributor_original_site_url":"https:\/\/www.uartes.edu.ec\/sitio\/encuentroilia","push-errors":false,"_links":{"self":[{"href":"https:\/\/www.uartes.edu.ec\/sitio\/encuentroilia\/wp-json\/wp\/v2\/posts\/4602","targetHints":{"allow":["GET"]}}],"collection":[{"href":"https:\/\/www.uartes.edu.ec\/sitio\/encuentroilia\/wp-json\/wp\/v2\/posts"}],"about":[{"href":"https:\/\/www.uartes.edu.ec\/sitio\/encuentroilia\/wp-json\/wp\/v2\/types\/post"}],"author":[{"embeddable":true,"href":"https:\/\/www.uartes.edu.ec\/sitio\/encuentroilia\/wp-json\/wp\/v2\/users\/1"}],"replies":[{"embeddable":true,"href":"https:\/\/www.uartes.edu.ec\/sitio\/encuentroilia\/wp-json\/wp\/v2\/comments?post=4602"}],"version-history":[{"count":2,"href":"https:\/\/www.uartes.edu.ec\/sitio\/encuentroilia\/wp-json\/wp\/v2\/posts\/4602\/revisions"}],"predecessor-version":[{"id":4617,"href":"https:\/\/www.uartes.edu.ec\/sitio\/encuentroilia\/wp-json\/wp\/v2\/posts\/4602\/revisions\/4617"}],"wp:featuredmedia":[{"embeddable":true,"href":"https:\/\/www.uartes.edu.ec\/sitio\/encuentroilia\/wp-json\/wp\/v2\/media\/4592"}],"wp:attachment":[{"href":"https:\/\/www.uartes.edu.ec\/sitio\/encuentroilia\/wp-json\/wp\/v2\/media?parent=4602"}],"wp:term":[{"taxonomy":"category","embeddable":true,"href":"https:\/\/www.uartes.edu.ec\/sitio\/encuentroilia\/wp-json\/wp\/v2\/categories?post=4602"},{"taxonomy":"post_tag","embeddable":true,"href":"https:\/\/www.uartes.edu.ec\/sitio\/encuentroilia\/wp-json\/wp\/v2\/tags?post=4602"}],"curies":[{"name":"wp","href":"https:\/\/api.w.org\/{rel}","templated":true}]}}