{"id":4611,"date":"2025-08-21T21:54:14","date_gmt":"2025-08-22T02:54:14","guid":{"rendered":"https:\/\/www.uartes.edu.ec\/sitio\/encuentroilia\/?p=4611"},"modified":"2025-08-21T21:58:36","modified_gmt":"2025-08-22T02:58:36","slug":"maria-jose-bello","status":"publish","type":"post","link":"http:\/\/www.uartes.edu.ec\/sitio\/encuentroilia\/maria-jose-bello\/","title":{"rendered":"Mar\u00eda Jos\u00e9 Bello"},"content":{"rendered":"\n<p>Directora del Departamento de Creaci\u00f3n Art\u00edstica de la Vicerrector\u00eda de Investigaci\u00f3n, desarrollo y creaci\u00f3n art\u00edstica VIDCA de la Universidad Austral de Chile. Es co-investigadora del proyecto FONDECYT \u00a0&#8220;Afecto, normatividades de g\u00e9nero y el audiovisual: transformando el conocimiento de la vida normal&#8221;. Es Doctora en Artes y Educaci\u00f3n por la Universidad de Barcelona, Mag\u00edster en Est\u00e9tica Audiovisual de la Universidad de Toulouse II Le Mirail y Periodista de la Pontificia Universidad Cat\u00f3lica de Chile. Ha sido Directora de la Escuela de Creaci\u00f3n Audiovisual, Directora de Vinculaci\u00f3n con el Medio y Encargada de Relaciones Internacionales de la Facultad de Arquitectura y Artes de la UACh. Fue la primera Presidenta de la Red Universitaria de Cine y Audiovisual (RUCA) que agrupa a 14 carreras universitarias de cine y audiovisual en Chile.\u00a0Es autora de art\u00edculos indexados en Pedagog\u00eda Audiovisual, Cine Latinoamericano, Feminismos y Memoria.<\/p>\n","protected":false},"excerpt":{"rendered":"<p>Universidad Austral de Chile, Chile<\/p>\n","protected":false},"author":1,"featured_media":4598,"comment_status":"open","ping_status":"open","sticky":false,"template":"","format":"standard","meta":{"_uag_custom_page_level_css":"","_monsterinsights_skip_tracking":false,"_monsterinsights_sitenote_active":false,"_monsterinsights_sitenote_note":"","_monsterinsights_sitenote_category":0,"cybocfi_hide_featured_image":"","footnotes":""},"categories":[44],"tags":[70],"class_list":["post-4611","post","type-post","status-publish","format-standard","has-post-thumbnail","hentry","category-participantes","tag-2025internacionales"],"uagb_featured_image_src":{"full":["https:\/\/www.uartes.edu.ec\/sitio\/encuentroilia\/wp-content\/uploads\/sites\/5\/2025\/08\/maria-jose-bello-343969979.jpg",1000,1000,false],"thumbnail":["https:\/\/www.uartes.edu.ec\/sitio\/encuentroilia\/wp-content\/uploads\/sites\/5\/2025\/08\/maria-jose-bello-343969979-150x150.jpg",150,150,true],"medium":["https:\/\/www.uartes.edu.ec\/sitio\/encuentroilia\/wp-content\/uploads\/sites\/5\/2025\/08\/maria-jose-bello-343969979-300x300.jpg",300,300,true],"medium_large":["https:\/\/www.uartes.edu.ec\/sitio\/encuentroilia\/wp-content\/uploads\/sites\/5\/2025\/08\/maria-jose-bello-343969979-768x768.jpg",750,750,true],"large":["https:\/\/www.uartes.edu.ec\/sitio\/encuentroilia\/wp-content\/uploads\/sites\/5\/2025\/08\/maria-jose-bello-343969979.jpg",750,750,false],"1536x1536":["https:\/\/www.uartes.edu.ec\/sitio\/encuentroilia\/wp-content\/uploads\/sites\/5\/2025\/08\/maria-jose-bello-343969979.jpg",1000,1000,false],"2048x2048":["https:\/\/www.uartes.edu.ec\/sitio\/encuentroilia\/wp-content\/uploads\/sites\/5\/2025\/08\/maria-jose-bello-343969979.jpg",1000,1000,false],"hestia-blog":["https:\/\/www.uartes.edu.ec\/sitio\/encuentroilia\/wp-content\/uploads\/sites\/5\/2025\/08\/maria-jose-bello-343969979-360x240.jpg",360,240,true]},"uagb_author_info":{"display_name":"Universidad de las Artes","author_link":"https:\/\/www.uartes.edu.ec\/sitio\/encuentroilia\/author\/dircomadm\/"},"uagb_comment_info":0,"uagb_excerpt":"Universidad Austral de Chile, Chile","distributor_meta":false,"distributor_terms":false,"distributor_media":false,"distributor_original_site_name":"VIII Encuentro Internacional de Investigaci\u00f3n en Artes","distributor_original_site_url":"https:\/\/www.uartes.edu.ec\/sitio\/encuentroilia","push-errors":false,"_links":{"self":[{"href":"https:\/\/www.uartes.edu.ec\/sitio\/encuentroilia\/wp-json\/wp\/v2\/posts\/4611","targetHints":{"allow":["GET"]}}],"collection":[{"href":"https:\/\/www.uartes.edu.ec\/sitio\/encuentroilia\/wp-json\/wp\/v2\/posts"}],"about":[{"href":"https:\/\/www.uartes.edu.ec\/sitio\/encuentroilia\/wp-json\/wp\/v2\/types\/post"}],"author":[{"embeddable":true,"href":"https:\/\/www.uartes.edu.ec\/sitio\/encuentroilia\/wp-json\/wp\/v2\/users\/1"}],"replies":[{"embeddable":true,"href":"https:\/\/www.uartes.edu.ec\/sitio\/encuentroilia\/wp-json\/wp\/v2\/comments?post=4611"}],"version-history":[{"count":2,"href":"https:\/\/www.uartes.edu.ec\/sitio\/encuentroilia\/wp-json\/wp\/v2\/posts\/4611\/revisions"}],"predecessor-version":[{"id":4621,"href":"https:\/\/www.uartes.edu.ec\/sitio\/encuentroilia\/wp-json\/wp\/v2\/posts\/4611\/revisions\/4621"}],"wp:featuredmedia":[{"embeddable":true,"href":"https:\/\/www.uartes.edu.ec\/sitio\/encuentroilia\/wp-json\/wp\/v2\/media\/4598"}],"wp:attachment":[{"href":"https:\/\/www.uartes.edu.ec\/sitio\/encuentroilia\/wp-json\/wp\/v2\/media?parent=4611"}],"wp:term":[{"taxonomy":"category","embeddable":true,"href":"https:\/\/www.uartes.edu.ec\/sitio\/encuentroilia\/wp-json\/wp\/v2\/categories?post=4611"},{"taxonomy":"post_tag","embeddable":true,"href":"https:\/\/www.uartes.edu.ec\/sitio\/encuentroilia\/wp-json\/wp\/v2\/tags?post=4611"}],"curies":[{"name":"wp","href":"https:\/\/api.w.org\/{rel}","templated":true}]}}