{"id":4644,"date":"2025-08-21T22:15:26","date_gmt":"2025-08-22T03:15:26","guid":{"rendered":"https:\/\/www.uartes.edu.ec\/sitio\/encuentroilia\/?p=4644"},"modified":"2025-08-21T22:15:27","modified_gmt":"2025-08-22T03:15:27","slug":"maria-fernanda-cartagena","status":"publish","type":"post","link":"http:\/\/www.uartes.edu.ec\/sitio\/encuentroilia\/maria-fernanda-cartagena\/","title":{"rendered":"Mar\u00eda Fernanda Cartagena"},"content":{"rendered":"\n<p>Candidata a doctorado en el departamento de Antropolog\u00eda de McGill University, Montreal, Canad\u00e1, donde explora la relaci\u00f3n entre artes contempor\u00e1neas y ontolog\u00edas andinas. Historiadora del Arte por The American University, Washington DC. y Master en Culturas Visuales por Middlesex University, Reino Unido. Ha realizado un trabajo sostenido de gesti\u00f3n e investigaci\u00f3n sobre pr\u00e1cticas art\u00edsticas en la esfera p\u00fablica, arte comunitario, y pedagog\u00edas cr\u00edticas en contextos sociales. Ha desarrollado proyectos educativos, curadur\u00edas de arte contempor\u00e1neo, y consultor\u00edas para museos en el Ecuador. Fue directora ejecutiva de la Fundaci\u00f3n Museos de la Ciudad y directora del Museo de Arte Precolombino Casa del Alabado. Su reciente curadur\u00eda Plantas de poder explor\u00f3 la potencia sanadora, espiritual y pol\u00edtica de las plantas en el arte contempor\u00e1neo, las luchas sociales y las pr\u00e1cticas comunitarias (octubre 2023 \u2013 enero 2024).<\/p>\n","protected":false},"excerpt":{"rendered":"<p>McGill University<\/p>\n","protected":false},"author":1,"featured_media":4634,"comment_status":"open","ping_status":"open","sticky":false,"template":"","format":"standard","meta":{"_uag_custom_page_level_css":"","_monsterinsights_skip_tracking":false,"_monsterinsights_sitenote_active":false,"_monsterinsights_sitenote_note":"","_monsterinsights_sitenote_category":0,"cybocfi_hide_featured_image":"","footnotes":""},"categories":[44],"tags":[71],"class_list":["post-4644","post","type-post","status-publish","format-standard","has-post-thumbnail","hentry","category-participantes","tag-2025nacionales"],"uagb_featured_image_src":{"full":["https:\/\/www.uartes.edu.ec\/sitio\/encuentroilia\/wp-content\/uploads\/sites\/5\/2025\/08\/Maria-Fernanda-Cartagena-Maria-Fernanda-Cartagena.jpg",1000,1000,false],"thumbnail":["https:\/\/www.uartes.edu.ec\/sitio\/encuentroilia\/wp-content\/uploads\/sites\/5\/2025\/08\/Maria-Fernanda-Cartagena-Maria-Fernanda-Cartagena-150x150.jpg",150,150,true],"medium":["https:\/\/www.uartes.edu.ec\/sitio\/encuentroilia\/wp-content\/uploads\/sites\/5\/2025\/08\/Maria-Fernanda-Cartagena-Maria-Fernanda-Cartagena-300x300.jpg",300,300,true],"medium_large":["https:\/\/www.uartes.edu.ec\/sitio\/encuentroilia\/wp-content\/uploads\/sites\/5\/2025\/08\/Maria-Fernanda-Cartagena-Maria-Fernanda-Cartagena-768x768.jpg",750,750,true],"large":["https:\/\/www.uartes.edu.ec\/sitio\/encuentroilia\/wp-content\/uploads\/sites\/5\/2025\/08\/Maria-Fernanda-Cartagena-Maria-Fernanda-Cartagena.jpg",750,750,false],"1536x1536":["https:\/\/www.uartes.edu.ec\/sitio\/encuentroilia\/wp-content\/uploads\/sites\/5\/2025\/08\/Maria-Fernanda-Cartagena-Maria-Fernanda-Cartagena.jpg",1000,1000,false],"2048x2048":["https:\/\/www.uartes.edu.ec\/sitio\/encuentroilia\/wp-content\/uploads\/sites\/5\/2025\/08\/Maria-Fernanda-Cartagena-Maria-Fernanda-Cartagena.jpg",1000,1000,false],"hestia-blog":["https:\/\/www.uartes.edu.ec\/sitio\/encuentroilia\/wp-content\/uploads\/sites\/5\/2025\/08\/Maria-Fernanda-Cartagena-Maria-Fernanda-Cartagena-360x240.jpg",360,240,true]},"uagb_author_info":{"display_name":"Universidad de las Artes","author_link":"https:\/\/www.uartes.edu.ec\/sitio\/encuentroilia\/author\/dircomadm\/"},"uagb_comment_info":0,"uagb_excerpt":"McGill University","distributor_meta":false,"distributor_terms":false,"distributor_media":false,"distributor_original_site_name":"VIII Encuentro Internacional de Investigaci\u00f3n en Artes","distributor_original_site_url":"https:\/\/www.uartes.edu.ec\/sitio\/encuentroilia","push-errors":false,"_links":{"self":[{"href":"https:\/\/www.uartes.edu.ec\/sitio\/encuentroilia\/wp-json\/wp\/v2\/posts\/4644","targetHints":{"allow":["GET"]}}],"collection":[{"href":"https:\/\/www.uartes.edu.ec\/sitio\/encuentroilia\/wp-json\/wp\/v2\/posts"}],"about":[{"href":"https:\/\/www.uartes.edu.ec\/sitio\/encuentroilia\/wp-json\/wp\/v2\/types\/post"}],"author":[{"embeddable":true,"href":"https:\/\/www.uartes.edu.ec\/sitio\/encuentroilia\/wp-json\/wp\/v2\/users\/1"}],"replies":[{"embeddable":true,"href":"https:\/\/www.uartes.edu.ec\/sitio\/encuentroilia\/wp-json\/wp\/v2\/comments?post=4644"}],"version-history":[{"count":1,"href":"https:\/\/www.uartes.edu.ec\/sitio\/encuentroilia\/wp-json\/wp\/v2\/posts\/4644\/revisions"}],"predecessor-version":[{"id":4645,"href":"https:\/\/www.uartes.edu.ec\/sitio\/encuentroilia\/wp-json\/wp\/v2\/posts\/4644\/revisions\/4645"}],"wp:featuredmedia":[{"embeddable":true,"href":"https:\/\/www.uartes.edu.ec\/sitio\/encuentroilia\/wp-json\/wp\/v2\/media\/4634"}],"wp:attachment":[{"href":"https:\/\/www.uartes.edu.ec\/sitio\/encuentroilia\/wp-json\/wp\/v2\/media?parent=4644"}],"wp:term":[{"taxonomy":"category","embeddable":true,"href":"https:\/\/www.uartes.edu.ec\/sitio\/encuentroilia\/wp-json\/wp\/v2\/categories?post=4644"},{"taxonomy":"post_tag","embeddable":true,"href":"https:\/\/www.uartes.edu.ec\/sitio\/encuentroilia\/wp-json\/wp\/v2\/tags?post=4644"}],"curies":[{"name":"wp","href":"https:\/\/api.w.org\/{rel}","templated":true}]}}