{"id":4652,"date":"2025-08-22T07:52:39","date_gmt":"2025-08-22T12:52:39","guid":{"rendered":"https:\/\/www.uartes.edu.ec\/sitio\/encuentroilia\/?p=4652"},"modified":"2025-09-15T16:30:23","modified_gmt":"2025-09-15T21:30:23","slug":"diego-ledesma-garcia","status":"publish","type":"post","link":"http:\/\/www.uartes.edu.ec\/sitio\/encuentroilia\/diego-ledesma-garcia\/","title":{"rendered":"Diego Ledesma Garc\u00eda"},"content":{"rendered":"\n<p>Quito, 1984. Es artista visual y educador. Su trabajo se sit\u00faa entre el arte, la educaci\u00f3n y la etnograf\u00eda, con \u00e9nfasis en la mediaci\u00f3n comunitaria y la memoria colectiva. Es licenciado en Artes Pl\u00e1sticas (Universidad Central del Ecuador) y m\u00e1ster en Artes Visuales y Educaci\u00f3n (Universidad de Barcelona). Actualmente dirige el \u00c1rea de Programas Educativos del Centro Cultural Metropolitano de Quito y coordina Extramuros. Ha recibido premios y residencias en Ecuador, Austria y pr\u00f3ximamente en Suiza. Su pr\u00e1ctica explora los v\u00ednculos entre afecto, paisaje y memoria como formas de di\u00e1logo cr\u00edtico.<\/p>\n","protected":false},"excerpt":{"rendered":"<p>Proyecto Extramuros- Secretar\u00eda de Cultura DMQ<\/p>\n","protected":false},"author":1,"featured_media":4630,"comment_status":"open","ping_status":"open","sticky":false,"template":"","format":"standard","meta":{"_uag_custom_page_level_css":"","_monsterinsights_skip_tracking":false,"_monsterinsights_sitenote_active":false,"_monsterinsights_sitenote_note":"","_monsterinsights_sitenote_category":0,"cybocfi_hide_featured_image":"yes","footnotes":""},"categories":[44],"tags":[71],"class_list":["post-4652","post","type-post","status-publish","format-standard","has-post-thumbnail","hentry","category-participantes","tag-2025nacionales"],"uagb_featured_image_src":{"full":["https:\/\/www.uartes.edu.ec\/sitio\/encuentroilia\/wp-content\/uploads\/sites\/5\/2025\/08\/diego-ledesma-1-1.jpg",1000,1000,false],"thumbnail":["https:\/\/www.uartes.edu.ec\/sitio\/encuentroilia\/wp-content\/uploads\/sites\/5\/2025\/08\/diego-ledesma-1-1-150x150.jpg",150,150,true],"medium":["https:\/\/www.uartes.edu.ec\/sitio\/encuentroilia\/wp-content\/uploads\/sites\/5\/2025\/08\/diego-ledesma-1-1-300x300.jpg",300,300,true],"medium_large":["https:\/\/www.uartes.edu.ec\/sitio\/encuentroilia\/wp-content\/uploads\/sites\/5\/2025\/08\/diego-ledesma-1-1-768x768.jpg",750,750,true],"large":["https:\/\/www.uartes.edu.ec\/sitio\/encuentroilia\/wp-content\/uploads\/sites\/5\/2025\/08\/diego-ledesma-1-1.jpg",750,750,false],"1536x1536":["https:\/\/www.uartes.edu.ec\/sitio\/encuentroilia\/wp-content\/uploads\/sites\/5\/2025\/08\/diego-ledesma-1-1.jpg",1000,1000,false],"2048x2048":["https:\/\/www.uartes.edu.ec\/sitio\/encuentroilia\/wp-content\/uploads\/sites\/5\/2025\/08\/diego-ledesma-1-1.jpg",1000,1000,false],"hestia-blog":["https:\/\/www.uartes.edu.ec\/sitio\/encuentroilia\/wp-content\/uploads\/sites\/5\/2025\/08\/diego-ledesma-1-1-360x240.jpg",360,240,true]},"uagb_author_info":{"display_name":"Universidad de las Artes","author_link":"https:\/\/www.uartes.edu.ec\/sitio\/encuentroilia\/author\/dircomadm\/"},"uagb_comment_info":0,"uagb_excerpt":"Proyecto Extramuros- Secretar\u00eda de Cultura DMQ","distributor_meta":false,"distributor_terms":false,"distributor_media":false,"distributor_original_site_name":"VIII Encuentro Internacional de Investigaci\u00f3n en Artes","distributor_original_site_url":"https:\/\/www.uartes.edu.ec\/sitio\/encuentroilia","push-errors":false,"_links":{"self":[{"href":"https:\/\/www.uartes.edu.ec\/sitio\/encuentroilia\/wp-json\/wp\/v2\/posts\/4652","targetHints":{"allow":["GET"]}}],"collection":[{"href":"https:\/\/www.uartes.edu.ec\/sitio\/encuentroilia\/wp-json\/wp\/v2\/posts"}],"about":[{"href":"https:\/\/www.uartes.edu.ec\/sitio\/encuentroilia\/wp-json\/wp\/v2\/types\/post"}],"author":[{"embeddable":true,"href":"https:\/\/www.uartes.edu.ec\/sitio\/encuentroilia\/wp-json\/wp\/v2\/users\/1"}],"replies":[{"embeddable":true,"href":"https:\/\/www.uartes.edu.ec\/sitio\/encuentroilia\/wp-json\/wp\/v2\/comments?post=4652"}],"version-history":[{"count":2,"href":"https:\/\/www.uartes.edu.ec\/sitio\/encuentroilia\/wp-json\/wp\/v2\/posts\/4652\/revisions"}],"predecessor-version":[{"id":4994,"href":"https:\/\/www.uartes.edu.ec\/sitio\/encuentroilia\/wp-json\/wp\/v2\/posts\/4652\/revisions\/4994"}],"wp:featuredmedia":[{"embeddable":true,"href":"https:\/\/www.uartes.edu.ec\/sitio\/encuentroilia\/wp-json\/wp\/v2\/media\/4630"}],"wp:attachment":[{"href":"https:\/\/www.uartes.edu.ec\/sitio\/encuentroilia\/wp-json\/wp\/v2\/media?parent=4652"}],"wp:term":[{"taxonomy":"category","embeddable":true,"href":"https:\/\/www.uartes.edu.ec\/sitio\/encuentroilia\/wp-json\/wp\/v2\/categories?post=4652"},{"taxonomy":"post_tag","embeddable":true,"href":"https:\/\/www.uartes.edu.ec\/sitio\/encuentroilia\/wp-json\/wp\/v2\/tags?post=4652"}],"curies":[{"name":"wp","href":"https:\/\/api.w.org\/{rel}","templated":true}]}}