{"id":4654,"date":"2025-08-22T07:53:47","date_gmt":"2025-08-22T12:53:47","guid":{"rendered":"https:\/\/www.uartes.edu.ec\/sitio\/encuentroilia\/?p=4654"},"modified":"2025-08-22T07:53:48","modified_gmt":"2025-08-22T12:53:48","slug":"guido-bajana","status":"publish","type":"post","link":"http:\/\/www.uartes.edu.ec\/sitio\/encuentroilia\/guido-bajana\/","title":{"rendered":"Guido Baja\u00f1a"},"content":{"rendered":"\n<p>M\u00e1ster en Cine y Televisi\u00f3n de la Universidad Carlos III de Madrid (Espa\u00f1a). Ha participado en varios videos musicales como Director. Su \u00f3pera prima documental \u201c93: Historias contadas a trav\u00e9s de un piano\u201d particip\u00f3 en varios festivales internacionales de cine, los cuales destacan: Festival Internacional de Cine Documental de Buenos Aires (FIDBA), ha obtenido una menci\u00f3n de honor en el Richmond International Film Festival, gan\u00f3 el Concurso P\u00fablico del Festival Internacional de Artes Vivas de Loja (2021) y fue galardonado como Mejor Largometraje Documental en el Festival de Cine Ecuatoriano TURICINE (2022). Actualmente se encuentra en proceso de desarrollo de su \u00f3pera prima de ficci\u00f3n \u201cCaf\u00e9 Carmencita\u201d y en proceso de postproducci\u00f3n del largometraje documental \u201cLa luz que nos une\u201d del director Pedro Intriago.<\/p>\n","protected":false},"excerpt":{"rendered":"<p>Universidad Cat\u00f3lica Santiago de Guayaquil<\/p>\n","protected":false},"author":1,"featured_media":4632,"comment_status":"open","ping_status":"open","sticky":false,"template":"","format":"standard","meta":{"_uag_custom_page_level_css":"","_monsterinsights_skip_tracking":false,"_monsterinsights_sitenote_active":false,"_monsterinsights_sitenote_note":"","_monsterinsights_sitenote_category":0,"cybocfi_hide_featured_image":"","footnotes":""},"categories":[44],"tags":[71],"class_list":["post-4654","post","type-post","status-publish","format-standard","has-post-thumbnail","hentry","category-participantes","tag-2025nacionales"],"uagb_featured_image_src":{"full":["https:\/\/www.uartes.edu.ec\/sitio\/encuentroilia\/wp-content\/uploads\/sites\/5\/2025\/08\/Guido-Bajana-Yude-2024-Guido-Bajana-Yude.jpg",1000,1000,false],"thumbnail":["https:\/\/www.uartes.edu.ec\/sitio\/encuentroilia\/wp-content\/uploads\/sites\/5\/2025\/08\/Guido-Bajana-Yude-2024-Guido-Bajana-Yude-150x150.jpg",150,150,true],"medium":["https:\/\/www.uartes.edu.ec\/sitio\/encuentroilia\/wp-content\/uploads\/sites\/5\/2025\/08\/Guido-Bajana-Yude-2024-Guido-Bajana-Yude-300x300.jpg",300,300,true],"medium_large":["https:\/\/www.uartes.edu.ec\/sitio\/encuentroilia\/wp-content\/uploads\/sites\/5\/2025\/08\/Guido-Bajana-Yude-2024-Guido-Bajana-Yude-768x768.jpg",750,750,true],"large":["https:\/\/www.uartes.edu.ec\/sitio\/encuentroilia\/wp-content\/uploads\/sites\/5\/2025\/08\/Guido-Bajana-Yude-2024-Guido-Bajana-Yude.jpg",750,750,false],"1536x1536":["https:\/\/www.uartes.edu.ec\/sitio\/encuentroilia\/wp-content\/uploads\/sites\/5\/2025\/08\/Guido-Bajana-Yude-2024-Guido-Bajana-Yude.jpg",1000,1000,false],"2048x2048":["https:\/\/www.uartes.edu.ec\/sitio\/encuentroilia\/wp-content\/uploads\/sites\/5\/2025\/08\/Guido-Bajana-Yude-2024-Guido-Bajana-Yude.jpg",1000,1000,false],"hestia-blog":["https:\/\/www.uartes.edu.ec\/sitio\/encuentroilia\/wp-content\/uploads\/sites\/5\/2025\/08\/Guido-Bajana-Yude-2024-Guido-Bajana-Yude-360x240.jpg",360,240,true]},"uagb_author_info":{"display_name":"Universidad de las Artes","author_link":"https:\/\/www.uartes.edu.ec\/sitio\/encuentroilia\/author\/dircomadm\/"},"uagb_comment_info":0,"uagb_excerpt":"Universidad Cat\u00f3lica Santiago de Guayaquil","distributor_meta":false,"distributor_terms":false,"distributor_media":false,"distributor_original_site_name":"VIII Encuentro Internacional de Investigaci\u00f3n en Artes","distributor_original_site_url":"https:\/\/www.uartes.edu.ec\/sitio\/encuentroilia","push-errors":false,"_links":{"self":[{"href":"https:\/\/www.uartes.edu.ec\/sitio\/encuentroilia\/wp-json\/wp\/v2\/posts\/4654","targetHints":{"allow":["GET"]}}],"collection":[{"href":"https:\/\/www.uartes.edu.ec\/sitio\/encuentroilia\/wp-json\/wp\/v2\/posts"}],"about":[{"href":"https:\/\/www.uartes.edu.ec\/sitio\/encuentroilia\/wp-json\/wp\/v2\/types\/post"}],"author":[{"embeddable":true,"href":"https:\/\/www.uartes.edu.ec\/sitio\/encuentroilia\/wp-json\/wp\/v2\/users\/1"}],"replies":[{"embeddable":true,"href":"https:\/\/www.uartes.edu.ec\/sitio\/encuentroilia\/wp-json\/wp\/v2\/comments?post=4654"}],"version-history":[{"count":1,"href":"https:\/\/www.uartes.edu.ec\/sitio\/encuentroilia\/wp-json\/wp\/v2\/posts\/4654\/revisions"}],"predecessor-version":[{"id":4655,"href":"https:\/\/www.uartes.edu.ec\/sitio\/encuentroilia\/wp-json\/wp\/v2\/posts\/4654\/revisions\/4655"}],"wp:featuredmedia":[{"embeddable":true,"href":"https:\/\/www.uartes.edu.ec\/sitio\/encuentroilia\/wp-json\/wp\/v2\/media\/4632"}],"wp:attachment":[{"href":"https:\/\/www.uartes.edu.ec\/sitio\/encuentroilia\/wp-json\/wp\/v2\/media?parent=4654"}],"wp:term":[{"taxonomy":"category","embeddable":true,"href":"https:\/\/www.uartes.edu.ec\/sitio\/encuentroilia\/wp-json\/wp\/v2\/categories?post=4654"},{"taxonomy":"post_tag","embeddable":true,"href":"https:\/\/www.uartes.edu.ec\/sitio\/encuentroilia\/wp-json\/wp\/v2\/tags?post=4654"}],"curies":[{"name":"wp","href":"https:\/\/api.w.org\/{rel}","templated":true}]}}