{"id":4673,"date":"2025-08-22T08:17:01","date_gmt":"2025-08-22T13:17:01","guid":{"rendered":"https:\/\/www.uartes.edu.ec\/sitio\/encuentroilia\/?p=4673"},"modified":"2025-08-22T08:17:09","modified_gmt":"2025-08-22T13:17:09","slug":"fernando-mieles","status":"publish","type":"post","link":"http:\/\/www.uartes.edu.ec\/sitio\/encuentroilia\/fernando-mieles\/","title":{"rendered":"Fernando Mieles"},"content":{"rendered":"\n<p>Guayaquil, 1970. Es director y guionista de cine, video y televisi\u00f3n, graduado en la Escuela Internacional de Cine y Televisi\u00f3n de San Antonio de los Ba\u00f1os, Cuba (EICTV, 1992). Su filmograf\u00eda incluye:<\/p>\n\n\n\n<ul class=\"wp-block-list\">\n<li>Aqu\u00ed soy Jos\u00e9 (2004), documental exhibido en el festival Encuentros del Otro Cine y Rencontres Cinema de Manosque.<\/li>\n\n\n\n<li>Descartes (2010), documental ganador del Colibr\u00ed al Mejor Documental del cine ecuatoriano.<\/li>\n\n\n\n<li>Prometeo deportado (2010), largometraje de ficci\u00f3n con m\u00faltiples premios internacionales, entre ellos Mejor Pel\u00edcula Extranjera en el Golden Rooster &amp; Hundred Flowers Film Festival (China, 2014), Mejor Direcci\u00f3n en Cero Latitud (2010) y Gran Premio del Jurado en el Festival de Cine de Cuenca (2010).<\/li>\n\n\n\n<li>Cr\u00f3nicas de Samborond\u00f3n (2013), documental de apertura del Segundo Festival de Cine Ecuador Bajo Tierra.<\/li>\n\n\n\n<li>Persistencia (2016), premiada en el Ficsur por su banda sonora, seleccionada en FID Marsella y EDOC.<\/li>\n\n\n\n<li>Hasta el fin de Delf\u00edn (2018), documental ganador de la convocatoria DOCTV, con selecciones en festivales en Ecuador, Brasil, Espa\u00f1a, EE. UU. y Jap\u00f3n.<\/li>\n<\/ul>\n\n\n\n<p>Desde 2017, es docente en la Escuela de Cine de la Universidad de las Artes, donde cre\u00f3 la colecci\u00f3n Primer Borrador. Actualmente, combina la docencia e investigaci\u00f3n con la escritura y consultor\u00eda de proyectos cinematogr\u00e1ficos como script doctor en ficci\u00f3n, documental y series de TV.<\/p>\n","protected":false},"excerpt":{"rendered":"<p>Ecuador<\/p>\n","protected":false},"author":1,"featured_media":4669,"comment_status":"open","ping_status":"open","sticky":false,"template":"","format":"standard","meta":{"_uag_custom_page_level_css":"","_monsterinsights_skip_tracking":false,"_monsterinsights_sitenote_active":false,"_monsterinsights_sitenote_note":"","_monsterinsights_sitenote_category":0,"cybocfi_hide_featured_image":"","footnotes":""},"categories":[44],"tags":[72],"class_list":["post-4673","post","type-post","status-publish","format-standard","has-post-thumbnail","hentry","category-participantes","tag-2025uartes"],"uagb_featured_image_src":{"full":["https:\/\/www.uartes.edu.ec\/sitio\/encuentroilia\/wp-content\/uploads\/sites\/5\/2025\/08\/FERNANDO-MIELES.jpg",1000,1000,false],"thumbnail":["https:\/\/www.uartes.edu.ec\/sitio\/encuentroilia\/wp-content\/uploads\/sites\/5\/2025\/08\/FERNANDO-MIELES-150x150.jpg",150,150,true],"medium":["https:\/\/www.uartes.edu.ec\/sitio\/encuentroilia\/wp-content\/uploads\/sites\/5\/2025\/08\/FERNANDO-MIELES-300x300.jpg",300,300,true],"medium_large":["https:\/\/www.uartes.edu.ec\/sitio\/encuentroilia\/wp-content\/uploads\/sites\/5\/2025\/08\/FERNANDO-MIELES-768x768.jpg",750,750,true],"large":["https:\/\/www.uartes.edu.ec\/sitio\/encuentroilia\/wp-content\/uploads\/sites\/5\/2025\/08\/FERNANDO-MIELES.jpg",750,750,false],"1536x1536":["https:\/\/www.uartes.edu.ec\/sitio\/encuentroilia\/wp-content\/uploads\/sites\/5\/2025\/08\/FERNANDO-MIELES.jpg",1000,1000,false],"2048x2048":["https:\/\/www.uartes.edu.ec\/sitio\/encuentroilia\/wp-content\/uploads\/sites\/5\/2025\/08\/FERNANDO-MIELES.jpg",1000,1000,false],"hestia-blog":["https:\/\/www.uartes.edu.ec\/sitio\/encuentroilia\/wp-content\/uploads\/sites\/5\/2025\/08\/FERNANDO-MIELES-360x240.jpg",360,240,true]},"uagb_author_info":{"display_name":"Universidad de las Artes","author_link":"https:\/\/www.uartes.edu.ec\/sitio\/encuentroilia\/author\/dircomadm\/"},"uagb_comment_info":0,"uagb_excerpt":"Ecuador","distributor_meta":false,"distributor_terms":false,"distributor_media":false,"distributor_original_site_name":"VIII Encuentro Internacional de Investigaci\u00f3n en Artes","distributor_original_site_url":"https:\/\/www.uartes.edu.ec\/sitio\/encuentroilia","push-errors":false,"_links":{"self":[{"href":"https:\/\/www.uartes.edu.ec\/sitio\/encuentroilia\/wp-json\/wp\/v2\/posts\/4673","targetHints":{"allow":["GET"]}}],"collection":[{"href":"https:\/\/www.uartes.edu.ec\/sitio\/encuentroilia\/wp-json\/wp\/v2\/posts"}],"about":[{"href":"https:\/\/www.uartes.edu.ec\/sitio\/encuentroilia\/wp-json\/wp\/v2\/types\/post"}],"author":[{"embeddable":true,"href":"https:\/\/www.uartes.edu.ec\/sitio\/encuentroilia\/wp-json\/wp\/v2\/users\/1"}],"replies":[{"embeddable":true,"href":"https:\/\/www.uartes.edu.ec\/sitio\/encuentroilia\/wp-json\/wp\/v2\/comments?post=4673"}],"version-history":[{"count":1,"href":"https:\/\/www.uartes.edu.ec\/sitio\/encuentroilia\/wp-json\/wp\/v2\/posts\/4673\/revisions"}],"predecessor-version":[{"id":4684,"href":"https:\/\/www.uartes.edu.ec\/sitio\/encuentroilia\/wp-json\/wp\/v2\/posts\/4673\/revisions\/4684"}],"wp:featuredmedia":[{"embeddable":true,"href":"https:\/\/www.uartes.edu.ec\/sitio\/encuentroilia\/wp-json\/wp\/v2\/media\/4669"}],"wp:attachment":[{"href":"https:\/\/www.uartes.edu.ec\/sitio\/encuentroilia\/wp-json\/wp\/v2\/media?parent=4673"}],"wp:term":[{"taxonomy":"category","embeddable":true,"href":"https:\/\/www.uartes.edu.ec\/sitio\/encuentroilia\/wp-json\/wp\/v2\/categories?post=4673"},{"taxonomy":"post_tag","embeddable":true,"href":"https:\/\/www.uartes.edu.ec\/sitio\/encuentroilia\/wp-json\/wp\/v2\/tags?post=4673"}],"curies":[{"name":"wp","href":"https:\/\/api.w.org\/{rel}","templated":true}]}}