{"id":4691,"date":"2025-08-22T08:23:02","date_gmt":"2025-08-22T13:23:02","guid":{"rendered":"https:\/\/www.uartes.edu.ec\/sitio\/encuentroilia\/?p=4691"},"modified":"2025-08-22T08:23:03","modified_gmt":"2025-08-22T13:23:03","slug":"daniela-gonzalez","status":"publish","type":"post","link":"http:\/\/www.uartes.edu.ec\/sitio\/encuentroilia\/daniela-gonzalez\/","title":{"rendered":"Daniela Gonz\u00e1lez"},"content":{"rendered":"\n<p>Es guionista, montajista y directora ecuatoriana. Licenciada en Cine y Video por la Universidad San Francisco de Quito, es m\u00e1ster en Escritura para Televisi\u00f3n y Cine por la Universidad Aut\u00f3noma de Barcelona (2014), y m\u00e1ster en Montaje y Direcci\u00f3n por la Escuela Superior de Cine y Audiovisuales de Catalu\u00f1a (ESCAC), Universidad de Barcelona.<\/p>\n\n\n\n<p>Como directora y guionista, ha realizado cinco cortometrajes. El abrazo de Felipe (2012) obtuvo el Premio a Mejor Cortometraje Nacional y el Premio del P\u00fablico en el Festival Internacional de Cine La Orqu\u00eddea, as\u00ed como el galard\u00f3n a Mejor Cortometraje en el Festival La Cuarta Pared (2013). Fue seleccionado en festivales y muestras de Suecia, Espa\u00f1a, Grecia, Bielorrusia y Cuba (Festival de La Habana), y adquirido por Shorts TV, Reino Unido. Su cortometraje, Ni s\u00ed, ni no (2018), fue seleccionado en el Festival La Orqu\u00eddea, el Festival Equis \u2014muestra de cine feminista\u2014 y el festival de cortometrajes LAFISBA de Barcelona. Actualmente es docente de Guion y Montaje en la Universidad de las Artes, directora editorial del libro Primer Borrador: Cr\u00f3nicas de Sebasti\u00e1n Cordero y co-editora de su segunda edici\u00f3n, Primer Borrador: Prometeo Deportado de Fernando Mieles. En 2021 fue seleccionada como script doctor en la convocatoria del Instituto de Fomento a la Creatividad y la Innovaci\u00f3n (IFCI).<\/p>\n","protected":false},"excerpt":{"rendered":"<p>Ecuador<\/p>\n","protected":false},"author":1,"featured_media":4692,"comment_status":"open","ping_status":"open","sticky":false,"template":"","format":"standard","meta":{"_uag_custom_page_level_css":"","_monsterinsights_skip_tracking":false,"_monsterinsights_sitenote_active":false,"_monsterinsights_sitenote_note":"","_monsterinsights_sitenote_category":0,"cybocfi_hide_featured_image":"","footnotes":""},"categories":[44],"tags":[72],"class_list":["post-4691","post","type-post","status-publish","format-standard","has-post-thumbnail","hentry","category-participantes","tag-2025uartes"],"uagb_featured_image_src":{"full":["https:\/\/www.uartes.edu.ec\/sitio\/encuentroilia\/wp-content\/uploads\/sites\/5\/2025\/08\/0fa5e175-46f3-4a1c-8edf-5f074420ee30-Daniela-Gonzalez.jpg",1000,1000,false],"thumbnail":["https:\/\/www.uartes.edu.ec\/sitio\/encuentroilia\/wp-content\/uploads\/sites\/5\/2025\/08\/0fa5e175-46f3-4a1c-8edf-5f074420ee30-Daniela-Gonzalez-150x150.jpg",150,150,true],"medium":["https:\/\/www.uartes.edu.ec\/sitio\/encuentroilia\/wp-content\/uploads\/sites\/5\/2025\/08\/0fa5e175-46f3-4a1c-8edf-5f074420ee30-Daniela-Gonzalez-300x300.jpg",300,300,true],"medium_large":["https:\/\/www.uartes.edu.ec\/sitio\/encuentroilia\/wp-content\/uploads\/sites\/5\/2025\/08\/0fa5e175-46f3-4a1c-8edf-5f074420ee30-Daniela-Gonzalez-768x768.jpg",750,750,true],"large":["https:\/\/www.uartes.edu.ec\/sitio\/encuentroilia\/wp-content\/uploads\/sites\/5\/2025\/08\/0fa5e175-46f3-4a1c-8edf-5f074420ee30-Daniela-Gonzalez.jpg",750,750,false],"1536x1536":["https:\/\/www.uartes.edu.ec\/sitio\/encuentroilia\/wp-content\/uploads\/sites\/5\/2025\/08\/0fa5e175-46f3-4a1c-8edf-5f074420ee30-Daniela-Gonzalez.jpg",1000,1000,false],"2048x2048":["https:\/\/www.uartes.edu.ec\/sitio\/encuentroilia\/wp-content\/uploads\/sites\/5\/2025\/08\/0fa5e175-46f3-4a1c-8edf-5f074420ee30-Daniela-Gonzalez.jpg",1000,1000,false],"hestia-blog":["https:\/\/www.uartes.edu.ec\/sitio\/encuentroilia\/wp-content\/uploads\/sites\/5\/2025\/08\/0fa5e175-46f3-4a1c-8edf-5f074420ee30-Daniela-Gonzalez-360x240.jpg",360,240,true]},"uagb_author_info":{"display_name":"Universidad de las Artes","author_link":"https:\/\/www.uartes.edu.ec\/sitio\/encuentroilia\/author\/dircomadm\/"},"uagb_comment_info":0,"uagb_excerpt":"Ecuador","distributor_meta":false,"distributor_terms":false,"distributor_media":false,"distributor_original_site_name":"VIII Encuentro Internacional de Investigaci\u00f3n en Artes","distributor_original_site_url":"https:\/\/www.uartes.edu.ec\/sitio\/encuentroilia","push-errors":false,"_links":{"self":[{"href":"https:\/\/www.uartes.edu.ec\/sitio\/encuentroilia\/wp-json\/wp\/v2\/posts\/4691","targetHints":{"allow":["GET"]}}],"collection":[{"href":"https:\/\/www.uartes.edu.ec\/sitio\/encuentroilia\/wp-json\/wp\/v2\/posts"}],"about":[{"href":"https:\/\/www.uartes.edu.ec\/sitio\/encuentroilia\/wp-json\/wp\/v2\/types\/post"}],"author":[{"embeddable":true,"href":"https:\/\/www.uartes.edu.ec\/sitio\/encuentroilia\/wp-json\/wp\/v2\/users\/1"}],"replies":[{"embeddable":true,"href":"https:\/\/www.uartes.edu.ec\/sitio\/encuentroilia\/wp-json\/wp\/v2\/comments?post=4691"}],"version-history":[{"count":1,"href":"https:\/\/www.uartes.edu.ec\/sitio\/encuentroilia\/wp-json\/wp\/v2\/posts\/4691\/revisions"}],"predecessor-version":[{"id":4693,"href":"https:\/\/www.uartes.edu.ec\/sitio\/encuentroilia\/wp-json\/wp\/v2\/posts\/4691\/revisions\/4693"}],"wp:featuredmedia":[{"embeddable":true,"href":"https:\/\/www.uartes.edu.ec\/sitio\/encuentroilia\/wp-json\/wp\/v2\/media\/4692"}],"wp:attachment":[{"href":"https:\/\/www.uartes.edu.ec\/sitio\/encuentroilia\/wp-json\/wp\/v2\/media?parent=4691"}],"wp:term":[{"taxonomy":"category","embeddable":true,"href":"https:\/\/www.uartes.edu.ec\/sitio\/encuentroilia\/wp-json\/wp\/v2\/categories?post=4691"},{"taxonomy":"post_tag","embeddable":true,"href":"https:\/\/www.uartes.edu.ec\/sitio\/encuentroilia\/wp-json\/wp\/v2\/tags?post=4691"}],"curies":[{"name":"wp","href":"https:\/\/api.w.org\/{rel}","templated":true}]}}