{"id":4694,"date":"2025-08-22T08:24:38","date_gmt":"2025-08-22T13:24:38","guid":{"rendered":"https:\/\/www.uartes.edu.ec\/sitio\/encuentroilia\/?p=4694"},"modified":"2025-08-22T08:24:39","modified_gmt":"2025-08-22T13:24:39","slug":"pedro-gonzalez","status":"publish","type":"post","link":"http:\/\/www.uartes.edu.ec\/sitio\/encuentroilia\/pedro-gonzalez\/","title":{"rendered":"Pedro Gonz\u00e1lez"},"content":{"rendered":"\n<p>Artista e investigador multimedia, Pedro Gonz\u00e1lez Ram\u00edrez desarrolla una pr\u00e1ctica tecnopo\u00e9tica centrada en las relaciones entre afecto, tecnolog\u00eda y archivo. Su enfoque combina programaci\u00f3n, pensamiento cr\u00edtico y experimentaci\u00f3n sonora con procesos de video experimental anal\u00f3gico, explorando los l\u00edmites entre lo perceptible y lo imperceptible. Interesado en las est\u00e9ticas del residuo, el error y la obsolescencia, crea dispositivos de escucha, transducci\u00f3n y archivo que privilegian lo blando, lo vibr\u00e1til y lo no utilitario, como formas de resistencia simb\u00f3lica a las l\u00f3gicas productivistas del presente.<\/p>\n\n\n\n<p>Formado en artes visuales, su trabajo desborda la representaci\u00f3n para activar experiencias sensibles donde la tecnolog\u00eda es entendida como extensi\u00f3n afectiva m\u00e1s que como herramienta funcional. Actualmente, investiga c\u00f3mo lo obsoleto y lo m\u00ednimo pueden abrir zonas de suspensi\u00f3n, duda y resonancia simbi\u00f3tica.<\/p>\n","protected":false},"excerpt":{"rendered":"<p>Ecuador<\/p>\n","protected":false},"author":1,"featured_media":4678,"comment_status":"open","ping_status":"open","sticky":false,"template":"","format":"standard","meta":{"_uag_custom_page_level_css":"","_monsterinsights_skip_tracking":false,"_monsterinsights_sitenote_active":false,"_monsterinsights_sitenote_note":"","_monsterinsights_sitenote_category":0,"cybocfi_hide_featured_image":"","footnotes":""},"categories":[44],"tags":[72],"class_list":["post-4694","post","type-post","status-publish","format-standard","has-post-thumbnail","hentry","category-participantes","tag-2025uartes"],"uagb_featured_image_src":{"full":["https:\/\/www.uartes.edu.ec\/sitio\/encuentroilia\/wp-content\/uploads\/sites\/5\/2025\/08\/Perfil-Pedro-Gonzalez-BN-Rupert-Von-Mandrake.jpg",1000,1000,false],"thumbnail":["https:\/\/www.uartes.edu.ec\/sitio\/encuentroilia\/wp-content\/uploads\/sites\/5\/2025\/08\/Perfil-Pedro-Gonzalez-BN-Rupert-Von-Mandrake-150x150.jpg",150,150,true],"medium":["https:\/\/www.uartes.edu.ec\/sitio\/encuentroilia\/wp-content\/uploads\/sites\/5\/2025\/08\/Perfil-Pedro-Gonzalez-BN-Rupert-Von-Mandrake-300x300.jpg",300,300,true],"medium_large":["https:\/\/www.uartes.edu.ec\/sitio\/encuentroilia\/wp-content\/uploads\/sites\/5\/2025\/08\/Perfil-Pedro-Gonzalez-BN-Rupert-Von-Mandrake-768x768.jpg",750,750,true],"large":["https:\/\/www.uartes.edu.ec\/sitio\/encuentroilia\/wp-content\/uploads\/sites\/5\/2025\/08\/Perfil-Pedro-Gonzalez-BN-Rupert-Von-Mandrake.jpg",750,750,false],"1536x1536":["https:\/\/www.uartes.edu.ec\/sitio\/encuentroilia\/wp-content\/uploads\/sites\/5\/2025\/08\/Perfil-Pedro-Gonzalez-BN-Rupert-Von-Mandrake.jpg",1000,1000,false],"2048x2048":["https:\/\/www.uartes.edu.ec\/sitio\/encuentroilia\/wp-content\/uploads\/sites\/5\/2025\/08\/Perfil-Pedro-Gonzalez-BN-Rupert-Von-Mandrake.jpg",1000,1000,false],"hestia-blog":["https:\/\/www.uartes.edu.ec\/sitio\/encuentroilia\/wp-content\/uploads\/sites\/5\/2025\/08\/Perfil-Pedro-Gonzalez-BN-Rupert-Von-Mandrake-360x240.jpg",360,240,true]},"uagb_author_info":{"display_name":"Universidad de las Artes","author_link":"https:\/\/www.uartes.edu.ec\/sitio\/encuentroilia\/author\/dircomadm\/"},"uagb_comment_info":0,"uagb_excerpt":"Ecuador","distributor_meta":false,"distributor_terms":false,"distributor_media":false,"distributor_original_site_name":"VIII Encuentro Internacional de Investigaci\u00f3n en Artes","distributor_original_site_url":"https:\/\/www.uartes.edu.ec\/sitio\/encuentroilia","push-errors":false,"_links":{"self":[{"href":"https:\/\/www.uartes.edu.ec\/sitio\/encuentroilia\/wp-json\/wp\/v2\/posts\/4694","targetHints":{"allow":["GET"]}}],"collection":[{"href":"https:\/\/www.uartes.edu.ec\/sitio\/encuentroilia\/wp-json\/wp\/v2\/posts"}],"about":[{"href":"https:\/\/www.uartes.edu.ec\/sitio\/encuentroilia\/wp-json\/wp\/v2\/types\/post"}],"author":[{"embeddable":true,"href":"https:\/\/www.uartes.edu.ec\/sitio\/encuentroilia\/wp-json\/wp\/v2\/users\/1"}],"replies":[{"embeddable":true,"href":"https:\/\/www.uartes.edu.ec\/sitio\/encuentroilia\/wp-json\/wp\/v2\/comments?post=4694"}],"version-history":[{"count":1,"href":"https:\/\/www.uartes.edu.ec\/sitio\/encuentroilia\/wp-json\/wp\/v2\/posts\/4694\/revisions"}],"predecessor-version":[{"id":4695,"href":"https:\/\/www.uartes.edu.ec\/sitio\/encuentroilia\/wp-json\/wp\/v2\/posts\/4694\/revisions\/4695"}],"wp:featuredmedia":[{"embeddable":true,"href":"https:\/\/www.uartes.edu.ec\/sitio\/encuentroilia\/wp-json\/wp\/v2\/media\/4678"}],"wp:attachment":[{"href":"https:\/\/www.uartes.edu.ec\/sitio\/encuentroilia\/wp-json\/wp\/v2\/media?parent=4694"}],"wp:term":[{"taxonomy":"category","embeddable":true,"href":"https:\/\/www.uartes.edu.ec\/sitio\/encuentroilia\/wp-json\/wp\/v2\/categories?post=4694"},{"taxonomy":"post_tag","embeddable":true,"href":"https:\/\/www.uartes.edu.ec\/sitio\/encuentroilia\/wp-json\/wp\/v2\/tags?post=4694"}],"curies":[{"name":"wp","href":"https:\/\/api.w.org\/{rel}","templated":true}]}}