{"id":4713,"date":"2025-08-22T08:36:00","date_gmt":"2025-08-22T13:36:00","guid":{"rendered":"https:\/\/www.uartes.edu.ec\/sitio\/encuentroilia\/?p=4713"},"modified":"2025-08-22T08:36:01","modified_gmt":"2025-08-22T13:36:01","slug":"ybelice-briceno-linares","status":"publish","type":"post","link":"http:\/\/www.uartes.edu.ec\/sitio\/encuentroilia\/ybelice-briceno-linares\/","title":{"rendered":"Ybelice Brice\u00f1o Linares"},"content":{"rendered":"\n<p>Soci\u00f3loga, por la Universidad Central de Venezuela. Master en Sociolog\u00eda y Doctora en Sociolog\u00eda por la Universidad Aut\u00f3noma de Barcelona.<br><br>Ha sido profesora de Universidad Central de Venezuela y la Universitat Oberta de Catalunya. Fue cofundadora y presidenta de la televisora juvenil experimental \u00c1vila TV (Caracas), y directora de la Escuela Metropolitana de Producci\u00f3n Audiovisual.<br><br>Ha sido investigadora del Centro de Estudios Latinoamericanos R\u00f3mulo Gallegos, y Directora de Pol\u00edticas de Investigaci\u00f3n de la Universidad de las Artes (Guayaquil). Actualmente es docente-investigadora en dicha universidad.<br><br>Ha realizado investigaciones en el \u00e1rea de comunicaci\u00f3n, interculturalidad, identidades juveniles, culturas populares urbanas. Es autora del libro Del mestizaje a la hibridaci\u00f3n. Discursos hegem\u00f3nicos sobre cultura en Am\u00e9rica Latina (Fundaci\u00f3n Celarg, 2006). Y de diversos art\u00edculos acad\u00e9micos y cap\u00edtulos de libros en el campo de los estudios culturales, teor\u00eda de la comunicaci\u00f3n, identidades colectivas, cultura y pol\u00edtica. Actualmente desarrolla una investigaci\u00f3n sobre activismos feministas, pedagog\u00edas y modos de subjetivaci\u00f3n pol\u00edtica. Es miembro de la Red Pol\u00edticas y Est\u00e9ticas de la Memoria.<\/p>\n","protected":false},"excerpt":{"rendered":"<p>Venezuela<\/p>\n","protected":false},"author":1,"featured_media":2297,"comment_status":"open","ping_status":"open","sticky":false,"template":"","format":"standard","meta":{"_uag_custom_page_level_css":"","_monsterinsights_skip_tracking":false,"_monsterinsights_sitenote_active":false,"_monsterinsights_sitenote_note":"","_monsterinsights_sitenote_category":0,"cybocfi_hide_featured_image":"","footnotes":""},"categories":[44],"tags":[72],"class_list":["post-4713","post","type-post","status-publish","format-standard","has-post-thumbnail","hentry","category-participantes","tag-2025uartes"],"uagb_featured_image_src":{"full":["https:\/\/www.uartes.edu.ec\/sitio\/encuentroilia\/wp-content\/uploads\/sites\/5\/2021\/09\/Ybelice.webp",540,540,false],"thumbnail":["https:\/\/www.uartes.edu.ec\/sitio\/encuentroilia\/wp-content\/uploads\/sites\/5\/2021\/09\/Ybelice.webp",150,150,false],"medium":["https:\/\/www.uartes.edu.ec\/sitio\/encuentroilia\/wp-content\/uploads\/sites\/5\/2021\/09\/Ybelice.webp",300,300,false],"medium_large":["https:\/\/www.uartes.edu.ec\/sitio\/encuentroilia\/wp-content\/uploads\/sites\/5\/2021\/09\/Ybelice.webp",540,540,false],"large":["https:\/\/www.uartes.edu.ec\/sitio\/encuentroilia\/wp-content\/uploads\/sites\/5\/2021\/09\/Ybelice.webp",540,540,false],"1536x1536":["https:\/\/www.uartes.edu.ec\/sitio\/encuentroilia\/wp-content\/uploads\/sites\/5\/2021\/09\/Ybelice.webp",540,540,false],"2048x2048":["https:\/\/www.uartes.edu.ec\/sitio\/encuentroilia\/wp-content\/uploads\/sites\/5\/2021\/09\/Ybelice.webp",540,540,false],"hestia-blog":["https:\/\/www.uartes.edu.ec\/sitio\/encuentroilia\/wp-content\/uploads\/sites\/5\/2021\/09\/Ybelice.webp",240,240,false]},"uagb_author_info":{"display_name":"Universidad de las Artes","author_link":"https:\/\/www.uartes.edu.ec\/sitio\/encuentroilia\/author\/dircomadm\/"},"uagb_comment_info":0,"uagb_excerpt":"Venezuela","distributor_meta":false,"distributor_terms":false,"distributor_media":false,"distributor_original_site_name":"VIII Encuentro Internacional de Investigaci\u00f3n en Artes","distributor_original_site_url":"https:\/\/www.uartes.edu.ec\/sitio\/encuentroilia","push-errors":false,"_links":{"self":[{"href":"https:\/\/www.uartes.edu.ec\/sitio\/encuentroilia\/wp-json\/wp\/v2\/posts\/4713","targetHints":{"allow":["GET"]}}],"collection":[{"href":"https:\/\/www.uartes.edu.ec\/sitio\/encuentroilia\/wp-json\/wp\/v2\/posts"}],"about":[{"href":"https:\/\/www.uartes.edu.ec\/sitio\/encuentroilia\/wp-json\/wp\/v2\/types\/post"}],"author":[{"embeddable":true,"href":"https:\/\/www.uartes.edu.ec\/sitio\/encuentroilia\/wp-json\/wp\/v2\/users\/1"}],"replies":[{"embeddable":true,"href":"https:\/\/www.uartes.edu.ec\/sitio\/encuentroilia\/wp-json\/wp\/v2\/comments?post=4713"}],"version-history":[{"count":1,"href":"https:\/\/www.uartes.edu.ec\/sitio\/encuentroilia\/wp-json\/wp\/v2\/posts\/4713\/revisions"}],"predecessor-version":[{"id":4714,"href":"https:\/\/www.uartes.edu.ec\/sitio\/encuentroilia\/wp-json\/wp\/v2\/posts\/4713\/revisions\/4714"}],"wp:featuredmedia":[{"embeddable":true,"href":"https:\/\/www.uartes.edu.ec\/sitio\/encuentroilia\/wp-json\/wp\/v2\/media\/2297"}],"wp:attachment":[{"href":"https:\/\/www.uartes.edu.ec\/sitio\/encuentroilia\/wp-json\/wp\/v2\/media?parent=4713"}],"wp:term":[{"taxonomy":"category","embeddable":true,"href":"https:\/\/www.uartes.edu.ec\/sitio\/encuentroilia\/wp-json\/wp\/v2\/categories?post=4713"},{"taxonomy":"post_tag","embeddable":true,"href":"https:\/\/www.uartes.edu.ec\/sitio\/encuentroilia\/wp-json\/wp\/v2\/tags?post=4713"}],"curies":[{"name":"wp","href":"https:\/\/api.w.org\/{rel}","templated":true}]}}