{"id":4715,"date":"2025-08-22T08:36:55","date_gmt":"2025-08-22T13:36:55","guid":{"rendered":"https:\/\/www.uartes.edu.ec\/sitio\/encuentroilia\/?p=4715"},"modified":"2025-08-22T08:36:56","modified_gmt":"2025-08-22T13:36:56","slug":"david-de-los-reyes-lopez","status":"publish","type":"post","link":"http:\/\/www.uartes.edu.ec\/sitio\/encuentroilia\/david-de-los-reyes-lopez\/","title":{"rendered":"David De Los Reyes-L\u00f3pez"},"content":{"rendered":"\n<p>David De los Reyes. Actualmente es docente en la Universidad de las Artes (Guayaquil, Ecuador), adscrito al Departamento de Estudios Transversales. Maestr\u00eda y Doctorado en Filosof\u00eda. M\u00fasico graduado del Conservatorio \u201cJuan Jos\u00e9 Landaeta\u201d (Caracas, Venezuela) como profesor ejecutante en Guitarra Cl\u00e1sica por el Maestro Antonio Lauro. Estudios Posdoctorales en la Universidad de Neuchatel (Suiza). Profesor titular de la Universidad Central de Venezuela. Profesor invitado en las siguientes universidades: Universidad de los Andes (M\u00e9rida), Universidad Metropolitana (Caracas), Universidad Cat\u00f3lica Andr\u00e9s Bello (Caracas), Universidad de la Saboya (Francia), Universidad de Sant Gallen (Suiza), Universidad Nacional de los Andes (Bogot\u00e1). Ha publicado obras como \u201cEl calidoscopio Medi\u00e1tico\u201d, \u201cDios, Estado y Religi\u00f3n\u201d, \u201cLa M\u00fasica en Friedrich Nietzsche\u201d, \u201cGenealog\u00eda del dolor\u201d, \u201cDe Tiranos. El Tirano en la filosof\u00eda cl\u00e1sica griega\u201d (2020), \u201cDe Est\u00e9tica. Ensayos de est\u00e9tica, virtualidad, arte y naturaleza\u201d (2021), \u201cEl sonido, el silencio. Ensayos sobre est\u00e9tica y filosof\u00eda de la m\u00fasica\u201d (2023), \u201cLa raz\u00f3n no es un hueso\u201d (2024), \u201cDios Estado y Religi\u00f3n\u201d (2024), \u201cHannah la del Monte de los Empalados. Una historia entre compa\u00f1eros\u201d (2025). Adem\u00e1s de m\u00faltiples art\u00edculos arbitrados en revistas especializadas. Tiene grabado obras cl\u00e1sicas de la guitarra latinoamericana: Lauro, Villa-Lobos, Barrios, Ponce etc., como de su propia autor\u00eda. Tambi\u00e9n obras de compositores del Barroco y Rom\u00e1nticos.<\/p>\n","protected":false},"excerpt":{"rendered":"<p>Venezuela<\/p>\n","protected":false},"author":1,"featured_media":4226,"comment_status":"open","ping_status":"open","sticky":false,"template":"","format":"standard","meta":{"_uag_custom_page_level_css":"","_monsterinsights_skip_tracking":false,"_monsterinsights_sitenote_active":false,"_monsterinsights_sitenote_note":"","_monsterinsights_sitenote_category":0,"cybocfi_hide_featured_image":"","footnotes":""},"categories":[44],"tags":[72],"class_list":["post-4715","post","type-post","status-publish","format-standard","has-post-thumbnail","hentry","category-participantes","tag-2025uartes"],"uagb_featured_image_src":{"full":["https:\/\/www.uartes.edu.ec\/sitio\/encuentroilia\/wp-content\/uploads\/sites\/5\/2023\/10\/Davide-de-los-Reyes.jpg",1000,1000,false],"thumbnail":["https:\/\/www.uartes.edu.ec\/sitio\/encuentroilia\/wp-content\/uploads\/sites\/5\/2023\/10\/Davide-de-los-Reyes-150x150.jpg",150,150,true],"medium":["https:\/\/www.uartes.edu.ec\/sitio\/encuentroilia\/wp-content\/uploads\/sites\/5\/2023\/10\/Davide-de-los-Reyes-300x300.jpg",300,300,true],"medium_large":["https:\/\/www.uartes.edu.ec\/sitio\/encuentroilia\/wp-content\/uploads\/sites\/5\/2023\/10\/Davide-de-los-Reyes-768x768.jpg",750,750,true],"large":["https:\/\/www.uartes.edu.ec\/sitio\/encuentroilia\/wp-content\/uploads\/sites\/5\/2023\/10\/Davide-de-los-Reyes.jpg",750,750,false],"1536x1536":["https:\/\/www.uartes.edu.ec\/sitio\/encuentroilia\/wp-content\/uploads\/sites\/5\/2023\/10\/Davide-de-los-Reyes.jpg",1000,1000,false],"2048x2048":["https:\/\/www.uartes.edu.ec\/sitio\/encuentroilia\/wp-content\/uploads\/sites\/5\/2023\/10\/Davide-de-los-Reyes.jpg",1000,1000,false],"hestia-blog":["https:\/\/www.uartes.edu.ec\/sitio\/encuentroilia\/wp-content\/uploads\/sites\/5\/2023\/10\/Davide-de-los-Reyes-360x240.jpg",360,240,true]},"uagb_author_info":{"display_name":"Universidad de las Artes","author_link":"https:\/\/www.uartes.edu.ec\/sitio\/encuentroilia\/author\/dircomadm\/"},"uagb_comment_info":0,"uagb_excerpt":"Venezuela","distributor_meta":false,"distributor_terms":false,"distributor_media":false,"distributor_original_site_name":"VIII Encuentro Internacional de Investigaci\u00f3n en Artes","distributor_original_site_url":"https:\/\/www.uartes.edu.ec\/sitio\/encuentroilia","push-errors":false,"_links":{"self":[{"href":"https:\/\/www.uartes.edu.ec\/sitio\/encuentroilia\/wp-json\/wp\/v2\/posts\/4715","targetHints":{"allow":["GET"]}}],"collection":[{"href":"https:\/\/www.uartes.edu.ec\/sitio\/encuentroilia\/wp-json\/wp\/v2\/posts"}],"about":[{"href":"https:\/\/www.uartes.edu.ec\/sitio\/encuentroilia\/wp-json\/wp\/v2\/types\/post"}],"author":[{"embeddable":true,"href":"https:\/\/www.uartes.edu.ec\/sitio\/encuentroilia\/wp-json\/wp\/v2\/users\/1"}],"replies":[{"embeddable":true,"href":"https:\/\/www.uartes.edu.ec\/sitio\/encuentroilia\/wp-json\/wp\/v2\/comments?post=4715"}],"version-history":[{"count":1,"href":"https:\/\/www.uartes.edu.ec\/sitio\/encuentroilia\/wp-json\/wp\/v2\/posts\/4715\/revisions"}],"predecessor-version":[{"id":4716,"href":"https:\/\/www.uartes.edu.ec\/sitio\/encuentroilia\/wp-json\/wp\/v2\/posts\/4715\/revisions\/4716"}],"wp:featuredmedia":[{"embeddable":true,"href":"https:\/\/www.uartes.edu.ec\/sitio\/encuentroilia\/wp-json\/wp\/v2\/media\/4226"}],"wp:attachment":[{"href":"https:\/\/www.uartes.edu.ec\/sitio\/encuentroilia\/wp-json\/wp\/v2\/media?parent=4715"}],"wp:term":[{"taxonomy":"category","embeddable":true,"href":"https:\/\/www.uartes.edu.ec\/sitio\/encuentroilia\/wp-json\/wp\/v2\/categories?post=4715"},{"taxonomy":"post_tag","embeddable":true,"href":"https:\/\/www.uartes.edu.ec\/sitio\/encuentroilia\/wp-json\/wp\/v2\/tags?post=4715"}],"curies":[{"name":"wp","href":"https:\/\/api.w.org\/{rel}","templated":true}]}}