{"id":4717,"date":"2025-08-22T08:38:27","date_gmt":"2025-08-22T13:38:27","guid":{"rendered":"https:\/\/www.uartes.edu.ec\/sitio\/encuentroilia\/?p=4717"},"modified":"2025-08-22T08:38:28","modified_gmt":"2025-08-22T13:38:28","slug":"amalina-bomnin","status":"publish","type":"post","link":"http:\/\/www.uartes.edu.ec\/sitio\/encuentroilia\/amalina-bomnin\/","title":{"rendered":"Amalina Bomnin"},"content":{"rendered":"\n<p>Cuba, 1971. Curadora, cr\u00edtica de arte, poeta, performer, profesora-investigadora ecuatoriana acreditada por Senescyt.<\/p>\n\n\n\n<p>Licenciada en Historia del Arte, Universidad de La Habana, Cuba. MSc. en Planificaci\u00f3n, Evaluaci\u00f3n y Acreditaci\u00f3n de la Educaci\u00f3n Superior, Facultad de Filosof\u00eda y Letras de la Universidad de Guayaquil, Ecuador. Doctora en Ciencias sobre Arte, de la Facultad de Artes y Letras de la Universidad de La Habana, Cuba. Es Miembro de la Asociaci\u00f3n Internacional de Cr\u00edticos de Arte (AICA Internacional) Open Section\/Reino Unido. Ha curado exposiciones para La Bienal de La Habana, Cuba, y para varias instituciones ecuatorianas. Sus art\u00edculos aparecen publicados en antolog\u00edas de arte latinoamericano y cubano, as\u00ed como en diversas revistas internacionales, entre las que destacan ArtNexus, Switch (on Paper), Index, revista de arte contempor\u00e1neo, ArteporExcelencias, Revista de cine Fuera de campo. Dirigi\u00f3 durante varios a\u00f1os el Centro de Desarrollo de las Artes Visuales, Pinar del R\u00edo, Cuba. Ha dictado c\u00e1tedra en programas de posgrado de ense\u00f1anza art\u00edstica, y tambi\u00e9n ha ofrecido seminarios, conferencias y ponencias en diversas instituciones (Cuba, Ecuador, Colombia, Estados Unidos, M\u00e9xico). Se ha desempe\u00f1ado como catedr\u00e1tica en varias instituciones ecuatorianas y actualmente en Universidad de las Artes, Ecuador, como parte del Departamento Transversal de teor\u00edas cr\u00edticas y pr\u00e1cticas experimentales en artes. El \u00c1ngel Editor public\u00f3 en 2023 su poemario Golosinas can\u00edbales. Su quehacer visual se ha expuesto<br>en muestras personales y colectivas, dentro de las que destacan \u201cMirarnos en el espejo de NarColombia, Galer\u00eda CIF, Universidad de las Artes, 2023 \u201cDislocated\u201d, Muestra colectiva de video performance (versi\u00f3n Colombia), Bogot\u00e1, 2024, X Bienal Internacional de Fotograf\u00eda Alfredo Sarabia in memoriam, Consejo de las Artes Visuales, Pinar del R\u00edo, Cuba, 2025.<\/p>\n","protected":false},"excerpt":{"rendered":"<p>Cuba<\/p>\n","protected":false},"author":1,"featured_media":4227,"comment_status":"open","ping_status":"open","sticky":false,"template":"","format":"standard","meta":{"_uag_custom_page_level_css":"","_monsterinsights_skip_tracking":false,"_monsterinsights_sitenote_active":false,"_monsterinsights_sitenote_note":"","_monsterinsights_sitenote_category":0,"cybocfi_hide_featured_image":"","footnotes":""},"categories":[44],"tags":[72],"class_list":["post-4717","post","type-post","status-publish","format-standard","has-post-thumbnail","hentry","category-participantes","tag-2025uartes"],"uagb_featured_image_src":{"full":["https:\/\/www.uartes.edu.ec\/sitio\/encuentroilia\/wp-content\/uploads\/sites\/5\/2023\/10\/Amalina-Bomnin.jpg",1000,1000,false],"thumbnail":["https:\/\/www.uartes.edu.ec\/sitio\/encuentroilia\/wp-content\/uploads\/sites\/5\/2023\/10\/Amalina-Bomnin-150x150.jpg",150,150,true],"medium":["https:\/\/www.uartes.edu.ec\/sitio\/encuentroilia\/wp-content\/uploads\/sites\/5\/2023\/10\/Amalina-Bomnin-300x300.jpg",300,300,true],"medium_large":["https:\/\/www.uartes.edu.ec\/sitio\/encuentroilia\/wp-content\/uploads\/sites\/5\/2023\/10\/Amalina-Bomnin-768x768.jpg",750,750,true],"large":["https:\/\/www.uartes.edu.ec\/sitio\/encuentroilia\/wp-content\/uploads\/sites\/5\/2023\/10\/Amalina-Bomnin.jpg",750,750,false],"1536x1536":["https:\/\/www.uartes.edu.ec\/sitio\/encuentroilia\/wp-content\/uploads\/sites\/5\/2023\/10\/Amalina-Bomnin.jpg",1000,1000,false],"2048x2048":["https:\/\/www.uartes.edu.ec\/sitio\/encuentroilia\/wp-content\/uploads\/sites\/5\/2023\/10\/Amalina-Bomnin.jpg",1000,1000,false],"hestia-blog":["https:\/\/www.uartes.edu.ec\/sitio\/encuentroilia\/wp-content\/uploads\/sites\/5\/2023\/10\/Amalina-Bomnin-360x240.jpg",360,240,true]},"uagb_author_info":{"display_name":"Universidad de las Artes","author_link":"https:\/\/www.uartes.edu.ec\/sitio\/encuentroilia\/author\/dircomadm\/"},"uagb_comment_info":0,"uagb_excerpt":"Cuba","distributor_meta":false,"distributor_terms":false,"distributor_media":false,"distributor_original_site_name":"VIII Encuentro Internacional de Investigaci\u00f3n en Artes","distributor_original_site_url":"https:\/\/www.uartes.edu.ec\/sitio\/encuentroilia","push-errors":false,"_links":{"self":[{"href":"https:\/\/www.uartes.edu.ec\/sitio\/encuentroilia\/wp-json\/wp\/v2\/posts\/4717","targetHints":{"allow":["GET"]}}],"collection":[{"href":"https:\/\/www.uartes.edu.ec\/sitio\/encuentroilia\/wp-json\/wp\/v2\/posts"}],"about":[{"href":"https:\/\/www.uartes.edu.ec\/sitio\/encuentroilia\/wp-json\/wp\/v2\/types\/post"}],"author":[{"embeddable":true,"href":"https:\/\/www.uartes.edu.ec\/sitio\/encuentroilia\/wp-json\/wp\/v2\/users\/1"}],"replies":[{"embeddable":true,"href":"https:\/\/www.uartes.edu.ec\/sitio\/encuentroilia\/wp-json\/wp\/v2\/comments?post=4717"}],"version-history":[{"count":1,"href":"https:\/\/www.uartes.edu.ec\/sitio\/encuentroilia\/wp-json\/wp\/v2\/posts\/4717\/revisions"}],"predecessor-version":[{"id":4718,"href":"https:\/\/www.uartes.edu.ec\/sitio\/encuentroilia\/wp-json\/wp\/v2\/posts\/4717\/revisions\/4718"}],"wp:featuredmedia":[{"embeddable":true,"href":"https:\/\/www.uartes.edu.ec\/sitio\/encuentroilia\/wp-json\/wp\/v2\/media\/4227"}],"wp:attachment":[{"href":"https:\/\/www.uartes.edu.ec\/sitio\/encuentroilia\/wp-json\/wp\/v2\/media?parent=4717"}],"wp:term":[{"taxonomy":"category","embeddable":true,"href":"https:\/\/www.uartes.edu.ec\/sitio\/encuentroilia\/wp-json\/wp\/v2\/categories?post=4717"},{"taxonomy":"post_tag","embeddable":true,"href":"https:\/\/www.uartes.edu.ec\/sitio\/encuentroilia\/wp-json\/wp\/v2\/tags?post=4717"}],"curies":[{"name":"wp","href":"https:\/\/api.w.org\/{rel}","templated":true}]}}