{"id":4728,"date":"2025-08-22T08:43:43","date_gmt":"2025-08-22T13:43:43","guid":{"rendered":"https:\/\/www.uartes.edu.ec\/sitio\/encuentroilia\/?p=4728"},"modified":"2025-08-22T08:43:50","modified_gmt":"2025-08-22T13:43:50","slug":"maria-cecilia-velasco","status":"publish","type":"post","link":"http:\/\/www.uartes.edu.ec\/sitio\/encuentroilia\/maria-cecilia-velasco\/","title":{"rendered":"Mar\u00eda Cecilia Velasco"},"content":{"rendered":"\n<p>Profesora con largos a\u00f1os de experiencia en el campo de la lengua y la literatura, la narrativa y la dramaturgia, es escritora, editora y realizadora de programas culturales como &#8220;La Palabra Encendida&#8221;, en que dialoga con intelectuales y artistas del medio. <\/p>\n\n\n\n<p>Vive desde hace siete a\u00f1os en Guayaquil y ejerce la c\u00e1tedra en la Universidad de las Artes. Desde 2023 a\u00f1os es la directora de la revista &#8220;Pie de P\u00e1gina&#8221;, de la Escuela de Literatura de la Universidad de las Artes.<br>Ha publicado ocho libros con editoriales como Loqueleo, Norma, Andarele, Tiresias y Alfaguara. Obtuvo el Premio Internacional Norma Fundalectura en el a\u00f1o 2010 con su novela juvenil &#8220;Tony&#8221;.<\/p>\n\n\n\n<p>Ha publicado varios art\u00edculos acad\u00e9micos y presentado ponencias sobre sus investigaciones en los campos de la literatura infantil y juvenil, la narrativa y poes\u00eda ecuatoriana contempor\u00e1nea y las expresiones dramat\u00fargicas de los a\u00f1os setenta.<\/p>\n","protected":false},"excerpt":{"rendered":"<p>Ecuador<\/p>\n","protected":false},"author":1,"featured_media":4671,"comment_status":"open","ping_status":"open","sticky":false,"template":"","format":"standard","meta":{"_uag_custom_page_level_css":"","_monsterinsights_skip_tracking":false,"_monsterinsights_sitenote_active":false,"_monsterinsights_sitenote_note":"","_monsterinsights_sitenote_category":0,"cybocfi_hide_featured_image":"","footnotes":""},"categories":[44],"tags":[72],"class_list":["post-4728","post","type-post","status-publish","format-standard","has-post-thumbnail","hentry","category-participantes","tag-2025uartes"],"uagb_featured_image_src":{"full":["https:\/\/www.uartes.edu.ec\/sitio\/encuentroilia\/wp-content\/uploads\/sites\/5\/2025\/08\/foto-Maria-Cecilia-Velasco-Andrade.jpg",1000,1000,false],"thumbnail":["https:\/\/www.uartes.edu.ec\/sitio\/encuentroilia\/wp-content\/uploads\/sites\/5\/2025\/08\/foto-Maria-Cecilia-Velasco-Andrade-150x150.jpg",150,150,true],"medium":["https:\/\/www.uartes.edu.ec\/sitio\/encuentroilia\/wp-content\/uploads\/sites\/5\/2025\/08\/foto-Maria-Cecilia-Velasco-Andrade-300x300.jpg",300,300,true],"medium_large":["https:\/\/www.uartes.edu.ec\/sitio\/encuentroilia\/wp-content\/uploads\/sites\/5\/2025\/08\/foto-Maria-Cecilia-Velasco-Andrade-768x768.jpg",750,750,true],"large":["https:\/\/www.uartes.edu.ec\/sitio\/encuentroilia\/wp-content\/uploads\/sites\/5\/2025\/08\/foto-Maria-Cecilia-Velasco-Andrade.jpg",750,750,false],"1536x1536":["https:\/\/www.uartes.edu.ec\/sitio\/encuentroilia\/wp-content\/uploads\/sites\/5\/2025\/08\/foto-Maria-Cecilia-Velasco-Andrade.jpg",1000,1000,false],"2048x2048":["https:\/\/www.uartes.edu.ec\/sitio\/encuentroilia\/wp-content\/uploads\/sites\/5\/2025\/08\/foto-Maria-Cecilia-Velasco-Andrade.jpg",1000,1000,false],"hestia-blog":["https:\/\/www.uartes.edu.ec\/sitio\/encuentroilia\/wp-content\/uploads\/sites\/5\/2025\/08\/foto-Maria-Cecilia-Velasco-Andrade-360x240.jpg",360,240,true]},"uagb_author_info":{"display_name":"Universidad de las Artes","author_link":"https:\/\/www.uartes.edu.ec\/sitio\/encuentroilia\/author\/dircomadm\/"},"uagb_comment_info":0,"uagb_excerpt":"Ecuador","distributor_meta":false,"distributor_terms":false,"distributor_media":false,"distributor_original_site_name":"VIII Encuentro Internacional de Investigaci\u00f3n en Artes","distributor_original_site_url":"https:\/\/www.uartes.edu.ec\/sitio\/encuentroilia","push-errors":false,"_links":{"self":[{"href":"https:\/\/www.uartes.edu.ec\/sitio\/encuentroilia\/wp-json\/wp\/v2\/posts\/4728","targetHints":{"allow":["GET"]}}],"collection":[{"href":"https:\/\/www.uartes.edu.ec\/sitio\/encuentroilia\/wp-json\/wp\/v2\/posts"}],"about":[{"href":"https:\/\/www.uartes.edu.ec\/sitio\/encuentroilia\/wp-json\/wp\/v2\/types\/post"}],"author":[{"embeddable":true,"href":"https:\/\/www.uartes.edu.ec\/sitio\/encuentroilia\/wp-json\/wp\/v2\/users\/1"}],"replies":[{"embeddable":true,"href":"https:\/\/www.uartes.edu.ec\/sitio\/encuentroilia\/wp-json\/wp\/v2\/comments?post=4728"}],"version-history":[{"count":1,"href":"https:\/\/www.uartes.edu.ec\/sitio\/encuentroilia\/wp-json\/wp\/v2\/posts\/4728\/revisions"}],"predecessor-version":[{"id":4729,"href":"https:\/\/www.uartes.edu.ec\/sitio\/encuentroilia\/wp-json\/wp\/v2\/posts\/4728\/revisions\/4729"}],"wp:featuredmedia":[{"embeddable":true,"href":"https:\/\/www.uartes.edu.ec\/sitio\/encuentroilia\/wp-json\/wp\/v2\/media\/4671"}],"wp:attachment":[{"href":"https:\/\/www.uartes.edu.ec\/sitio\/encuentroilia\/wp-json\/wp\/v2\/media?parent=4728"}],"wp:term":[{"taxonomy":"category","embeddable":true,"href":"https:\/\/www.uartes.edu.ec\/sitio\/encuentroilia\/wp-json\/wp\/v2\/categories?post=4728"},{"taxonomy":"post_tag","embeddable":true,"href":"https:\/\/www.uartes.edu.ec\/sitio\/encuentroilia\/wp-json\/wp\/v2\/tags?post=4728"}],"curies":[{"name":"wp","href":"https:\/\/api.w.org\/{rel}","templated":true}]}}