{"id":4730,"date":"2025-08-22T08:44:45","date_gmt":"2025-08-22T13:44:45","guid":{"rendered":"https:\/\/www.uartes.edu.ec\/sitio\/encuentroilia\/?p=4730"},"modified":"2025-08-22T08:44:45","modified_gmt":"2025-08-22T13:44:45","slug":"maria-paulina-briones","status":"publish","type":"post","link":"http:\/\/www.uartes.edu.ec\/sitio\/encuentroilia\/maria-paulina-briones\/","title":{"rendered":"Mar\u00eda Paulina Briones"},"content":{"rendered":"\n<p>Naci\u00f3 y creci\u00f3 en Guayaquil; estudi\u00f3 literatura, edici\u00f3n y escritura creativa. Cre\u00f3 La casa morada en 2009, un espacio librero para las editoriales independientes y la difusi\u00f3n de la lectura; en 2012 fund\u00f3 su editorial, Cad\u00e1ver exquisito. Desde 2015 es docente en la Universidad de Las Artes, en donde cre\u00f3 Libre libro, encuentro de editoriales independientes y el taller El hipop\u00f3tamo, del itinerario de edici\u00f3n y creaci\u00f3n de la Escuela de Literatura. Ha publicado los libros: &#8220;Extra\u00f1as&#8221;, &#8220;El \u00e1rbol negro&#8221;, &#8220;Tratado de los bordes&#8221;, &#8220;Labor de duelo&#8221; y &#8220;Cementerio de moscas&#8221;. Indaga sobre las formas h\u00edbridas de la literatura, las escrituras de mujeres, los textos de la intimidad: diarios, bit\u00e1coras y corresponcia. Prepara la tesis doctoral &#8220;Cartograf\u00eda imaginaria del desvar\u00edo, o los desplazamientos po\u00e9ticos del yo en la literatura Latinoamericana&#8221;, en la Universidad de Salamanca.<\/p>\n","protected":false},"excerpt":{"rendered":"<p>Ecuador<\/p>\n","protected":false},"author":1,"featured_media":4682,"comment_status":"open","ping_status":"open","sticky":false,"template":"","format":"standard","meta":{"_uag_custom_page_level_css":"","_monsterinsights_skip_tracking":false,"_monsterinsights_sitenote_active":false,"_monsterinsights_sitenote_note":"","_monsterinsights_sitenote_category":0,"cybocfi_hide_featured_image":"","footnotes":""},"categories":[44],"tags":[72],"class_list":["post-4730","post","type-post","status-publish","format-standard","has-post-thumbnail","hentry","category-participantes","tag-2025uartes"],"uagb_featured_image_src":{"full":["https:\/\/www.uartes.edu.ec\/sitio\/encuentroilia\/wp-content\/uploads\/sites\/5\/2025\/08\/yo-Maria-Paulina-Briones-Layana.jpg",1000,1000,false],"thumbnail":["https:\/\/www.uartes.edu.ec\/sitio\/encuentroilia\/wp-content\/uploads\/sites\/5\/2025\/08\/yo-Maria-Paulina-Briones-Layana-150x150.jpg",150,150,true],"medium":["https:\/\/www.uartes.edu.ec\/sitio\/encuentroilia\/wp-content\/uploads\/sites\/5\/2025\/08\/yo-Maria-Paulina-Briones-Layana-300x300.jpg",300,300,true],"medium_large":["https:\/\/www.uartes.edu.ec\/sitio\/encuentroilia\/wp-content\/uploads\/sites\/5\/2025\/08\/yo-Maria-Paulina-Briones-Layana-768x768.jpg",750,750,true],"large":["https:\/\/www.uartes.edu.ec\/sitio\/encuentroilia\/wp-content\/uploads\/sites\/5\/2025\/08\/yo-Maria-Paulina-Briones-Layana.jpg",750,750,false],"1536x1536":["https:\/\/www.uartes.edu.ec\/sitio\/encuentroilia\/wp-content\/uploads\/sites\/5\/2025\/08\/yo-Maria-Paulina-Briones-Layana.jpg",1000,1000,false],"2048x2048":["https:\/\/www.uartes.edu.ec\/sitio\/encuentroilia\/wp-content\/uploads\/sites\/5\/2025\/08\/yo-Maria-Paulina-Briones-Layana.jpg",1000,1000,false],"hestia-blog":["https:\/\/www.uartes.edu.ec\/sitio\/encuentroilia\/wp-content\/uploads\/sites\/5\/2025\/08\/yo-Maria-Paulina-Briones-Layana-360x240.jpg",360,240,true]},"uagb_author_info":{"display_name":"Universidad de las Artes","author_link":"https:\/\/www.uartes.edu.ec\/sitio\/encuentroilia\/author\/dircomadm\/"},"uagb_comment_info":0,"uagb_excerpt":"Ecuador","distributor_meta":false,"distributor_terms":false,"distributor_media":false,"distributor_original_site_name":"VIII Encuentro Internacional de Investigaci\u00f3n en Artes","distributor_original_site_url":"https:\/\/www.uartes.edu.ec\/sitio\/encuentroilia","push-errors":false,"_links":{"self":[{"href":"https:\/\/www.uartes.edu.ec\/sitio\/encuentroilia\/wp-json\/wp\/v2\/posts\/4730","targetHints":{"allow":["GET"]}}],"collection":[{"href":"https:\/\/www.uartes.edu.ec\/sitio\/encuentroilia\/wp-json\/wp\/v2\/posts"}],"about":[{"href":"https:\/\/www.uartes.edu.ec\/sitio\/encuentroilia\/wp-json\/wp\/v2\/types\/post"}],"author":[{"embeddable":true,"href":"https:\/\/www.uartes.edu.ec\/sitio\/encuentroilia\/wp-json\/wp\/v2\/users\/1"}],"replies":[{"embeddable":true,"href":"https:\/\/www.uartes.edu.ec\/sitio\/encuentroilia\/wp-json\/wp\/v2\/comments?post=4730"}],"version-history":[{"count":1,"href":"https:\/\/www.uartes.edu.ec\/sitio\/encuentroilia\/wp-json\/wp\/v2\/posts\/4730\/revisions"}],"predecessor-version":[{"id":4731,"href":"https:\/\/www.uartes.edu.ec\/sitio\/encuentroilia\/wp-json\/wp\/v2\/posts\/4730\/revisions\/4731"}],"wp:featuredmedia":[{"embeddable":true,"href":"https:\/\/www.uartes.edu.ec\/sitio\/encuentroilia\/wp-json\/wp\/v2\/media\/4682"}],"wp:attachment":[{"href":"https:\/\/www.uartes.edu.ec\/sitio\/encuentroilia\/wp-json\/wp\/v2\/media?parent=4730"}],"wp:term":[{"taxonomy":"category","embeddable":true,"href":"https:\/\/www.uartes.edu.ec\/sitio\/encuentroilia\/wp-json\/wp\/v2\/categories?post=4730"},{"taxonomy":"post_tag","embeddable":true,"href":"https:\/\/www.uartes.edu.ec\/sitio\/encuentroilia\/wp-json\/wp\/v2\/tags?post=4730"}],"curies":[{"name":"wp","href":"https:\/\/api.w.org\/{rel}","templated":true}]}}