{"id":4884,"date":"2025-09-15T09:49:23","date_gmt":"2025-09-15T14:49:23","guid":{"rendered":"https:\/\/www.uartes.edu.ec\/sitio\/encuentroilia\/?p=4884"},"modified":"2025-09-15T09:49:23","modified_gmt":"2025-09-15T14:49:23","slug":"taller-de-corte-y-confeccion-electro-sonora","status":"publish","type":"post","link":"http:\/\/www.uartes.edu.ec\/sitio\/encuentroilia\/taller-de-corte-y-confeccion-electro-sonora\/","title":{"rendered":"Taller de corte y confecci\u00f3n electro-sonora"},"content":{"rendered":"\n<p>A partir de la recuperaci\u00f3n de dispositivos electr\u00f3nicos en desuso, el taller pretende interrogar la noci\u00f3n de &#8220;objeto&#8221; con el prop\u00f3sito de trazar un camino ritual para su examinaci\u00f3n, reparaci\u00f3n y reutilizaci\u00f3n para la elaboraci\u00f3n de una obra instalativo-sonora.<\/p>\n\n\n\n<p><\/p>\n","protected":false},"excerpt":{"rendered":"<p>A partir de la recuperaci\u00f3n de dispositivos electr\u00f3nicos en desuso, el taller pretende interrogar la noci\u00f3n de &#8220;objeto&#8221; con el prop\u00f3sito de trazar un camino ritual para su examinaci\u00f3n, reparaci\u00f3n y reutilizaci\u00f3n para la elaboraci\u00f3n de una obra instalativo-sonora.<\/p>\n","protected":false},"author":1,"featured_media":0,"comment_status":"open","ping_status":"open","sticky":false,"template":"","format":"standard","meta":{"_uag_custom_page_level_css":"","_monsterinsights_skip_tracking":false,"_monsterinsights_sitenote_active":false,"_monsterinsights_sitenote_note":"","_monsterinsights_sitenote_category":0,"cybocfi_hide_featured_image":"","footnotes":""},"categories":[49],"tags":[],"class_list":["post-4884","post","type-post","status-publish","format-standard","hentry","category-talleres"],"uagb_featured_image_src":{"full":false,"thumbnail":false,"medium":false,"medium_large":false,"large":false,"1536x1536":false,"2048x2048":false,"hestia-blog":false},"uagb_author_info":{"display_name":"Universidad de las Artes","author_link":"https:\/\/www.uartes.edu.ec\/sitio\/encuentroilia\/author\/dircomadm\/"},"uagb_comment_info":0,"uagb_excerpt":"A partir de la recuperaci\u00f3n de dispositivos electr\u00f3nicos en desuso, el taller pretende interrogar la noci\u00f3n de &#8220;objeto&#8221; con el prop\u00f3sito de trazar un camino ritual para su examinaci\u00f3n, reparaci\u00f3n y reutilizaci\u00f3n para la elaboraci\u00f3n de una obra instalativo-sonora.","distributor_meta":false,"distributor_terms":false,"distributor_media":false,"distributor_original_site_name":"VIII Encuentro Internacional de Investigaci\u00f3n en Artes","distributor_original_site_url":"https:\/\/www.uartes.edu.ec\/sitio\/encuentroilia","push-errors":false,"_links":{"self":[{"href":"https:\/\/www.uartes.edu.ec\/sitio\/encuentroilia\/wp-json\/wp\/v2\/posts\/4884","targetHints":{"allow":["GET"]}}],"collection":[{"href":"https:\/\/www.uartes.edu.ec\/sitio\/encuentroilia\/wp-json\/wp\/v2\/posts"}],"about":[{"href":"https:\/\/www.uartes.edu.ec\/sitio\/encuentroilia\/wp-json\/wp\/v2\/types\/post"}],"author":[{"embeddable":true,"href":"https:\/\/www.uartes.edu.ec\/sitio\/encuentroilia\/wp-json\/wp\/v2\/users\/1"}],"replies":[{"embeddable":true,"href":"https:\/\/www.uartes.edu.ec\/sitio\/encuentroilia\/wp-json\/wp\/v2\/comments?post=4884"}],"version-history":[{"count":1,"href":"https:\/\/www.uartes.edu.ec\/sitio\/encuentroilia\/wp-json\/wp\/v2\/posts\/4884\/revisions"}],"predecessor-version":[{"id":4885,"href":"https:\/\/www.uartes.edu.ec\/sitio\/encuentroilia\/wp-json\/wp\/v2\/posts\/4884\/revisions\/4885"}],"wp:attachment":[{"href":"https:\/\/www.uartes.edu.ec\/sitio\/encuentroilia\/wp-json\/wp\/v2\/media?parent=4884"}],"wp:term":[{"taxonomy":"category","embeddable":true,"href":"https:\/\/www.uartes.edu.ec\/sitio\/encuentroilia\/wp-json\/wp\/v2\/categories?post=4884"},{"taxonomy":"post_tag","embeddable":true,"href":"https:\/\/www.uartes.edu.ec\/sitio\/encuentroilia\/wp-json\/wp\/v2\/tags?post=4884"}],"curies":[{"name":"wp","href":"https:\/\/api.w.org\/{rel}","templated":true}]}}