{"id":4886,"date":"2025-09-15T09:49:57","date_gmt":"2025-09-15T14:49:57","guid":{"rendered":"https:\/\/www.uartes.edu.ec\/sitio\/encuentroilia\/?p=4886"},"modified":"2025-09-15T09:52:12","modified_gmt":"2025-09-15T14:52:12","slug":"icuando-los-pueblos-se-levantan-como-un-rio-i-del-analisis-critico-a-la-creacion-de-esteticas-colectivas-que-acompanen-la-resistencia","status":"publish","type":"post","link":"http:\/\/www.uartes.edu.ec\/sitio\/encuentroilia\/icuando-los-pueblos-se-levantan-como-un-rio-i-del-analisis-critico-a-la-creacion-de-esteticas-colectivas-que-acompanen-la-resistencia\/","title":{"rendered":"Cuando los pueblos se levantan como un r\u00edo: del an\u00e1lisis cr\u00edtico a la creaci\u00f3n de est\u00e9ticas colectivas que acompa\u00f1en la resistencia"},"content":{"rendered":"\n<p>Este taller invita a explorar colectivamente la continuidad hist\u00f3rica de las resistencias anticoloniales, desde las luchas ind\u00edgenas y campesinas por la tierra hasta las movilizaciones actuales campo\u2013ciudad en defensa de las fuentes de agua frente al extractivismo. A trav\u00e9s de intervenciones est\u00e9ticas en archivos, textos y discursos oficiales, construiremos narrativas cr\u00edticas, situadas y creativas que cuestionen los marcos de la naci\u00f3n y la ciudadan\u00eda, donde el paradigma antropoc\u00e9ntrico y la l\u00f3gica econ\u00f3mica neoliberal han convertido a los espacios de vida en \u201czonas de concesi\u00f3n\u201d.<\/p>\n","protected":false},"excerpt":{"rendered":"<p>Este taller invita a explorar colectivamente la continuidad hist\u00f3rica de las resistencias anticoloniales, desde las luchas ind\u00edgenas y campesinas por la tierra hasta las movilizaciones actuales campo\u2013ciudad en defensa de las fuentes de agua frente al extractivismo. A trav\u00e9s de intervenciones est\u00e9ticas en archivos, textos y discursos oficiales, construiremos narrativas [&hellip;]<\/p>\n","protected":false},"author":1,"featured_media":0,"comment_status":"open","ping_status":"open","sticky":false,"template":"","format":"standard","meta":{"_uag_custom_page_level_css":"","_monsterinsights_skip_tracking":false,"_monsterinsights_sitenote_active":false,"_monsterinsights_sitenote_note":"","_monsterinsights_sitenote_category":0,"cybocfi_hide_featured_image":"","footnotes":""},"categories":[49],"tags":[],"class_list":["post-4886","post","type-post","status-publish","format-standard","hentry","category-talleres"],"uagb_featured_image_src":{"full":false,"thumbnail":false,"medium":false,"medium_large":false,"large":false,"1536x1536":false,"2048x2048":false,"hestia-blog":false},"uagb_author_info":{"display_name":"Universidad de las Artes","author_link":"https:\/\/www.uartes.edu.ec\/sitio\/encuentroilia\/author\/dircomadm\/"},"uagb_comment_info":0,"uagb_excerpt":"Este taller invita a explorar colectivamente la continuidad hist\u00f3rica de las resistencias anticoloniales, desde las luchas ind\u00edgenas y campesinas por la tierra hasta las movilizaciones actuales campo\u2013ciudad en defensa de las fuentes de agua frente al extractivismo. A trav\u00e9s de intervenciones est\u00e9ticas en archivos, textos y discursos oficiales, construiremos narrativas [&hellip;]","distributor_meta":false,"distributor_terms":false,"distributor_media":false,"distributor_original_site_name":"VIII Encuentro Internacional de Investigaci\u00f3n en Artes","distributor_original_site_url":"https:\/\/www.uartes.edu.ec\/sitio\/encuentroilia","push-errors":false,"_links":{"self":[{"href":"https:\/\/www.uartes.edu.ec\/sitio\/encuentroilia\/wp-json\/wp\/v2\/posts\/4886","targetHints":{"allow":["GET"]}}],"collection":[{"href":"https:\/\/www.uartes.edu.ec\/sitio\/encuentroilia\/wp-json\/wp\/v2\/posts"}],"about":[{"href":"https:\/\/www.uartes.edu.ec\/sitio\/encuentroilia\/wp-json\/wp\/v2\/types\/post"}],"author":[{"embeddable":true,"href":"https:\/\/www.uartes.edu.ec\/sitio\/encuentroilia\/wp-json\/wp\/v2\/users\/1"}],"replies":[{"embeddable":true,"href":"https:\/\/www.uartes.edu.ec\/sitio\/encuentroilia\/wp-json\/wp\/v2\/comments?post=4886"}],"version-history":[{"count":2,"href":"https:\/\/www.uartes.edu.ec\/sitio\/encuentroilia\/wp-json\/wp\/v2\/posts\/4886\/revisions"}],"predecessor-version":[{"id":4889,"href":"https:\/\/www.uartes.edu.ec\/sitio\/encuentroilia\/wp-json\/wp\/v2\/posts\/4886\/revisions\/4889"}],"wp:attachment":[{"href":"https:\/\/www.uartes.edu.ec\/sitio\/encuentroilia\/wp-json\/wp\/v2\/media?parent=4886"}],"wp:term":[{"taxonomy":"category","embeddable":true,"href":"https:\/\/www.uartes.edu.ec\/sitio\/encuentroilia\/wp-json\/wp\/v2\/categories?post=4886"},{"taxonomy":"post_tag","embeddable":true,"href":"https:\/\/www.uartes.edu.ec\/sitio\/encuentroilia\/wp-json\/wp\/v2\/tags?post=4886"}],"curies":[{"name":"wp","href":"https:\/\/api.w.org\/{rel}","templated":true}]}}