{"id":4890,"date":"2025-09-15T10:04:34","date_gmt":"2025-09-15T15:04:34","guid":{"rendered":"https:\/\/www.uartes.edu.ec\/sitio\/encuentroilia\/?p=4890"},"modified":"2025-09-15T10:05:26","modified_gmt":"2025-09-15T15:05:26","slug":"comunidades-politicas-de-derecha-intelectuales-libros-y-seguidores","status":"publish","type":"post","link":"http:\/\/www.uartes.edu.ec\/sitio\/encuentroilia\/comunidades-politicas-de-derecha-intelectuales-libros-y-seguidores\/","title":{"rendered":"Comunidades pol\u00edticas de derecha: intelectuales, libros y seguidores"},"content":{"rendered":"\n<p>Este taller aborda el fen\u00f3meno contempor\u00e1neo de las nuevas derechas desde las l\u00f3gicas de la producci\u00f3n cultural e intelectual. Uno de los terrenos centrales en esta nueva configuraci\u00f3n est\u00e1 en las industrias culturales, y en espec\u00edfico en la editorial, que ha sido la puerta de entrada a estas ideolog\u00edas para la poblaci\u00f3n joven. \u00bfCu\u00e1les han sido las transformaciones del campo editorial en la Argentina de los \u00faltimos a\u00f1os?<\/p>\n","protected":false},"excerpt":{"rendered":"<p>Este taller aborda el fen\u00f3meno contempor\u00e1neo de las nuevas derechas desde las l\u00f3gicas de la producci\u00f3n cultural e intelectual. Uno de los terrenos centrales en esta nueva configuraci\u00f3n est\u00e1 en las industrias culturales, y en espec\u00edfico en la editorial, que ha sido la puerta de entrada a estas ideolog\u00edas para [&hellip;]<\/p>\n","protected":false},"author":1,"featured_media":0,"comment_status":"open","ping_status":"open","sticky":false,"template":"","format":"standard","meta":{"_uag_custom_page_level_css":"","_monsterinsights_skip_tracking":false,"_monsterinsights_sitenote_active":false,"_monsterinsights_sitenote_note":"","_monsterinsights_sitenote_category":0,"cybocfi_hide_featured_image":"","footnotes":""},"categories":[49],"tags":[],"class_list":["post-4890","post","type-post","status-publish","format-standard","hentry","category-talleres"],"uagb_featured_image_src":{"full":false,"thumbnail":false,"medium":false,"medium_large":false,"large":false,"1536x1536":false,"2048x2048":false,"hestia-blog":false},"uagb_author_info":{"display_name":"Universidad de las Artes","author_link":"https:\/\/www.uartes.edu.ec\/sitio\/encuentroilia\/author\/dircomadm\/"},"uagb_comment_info":0,"uagb_excerpt":"Este taller aborda el fen\u00f3meno contempor\u00e1neo de las nuevas derechas desde las l\u00f3gicas de la producci\u00f3n cultural e intelectual. Uno de los terrenos centrales en esta nueva configuraci\u00f3n est\u00e1 en las industrias culturales, y en espec\u00edfico en la editorial, que ha sido la puerta de entrada a estas ideolog\u00edas para [&hellip;]","distributor_meta":false,"distributor_terms":false,"distributor_media":false,"distributor_original_site_name":"VIII Encuentro Internacional de Investigaci\u00f3n en Artes","distributor_original_site_url":"https:\/\/www.uartes.edu.ec\/sitio\/encuentroilia","push-errors":false,"_links":{"self":[{"href":"https:\/\/www.uartes.edu.ec\/sitio\/encuentroilia\/wp-json\/wp\/v2\/posts\/4890","targetHints":{"allow":["GET"]}}],"collection":[{"href":"https:\/\/www.uartes.edu.ec\/sitio\/encuentroilia\/wp-json\/wp\/v2\/posts"}],"about":[{"href":"https:\/\/www.uartes.edu.ec\/sitio\/encuentroilia\/wp-json\/wp\/v2\/types\/post"}],"author":[{"embeddable":true,"href":"https:\/\/www.uartes.edu.ec\/sitio\/encuentroilia\/wp-json\/wp\/v2\/users\/1"}],"replies":[{"embeddable":true,"href":"https:\/\/www.uartes.edu.ec\/sitio\/encuentroilia\/wp-json\/wp\/v2\/comments?post=4890"}],"version-history":[{"count":1,"href":"https:\/\/www.uartes.edu.ec\/sitio\/encuentroilia\/wp-json\/wp\/v2\/posts\/4890\/revisions"}],"predecessor-version":[{"id":4891,"href":"https:\/\/www.uartes.edu.ec\/sitio\/encuentroilia\/wp-json\/wp\/v2\/posts\/4890\/revisions\/4891"}],"wp:attachment":[{"href":"https:\/\/www.uartes.edu.ec\/sitio\/encuentroilia\/wp-json\/wp\/v2\/media?parent=4890"}],"wp:term":[{"taxonomy":"category","embeddable":true,"href":"https:\/\/www.uartes.edu.ec\/sitio\/encuentroilia\/wp-json\/wp\/v2\/categories?post=4890"},{"taxonomy":"post_tag","embeddable":true,"href":"https:\/\/www.uartes.edu.ec\/sitio\/encuentroilia\/wp-json\/wp\/v2\/tags?post=4890"}],"curies":[{"name":"wp","href":"https:\/\/api.w.org\/{rel}","templated":true}]}}