{"id":4892,"date":"2025-09-15T10:08:17","date_gmt":"2025-09-15T15:08:17","guid":{"rendered":"https:\/\/www.uartes.edu.ec\/sitio\/encuentroilia\/?p=4892"},"modified":"2025-09-15T10:09:07","modified_gmt":"2025-09-15T15:09:07","slug":"gestion-cultural-en-el-nuevo-siglo-el-caso-del-tango-y-su-valor-como-objeto-patrimonial","status":"publish","type":"post","link":"http:\/\/www.uartes.edu.ec\/sitio\/encuentroilia\/gestion-cultural-en-el-nuevo-siglo-el-caso-del-tango-y-su-valor-como-objeto-patrimonial\/","title":{"rendered":"Gesti\u00f3n cultural en el nuevo siglo: el caso del tango y su valor como objeto patrimonial"},"content":{"rendered":"\n<p>A lo largo de este taller se reflexionar\u00e1 sobre el tango desde tres perspectivas:<\/p>\n\n\n\n<ol class=\"wp-block-list\">\n<li>El tango como patrimonio cultural inmaterial mundial: la construcci\u00f3n hist\u00f3rica e institucional de una manifestaci\u00f3n cultural.\u00a0 La convenci\u00f3n 2003 (UNESCO) y los indicadores de legislaci\u00f3n cultural local para la implementaci\u00f3n de las directrices.<\/li>\n\n\n\n<li>Patrimonio y turismo: tango for export y procesos de espectacularizaci\u00f3n. Apropiaciones, discursividades y disputas. Miradas sobre el patrimonio cultural y los objetivos de desarrollo sostenible.<\/li>\n\n\n\n<li>Experiencias: Conversaciones sobre el tango. Dispositivo de vinculaci\u00f3n entre universidad y comunidades: versi\u00f3n 2023, 2024 y 2025.<\/li>\n<\/ol>\n","protected":false},"excerpt":{"rendered":"<p>A lo largo de este taller se reflexionar\u00e1 sobre el tango desde tres perspectivas:<\/p>\n","protected":false},"author":1,"featured_media":0,"comment_status":"open","ping_status":"open","sticky":false,"template":"","format":"standard","meta":{"_uag_custom_page_level_css":"","_monsterinsights_skip_tracking":false,"_monsterinsights_sitenote_active":false,"_monsterinsights_sitenote_note":"","_monsterinsights_sitenote_category":0,"cybocfi_hide_featured_image":"","footnotes":""},"categories":[49],"tags":[],"class_list":["post-4892","post","type-post","status-publish","format-standard","hentry","category-talleres"],"uagb_featured_image_src":{"full":false,"thumbnail":false,"medium":false,"medium_large":false,"large":false,"1536x1536":false,"2048x2048":false,"hestia-blog":false},"uagb_author_info":{"display_name":"Universidad de las Artes","author_link":"https:\/\/www.uartes.edu.ec\/sitio\/encuentroilia\/author\/dircomadm\/"},"uagb_comment_info":0,"uagb_excerpt":"A lo largo de este taller se reflexionar\u00e1 sobre el tango desde tres perspectivas:","distributor_meta":false,"distributor_terms":false,"distributor_media":false,"distributor_original_site_name":"VIII Encuentro Internacional de Investigaci\u00f3n en Artes","distributor_original_site_url":"https:\/\/www.uartes.edu.ec\/sitio\/encuentroilia","push-errors":false,"_links":{"self":[{"href":"https:\/\/www.uartes.edu.ec\/sitio\/encuentroilia\/wp-json\/wp\/v2\/posts\/4892","targetHints":{"allow":["GET"]}}],"collection":[{"href":"https:\/\/www.uartes.edu.ec\/sitio\/encuentroilia\/wp-json\/wp\/v2\/posts"}],"about":[{"href":"https:\/\/www.uartes.edu.ec\/sitio\/encuentroilia\/wp-json\/wp\/v2\/types\/post"}],"author":[{"embeddable":true,"href":"https:\/\/www.uartes.edu.ec\/sitio\/encuentroilia\/wp-json\/wp\/v2\/users\/1"}],"replies":[{"embeddable":true,"href":"https:\/\/www.uartes.edu.ec\/sitio\/encuentroilia\/wp-json\/wp\/v2\/comments?post=4892"}],"version-history":[{"count":1,"href":"https:\/\/www.uartes.edu.ec\/sitio\/encuentroilia\/wp-json\/wp\/v2\/posts\/4892\/revisions"}],"predecessor-version":[{"id":4893,"href":"https:\/\/www.uartes.edu.ec\/sitio\/encuentroilia\/wp-json\/wp\/v2\/posts\/4892\/revisions\/4893"}],"wp:attachment":[{"href":"https:\/\/www.uartes.edu.ec\/sitio\/encuentroilia\/wp-json\/wp\/v2\/media?parent=4892"}],"wp:term":[{"taxonomy":"category","embeddable":true,"href":"https:\/\/www.uartes.edu.ec\/sitio\/encuentroilia\/wp-json\/wp\/v2\/categories?post=4892"},{"taxonomy":"post_tag","embeddable":true,"href":"https:\/\/www.uartes.edu.ec\/sitio\/encuentroilia\/wp-json\/wp\/v2\/tags?post=4892"}],"curies":[{"name":"wp","href":"https:\/\/api.w.org\/{rel}","templated":true}]}}