{"id":4921,"date":"2025-09-15T13:40:22","date_gmt":"2025-09-15T18:40:22","guid":{"rendered":"https:\/\/www.uartes.edu.ec\/sitio\/encuentroilia\/?p=4921"},"modified":"2025-09-15T16:37:50","modified_gmt":"2025-09-15T21:37:50","slug":"daniela-alcivar-bellolio","status":"publish","type":"post","link":"http:\/\/www.uartes.edu.ec\/sitio\/encuentroilia\/daniela-alcivar-bellolio\/","title":{"rendered":"Daniela Alc\u00edvar Bellolio"},"content":{"rendered":"\n<p>Escritora, cr\u00edtica literaria, investigadora acad\u00e9mica, docente universitaria y editora. Doctora en Literatura por la Facultad de Filosof\u00eda y Letras de la Universidad de Buenos Aires. Becaria doctoral del Consejo Nacional de Investigaciones Cient\u00edficas y T\u00e9cnicas (CONICET) y del Fondo Nacional de las Artes (FNA), en Argentina. Miembro del Comit\u00e9 Editorial de la revista&nbsp;<em>Sycorax<\/em>&nbsp;(<a href=\"http:\/\/www.proyectosycorax.com\/\" target=\"_blank\" rel=\"noreferrer noopener\">www.proyectosycorax.com<\/a>). Editora general en Editorial Turbina (Quito).<\/p>\n\n\n\n<p>Es autora de los libros de ensayos&nbsp;<em>Pararrayos. Paisajes, lecturas, memorias<\/em>&nbsp;y&nbsp;<em>Ciencia de objeto \u00fanico. Ensayos sobre&nbsp;el silencio de las im\u00e1genes<\/em>, del libro de relatos&nbsp;<em>Para esta ma\u00f1ana di\u00e1fana<\/em>,&nbsp;y de las novelas&nbsp;<em>Siberia<\/em>&nbsp;y&nbsp;<em>Lo que fue el futuro<\/em>.<\/p>\n\n\n\n<p>Dirige el Centro Cultural Benjam\u00edn Carri\u00f3n en Quito desde 2019.<\/p>\n","protected":false},"excerpt":{"rendered":"<p>Centro Cultural Benjam\u00edn Carri\u00f3n<\/p>\n","protected":false},"author":1,"featured_media":4848,"comment_status":"open","ping_status":"open","sticky":false,"template":"","format":"standard","meta":{"_uag_custom_page_level_css":"","_monsterinsights_skip_tracking":false,"_monsterinsights_sitenote_active":false,"_monsterinsights_sitenote_note":"","_monsterinsights_sitenote_category":0,"cybocfi_hide_featured_image":"","footnotes":""},"categories":[44],"tags":[71],"class_list":["post-4921","post","type-post","status-publish","format-standard","has-post-thumbnail","hentry","category-participantes","tag-2025nacionales"],"uagb_featured_image_src":{"full":["https:\/\/www.uartes.edu.ec\/sitio\/encuentroilia\/wp-content\/uploads\/sites\/5\/2025\/09\/daniela-alcivar.jpg",1000,1000,false],"thumbnail":["https:\/\/www.uartes.edu.ec\/sitio\/encuentroilia\/wp-content\/uploads\/sites\/5\/2025\/09\/daniela-alcivar-150x150.jpg",150,150,true],"medium":["https:\/\/www.uartes.edu.ec\/sitio\/encuentroilia\/wp-content\/uploads\/sites\/5\/2025\/09\/daniela-alcivar-300x300.jpg",300,300,true],"medium_large":["https:\/\/www.uartes.edu.ec\/sitio\/encuentroilia\/wp-content\/uploads\/sites\/5\/2025\/09\/daniela-alcivar-768x768.jpg",750,750,true],"large":["https:\/\/www.uartes.edu.ec\/sitio\/encuentroilia\/wp-content\/uploads\/sites\/5\/2025\/09\/daniela-alcivar.jpg",750,750,false],"1536x1536":["https:\/\/www.uartes.edu.ec\/sitio\/encuentroilia\/wp-content\/uploads\/sites\/5\/2025\/09\/daniela-alcivar.jpg",1000,1000,false],"2048x2048":["https:\/\/www.uartes.edu.ec\/sitio\/encuentroilia\/wp-content\/uploads\/sites\/5\/2025\/09\/daniela-alcivar.jpg",1000,1000,false],"hestia-blog":["https:\/\/www.uartes.edu.ec\/sitio\/encuentroilia\/wp-content\/uploads\/sites\/5\/2025\/09\/daniela-alcivar-360x240.jpg",360,240,true]},"uagb_author_info":{"display_name":"Universidad de las Artes","author_link":"https:\/\/www.uartes.edu.ec\/sitio\/encuentroilia\/author\/dircomadm\/"},"uagb_comment_info":0,"uagb_excerpt":"Centro Cultural Benjam\u00edn Carri\u00f3n","distributor_meta":false,"distributor_terms":false,"distributor_media":false,"distributor_original_site_name":"VIII Encuentro Internacional de Investigaci\u00f3n en Artes","distributor_original_site_url":"https:\/\/www.uartes.edu.ec\/sitio\/encuentroilia","push-errors":false,"_links":{"self":[{"href":"https:\/\/www.uartes.edu.ec\/sitio\/encuentroilia\/wp-json\/wp\/v2\/posts\/4921","targetHints":{"allow":["GET"]}}],"collection":[{"href":"https:\/\/www.uartes.edu.ec\/sitio\/encuentroilia\/wp-json\/wp\/v2\/posts"}],"about":[{"href":"https:\/\/www.uartes.edu.ec\/sitio\/encuentroilia\/wp-json\/wp\/v2\/types\/post"}],"author":[{"embeddable":true,"href":"https:\/\/www.uartes.edu.ec\/sitio\/encuentroilia\/wp-json\/wp\/v2\/users\/1"}],"replies":[{"embeddable":true,"href":"https:\/\/www.uartes.edu.ec\/sitio\/encuentroilia\/wp-json\/wp\/v2\/comments?post=4921"}],"version-history":[{"count":2,"href":"https:\/\/www.uartes.edu.ec\/sitio\/encuentroilia\/wp-json\/wp\/v2\/posts\/4921\/revisions"}],"predecessor-version":[{"id":5001,"href":"https:\/\/www.uartes.edu.ec\/sitio\/encuentroilia\/wp-json\/wp\/v2\/posts\/4921\/revisions\/5001"}],"wp:featuredmedia":[{"embeddable":true,"href":"https:\/\/www.uartes.edu.ec\/sitio\/encuentroilia\/wp-json\/wp\/v2\/media\/4848"}],"wp:attachment":[{"href":"https:\/\/www.uartes.edu.ec\/sitio\/encuentroilia\/wp-json\/wp\/v2\/media?parent=4921"}],"wp:term":[{"taxonomy":"category","embeddable":true,"href":"https:\/\/www.uartes.edu.ec\/sitio\/encuentroilia\/wp-json\/wp\/v2\/categories?post=4921"},{"taxonomy":"post_tag","embeddable":true,"href":"https:\/\/www.uartes.edu.ec\/sitio\/encuentroilia\/wp-json\/wp\/v2\/tags?post=4921"}],"curies":[{"name":"wp","href":"https:\/\/api.w.org\/{rel}","templated":true}]}}