{"id":4933,"date":"2025-09-15T13:47:16","date_gmt":"2025-09-15T18:47:16","guid":{"rendered":"https:\/\/www.uartes.edu.ec\/sitio\/encuentroilia\/?p=4933"},"modified":"2025-09-15T16:40:46","modified_gmt":"2025-09-15T21:40:46","slug":"almendra-garcia-huidobro","status":"publish","type":"post","link":"http:\/\/www.uartes.edu.ec\/sitio\/encuentroilia\/almendra-garcia-huidobro\/","title":{"rendered":"Almendra Garc\u00eda-Huidobro"},"content":{"rendered":"\n<p>Es historiadora, profesora de Filosof\u00eda y Mag\u00edster en Historia del Tiempo Presente por la Universidad Austral de Chile. Su trabajo se centra en los cruces entre cultura, pol\u00edtica, memoria e im\u00e1genes en dictadura y postdictadura. Es coautora de Quimant\u00fa y la colecci\u00f3n Nosotros los chilenos (2022), del cap\u00edtulo Despu\u00e9s de la dictadura, las im\u00e1genes (2024), del art\u00edculo Lo que queda del archivo dictatorial (2024) y del libro Im\u00e1genes que resisten: La experiencia del colectivo Telean\u00e1lisis (2025). Actualmente, media el taller Historia de la Otra, que articula teor\u00edas de g\u00e9nero y experimentaci\u00f3n visual. Su trayectoria integra investigaci\u00f3n, docencia y mediaci\u00f3n cultural desde una perspectiva cr\u00edtica e interdisciplinaria.<\/p>\n","protected":false},"excerpt":{"rendered":"<p>Universidad Austral de Chile, Chile<\/p>\n","protected":false},"author":1,"featured_media":4876,"comment_status":"open","ping_status":"open","sticky":false,"template":"","format":"standard","meta":{"_uag_custom_page_level_css":"","_monsterinsights_skip_tracking":false,"_monsterinsights_sitenote_active":false,"_monsterinsights_sitenote_note":"","_monsterinsights_sitenote_category":0,"cybocfi_hide_featured_image":"","footnotes":""},"categories":[44],"tags":[70],"class_list":["post-4933","post","type-post","status-publish","format-standard","has-post-thumbnail","hentry","category-participantes","tag-2025internacionales"],"uagb_featured_image_src":{"full":["https:\/\/www.uartes.edu.ec\/sitio\/encuentroilia\/wp-content\/uploads\/sites\/5\/2025\/09\/Almendra-Garcia.jpg",1000,1000,false],"thumbnail":["https:\/\/www.uartes.edu.ec\/sitio\/encuentroilia\/wp-content\/uploads\/sites\/5\/2025\/09\/Almendra-Garcia-150x150.jpg",150,150,true],"medium":["https:\/\/www.uartes.edu.ec\/sitio\/encuentroilia\/wp-content\/uploads\/sites\/5\/2025\/09\/Almendra-Garcia-300x300.jpg",300,300,true],"medium_large":["https:\/\/www.uartes.edu.ec\/sitio\/encuentroilia\/wp-content\/uploads\/sites\/5\/2025\/09\/Almendra-Garcia-768x768.jpg",750,750,true],"large":["https:\/\/www.uartes.edu.ec\/sitio\/encuentroilia\/wp-content\/uploads\/sites\/5\/2025\/09\/Almendra-Garcia.jpg",750,750,false],"1536x1536":["https:\/\/www.uartes.edu.ec\/sitio\/encuentroilia\/wp-content\/uploads\/sites\/5\/2025\/09\/Almendra-Garcia.jpg",1000,1000,false],"2048x2048":["https:\/\/www.uartes.edu.ec\/sitio\/encuentroilia\/wp-content\/uploads\/sites\/5\/2025\/09\/Almendra-Garcia.jpg",1000,1000,false],"hestia-blog":["https:\/\/www.uartes.edu.ec\/sitio\/encuentroilia\/wp-content\/uploads\/sites\/5\/2025\/09\/Almendra-Garcia-360x240.jpg",360,240,true]},"uagb_author_info":{"display_name":"Universidad de las Artes","author_link":"https:\/\/www.uartes.edu.ec\/sitio\/encuentroilia\/author\/dircomadm\/"},"uagb_comment_info":0,"uagb_excerpt":"Universidad Austral de Chile, Chile","distributor_meta":false,"distributor_terms":false,"distributor_media":false,"distributor_original_site_name":"VIII Encuentro Internacional de Investigaci\u00f3n en Artes","distributor_original_site_url":"https:\/\/www.uartes.edu.ec\/sitio\/encuentroilia","push-errors":false,"_links":{"self":[{"href":"https:\/\/www.uartes.edu.ec\/sitio\/encuentroilia\/wp-json\/wp\/v2\/posts\/4933","targetHints":{"allow":["GET"]}}],"collection":[{"href":"https:\/\/www.uartes.edu.ec\/sitio\/encuentroilia\/wp-json\/wp\/v2\/posts"}],"about":[{"href":"https:\/\/www.uartes.edu.ec\/sitio\/encuentroilia\/wp-json\/wp\/v2\/types\/post"}],"author":[{"embeddable":true,"href":"https:\/\/www.uartes.edu.ec\/sitio\/encuentroilia\/wp-json\/wp\/v2\/users\/1"}],"replies":[{"embeddable":true,"href":"https:\/\/www.uartes.edu.ec\/sitio\/encuentroilia\/wp-json\/wp\/v2\/comments?post=4933"}],"version-history":[{"count":2,"href":"https:\/\/www.uartes.edu.ec\/sitio\/encuentroilia\/wp-json\/wp\/v2\/posts\/4933\/revisions"}],"predecessor-version":[{"id":5007,"href":"https:\/\/www.uartes.edu.ec\/sitio\/encuentroilia\/wp-json\/wp\/v2\/posts\/4933\/revisions\/5007"}],"wp:featuredmedia":[{"embeddable":true,"href":"https:\/\/www.uartes.edu.ec\/sitio\/encuentroilia\/wp-json\/wp\/v2\/media\/4876"}],"wp:attachment":[{"href":"https:\/\/www.uartes.edu.ec\/sitio\/encuentroilia\/wp-json\/wp\/v2\/media?parent=4933"}],"wp:term":[{"taxonomy":"category","embeddable":true,"href":"https:\/\/www.uartes.edu.ec\/sitio\/encuentroilia\/wp-json\/wp\/v2\/categories?post=4933"},{"taxonomy":"post_tag","embeddable":true,"href":"https:\/\/www.uartes.edu.ec\/sitio\/encuentroilia\/wp-json\/wp\/v2\/tags?post=4933"}],"curies":[{"name":"wp","href":"https:\/\/api.w.org\/{rel}","templated":true}]}}