{"id":4945,"date":"2025-09-15T14:19:00","date_gmt":"2025-09-15T19:19:00","guid":{"rendered":"https:\/\/www.uartes.edu.ec\/sitio\/encuentroilia\/?p=4945"},"modified":"2025-09-15T14:19:02","modified_gmt":"2025-09-15T19:19:02","slug":"luis-carlos-moreno","status":"publish","type":"post","link":"http:\/\/www.uartes.edu.ec\/sitio\/encuentroilia\/luis-carlos-moreno\/","title":{"rendered":"Luis Carlos Moreno"},"content":{"rendered":"\n<p>Licenciado en M\u00fasica de la Universidad de Nari\u00f1o, Colombia, posee el Diploma en Perfeccionamiento e Interpretaci\u00f3n del Conservatorio de M\u00fasica (CNRR) en Nice\u2013 Francia, es Especialista en Gerencia y Gesti\u00f3n Cultural de la Universidad del Rosario, Bogot\u00e1-Colombia, estudi\u00f3 la Maestr\u00eda en Musicolog\u00eda en la Universidad de Salamanca- Espa\u00f1a. Realiza el Doctorado en Historia del Arte y Musicolog\u00eda en la misma universidad.<\/p>\n\n\n\n<p>Ha realizado presentaciones en calidad de solista y con agrupaciones en diferentes pa\u00edses como: Portugal, Espa\u00f1a, Francia, Italia, Ecuador, Per\u00fa y diversas regiones de Colombia. Se desempe\u00f1a como docente, m\u00fasico, gestor cultural y music\u00f3logo. Es docente tiempo completo en la UArtes, docente ocasional para la Universidad de Nari\u00f1o y director de la Fundaci\u00f3n VientoSur.<\/p>\n","protected":false},"excerpt":{"rendered":"<p>Colombia<\/p>\n","protected":false},"author":1,"featured_media":4863,"comment_status":"open","ping_status":"open","sticky":false,"template":"","format":"standard","meta":{"_uag_custom_page_level_css":"","_monsterinsights_skip_tracking":false,"_monsterinsights_sitenote_active":false,"_monsterinsights_sitenote_note":"","_monsterinsights_sitenote_category":0,"cybocfi_hide_featured_image":"","footnotes":""},"categories":[44],"tags":[72],"class_list":["post-4945","post","type-post","status-publish","format-standard","has-post-thumbnail","hentry","category-participantes","tag-2025uartes"],"uagb_featured_image_src":{"full":["https:\/\/www.uartes.edu.ec\/sitio\/encuentroilia\/wp-content\/uploads\/sites\/5\/2025\/09\/luis-carlos-moreno.jpg",1000,1000,false],"thumbnail":["https:\/\/www.uartes.edu.ec\/sitio\/encuentroilia\/wp-content\/uploads\/sites\/5\/2025\/09\/luis-carlos-moreno-150x150.jpg",150,150,true],"medium":["https:\/\/www.uartes.edu.ec\/sitio\/encuentroilia\/wp-content\/uploads\/sites\/5\/2025\/09\/luis-carlos-moreno-300x300.jpg",300,300,true],"medium_large":["https:\/\/www.uartes.edu.ec\/sitio\/encuentroilia\/wp-content\/uploads\/sites\/5\/2025\/09\/luis-carlos-moreno-768x768.jpg",750,750,true],"large":["https:\/\/www.uartes.edu.ec\/sitio\/encuentroilia\/wp-content\/uploads\/sites\/5\/2025\/09\/luis-carlos-moreno.jpg",750,750,false],"1536x1536":["https:\/\/www.uartes.edu.ec\/sitio\/encuentroilia\/wp-content\/uploads\/sites\/5\/2025\/09\/luis-carlos-moreno.jpg",1000,1000,false],"2048x2048":["https:\/\/www.uartes.edu.ec\/sitio\/encuentroilia\/wp-content\/uploads\/sites\/5\/2025\/09\/luis-carlos-moreno.jpg",1000,1000,false],"hestia-blog":["https:\/\/www.uartes.edu.ec\/sitio\/encuentroilia\/wp-content\/uploads\/sites\/5\/2025\/09\/luis-carlos-moreno-360x240.jpg",360,240,true]},"uagb_author_info":{"display_name":"Universidad de las Artes","author_link":"https:\/\/www.uartes.edu.ec\/sitio\/encuentroilia\/author\/dircomadm\/"},"uagb_comment_info":0,"uagb_excerpt":"Colombia","distributor_meta":false,"distributor_terms":false,"distributor_media":false,"distributor_original_site_name":"VIII Encuentro Internacional de Investigaci\u00f3n en Artes","distributor_original_site_url":"https:\/\/www.uartes.edu.ec\/sitio\/encuentroilia","push-errors":false,"_links":{"self":[{"href":"https:\/\/www.uartes.edu.ec\/sitio\/encuentroilia\/wp-json\/wp\/v2\/posts\/4945","targetHints":{"allow":["GET"]}}],"collection":[{"href":"https:\/\/www.uartes.edu.ec\/sitio\/encuentroilia\/wp-json\/wp\/v2\/posts"}],"about":[{"href":"https:\/\/www.uartes.edu.ec\/sitio\/encuentroilia\/wp-json\/wp\/v2\/types\/post"}],"author":[{"embeddable":true,"href":"https:\/\/www.uartes.edu.ec\/sitio\/encuentroilia\/wp-json\/wp\/v2\/users\/1"}],"replies":[{"embeddable":true,"href":"https:\/\/www.uartes.edu.ec\/sitio\/encuentroilia\/wp-json\/wp\/v2\/comments?post=4945"}],"version-history":[{"count":1,"href":"https:\/\/www.uartes.edu.ec\/sitio\/encuentroilia\/wp-json\/wp\/v2\/posts\/4945\/revisions"}],"predecessor-version":[{"id":4946,"href":"https:\/\/www.uartes.edu.ec\/sitio\/encuentroilia\/wp-json\/wp\/v2\/posts\/4945\/revisions\/4946"}],"wp:featuredmedia":[{"embeddable":true,"href":"https:\/\/www.uartes.edu.ec\/sitio\/encuentroilia\/wp-json\/wp\/v2\/media\/4863"}],"wp:attachment":[{"href":"https:\/\/www.uartes.edu.ec\/sitio\/encuentroilia\/wp-json\/wp\/v2\/media?parent=4945"}],"wp:term":[{"taxonomy":"category","embeddable":true,"href":"https:\/\/www.uartes.edu.ec\/sitio\/encuentroilia\/wp-json\/wp\/v2\/categories?post=4945"},{"taxonomy":"post_tag","embeddable":true,"href":"https:\/\/www.uartes.edu.ec\/sitio\/encuentroilia\/wp-json\/wp\/v2\/tags?post=4945"}],"curies":[{"name":"wp","href":"https:\/\/api.w.org\/{rel}","templated":true}]}}