{"id":4953,"date":"2025-09-15T14:23:32","date_gmt":"2025-09-15T19:23:32","guid":{"rendered":"https:\/\/www.uartes.edu.ec\/sitio\/encuentroilia\/?p=4953"},"modified":"2025-09-15T14:23:33","modified_gmt":"2025-09-15T19:23:33","slug":"priscilla-aguirre","status":"publish","type":"post","link":"http:\/\/www.uartes.edu.ec\/sitio\/encuentroilia\/priscilla-aguirre\/","title":{"rendered":"Priscilla Aguirre"},"content":{"rendered":"\n<p>Realizadora ecuatoriana. Inici\u00f3 su carrera con\u00a0<em>La noche de Estela<\/em>\u00a0(2006), premiada en Ecuador y Uruguay. Dirigi\u00f3 los cortometrajes\u00a0<em>Paqueteando el alma<\/em>\u00a0(2008) y\u00a0<em>El mundo de Lena<\/em>\u00a0(2009). En Barcelona realiz\u00f3 el documental\u00a0<em>El diario de M\u00f3nica<\/em>\u00a0(2012), ganador en Espa\u00f1a y selecci\u00f3n oficial de EDOC 2014. Fue parte del equipo de directores del documental internacional\u00a0<em>Back to Abnormality<\/em>\u00a0(2021). Ha creado instalaciones perform\u00e1ticas e inmersivas como\u00a0<em>Solas<\/em>\u00a0(2019),\u00a0<em>Maternidades<\/em>\u00a0y\u00a0<em>Nosotras<\/em>\u00a0(2024). Ha trabajado en asistencia de direcci\u00f3n y producci\u00f3n en diversos largometrajes ecuatorianos. Desde 2017 es docente de Cine en la UArtes, donde coordina la maestr\u00eda en Cine Documental. Est\u00e1 a puertas de estrenar su largometraje documental\u00a0<em>Nosotras<\/em>.<\/p>\n","protected":false},"excerpt":{"rendered":"<p>Ecuador<\/p>\n","protected":false},"author":1,"featured_media":4872,"comment_status":"open","ping_status":"open","sticky":false,"template":"","format":"standard","meta":{"_uag_custom_page_level_css":"","_monsterinsights_skip_tracking":false,"_monsterinsights_sitenote_active":false,"_monsterinsights_sitenote_note":"","_monsterinsights_sitenote_category":0,"cybocfi_hide_featured_image":"","footnotes":""},"categories":[44],"tags":[72],"class_list":["post-4953","post","type-post","status-publish","format-standard","has-post-thumbnail","hentry","category-participantes","tag-2025uartes"],"uagb_featured_image_src":{"full":["https:\/\/www.uartes.edu.ec\/sitio\/encuentroilia\/wp-content\/uploads\/sites\/5\/2025\/09\/Priscila-Aguirre.jpg",1000,1000,false],"thumbnail":["https:\/\/www.uartes.edu.ec\/sitio\/encuentroilia\/wp-content\/uploads\/sites\/5\/2025\/09\/Priscila-Aguirre-150x150.jpg",150,150,true],"medium":["https:\/\/www.uartes.edu.ec\/sitio\/encuentroilia\/wp-content\/uploads\/sites\/5\/2025\/09\/Priscila-Aguirre-300x300.jpg",300,300,true],"medium_large":["https:\/\/www.uartes.edu.ec\/sitio\/encuentroilia\/wp-content\/uploads\/sites\/5\/2025\/09\/Priscila-Aguirre-768x768.jpg",750,750,true],"large":["https:\/\/www.uartes.edu.ec\/sitio\/encuentroilia\/wp-content\/uploads\/sites\/5\/2025\/09\/Priscila-Aguirre.jpg",750,750,false],"1536x1536":["https:\/\/www.uartes.edu.ec\/sitio\/encuentroilia\/wp-content\/uploads\/sites\/5\/2025\/09\/Priscila-Aguirre.jpg",1000,1000,false],"2048x2048":["https:\/\/www.uartes.edu.ec\/sitio\/encuentroilia\/wp-content\/uploads\/sites\/5\/2025\/09\/Priscila-Aguirre.jpg",1000,1000,false],"hestia-blog":["https:\/\/www.uartes.edu.ec\/sitio\/encuentroilia\/wp-content\/uploads\/sites\/5\/2025\/09\/Priscila-Aguirre-360x240.jpg",360,240,true]},"uagb_author_info":{"display_name":"Universidad de las Artes","author_link":"https:\/\/www.uartes.edu.ec\/sitio\/encuentroilia\/author\/dircomadm\/"},"uagb_comment_info":0,"uagb_excerpt":"Ecuador","distributor_meta":false,"distributor_terms":false,"distributor_media":false,"distributor_original_site_name":"VIII Encuentro Internacional de Investigaci\u00f3n en Artes","distributor_original_site_url":"https:\/\/www.uartes.edu.ec\/sitio\/encuentroilia","push-errors":false,"_links":{"self":[{"href":"https:\/\/www.uartes.edu.ec\/sitio\/encuentroilia\/wp-json\/wp\/v2\/posts\/4953","targetHints":{"allow":["GET"]}}],"collection":[{"href":"https:\/\/www.uartes.edu.ec\/sitio\/encuentroilia\/wp-json\/wp\/v2\/posts"}],"about":[{"href":"https:\/\/www.uartes.edu.ec\/sitio\/encuentroilia\/wp-json\/wp\/v2\/types\/post"}],"author":[{"embeddable":true,"href":"https:\/\/www.uartes.edu.ec\/sitio\/encuentroilia\/wp-json\/wp\/v2\/users\/1"}],"replies":[{"embeddable":true,"href":"https:\/\/www.uartes.edu.ec\/sitio\/encuentroilia\/wp-json\/wp\/v2\/comments?post=4953"}],"version-history":[{"count":1,"href":"https:\/\/www.uartes.edu.ec\/sitio\/encuentroilia\/wp-json\/wp\/v2\/posts\/4953\/revisions"}],"predecessor-version":[{"id":4954,"href":"https:\/\/www.uartes.edu.ec\/sitio\/encuentroilia\/wp-json\/wp\/v2\/posts\/4953\/revisions\/4954"}],"wp:featuredmedia":[{"embeddable":true,"href":"https:\/\/www.uartes.edu.ec\/sitio\/encuentroilia\/wp-json\/wp\/v2\/media\/4872"}],"wp:attachment":[{"href":"https:\/\/www.uartes.edu.ec\/sitio\/encuentroilia\/wp-json\/wp\/v2\/media?parent=4953"}],"wp:term":[{"taxonomy":"category","embeddable":true,"href":"https:\/\/www.uartes.edu.ec\/sitio\/encuentroilia\/wp-json\/wp\/v2\/categories?post=4953"},{"taxonomy":"post_tag","embeddable":true,"href":"https:\/\/www.uartes.edu.ec\/sitio\/encuentroilia\/wp-json\/wp\/v2\/tags?post=4953"}],"curies":[{"name":"wp","href":"https:\/\/api.w.org\/{rel}","templated":true}]}}