{"id":4971,"date":"2025-08-21T14:49:21","date_gmt":"2025-08-21T19:49:21","guid":{"rendered":"https:\/\/www.uartes.edu.ec\/sitio\/encuentroilia\/?p=4971"},"modified":"2025-09-15T15:07:22","modified_gmt":"2025-09-15T20:07:22","slug":"william-herrera","status":"publish","type":"post","link":"http:\/\/www.uartes.edu.ec\/sitio\/encuentroilia\/william-herrera\/","title":{"rendered":"William Herrera"},"content":{"rendered":"\n<p>El Dr. William Herrera R\u00edos es rector de la Universidad de las Artes desde enero de 2021. Previamente, el Dr. Herrera ejerc\u00eda las funciones de Secretario Acad\u00e9mico de la Universidad de las Artes e impart\u00eda las c\u00e1tedras de Gesti\u00f3n y Pol\u00edtica de la Cultura, y Pol\u00edtica y Cultura en Am\u00e9rica Latina del Departamento Transversal de Teor\u00edas Cr\u00edticas y Pr\u00e1cticas Experimentales en Artes.<\/p>\n\n\n\n<p>Tiene una Maestr\u00eda en Relaciones Internacionales y un Doctorado en Ciencias Pol\u00edticas por parte de la Universidad Par\u00eds I Pantheon-Sorbonne, y form\u00f3 parte del Centro Europeo de Investigaci\u00f3n en Sociolog\u00eda y Ciencia Pol\u00edtica (CESSP). Sus l\u00edneas de investigaci\u00f3n son sobre sociolog\u00eda de las instituciones, reforma del Estado y la construcci\u00f3n de la pol\u00edtica p\u00fablica en Ecuador. Tiene publicaciones acad\u00e9micas en espa\u00f1ol, ingl\u00e9s y franc\u00e9s. Su \u00faltima publicaci\u00f3n es \u201cEconom\u00eda naranja a la ecuatoriana: pistas de lectura al Plan Ecuador Creativo\u201d en la Revista Comunicaci\u00f3n, Cultura y Pol\u00edtica (con Pablo Cardoso Ter\u00e1n y Carla Salas Castillo).<\/p>\n","protected":false},"excerpt":{"rendered":"<p>Ecuador<\/p>\n","protected":false},"author":1,"featured_media":4972,"comment_status":"open","ping_status":"open","sticky":false,"template":"","format":"standard","meta":{"_uag_custom_page_level_css":"","_monsterinsights_skip_tracking":false,"_monsterinsights_sitenote_active":false,"_monsterinsights_sitenote_note":"","_monsterinsights_sitenote_category":0,"cybocfi_hide_featured_image":"","footnotes":""},"categories":[44],"tags":[73],"class_list":["post-4971","post","type-post","status-publish","format-standard","has-post-thumbnail","hentry","category-participantes","tag-2025organiza"],"uagb_featured_image_src":{"full":["https:\/\/www.uartes.edu.ec\/sitio\/encuentroilia\/wp-content\/uploads\/sites\/5\/2025\/09\/RECTOR-UARTES-WILLIAM-HERRERA.jpg",1000,1000,false],"thumbnail":["https:\/\/www.uartes.edu.ec\/sitio\/encuentroilia\/wp-content\/uploads\/sites\/5\/2025\/09\/RECTOR-UARTES-WILLIAM-HERRERA-150x150.jpg",150,150,true],"medium":["https:\/\/www.uartes.edu.ec\/sitio\/encuentroilia\/wp-content\/uploads\/sites\/5\/2025\/09\/RECTOR-UARTES-WILLIAM-HERRERA-300x300.jpg",300,300,true],"medium_large":["https:\/\/www.uartes.edu.ec\/sitio\/encuentroilia\/wp-content\/uploads\/sites\/5\/2025\/09\/RECTOR-UARTES-WILLIAM-HERRERA-768x768.jpg",750,750,true],"large":["https:\/\/www.uartes.edu.ec\/sitio\/encuentroilia\/wp-content\/uploads\/sites\/5\/2025\/09\/RECTOR-UARTES-WILLIAM-HERRERA.jpg",750,750,false],"1536x1536":["https:\/\/www.uartes.edu.ec\/sitio\/encuentroilia\/wp-content\/uploads\/sites\/5\/2025\/09\/RECTOR-UARTES-WILLIAM-HERRERA.jpg",1000,1000,false],"2048x2048":["https:\/\/www.uartes.edu.ec\/sitio\/encuentroilia\/wp-content\/uploads\/sites\/5\/2025\/09\/RECTOR-UARTES-WILLIAM-HERRERA.jpg",1000,1000,false],"hestia-blog":["https:\/\/www.uartes.edu.ec\/sitio\/encuentroilia\/wp-content\/uploads\/sites\/5\/2025\/09\/RECTOR-UARTES-WILLIAM-HERRERA-360x240.jpg",360,240,true]},"uagb_author_info":{"display_name":"Universidad de las Artes","author_link":"https:\/\/www.uartes.edu.ec\/sitio\/encuentroilia\/author\/dircomadm\/"},"uagb_comment_info":0,"uagb_excerpt":"Ecuador","distributor_meta":false,"distributor_terms":false,"distributor_media":false,"distributor_original_site_name":"VIII Encuentro Internacional de Investigaci\u00f3n en Artes","distributor_original_site_url":"https:\/\/www.uartes.edu.ec\/sitio\/encuentroilia","push-errors":false,"_links":{"self":[{"href":"https:\/\/www.uartes.edu.ec\/sitio\/encuentroilia\/wp-json\/wp\/v2\/posts\/4971","targetHints":{"allow":["GET"]}}],"collection":[{"href":"https:\/\/www.uartes.edu.ec\/sitio\/encuentroilia\/wp-json\/wp\/v2\/posts"}],"about":[{"href":"https:\/\/www.uartes.edu.ec\/sitio\/encuentroilia\/wp-json\/wp\/v2\/types\/post"}],"author":[{"embeddable":true,"href":"https:\/\/www.uartes.edu.ec\/sitio\/encuentroilia\/wp-json\/wp\/v2\/users\/1"}],"replies":[{"embeddable":true,"href":"https:\/\/www.uartes.edu.ec\/sitio\/encuentroilia\/wp-json\/wp\/v2\/comments?post=4971"}],"version-history":[{"count":2,"href":"https:\/\/www.uartes.edu.ec\/sitio\/encuentroilia\/wp-json\/wp\/v2\/posts\/4971\/revisions"}],"predecessor-version":[{"id":4974,"href":"https:\/\/www.uartes.edu.ec\/sitio\/encuentroilia\/wp-json\/wp\/v2\/posts\/4971\/revisions\/4974"}],"wp:featuredmedia":[{"embeddable":true,"href":"https:\/\/www.uartes.edu.ec\/sitio\/encuentroilia\/wp-json\/wp\/v2\/media\/4972"}],"wp:attachment":[{"href":"https:\/\/www.uartes.edu.ec\/sitio\/encuentroilia\/wp-json\/wp\/v2\/media?parent=4971"}],"wp:term":[{"taxonomy":"category","embeddable":true,"href":"https:\/\/www.uartes.edu.ec\/sitio\/encuentroilia\/wp-json\/wp\/v2\/categories?post=4971"},{"taxonomy":"post_tag","embeddable":true,"href":"https:\/\/www.uartes.edu.ec\/sitio\/encuentroilia\/wp-json\/wp\/v2\/tags?post=4971"}],"curies":[{"name":"wp","href":"https:\/\/api.w.org\/{rel}","templated":true}]}}