{"id":5021,"date":"2025-09-17T16:04:10","date_gmt":"2025-09-17T21:04:10","guid":{"rendered":"https:\/\/www.uartes.edu.ec\/sitio\/encuentroilia\/?p=5021"},"modified":"2025-09-17T16:04:20","modified_gmt":"2025-09-17T21:04:20","slug":"colectivo-interdisciplinar-pop-oro","status":"publish","type":"post","link":"http:\/\/www.uartes.edu.ec\/sitio\/encuentroilia\/colectivo-interdisciplinar-pop-oro\/","title":{"rendered":"Colectivo interdisciplinar Pop-Oro"},"content":{"rendered":"\n<p>El colectivo interdisciplinar Pop-Oro nace del proyecto de investigaci\u00f3n &#8220;Econom\u00eda, arte y tecnolog\u00eda: el oro y la data como instrumentos simb\u00f3licos de poder&#8221;, en el cual nos preguntamos por la relaci\u00f3n entre extractivismo minero, de cuerpos y de datos, con el fin de analizar los procedimientos de acumulaci\u00f3n ligados a la usurpaci\u00f3n de otros, as\u00ed como las t\u00e9cnicas y est\u00e9ticas utilizadas en estas formas de expoliaci\u00f3n y en la configuraci\u00f3n de resistencias a dichos procesos.<\/p>\n","protected":false},"excerpt":{"rendered":"<p>El colectivo interdisciplinar Pop-Oro nace del proyecto de investigaci\u00f3n &#8220;Econom\u00eda, arte y tecnolog\u00eda: el oro y la data como instrumentos simb\u00f3licos de poder&#8221;, en el cual nos preguntamos por la relaci\u00f3n entre extractivismo minero, de cuerpos y de datos, con el fin de analizar los procedimientos de acumulaci\u00f3n ligados a [&hellip;]<\/p>\n","protected":false},"author":1,"featured_media":5015,"comment_status":"open","ping_status":"open","sticky":false,"template":"","format":"standard","meta":{"_uag_custom_page_level_css":"","_monsterinsights_skip_tracking":false,"_monsterinsights_sitenote_active":false,"_monsterinsights_sitenote_note":"","_monsterinsights_sitenote_category":0,"cybocfi_hide_featured_image":"","footnotes":""},"categories":[44],"tags":[71],"class_list":["post-5021","post","type-post","status-publish","format-standard","has-post-thumbnail","hentry","category-participantes","tag-2025nacionales"],"uagb_featured_image_src":{"full":["https:\/\/www.uartes.edu.ec\/sitio\/encuentroilia\/wp-content\/uploads\/sites\/5\/2025\/09\/Colectivo-Pop-Oro.jpg",1000,1000,false],"thumbnail":["https:\/\/www.uartes.edu.ec\/sitio\/encuentroilia\/wp-content\/uploads\/sites\/5\/2025\/09\/Colectivo-Pop-Oro-150x150.jpg",150,150,true],"medium":["https:\/\/www.uartes.edu.ec\/sitio\/encuentroilia\/wp-content\/uploads\/sites\/5\/2025\/09\/Colectivo-Pop-Oro-300x300.jpg",300,300,true],"medium_large":["https:\/\/www.uartes.edu.ec\/sitio\/encuentroilia\/wp-content\/uploads\/sites\/5\/2025\/09\/Colectivo-Pop-Oro-768x768.jpg",750,750,true],"large":["https:\/\/www.uartes.edu.ec\/sitio\/encuentroilia\/wp-content\/uploads\/sites\/5\/2025\/09\/Colectivo-Pop-Oro.jpg",750,750,false],"1536x1536":["https:\/\/www.uartes.edu.ec\/sitio\/encuentroilia\/wp-content\/uploads\/sites\/5\/2025\/09\/Colectivo-Pop-Oro.jpg",1000,1000,false],"2048x2048":["https:\/\/www.uartes.edu.ec\/sitio\/encuentroilia\/wp-content\/uploads\/sites\/5\/2025\/09\/Colectivo-Pop-Oro.jpg",1000,1000,false],"hestia-blog":["https:\/\/www.uartes.edu.ec\/sitio\/encuentroilia\/wp-content\/uploads\/sites\/5\/2025\/09\/Colectivo-Pop-Oro-360x240.jpg",360,240,true]},"uagb_author_info":{"display_name":"Universidad de las Artes","author_link":"https:\/\/www.uartes.edu.ec\/sitio\/encuentroilia\/author\/dircomadm\/"},"uagb_comment_info":0,"uagb_excerpt":"El colectivo interdisciplinar Pop-Oro nace del proyecto de investigaci\u00f3n &#8220;Econom\u00eda, arte y tecnolog\u00eda: el oro y la data como instrumentos simb\u00f3licos de poder&#8221;, en el cual nos preguntamos por la relaci\u00f3n entre extractivismo minero, de cuerpos y de datos, con el fin de analizar los procedimientos de acumulaci\u00f3n ligados a [&hellip;]","distributor_meta":false,"distributor_terms":false,"distributor_media":false,"distributor_original_site_name":"VIII Encuentro Internacional de Investigaci\u00f3n en Artes","distributor_original_site_url":"https:\/\/www.uartes.edu.ec\/sitio\/encuentroilia","push-errors":false,"_links":{"self":[{"href":"https:\/\/www.uartes.edu.ec\/sitio\/encuentroilia\/wp-json\/wp\/v2\/posts\/5021","targetHints":{"allow":["GET"]}}],"collection":[{"href":"https:\/\/www.uartes.edu.ec\/sitio\/encuentroilia\/wp-json\/wp\/v2\/posts"}],"about":[{"href":"https:\/\/www.uartes.edu.ec\/sitio\/encuentroilia\/wp-json\/wp\/v2\/types\/post"}],"author":[{"embeddable":true,"href":"https:\/\/www.uartes.edu.ec\/sitio\/encuentroilia\/wp-json\/wp\/v2\/users\/1"}],"replies":[{"embeddable":true,"href":"https:\/\/www.uartes.edu.ec\/sitio\/encuentroilia\/wp-json\/wp\/v2\/comments?post=5021"}],"version-history":[{"count":1,"href":"https:\/\/www.uartes.edu.ec\/sitio\/encuentroilia\/wp-json\/wp\/v2\/posts\/5021\/revisions"}],"predecessor-version":[{"id":5022,"href":"https:\/\/www.uartes.edu.ec\/sitio\/encuentroilia\/wp-json\/wp\/v2\/posts\/5021\/revisions\/5022"}],"wp:featuredmedia":[{"embeddable":true,"href":"https:\/\/www.uartes.edu.ec\/sitio\/encuentroilia\/wp-json\/wp\/v2\/media\/5015"}],"wp:attachment":[{"href":"https:\/\/www.uartes.edu.ec\/sitio\/encuentroilia\/wp-json\/wp\/v2\/media?parent=5021"}],"wp:term":[{"taxonomy":"category","embeddable":true,"href":"https:\/\/www.uartes.edu.ec\/sitio\/encuentroilia\/wp-json\/wp\/v2\/categories?post=5021"},{"taxonomy":"post_tag","embeddable":true,"href":"https:\/\/www.uartes.edu.ec\/sitio\/encuentroilia\/wp-json\/wp\/v2\/tags?post=5021"}],"curies":[{"name":"wp","href":"https:\/\/api.w.org\/{rel}","templated":true}]}}