{"id":57,"date":"2016-11-17T15:43:26","date_gmt":"2016-11-17T20:43:26","guid":{"rendered":"http:\/\/www.uartes.edu.ec\/investigacion\/?p=57"},"modified":"2024-07-04T09:50:19","modified_gmt":"2024-07-04T14:50:19","slug":"taller-otras-textualidades-practicas-artesanales-tradicion-oral-kichwa-canelos","status":"publish","type":"post","link":"http:\/\/www.uartes.edu.ec\/sitio\/encuentroilia\/taller-otras-textualidades-practicas-artesanales-tradicion-oral-kichwa-canelos\/","title":{"rendered":"Taller \u201cOtras textualidades: pr\u00e1cticas artesanales y tradici\u00f3n oral kichwa en Canelos\u201d"},"content":{"rendered":"\n<p>La tradici\u00f3n cer\u00e1mica amaz\u00f3nica es una de las m\u00e1s antiguas de Am\u00e9rica y constituye en la actualidad una de las manifestaciones m\u00e1s importantes del patrimonio cultural inmaterial de las comunidades ind\u00edgenas kichwas. El papel de la mujer en la preservaci\u00f3n, innovaci\u00f3n y transmisi\u00f3n de los conocimientos alfareros es clave. Ella logra tejer, no s\u00f3lo el barro, sino tambi\u00e9n los diferentes lenguajes que intervienen en la tradici\u00f3n alfarera, que se despliega en la cotidianidad como una matriz compleja de pr\u00e1cticas que van m\u00e1s all\u00e1 del trabajo con el barro y que incluyen expresiones orales y musicales relacionadas con la cosmovisi\u00f3n particular de sus gestoras.<\/p>\n\n\n\n<p>La investigaci\u00f3n se llev\u00f3 a cabo en la zona de Canelos, en la provincia de Pastaza, por parte de dos profesores de la Universidad de las Artes, con la asistencia de cinco estudiantes en pr\u00e1cticas pre-profesionales. Se realiz\u00f3 un registro etnogr\u00e1fico de la tradici\u00f3n artesanal de las mujeres alfareras de Canelos y se busc\u00f3 visibilizar la integralidad de la oralidad, la m\u00fasica y la expresi\u00f3n corporal en los actos creativos y comunicativos. Para ello se trabaj\u00f3 con una metodolog\u00eda participativa, tomando en cuenta las necesidades de las alfareras en relaci\u00f3n con la promoci\u00f3n de sus pr\u00e1cticas como una de sus principales actividades de subsistencia.<\/p>\n\n\n\n<p><strong>\u201cOtras textualidades\u201d, la experiencia desde las pr\u00e1cticas pre-profesionales.<\/strong><\/p>\n\n\n\n<p>&#8220;El trabajo que los estudiantes llevamos a cabo durante esta fase consinti\u00f3 en aprender, intercambiar y documentar conocimientos en torno a la elaboraci\u00f3n de la cer\u00e1mica. Pero la riqueza de la experiencia rebas\u00f3 los l\u00edmites de una simple documentaci\u00f3n etnogr\u00e1fica. El proceso fue un verdadero aprendizaje de convivencia intercultural, en el que estudiantes y tutores tuvimos que asimilar la idea de que el trabajo del investigador no puede limitarse a la mera extracci\u00f3n de informaci\u00f3n. Por esta raz\u00f3n, parte importante del trabajo se situ\u00f3 en el intercambio de experiencias y las relaciones formadas con los miembros de la comunidad.&#8221;<\/p>\n\n\n\n<p>El proyecto \u201cOtras textualidades: pr\u00e1cticas artesanales y tradici\u00f3n oral kichwa\u201d, dirigido por Jorge G\u00f3mez Rend\u00f3n (tutor principal) y Amaranta Pico, se desarroll\u00f3 con la colaboraci\u00f3n de cinco estudiantes de la Universidad de las Artes de las carreras de Cine, Literatura y M\u00fasica. La postulaci\u00f3n para participar en el proyecto como parte de pr\u00e1cticas pre-profesionales se hizo en el marco del Instituto Latinoamericano de Investigaci\u00f3n en Artes (ILIA). Jorge, el tutor principal a cargo, solicit\u00f3 la participaci\u00f3n de estudiantes de distintas carreras. El objetivo era llevar a cabo un trabajo de investigaci\u00f3n transdisciplinaria que vinculara los conocimientos de distintas \u00e1reas art\u00edsticas a lo largo de un eje que ser\u00eda la pr\u00e1ctica alfarera desarrollada por las mujeres de nacionalidad andwa que viven en la comunidad de Canelos en la provincia de Pastaza.<\/p>\n\n\n\n<p>El proyecto se constituy\u00f3 mediante tres fases de acci\u00f3n. La primera de ellas consisti\u00f3 en un conjunto de talleres dictados en las instalaciones universitarias, donde los estudiantes adquirimos conocimientos en torno a la tradici\u00f3n oral, m\u00edtica y artesanal de la cultura amaz\u00f3nica. Adem\u00e1s de esto, una secci\u00f3n de los talleres estuvo especialmente dedicada al aprendizaje te\u00f3rico de conceptos, t\u00e9cnicas y herramientas etnogr\u00e1ficas, cuyo uso se reflejar\u00eda en la siguiente fase.<\/p>\n\n\n\n<p>La segunda etapa, y tal vez la m\u00e1s enriquecedora, fue el trabajo de campo realizado en la comunidad Canelos, algunos de cuyos habitantes se identifican como parte de la nacionalidad andwa y han adoptado el kichwa como como su lengua materna. El equipo de trabajo fue recibido por las mujeres de la familia Dagua, quienes, como parte de su tradici\u00f3n, se dedican a la elaboraci\u00f3n de <em>mukawas<\/em>, <em>tinajas<\/em>, <em>callanas <\/em>y&nbsp; figuras antropomorfas de cer\u00e1mica. Ellas nos guiaron a trav\u00e9s del proceso de la alfarer\u00eda, instruy\u00e9ndonos con sus conocimientos ancestrales.<\/p>\n\n\n\n<p>Estas mujeres se denominan a s\u00ed mismas tejedoras, pues su trabajo consiste en tejer h\u00e1bilmente varillas de barro que dan forma a la cer\u00e1mica. El inter\u00e9s en torno a su pr\u00e1ctica alfarera radica en que dentro de \u00e9l se conjugan toda una gama de saberes relacionados con la cosmovisi\u00f3n de su cultura. &nbsp;Ellas tienen entre sus manos la responsabilidad de preservar y transmitir gran parte de los conocimientos que conforman&nbsp; su imaginario.<\/p>\n\n\n\n<p>El trabajo que los estudiantes llevamos a cabo durante esta fase consinti\u00f3 en aprender, intercambiar y documentar conocimientos en torno a la elaboraci\u00f3n de la cer\u00e1mica. Pero la riqueza de la experiencia rebas\u00f3 los l\u00edmites de una simple documentaci\u00f3n etnogr\u00e1fica. El proceso fue un verdadero aprendizaje de convivencia intercultural, en el que estudiantes y tutores tuvimos que asimilar la idea de que el trabajo del investigador no puede limitarse a la mera extracci\u00f3n de informaci\u00f3n. Por esta raz\u00f3n, parte importante del trabajo se situ\u00f3 en el intercambio de experiencias y las relaciones formadas con los miembros de la comunidad.<\/p>\n\n\n\n<p>La participaci\u00f3n en la elaboraci\u00f3n de la cer\u00e1mica fue un medio \u00f3ptimo para el desarrollo de estas relaciones, pues durante el proceso no solo se teje el barro, sino diferentes lenguajes que abarcan la oralidad, la corporalidad, el dise\u00f1o visual y la m\u00fasica. As\u00ed, las mujeres andwa se erigen como sujetos encargados de la transmisi\u00f3n de conocimientos m\u00edticos, medicinales, rituales, etc\u00e9tera, de generaci\u00f3n en generaci\u00f3n y; en el contexto de un fen\u00f3meno actual, de una cultura a otra.<\/p>\n\n\n\n<p>La tercera y \u00faltima etapa, consisti\u00f3 en la planificaci\u00f3n, dise\u00f1o y elaboraci\u00f3n de varias actividades relacionadas al proyecto. Estas fueron expuestas durante la semana de \u201cInteractos: encuentros p\u00fablicos de arte\u201d, que se llev\u00f3 a cabo en noviembre de 2016 en Guayaquil.&nbsp; Los estudiantes trabajamos en la elaboraci\u00f3n de un mini-documental; un tiraje de folletos informativos respecto a la tradici\u00f3n alfarera estudiada; la transcripci\u00f3n, traducci\u00f3n y edici\u00f3n de textos de la tradici\u00f3n oral kichwa-andwa; y la articulaci\u00f3n de un taller y un conversatorio, para los cuales tuvimos como invitadas a cinco de las mujeres de Canelos y un traductor kichwa, tambi\u00e9n originario de la comunidad.<\/p>\n\n\n\n<p>La participaci\u00f3n en el proyecto \u201cOtras textualidades\u201d signific\u00f3 para nosotros los estudiantes no s\u00f3lo una experiencia acad\u00e9mica formal, sino que devel\u00f3 la importancia y las amplias posibilidades que pueden surgir de trabajos interdisciplinarios desarrollados en las comunidades.<\/p>\n\n\n\n<p>Carla Caravedo<br>Sof\u00eda Bernal<br>Jean Pierre Mieles<br>Angeline Herrera<br>Gonzalo de la Vega<\/p>\n\n\n<p>[pdfviewer width=&#8221;100%&#8221; height=&#8221;1000px&#8221; beta=&#8221;true\/false&#8221;]http:\/\/www.uartes.edu.ec\/investigacion\/wp-content\/uploads\/2016\/11\/TripticoCanelos_final_baja.pdf[\/pdfviewer]<\/p>\n\n\n<p>[pdfviewer width=&#8221;100%&#8221; height=&#8221;1000px&#8221; beta=&#8221;true\/false&#8221;]http:\/\/www.uartes.edu.ec\/investigacion\/wp-content\/uploads\/2017\/03\/Ella-me-hizo-sonar-con-el-barro_JGR_06022017_version_final_revisada.pdf[\/pdfviewer]<\/p>\n","protected":false},"excerpt":{"rendered":"<p>La tradici\u00f3n cer\u00e1mica amaz\u00f3nica es una de las m\u00e1s antiguas de Am\u00e9rica y constituye en la actualidad una de las manifestaciones m\u00e1s importantes del patrimonio cultural inmaterial de las comunidades ind\u00edgenas kichwas. El papel de la mujer en la preservaci\u00f3n, innovaci\u00f3n y transmisi\u00f3n de los conocimientos alfareros es clave. Ella [&hellip;]<\/p>\n","protected":false},"author":1,"featured_media":728,"comment_status":"open","ping_status":"open","sticky":false,"template":"","format":"standard","meta":{"_uag_custom_page_level_css":"","_monsterinsights_skip_tracking":false,"_monsterinsights_sitenote_active":false,"_monsterinsights_sitenote_note":"","_monsterinsights_sitenote_category":0,"cybocfi_hide_featured_image":"","footnotes":""},"categories":[18],"tags":[],"class_list":["post-57","post","type-post","status-publish","format-standard","has-post-thumbnail","hentry","category-ediciones-anteriores"],"uagb_featured_image_src":{"full":["https:\/\/www.uartes.edu.ec\/sitio\/encuentroilia\/wp-content\/uploads\/sites\/5\/2016\/11\/Otras-textualidades-practicas-artesanales-y-tradicion-oral-kichwa-en-Canelos.jpg",1024,576,false],"thumbnail":["https:\/\/www.uartes.edu.ec\/sitio\/encuentroilia\/wp-content\/uploads\/sites\/5\/2016\/11\/Otras-textualidades-practicas-artesanales-y-tradicion-oral-kichwa-en-Canelos-150x150.jpg",150,150,true],"medium":["https:\/\/www.uartes.edu.ec\/sitio\/encuentroilia\/wp-content\/uploads\/sites\/5\/2016\/11\/Otras-textualidades-practicas-artesanales-y-tradicion-oral-kichwa-en-Canelos-300x169.jpg",300,169,true],"medium_large":["https:\/\/www.uartes.edu.ec\/sitio\/encuentroilia\/wp-content\/uploads\/sites\/5\/2016\/11\/Otras-textualidades-practicas-artesanales-y-tradicion-oral-kichwa-en-Canelos-768x432.jpg",750,422,true],"large":["https:\/\/www.uartes.edu.ec\/sitio\/encuentroilia\/wp-content\/uploads\/sites\/5\/2016\/11\/Otras-textualidades-practicas-artesanales-y-tradicion-oral-kichwa-en-Canelos-1024x576.jpg",750,422,true],"1536x1536":["https:\/\/www.uartes.edu.ec\/sitio\/encuentroilia\/wp-content\/uploads\/sites\/5\/2016\/11\/Otras-textualidades-practicas-artesanales-y-tradicion-oral-kichwa-en-Canelos.jpg",1024,576,false],"2048x2048":["https:\/\/www.uartes.edu.ec\/sitio\/encuentroilia\/wp-content\/uploads\/sites\/5\/2016\/11\/Otras-textualidades-practicas-artesanales-y-tradicion-oral-kichwa-en-Canelos.jpg",1024,576,false],"hestia-blog":["https:\/\/www.uartes.edu.ec\/sitio\/encuentroilia\/wp-content\/uploads\/sites\/5\/2016\/11\/Otras-textualidades-practicas-artesanales-y-tradicion-oral-kichwa-en-Canelos-360x240.jpg",360,240,true]},"uagb_author_info":{"display_name":"Universidad de las Artes","author_link":"https:\/\/www.uartes.edu.ec\/sitio\/encuentroilia\/author\/dircomadm\/"},"uagb_comment_info":0,"uagb_excerpt":"La tradici\u00f3n cer\u00e1mica amaz\u00f3nica es una de las m\u00e1s antiguas de Am\u00e9rica y constituye en la actualidad una de las manifestaciones m\u00e1s importantes del patrimonio cultural inmaterial de las comunidades ind\u00edgenas kichwas. El papel de la mujer en la preservaci\u00f3n, innovaci\u00f3n y transmisi\u00f3n de los conocimientos alfareros es clave. Ella [&hellip;]","distributor_meta":false,"distributor_terms":false,"distributor_media":false,"distributor_original_site_name":"VIII Encuentro Internacional de Investigaci\u00f3n en Artes","distributor_original_site_url":"https:\/\/www.uartes.edu.ec\/sitio\/encuentroilia","push-errors":false,"_links":{"self":[{"href":"https:\/\/www.uartes.edu.ec\/sitio\/encuentroilia\/wp-json\/wp\/v2\/posts\/57","targetHints":{"allow":["GET"]}}],"collection":[{"href":"https:\/\/www.uartes.edu.ec\/sitio\/encuentroilia\/wp-json\/wp\/v2\/posts"}],"about":[{"href":"https:\/\/www.uartes.edu.ec\/sitio\/encuentroilia\/wp-json\/wp\/v2\/types\/post"}],"author":[{"embeddable":true,"href":"https:\/\/www.uartes.edu.ec\/sitio\/encuentroilia\/wp-json\/wp\/v2\/users\/1"}],"replies":[{"embeddable":true,"href":"https:\/\/www.uartes.edu.ec\/sitio\/encuentroilia\/wp-json\/wp\/v2\/comments?post=57"}],"version-history":[{"count":2,"href":"https:\/\/www.uartes.edu.ec\/sitio\/encuentroilia\/wp-json\/wp\/v2\/posts\/57\/revisions"}],"predecessor-version":[{"id":737,"href":"https:\/\/www.uartes.edu.ec\/sitio\/encuentroilia\/wp-json\/wp\/v2\/posts\/57\/revisions\/737"}],"wp:featuredmedia":[{"embeddable":true,"href":"https:\/\/www.uartes.edu.ec\/sitio\/encuentroilia\/wp-json\/wp\/v2\/media\/728"}],"wp:attachment":[{"href":"https:\/\/www.uartes.edu.ec\/sitio\/encuentroilia\/wp-json\/wp\/v2\/media?parent=57"}],"wp:term":[{"taxonomy":"category","embeddable":true,"href":"https:\/\/www.uartes.edu.ec\/sitio\/encuentroilia\/wp-json\/wp\/v2\/categories?post=57"},{"taxonomy":"post_tag","embeddable":true,"href":"https:\/\/www.uartes.edu.ec\/sitio\/encuentroilia\/wp-json\/wp\/v2\/tags?post=57"}],"curies":[{"name":"wp","href":"https:\/\/api.w.org\/{rel}","templated":true}]}}