{"id":59,"date":"2016-11-17T15:43:57","date_gmt":"2016-11-17T20:43:57","guid":{"rendered":"http:\/\/www.uartes.edu.ec\/investigacion\/?p=59"},"modified":"2024-07-04T09:50:19","modified_gmt":"2024-07-04T14:50:19","slug":"mesa-la-tradicion-la-creacion-explorando-narrativas-orales-audiovisuales-los-tsachilas","status":"publish","type":"post","link":"http:\/\/www.uartes.edu.ec\/sitio\/encuentroilia\/mesa-la-tradicion-la-creacion-explorando-narrativas-orales-audiovisuales-los-tsachilas\/","title":{"rendered":"Mesa \u201cDe la tradici\u00f3n a la creaci\u00f3n: explorando narrativas orales y audiovisuales con los Ts\u00e1chilas\u201d"},"content":{"rendered":"\n<p>En la comuna El Poste, ubicada en la provincia de Santo Domingo, se realiz\u00f3 uno de los primeros proyectos experimentales del Instituto Latinoamericano de Investigaci\u00f3n en Artes de la Universidad de las Artes del Ecuador, al explorar una metodolog\u00eda participativa de trabajo comunitario que permiti\u00f3 la auto-representaci\u00f3n narrativa desde lo oral y lo audiovisual, como una forma de fortalecimiento del patrimonio cultural y fomento de la creatividad en la propia lengua y en los c\u00f3digos culturales nativos para explorar otras maneras de aprender y compartir conocimientos, desde el origen de la imagen hasta la pr\u00e1ctica audiovisual, mediante la construcci\u00f3n, interpretaci\u00f3n, memoria, lenguaje y reflexiones simb\u00f3licas que permitieron crear un proceso narrativo \u00edntimo con una potente din\u00e1mica acad\u00e9mica y social para la comunidad y la universidad.<\/p>\n","protected":false},"excerpt":{"rendered":"<p>En la comuna El Poste, ubicada en la provincia de Santo Domingo, se realiz\u00f3 uno de los primeros proyectos experimentales del Instituto Latinoamericano de Investigaci\u00f3n en Artes de la Universidad de las Artes del Ecuador, al explorar una metodolog\u00eda participativa de trabajo comunitario que permiti\u00f3 la auto-representaci\u00f3n narrativa desde lo [&hellip;]<\/p>\n","protected":false},"author":1,"featured_media":730,"comment_status":"open","ping_status":"open","sticky":false,"template":"","format":"standard","meta":{"_uag_custom_page_level_css":"","_monsterinsights_skip_tracking":false,"_monsterinsights_sitenote_active":false,"_monsterinsights_sitenote_note":"","_monsterinsights_sitenote_category":0,"cybocfi_hide_featured_image":"","footnotes":""},"categories":[18],"tags":[],"class_list":["post-59","post","type-post","status-publish","format-standard","has-post-thumbnail","hentry","category-ediciones-anteriores"],"uagb_featured_image_src":{"full":["https:\/\/www.uartes.edu.ec\/sitio\/encuentroilia\/wp-content\/uploads\/sites\/5\/2016\/11\/De-la-tradicion-a-la-creacion-explorando-narrativas-orales-y-audiovisuales-con-los-Tsachilas-2.jpg",1213,681,false],"thumbnail":["https:\/\/www.uartes.edu.ec\/sitio\/encuentroilia\/wp-content\/uploads\/sites\/5\/2016\/11\/De-la-tradicion-a-la-creacion-explorando-narrativas-orales-y-audiovisuales-con-los-Tsachilas-2-150x150.jpg",150,150,true],"medium":["https:\/\/www.uartes.edu.ec\/sitio\/encuentroilia\/wp-content\/uploads\/sites\/5\/2016\/11\/De-la-tradicion-a-la-creacion-explorando-narrativas-orales-y-audiovisuales-con-los-Tsachilas-2-300x168.jpg",300,168,true],"medium_large":["https:\/\/www.uartes.edu.ec\/sitio\/encuentroilia\/wp-content\/uploads\/sites\/5\/2016\/11\/De-la-tradicion-a-la-creacion-explorando-narrativas-orales-y-audiovisuales-con-los-Tsachilas-2-768x431.jpg",750,421,true],"large":["https:\/\/www.uartes.edu.ec\/sitio\/encuentroilia\/wp-content\/uploads\/sites\/5\/2016\/11\/De-la-tradicion-a-la-creacion-explorando-narrativas-orales-y-audiovisuales-con-los-Tsachilas-2-1024x575.jpg",750,421,true],"1536x1536":["https:\/\/www.uartes.edu.ec\/sitio\/encuentroilia\/wp-content\/uploads\/sites\/5\/2016\/11\/De-la-tradicion-a-la-creacion-explorando-narrativas-orales-y-audiovisuales-con-los-Tsachilas-2.jpg",1213,681,false],"2048x2048":["https:\/\/www.uartes.edu.ec\/sitio\/encuentroilia\/wp-content\/uploads\/sites\/5\/2016\/11\/De-la-tradicion-a-la-creacion-explorando-narrativas-orales-y-audiovisuales-con-los-Tsachilas-2.jpg",1213,681,false],"hestia-blog":["https:\/\/www.uartes.edu.ec\/sitio\/encuentroilia\/wp-content\/uploads\/sites\/5\/2016\/11\/De-la-tradicion-a-la-creacion-explorando-narrativas-orales-y-audiovisuales-con-los-Tsachilas-2-360x240.jpg",360,240,true]},"uagb_author_info":{"display_name":"Universidad de las Artes","author_link":"https:\/\/www.uartes.edu.ec\/sitio\/encuentroilia\/author\/dircomadm\/"},"uagb_comment_info":0,"uagb_excerpt":"En la comuna El Poste, ubicada en la provincia de Santo Domingo, se realiz\u00f3 uno de los primeros proyectos experimentales del Instituto Latinoamericano de Investigaci\u00f3n en Artes de la Universidad de las Artes del Ecuador, al explorar una metodolog\u00eda participativa de trabajo comunitario que permiti\u00f3 la auto-representaci\u00f3n narrativa desde lo [&hellip;]","distributor_meta":false,"distributor_terms":false,"distributor_media":false,"distributor_original_site_name":"VIII Encuentro Internacional de Investigaci\u00f3n en Artes","distributor_original_site_url":"https:\/\/www.uartes.edu.ec\/sitio\/encuentroilia","push-errors":false,"_links":{"self":[{"href":"https:\/\/www.uartes.edu.ec\/sitio\/encuentroilia\/wp-json\/wp\/v2\/posts\/59","targetHints":{"allow":["GET"]}}],"collection":[{"href":"https:\/\/www.uartes.edu.ec\/sitio\/encuentroilia\/wp-json\/wp\/v2\/posts"}],"about":[{"href":"https:\/\/www.uartes.edu.ec\/sitio\/encuentroilia\/wp-json\/wp\/v2\/types\/post"}],"author":[{"embeddable":true,"href":"https:\/\/www.uartes.edu.ec\/sitio\/encuentroilia\/wp-json\/wp\/v2\/users\/1"}],"replies":[{"embeddable":true,"href":"https:\/\/www.uartes.edu.ec\/sitio\/encuentroilia\/wp-json\/wp\/v2\/comments?post=59"}],"version-history":[{"count":2,"href":"https:\/\/www.uartes.edu.ec\/sitio\/encuentroilia\/wp-json\/wp\/v2\/posts\/59\/revisions"}],"predecessor-version":[{"id":736,"href":"https:\/\/www.uartes.edu.ec\/sitio\/encuentroilia\/wp-json\/wp\/v2\/posts\/59\/revisions\/736"}],"wp:featuredmedia":[{"embeddable":true,"href":"https:\/\/www.uartes.edu.ec\/sitio\/encuentroilia\/wp-json\/wp\/v2\/media\/730"}],"wp:attachment":[{"href":"https:\/\/www.uartes.edu.ec\/sitio\/encuentroilia\/wp-json\/wp\/v2\/media?parent=59"}],"wp:term":[{"taxonomy":"category","embeddable":true,"href":"https:\/\/www.uartes.edu.ec\/sitio\/encuentroilia\/wp-json\/wp\/v2\/categories?post=59"},{"taxonomy":"post_tag","embeddable":true,"href":"https:\/\/www.uartes.edu.ec\/sitio\/encuentroilia\/wp-json\/wp\/v2\/tags?post=59"}],"curies":[{"name":"wp","href":"https:\/\/api.w.org\/{rel}","templated":true}]}}