{"id":61,"date":"2016-11-17T15:44:50","date_gmt":"2016-11-17T20:44:50","guid":{"rendered":"http:\/\/www.uartes.edu.ec\/investigacion\/?p=61"},"modified":"2024-07-04T09:50:19","modified_gmt":"2024-07-04T14:50:19","slug":"mesa-papel-la-cultura-las-artes-epoca-crisis-transformaciones-america-latina","status":"publish","type":"post","link":"http:\/\/www.uartes.edu.ec\/sitio\/encuentroilia\/mesa-papel-la-cultura-las-artes-epoca-crisis-transformaciones-america-latina\/","title":{"rendered":"Mesa &#8220;El papel de la cultura y las artes en \u00e9poca de crisis y transformaciones en Am\u00e9rica Latina&#8221;"},"content":{"rendered":"\n<p>\u00bfQu\u00e9 lugar cabe a la cultura y las artes en los contextos de cambios socio-pol\u00edtico latinoamericano? fue la pregunta clave de reflexi\u00f3n cr\u00edtica de la actividad, analizando el contexto actual del v\u00ednculo complejo entre las artes, la cultura y las sociedades en Latinoam\u00e9rica para activar un debate sobre la significaci\u00f3n social y pol\u00edtica sobre la cultura y las artes en el marco de procesos hist\u00f3ricos contempor\u00e1neos y cr\u00edticos.<\/p>\n\n\n\n<p>[:en]What is the role of culture and the arts in the Latin American socio-political context of change? This was the key question of critical reflection on the activity, analyzing the current context of the complex link between arts, culture and societies in Latin America to trigger a debate about social and political significance on culture and the arts in the framework of contemporary historical and critical processes.[:fr]Quelle place doivent occuper la culture et les arts dans le contexte des changements socio-politiques d&#8217;Am\u00e9rique latine ? C\u2019\u00e9tait la question cl\u00e9 de r\u00e9flexion critique de l&#8217;activit\u00e9, en analysant le contexte actuel du lien complexe parmi les arts, la culture et les soci\u00e9t\u00e9s en Am\u00e9rique latine pour d\u00e9clencher un d\u00e9bat sur la signification sociale et politique de la culture et des arts dans le contexte des processus historiques contemporains et critiques.<\/p>\n","protected":false},"excerpt":{"rendered":"<p>\u00bfQu\u00e9 lugar cabe a la cultura y las artes en los contextos de cambios socio-pol\u00edtico latinoamericano? fue la pregunta clave de reflexi\u00f3n cr\u00edtica de la actividad, analizando el contexto actual del v\u00ednculo complejo entre las artes, la cultura y las sociedades en Latinoam\u00e9rica para activar un debate sobre la significaci\u00f3n [&hellip;]<\/p>\n","protected":false},"author":1,"featured_media":732,"comment_status":"open","ping_status":"open","sticky":false,"template":"","format":"standard","meta":{"_uag_custom_page_level_css":"","_monsterinsights_skip_tracking":false,"_monsterinsights_sitenote_active":false,"_monsterinsights_sitenote_note":"","_monsterinsights_sitenote_category":0,"cybocfi_hide_featured_image":"","footnotes":""},"categories":[18],"tags":[],"class_list":["post-61","post","type-post","status-publish","format-standard","has-post-thumbnail","hentry","category-ediciones-anteriores"],"uagb_featured_image_src":{"full":["https:\/\/www.uartes.edu.ec\/sitio\/encuentroilia\/wp-content\/uploads\/sites\/5\/2016\/11\/El-papel-de-la-cultura-y-las-artes-en-epoca-de-crisis-y-transformaciones-en-America-Latina.jpg",1024,681,false],"thumbnail":["https:\/\/www.uartes.edu.ec\/sitio\/encuentroilia\/wp-content\/uploads\/sites\/5\/2016\/11\/El-papel-de-la-cultura-y-las-artes-en-epoca-de-crisis-y-transformaciones-en-America-Latina-150x150.jpg",150,150,true],"medium":["https:\/\/www.uartes.edu.ec\/sitio\/encuentroilia\/wp-content\/uploads\/sites\/5\/2016\/11\/El-papel-de-la-cultura-y-las-artes-en-epoca-de-crisis-y-transformaciones-en-America-Latina-300x200.jpg",300,200,true],"medium_large":["https:\/\/www.uartes.edu.ec\/sitio\/encuentroilia\/wp-content\/uploads\/sites\/5\/2016\/11\/El-papel-de-la-cultura-y-las-artes-en-epoca-de-crisis-y-transformaciones-en-America-Latina-768x511.jpg",750,499,true],"large":["https:\/\/www.uartes.edu.ec\/sitio\/encuentroilia\/wp-content\/uploads\/sites\/5\/2016\/11\/El-papel-de-la-cultura-y-las-artes-en-epoca-de-crisis-y-transformaciones-en-America-Latina-1024x681.jpg",750,499,true],"1536x1536":["https:\/\/www.uartes.edu.ec\/sitio\/encuentroilia\/wp-content\/uploads\/sites\/5\/2016\/11\/El-papel-de-la-cultura-y-las-artes-en-epoca-de-crisis-y-transformaciones-en-America-Latina.jpg",1024,681,false],"2048x2048":["https:\/\/www.uartes.edu.ec\/sitio\/encuentroilia\/wp-content\/uploads\/sites\/5\/2016\/11\/El-papel-de-la-cultura-y-las-artes-en-epoca-de-crisis-y-transformaciones-en-America-Latina.jpg",1024,681,false],"hestia-blog":["https:\/\/www.uartes.edu.ec\/sitio\/encuentroilia\/wp-content\/uploads\/sites\/5\/2016\/11\/El-papel-de-la-cultura-y-las-artes-en-epoca-de-crisis-y-transformaciones-en-America-Latina-360x240.jpg",360,240,true]},"uagb_author_info":{"display_name":"Universidad de las Artes","author_link":"https:\/\/www.uartes.edu.ec\/sitio\/encuentroilia\/author\/dircomadm\/"},"uagb_comment_info":0,"uagb_excerpt":"\u00bfQu\u00e9 lugar cabe a la cultura y las artes en los contextos de cambios socio-pol\u00edtico latinoamericano? fue la pregunta clave de reflexi\u00f3n cr\u00edtica de la actividad, analizando el contexto actual del v\u00ednculo complejo entre las artes, la cultura y las sociedades en Latinoam\u00e9rica para activar un debate sobre la significaci\u00f3n [&hellip;]","distributor_meta":false,"distributor_terms":false,"distributor_media":false,"distributor_original_site_name":"VIII Encuentro Internacional de Investigaci\u00f3n en Artes","distributor_original_site_url":"https:\/\/www.uartes.edu.ec\/sitio\/encuentroilia","push-errors":false,"_links":{"self":[{"href":"https:\/\/www.uartes.edu.ec\/sitio\/encuentroilia\/wp-json\/wp\/v2\/posts\/61","targetHints":{"allow":["GET"]}}],"collection":[{"href":"https:\/\/www.uartes.edu.ec\/sitio\/encuentroilia\/wp-json\/wp\/v2\/posts"}],"about":[{"href":"https:\/\/www.uartes.edu.ec\/sitio\/encuentroilia\/wp-json\/wp\/v2\/types\/post"}],"author":[{"embeddable":true,"href":"https:\/\/www.uartes.edu.ec\/sitio\/encuentroilia\/wp-json\/wp\/v2\/users\/1"}],"replies":[{"embeddable":true,"href":"https:\/\/www.uartes.edu.ec\/sitio\/encuentroilia\/wp-json\/wp\/v2\/comments?post=61"}],"version-history":[{"count":1,"href":"https:\/\/www.uartes.edu.ec\/sitio\/encuentroilia\/wp-json\/wp\/v2\/posts\/61\/revisions"}],"predecessor-version":[{"id":733,"href":"https:\/\/www.uartes.edu.ec\/sitio\/encuentroilia\/wp-json\/wp\/v2\/posts\/61\/revisions\/733"}],"wp:featuredmedia":[{"embeddable":true,"href":"https:\/\/www.uartes.edu.ec\/sitio\/encuentroilia\/wp-json\/wp\/v2\/media\/732"}],"wp:attachment":[{"href":"https:\/\/www.uartes.edu.ec\/sitio\/encuentroilia\/wp-json\/wp\/v2\/media?parent=61"}],"wp:term":[{"taxonomy":"category","embeddable":true,"href":"https:\/\/www.uartes.edu.ec\/sitio\/encuentroilia\/wp-json\/wp\/v2\/categories?post=61"},{"taxonomy":"post_tag","embeddable":true,"href":"https:\/\/www.uartes.edu.ec\/sitio\/encuentroilia\/wp-json\/wp\/v2\/tags?post=61"}],"curies":[{"name":"wp","href":"https:\/\/api.w.org\/{rel}","templated":true}]}}