{"id":689,"date":"2018-07-02T20:06:05","date_gmt":"2018-07-02T20:06:05","guid":{"rendered":"http:\/\/www.uartes.edu.ec\/sitio\/encuentroilia\/?p=689"},"modified":"2024-07-04T09:50:17","modified_gmt":"2024-07-04T14:50:17","slug":"1100-personas-asistieron-a-encuentro-internacional-sobre-investigacion-en-artes-en-guayaquil","status":"publish","type":"post","link":"http:\/\/www.uartes.edu.ec\/sitio\/encuentroilia\/1100-personas-asistieron-a-encuentro-internacional-sobre-investigacion-en-artes-en-guayaquil\/","title":{"rendered":"1100 personas asistieron a encuentro internacional sobre investigaci\u00f3n en artes en Guayaquil"},"content":{"rendered":"<p>1100 personas se dieron cita en Guayaquil para participar en el III Encuentro Internacional de Investigaci\u00f3n en Artes, concebido como un espacio de di\u00e1logo y puesta en acci\u00f3n de las diferentes formas de investigaci\u00f3n en artes, desde el pensamiento cr\u00edtico y el quehacer art\u00edstico. Las jornadas del Encuentro tuvieron como ejes tem\u00e1ticos a las artes y las ciencias; la memoria y el archivo; y los nuevos devenires tecnol\u00f3gicos en artes.<\/p>\n<p>El Auditorio del MAAC se llen\u00f3 de artistas, investigadores, estudiantes, docentes, y ciudadan\u00eda en general entusiastas por escuchar a Ketty Wong con su conferencia sobre Luis Humberto Salgado; a Juli\u00e1n David Correa, Francois Laso, Trinidad P\u00e9rez y Luc\u00eda Dur\u00e1n disertar sobre arte, memoria y sociedad; a Jorge Aguilar Mora proponer l\u00edneas de reflexi\u00f3n filos\u00f3ficas sobre la naturaleza humana y sobre la idea de belleza; a Juan Mart\u00edn Prada hablar sobre la imagen y mirada en la \u00e9poca de las redes sociales, entre otras importantes discusiones en torno al quehacer y reflexi\u00f3n art\u00edstica.<\/p>\n<p>A ritmo de <em>Dale duro<\/em> y su marimba, el colombiano H\u00e9ctor Tasc\u00f3n hizo cantar al p\u00fablico que asisti\u00f3 a su conferencia-concierto \u2018De la dualidad onda part\u00edcula a la creaci\u00f3n interdisciplinar en m\u00fasicas tradicionales de marimba de chonta\u2019. Entre actividades, los participantes disfrutaron de una taza de caf\u00e9, un bocado y de la mesa de ping pong ac\u00fastica, un proyecto interactivo y l\u00fadico que propone transformar esta actividad en una experiencia sonora y musical colectiva.<\/p>\n<p>En el Encuentro se expusieron, de manera cr\u00edtica y creativa, proyectos, ideas, experiencias, conceptos que consolidaron a la producci\u00f3n y la pr\u00e1ctica art\u00edstica como investigaci\u00f3n y a las artes como productoras de nuevos saberes, esto a prop\u00f3sito de las recientes reformas a la LOES que, en su Art\u00edculo 7, reconocen a la cultura y las artes como constructoras de conocimientos y de nuevas memorias.<\/p>\n<p>En este contexto, el Instituto Latinoamericano de Investigaci\u00f3n en Artes (ILIA), organizador de las jornadas, sum\u00f3 nuevos integrantes a la Red de Investigaci\u00f3n en Artes \u2013 RED ILIA. En el Encuentro firmaron su membres\u00eda de adscripci\u00f3n la Universidad de los Andes y la Escuela Superior Tecnol\u00f3gica de Artes D\u00e9bora Arango de Colombia, el Centro de Estudios en Artes de la Universidad Veracruzana de M\u00e9xico, el Centro de Producci\u00f3n e Investigaci\u00f3n en Artes de Argentina y el Instituto de Investigaciones para el Desarrollo del Arte de Venezuela.<\/p>\n<p>En el 2019, la UArtes organizar\u00e1 la IV edici\u00f3n del Encuentro Internacional de Investigaci\u00f3n en Artes.<\/p>\n<p><strong>La Universidad de las Artes extiende un profundo a agradecimiento a:<\/strong><\/p>\n<p>Rosa Luisa M\u00e1rquez (Artista, Puerto Rico), M\u00f3nica Lacarrieu (U. de Buenos Aires), Ketty Wong (U. de Kansas, EUA), Jorge Aguilar Mora (U. de Maryland, EUA), Juan Mart\u00edn Prada (U. de C\u00e1diz, Espa\u00f1a), Tom\u00e1s Camino Beck (U. de Costa Rica), Patricia Fumero (Instituto de Investigaciones en Arte \u2013 Costa Rica), H\u00e9ctor Tasc\u00f3n (Conservatorio Antonio Mar\u00eda Valencia de Bellas Artes, Colombia), Ahtziri Molina (Centro De Estudios En Artes \u2013 U. Veracruzana), Magali Vaca (Centro de Producci\u00f3n e Investigaci\u00f3n en Artes), Ruth Ver\u00f3nica Muriel (Escuela Superior Tecnol\u00f3gica de Artes D\u00e9bora Arango, Colombia), Mariana Garrido (Universidad de los Andes), Leonardo Reyes (Universidad Yachay Tech, Ecuador) Patricia Pauta (UNAE, Ecuador), de UArtes Ecuador, Fernando Mieles, Luc\u00eda Dur\u00e1n, Ar\u00edstides Vargas, Marco Alvarado, Lorena Delgado, Santiago Rold\u00f3s, Solange Rodr\u00edguez, Ra\u00fal Vallejo, Andrey Astaiza, Mar\u00eda Paulina Soto, Ramiro Noriega, Norberto Bayo, Janina Su\u00e1rez, entre otros.<\/p>\n<p>A los medios de comunicaci\u00f3n, Diario El Tel\u00e9grafo, Cart\u00f3n Piedra, Diario Expreso, El Ciudadano, Ecuador En vivo, Ecuador Universitario, Teleradio, Publica FM y al programa Palabra Suelta, Radio San Francisco, Ecuador TV y TC Televisi\u00f3n, por la cobertura del Encuentro.<\/p>\n<p>Gracias tambi\u00e9n a los estudiantes, artistas, gestores culturales, ciudadan\u00eda que se dio cita en este Encuentro que busca reivindicar a los artistas y su pr\u00e1ctica, necesarias para la transformaci\u00f3n social del pa\u00eds.<\/p>\n","protected":false},"excerpt":{"rendered":"<p>1100 personas se dieron cita en Guayaquil para participar en el III Encuentro Internacional de Investigaci\u00f3n en Artes, concebido como un espacio de di\u00e1logo y puesta en acci\u00f3n de las diferentes formas de investigaci\u00f3n en artes, desde el pensamiento cr\u00edtico y el quehacer art\u00edstico. Las jornadas del Encuentro tuvieron como [&hellip;]<\/p>\n","protected":false},"author":1,"featured_media":690,"comment_status":"closed","ping_status":"closed","sticky":false,"template":"","format":"standard","meta":{"_uag_custom_page_level_css":"","_monsterinsights_skip_tracking":false,"_monsterinsights_sitenote_active":false,"_monsterinsights_sitenote_note":"","_monsterinsights_sitenote_category":0,"cybocfi_hide_featured_image":"","footnotes":""},"categories":[18],"tags":[],"class_list":["post-689","post","type-post","status-publish","format-standard","has-post-thumbnail","hentry","category-ediciones-anteriores"],"uagb_featured_image_src":{"full":["https:\/\/www.uartes.edu.ec\/sitio\/encuentroilia\/wp-content\/uploads\/sites\/5\/2018\/07\/wrqwwtwetetewt.jpg",1132,510,false],"thumbnail":["https:\/\/www.uartes.edu.ec\/sitio\/encuentroilia\/wp-content\/uploads\/sites\/5\/2018\/07\/wrqwwtwetetewt-150x150.jpg",150,150,true],"medium":["https:\/\/www.uartes.edu.ec\/sitio\/encuentroilia\/wp-content\/uploads\/sites\/5\/2018\/07\/wrqwwtwetetewt-300x135.jpg",300,135,true],"medium_large":["https:\/\/www.uartes.edu.ec\/sitio\/encuentroilia\/wp-content\/uploads\/sites\/5\/2018\/07\/wrqwwtwetetewt-768x346.jpg",750,338,true],"large":["https:\/\/www.uartes.edu.ec\/sitio\/encuentroilia\/wp-content\/uploads\/sites\/5\/2018\/07\/wrqwwtwetetewt-1024x461.jpg",750,338,true],"1536x1536":["https:\/\/www.uartes.edu.ec\/sitio\/encuentroilia\/wp-content\/uploads\/sites\/5\/2018\/07\/wrqwwtwetetewt.jpg",1132,510,false],"2048x2048":["https:\/\/www.uartes.edu.ec\/sitio\/encuentroilia\/wp-content\/uploads\/sites\/5\/2018\/07\/wrqwwtwetetewt.jpg",1132,510,false],"hestia-blog":["https:\/\/www.uartes.edu.ec\/sitio\/encuentroilia\/wp-content\/uploads\/sites\/5\/2018\/07\/wrqwwtwetetewt-360x240.jpg",360,240,true]},"uagb_author_info":{"display_name":"Universidad de las Artes","author_link":"https:\/\/www.uartes.edu.ec\/sitio\/encuentroilia\/author\/dircomadm\/"},"uagb_comment_info":0,"uagb_excerpt":"1100 personas se dieron cita en Guayaquil para participar en el III Encuentro Internacional de Investigaci\u00f3n en Artes, concebido como un espacio de di\u00e1logo y puesta en acci\u00f3n de las diferentes formas de investigaci\u00f3n en artes, desde el pensamiento cr\u00edtico y el quehacer art\u00edstico. Las jornadas del Encuentro tuvieron como [&hellip;]","distributor_meta":false,"distributor_terms":false,"distributor_media":false,"distributor_original_site_name":"VIII Encuentro Internacional de Investigaci\u00f3n en Artes","distributor_original_site_url":"https:\/\/www.uartes.edu.ec\/sitio\/encuentroilia","push-errors":false,"_links":{"self":[{"href":"https:\/\/www.uartes.edu.ec\/sitio\/encuentroilia\/wp-json\/wp\/v2\/posts\/689","targetHints":{"allow":["GET"]}}],"collection":[{"href":"https:\/\/www.uartes.edu.ec\/sitio\/encuentroilia\/wp-json\/wp\/v2\/posts"}],"about":[{"href":"https:\/\/www.uartes.edu.ec\/sitio\/encuentroilia\/wp-json\/wp\/v2\/types\/post"}],"author":[{"embeddable":true,"href":"https:\/\/www.uartes.edu.ec\/sitio\/encuentroilia\/wp-json\/wp\/v2\/users\/1"}],"replies":[{"embeddable":true,"href":"https:\/\/www.uartes.edu.ec\/sitio\/encuentroilia\/wp-json\/wp\/v2\/comments?post=689"}],"version-history":[{"count":1,"href":"https:\/\/www.uartes.edu.ec\/sitio\/encuentroilia\/wp-json\/wp\/v2\/posts\/689\/revisions"}],"predecessor-version":[{"id":691,"href":"https:\/\/www.uartes.edu.ec\/sitio\/encuentroilia\/wp-json\/wp\/v2\/posts\/689\/revisions\/691"}],"wp:featuredmedia":[{"embeddable":true,"href":"https:\/\/www.uartes.edu.ec\/sitio\/encuentroilia\/wp-json\/wp\/v2\/media\/690"}],"wp:attachment":[{"href":"https:\/\/www.uartes.edu.ec\/sitio\/encuentroilia\/wp-json\/wp\/v2\/media?parent=689"}],"wp:term":[{"taxonomy":"category","embeddable":true,"href":"https:\/\/www.uartes.edu.ec\/sitio\/encuentroilia\/wp-json\/wp\/v2\/categories?post=689"},{"taxonomy":"post_tag","embeddable":true,"href":"https:\/\/www.uartes.edu.ec\/sitio\/encuentroilia\/wp-json\/wp\/v2\/tags?post=689"}],"curies":[{"name":"wp","href":"https:\/\/api.w.org\/{rel}","templated":true}]}}