{"id":714,"date":"2016-11-15T15:41:10","date_gmt":"2016-11-15T20:41:10","guid":{"rendered":"http:\/\/www.uartes.edu.ec\/investigacion\/?p=51"},"modified":"2024-07-04T09:50:19","modified_gmt":"2024-07-04T14:50:19","slug":"conferencia-magistral-cultura-transformacion-social-las-democracias-del-siglo-xxi","status":"publish","type":"post","link":"http:\/\/www.uartes.edu.ec\/sitio\/encuentroilia\/conferencia-magistral-cultura-transformacion-social-las-democracias-del-siglo-xxi\/","title":{"rendered":"Conferencia Magistral \u201cCultura y transformaci\u00f3n social en las democracias del siglo XXI\u201d"},"content":{"rendered":"\n<p>La conferencia magistral de Juca Ferreira, ex Ministro de Cultura de Brasil durante el gobierno de Dilma Rouseff (desde 2015 hasta 2016, cuando Dilma es destitu\u00edda), fue una actividad vinculada a la creaci\u00f3n e inauguraci\u00f3n del Instituto Latinoamericano de Investigaci\u00f3n en Artes.<\/p>\n\n\n\n<p>Recibir a Juca Ferreira y escuchar sus valiosas palabras sobre el papel de la cultura en el contexto de grandes crisis y transformaciones en la pol\u00edtica y las sociedades de Latinoam\u00e9rica, por un lado, porque Ferreira fue el \u00faltimo ministro de cultura del gobierno en manos del Partido de los Trabajadores y continuidad de un proceso de grandes cambios en el campo de la cultura y lo cultural, iniciado por Gilberto Gil con el gobierno de Lula. Por el otro, porque Juca Ferreira fue el ministro en funciones que sufri\u00f3, no solo la destituci\u00f3n, sino tambi\u00e9n la eliminaci\u00f3n del ministerio a la llegada del nuevo gobierno (eliminaci\u00f3n que fue rechazada a trav\u00e9s de la recuperaci\u00f3n del ministerio un tiempo despu\u00e9s).<\/p>\n","protected":false},"excerpt":{"rendered":"<p>La conferencia magistral de Juca Ferreira, ex Ministro de Cultura de Brasil durante el gobierno de Dilma Rouseff (desde 2015 hasta 2016, cuando Dilma es destitu\u00edda), fue una actividad vinculada a la creaci\u00f3n e inauguraci\u00f3n del Instituto Latinoamericano de Investigaci\u00f3n en Artes. Recibir a Juca Ferreira y escuchar sus valiosas [&hellip;]<\/p>\n","protected":false},"author":1,"featured_media":718,"comment_status":"open","ping_status":"open","sticky":false,"template":"","format":"standard","meta":{"_uag_custom_page_level_css":"","_monsterinsights_skip_tracking":false,"_monsterinsights_sitenote_active":false,"_monsterinsights_sitenote_note":"","_monsterinsights_sitenote_category":0,"cybocfi_hide_featured_image":"","footnotes":""},"categories":[18],"tags":[],"class_list":["post-714","post","type-post","status-publish","format-standard","has-post-thumbnail","hentry","category-ediciones-anteriores"],"uagb_featured_image_src":{"full":["https:\/\/www.uartes.edu.ec\/sitio\/encuentroilia\/wp-content\/uploads\/sites\/5\/2016\/11\/juca-ferreira-conferencia.jpg",1024,575,false],"thumbnail":["https:\/\/www.uartes.edu.ec\/sitio\/encuentroilia\/wp-content\/uploads\/sites\/5\/2016\/11\/juca-ferreira-conferencia-150x150.jpg",150,150,true],"medium":["https:\/\/www.uartes.edu.ec\/sitio\/encuentroilia\/wp-content\/uploads\/sites\/5\/2016\/11\/juca-ferreira-conferencia-300x168.jpg",300,168,true],"medium_large":["https:\/\/www.uartes.edu.ec\/sitio\/encuentroilia\/wp-content\/uploads\/sites\/5\/2016\/11\/juca-ferreira-conferencia-768x431.jpg",750,421,true],"large":["https:\/\/www.uartes.edu.ec\/sitio\/encuentroilia\/wp-content\/uploads\/sites\/5\/2016\/11\/juca-ferreira-conferencia-1024x575.jpg",750,421,true],"1536x1536":["https:\/\/www.uartes.edu.ec\/sitio\/encuentroilia\/wp-content\/uploads\/sites\/5\/2016\/11\/juca-ferreira-conferencia.jpg",1024,575,false],"2048x2048":["https:\/\/www.uartes.edu.ec\/sitio\/encuentroilia\/wp-content\/uploads\/sites\/5\/2016\/11\/juca-ferreira-conferencia.jpg",1024,575,false],"hestia-blog":["https:\/\/www.uartes.edu.ec\/sitio\/encuentroilia\/wp-content\/uploads\/sites\/5\/2016\/11\/juca-ferreira-conferencia-360x240.jpg",360,240,true]},"uagb_author_info":{"display_name":"Universidad de las Artes","author_link":"https:\/\/www.uartes.edu.ec\/sitio\/encuentroilia\/author\/dircomadm\/"},"uagb_comment_info":0,"uagb_excerpt":"La conferencia magistral de Juca Ferreira, ex Ministro de Cultura de Brasil durante el gobierno de Dilma Rouseff (desde 2015 hasta 2016, cuando Dilma es destitu\u00edda), fue una actividad vinculada a la creaci\u00f3n e inauguraci\u00f3n del Instituto Latinoamericano de Investigaci\u00f3n en Artes. Recibir a Juca Ferreira y escuchar sus valiosas [&hellip;]","distributor_meta":false,"distributor_terms":false,"distributor_media":false,"distributor_original_site_name":"VIII Encuentro Internacional de Investigaci\u00f3n en Artes","distributor_original_site_url":"https:\/\/www.uartes.edu.ec\/sitio\/encuentroilia","push-errors":false,"_links":{"self":[{"href":"https:\/\/www.uartes.edu.ec\/sitio\/encuentroilia\/wp-json\/wp\/v2\/posts\/714","targetHints":{"allow":["GET"]}}],"collection":[{"href":"https:\/\/www.uartes.edu.ec\/sitio\/encuentroilia\/wp-json\/wp\/v2\/posts"}],"about":[{"href":"https:\/\/www.uartes.edu.ec\/sitio\/encuentroilia\/wp-json\/wp\/v2\/types\/post"}],"author":[{"embeddable":true,"href":"https:\/\/www.uartes.edu.ec\/sitio\/encuentroilia\/wp-json\/wp\/v2\/users\/1"}],"replies":[{"embeddable":true,"href":"https:\/\/www.uartes.edu.ec\/sitio\/encuentroilia\/wp-json\/wp\/v2\/comments?post=714"}],"version-history":[{"count":4,"href":"https:\/\/www.uartes.edu.ec\/sitio\/encuentroilia\/wp-json\/wp\/v2\/posts\/714\/revisions"}],"predecessor-version":[{"id":739,"href":"https:\/\/www.uartes.edu.ec\/sitio\/encuentroilia\/wp-json\/wp\/v2\/posts\/714\/revisions\/739"}],"wp:featuredmedia":[{"embeddable":true,"href":"https:\/\/www.uartes.edu.ec\/sitio\/encuentroilia\/wp-json\/wp\/v2\/media\/718"}],"wp:attachment":[{"href":"https:\/\/www.uartes.edu.ec\/sitio\/encuentroilia\/wp-json\/wp\/v2\/media?parent=714"}],"wp:term":[{"taxonomy":"category","embeddable":true,"href":"https:\/\/www.uartes.edu.ec\/sitio\/encuentroilia\/wp-json\/wp\/v2\/categories?post=714"},{"taxonomy":"post_tag","embeddable":true,"href":"https:\/\/www.uartes.edu.ec\/sitio\/encuentroilia\/wp-json\/wp\/v2\/tags?post=714"}],"curies":[{"name":"wp","href":"https:\/\/api.w.org\/{rel}","templated":true}]}}