{"id":716,"date":"2016-11-16T15:42:35","date_gmt":"2016-11-16T20:42:35","guid":{"rendered":"http:\/\/www.uartes.edu.ec\/investigacion\/?p=55"},"modified":"2024-07-04T09:50:19","modified_gmt":"2024-07-04T14:50:19","slug":"mesa-interculturalidad-arte","status":"publish","type":"post","link":"http:\/\/www.uartes.edu.ec\/sitio\/encuentroilia\/mesa-interculturalidad-arte\/","title":{"rendered":"Mesa \u201cInterculturalidad y Arte\u201d"},"content":{"rendered":"\n<p>La interculturalidad es uno de los paradigmas que vertebran el buen vivir, constituyendo uno de los principios fundamentales sobre los que se basa el estado ecuatoriano a trav\u00e9s del discurso gubernamental y de la sociedad civil como un hito y un referente para la construcci\u00f3n de una nueva propuesta de convivencia ciudadana en algunos casos, sin embargo, se ha escrito m\u00e1s sobre interculturalidad que lo que se ha practicado, reflejando por lo tanto, un desfase entre la teor\u00eda de la interculturalidad y la praxis intercultural propiamente dicha en este contexto y que nos conlleva a reflexionar sobre la pregunta de c\u00f3mo las artes y sus m\u00faltiples lenguajes pueden servir para fomentar la praxis intercultural en la sociedad ecuatoriana, con relaci\u00f3n existente entre las artes, la interculturalidad, los lenguajes de las artes enlazados a su planteamiento y la nueva concepci\u00f3n de la comunicaci\u00f3n intercultural en \u00e9poca de crisis y transformaci\u00f3n en Am\u00e9rica Latina.<\/p>\n","protected":false},"excerpt":{"rendered":"<p>La interculturalidad es uno de los paradigmas que vertebran el buen vivir, constituyendo uno de los principios fundamentales sobre los que se basa el estado ecuatoriano a trav\u00e9s del discurso gubernamental y de la sociedad civil como un hito y un referente para la construcci\u00f3n de una nueva propuesta de [&hellip;]<\/p>\n","protected":false},"author":1,"featured_media":726,"comment_status":"open","ping_status":"open","sticky":false,"template":"","format":"standard","meta":{"_uag_custom_page_level_css":"","_monsterinsights_skip_tracking":false,"_monsterinsights_sitenote_active":false,"_monsterinsights_sitenote_note":"","_monsterinsights_sitenote_category":0,"cybocfi_hide_featured_image":"","footnotes":""},"categories":[18],"tags":[],"class_list":["post-716","post","type-post","status-publish","format-standard","has-post-thumbnail","hentry","category-ediciones-anteriores"],"uagb_featured_image_src":{"full":["https:\/\/www.uartes.edu.ec\/sitio\/encuentroilia\/wp-content\/uploads\/sites\/5\/2016\/11\/Mesa-Interculturalidad-y-Arte.jpg",1024,573,false],"thumbnail":["https:\/\/www.uartes.edu.ec\/sitio\/encuentroilia\/wp-content\/uploads\/sites\/5\/2016\/11\/Mesa-Interculturalidad-y-Arte-150x150.jpg",150,150,true],"medium":["https:\/\/www.uartes.edu.ec\/sitio\/encuentroilia\/wp-content\/uploads\/sites\/5\/2016\/11\/Mesa-Interculturalidad-y-Arte-300x168.jpg",300,168,true],"medium_large":["https:\/\/www.uartes.edu.ec\/sitio\/encuentroilia\/wp-content\/uploads\/sites\/5\/2016\/11\/Mesa-Interculturalidad-y-Arte-768x430.jpg",750,420,true],"large":["https:\/\/www.uartes.edu.ec\/sitio\/encuentroilia\/wp-content\/uploads\/sites\/5\/2016\/11\/Mesa-Interculturalidad-y-Arte-1024x573.jpg",750,420,true],"1536x1536":["https:\/\/www.uartes.edu.ec\/sitio\/encuentroilia\/wp-content\/uploads\/sites\/5\/2016\/11\/Mesa-Interculturalidad-y-Arte.jpg",1024,573,false],"2048x2048":["https:\/\/www.uartes.edu.ec\/sitio\/encuentroilia\/wp-content\/uploads\/sites\/5\/2016\/11\/Mesa-Interculturalidad-y-Arte.jpg",1024,573,false],"hestia-blog":["https:\/\/www.uartes.edu.ec\/sitio\/encuentroilia\/wp-content\/uploads\/sites\/5\/2016\/11\/Mesa-Interculturalidad-y-Arte-360x240.jpg",360,240,true]},"uagb_author_info":{"display_name":"Universidad de las Artes","author_link":"https:\/\/www.uartes.edu.ec\/sitio\/encuentroilia\/author\/dircomadm\/"},"uagb_comment_info":0,"uagb_excerpt":"La interculturalidad es uno de los paradigmas que vertebran el buen vivir, constituyendo uno de los principios fundamentales sobre los que se basa el estado ecuatoriano a trav\u00e9s del discurso gubernamental y de la sociedad civil como un hito y un referente para la construcci\u00f3n de una nueva propuesta de [&hellip;]","distributor_meta":false,"distributor_terms":false,"distributor_media":false,"distributor_original_site_name":"VIII Encuentro Internacional de Investigaci\u00f3n en Artes","distributor_original_site_url":"https:\/\/www.uartes.edu.ec\/sitio\/encuentroilia","push-errors":false,"_links":{"self":[{"href":"https:\/\/www.uartes.edu.ec\/sitio\/encuentroilia\/wp-json\/wp\/v2\/posts\/716","targetHints":{"allow":["GET"]}}],"collection":[{"href":"https:\/\/www.uartes.edu.ec\/sitio\/encuentroilia\/wp-json\/wp\/v2\/posts"}],"about":[{"href":"https:\/\/www.uartes.edu.ec\/sitio\/encuentroilia\/wp-json\/wp\/v2\/types\/post"}],"author":[{"embeddable":true,"href":"https:\/\/www.uartes.edu.ec\/sitio\/encuentroilia\/wp-json\/wp\/v2\/users\/1"}],"replies":[{"embeddable":true,"href":"https:\/\/www.uartes.edu.ec\/sitio\/encuentroilia\/wp-json\/wp\/v2\/comments?post=716"}],"version-history":[{"count":2,"href":"https:\/\/www.uartes.edu.ec\/sitio\/encuentroilia\/wp-json\/wp\/v2\/posts\/716\/revisions"}],"predecessor-version":[{"id":738,"href":"https:\/\/www.uartes.edu.ec\/sitio\/encuentroilia\/wp-json\/wp\/v2\/posts\/716\/revisions\/738"}],"wp:featuredmedia":[{"embeddable":true,"href":"https:\/\/www.uartes.edu.ec\/sitio\/encuentroilia\/wp-json\/wp\/v2\/media\/726"}],"wp:attachment":[{"href":"https:\/\/www.uartes.edu.ec\/sitio\/encuentroilia\/wp-json\/wp\/v2\/media?parent=716"}],"wp:term":[{"taxonomy":"category","embeddable":true,"href":"https:\/\/www.uartes.edu.ec\/sitio\/encuentroilia\/wp-json\/wp\/v2\/categories?post=716"},{"taxonomy":"post_tag","embeddable":true,"href":"https:\/\/www.uartes.edu.ec\/sitio\/encuentroilia\/wp-json\/wp\/v2\/tags?post=716"}],"curies":[{"name":"wp","href":"https:\/\/api.w.org\/{rel}","templated":true}]}}