{"id":744,"date":"2017-06-16T16:34:31","date_gmt":"2017-06-16T16:34:31","guid":{"rendered":"http:\/\/www.uartes.edu.ec\/sitio\/encuentroilia\/?p=744"},"modified":"2024-07-04T09:50:18","modified_gmt":"2024-07-04T14:50:18","slug":"31-actividades-integran-el-ii-encuentro-internacional-de-investigacion-en-artes-que-se-desarrollara-en-guayaquil","status":"publish","type":"post","link":"http:\/\/www.uartes.edu.ec\/sitio\/encuentroilia\/31-actividades-integran-el-ii-encuentro-internacional-de-investigacion-en-artes-que-se-desarrollara-en-guayaquil\/","title":{"rendered":"31 actividades integran el II Encuentro Internacional de Investigaci\u00f3n en Artes que se desarrollar\u00e1 en Guayaquil"},"content":{"rendered":"<p>La Universidad de las Artes del Ecuador (UArtes), a trav\u00e9s de su Instituto Latinoamericano de Investigaci\u00f3n en Artes (ILIA), celebrar\u00e1 la segunda edici\u00f3n del Encuentro Internacional de Investigaci\u00f3n en Artes, la misma que se llevar\u00e1 a cabo entre el 21 y el 23 de junio de 2017, en Guayaquil. La primera edici\u00f3n se celebr\u00f3 en el marco de los Encuentros P\u00fablicos de Artes, que tuvieron lugar en la misma ciudad en noviembre de 2016.<\/p>\n<p>Los objetivos de este segundo encuentro son promover y visibilizar la investigaci\u00f3n en artes con miras a incidir en las pol\u00edticas p\u00fablicas de investigaci\u00f3n y educaci\u00f3n a nivel nacional, as\u00ed como crear redes de colaboraci\u00f3n con institutos de investigaci\u00f3n asociados con el campo de las artes que permitan la movilidad de investigadores y el intercambio de experiencias en proyectos de investigaci\u00f3n en artes.<\/p>\n<p>El encuentro se plantea como un espacio de debate y puesta en acci\u00f3n desde el pensamiento cr\u00edtico y el quehacer art\u00edstico de las diferentes formas de investigaci\u00f3n en y a trav\u00e9s de las artes, mediante la promoci\u00f3n del ejercicio transdisciplinario e intercultural y la exploraci\u00f3n de las derivas de la tradici\u00f3n en los procesos creativos en el marco de nuevas econom\u00edas.<\/p>\n<p>Las ponencias magistrales y mesas de debate que se desarrollar\u00e1n en el encuentro se proponen, entre otras cosas, reflexionar sobre los procesos de producci\u00f3n, circulaci\u00f3n y transformaci\u00f3n de la cultura; debatir sobre metodolog\u00edas y procesos creativos como ejes medulares de la construcci\u00f3n y confluencia de los campos art\u00edsticos; replantear la relaci\u00f3n de las artes con el espacio p\u00fablico; e indicar la forma c\u00f3mo las bibliotecas y la infraestructura cultural pueden fomentar el desarrollo de la investigaci\u00f3n en artes.<\/p>\n<p>Estos objetivos y tem\u00e1ticas se orientan con varias de las l\u00edneas de investigaci\u00f3n del ILIA en su relevancia para el mundo contempor\u00e1neo, incluyendo la relaci\u00f3n de las artes con los procesos pol\u00edticos en la regi\u00f3n, la relaci\u00f3n de las artes con el ejercicio de la interculturalidad, y la relaci\u00f3n de las artes con el dise\u00f1o y desarrollo creativos del espacio urbano.<\/p>\n<p>El p\u00fablico asistente podr\u00e1 participar en mesas de debate, conferencias magistrales, talleres, instalaciones y muestras, as\u00ed como en una extensa<span>&nbsp;<\/span><strong>agenda art\u00edstica<\/strong><span>&nbsp;<\/span>que se desarrollar\u00e1 de manera paralela al Encuentro Internacional de Investigaci\u00f3n en Artes. Quienes asistan a un setenta y cinco por ciento de los eventos de la agenda acad\u00e9mica del Encuentro recibir\u00e1n un certificado de participaci\u00f3n, para lo cual deber\u00e1n inscribirse al inicio de las jornadas.<\/p>\n<p>Entre los invitados internacionales se cuentan Gustavo Buntinx (Per\u00fa), Joaqu\u00edn Barriendos (M\u00e9xico), Gabriela Siracusano (Argentina), Ana Carla Fonseca (Brasil), Jaime del Val (Espa\u00f1a), Leticia Robles-Moreno (Estados Unidos), Nicol\u00e1s Barbieri (Espa\u00f1a), Paula Gonz\u00e1lez (Chile), Susan Campos (Costa Rica), Carlos Mery y Luis Fernando Gonz\u00e1lez (Colombia). Participar\u00e1n tambi\u00e9n artistas nacionales como Fabiano Kueva, Juan Sebasti\u00e1n Aguirre e Irving Ram\u00f3, al igual que docentes e investigadores de la Universidad de las Artes.<\/p>\n<p>En el marco de esta segunda edici\u00f3n del Encuentro, la UArtes y el Instituto Latinoamericano de Investigaci\u00f3n en Artes firmar\u00e1n membres\u00edas con varios institutos hom\u00f3logos de la regi\u00f3n, entre los que est\u00e1n el Instituto Hemisf\u00e9rico de Performance y Pol\u00edtica (New York University) de Estados Unidos, el Instituto de Investigaciones Est\u00e9ticas de M\u00e9xico, la Universidad Nacional de Tres de Febrero de Argentina, el Instituto de Investigaci\u00f3n de la Universidad de Costa Rica y el Instituto de Investigaciones de la Universidad Javeriana de Colombia.<\/p>\n<p>Todas las actividades acad\u00e9micas del Encuentro Internacional de Investigaci\u00f3n en Artes se realizar\u00e1n en el Museo Antropol\u00f3gico y de Arte Contempor\u00e1neo (MAAC). La entrada a todos los eventos acad\u00e9micos y art\u00edsticos que forman parte del encuentro es libre.<\/p>\n<p>Toda la agenda del evento la puede encontrar en el<span>&nbsp;<\/span><a href=\"http:\/\/www.uartes.edu.ec\/agua\/index.php\/ilia2017\/\">siguiente enlace<\/a><\/p>\n<p><em>Cr\u00e9ditos de la muestra: Residencia 103M \u2022 Miguel Medina \u2022 Contact, 2016.<\/em><\/p>\n","protected":false},"excerpt":{"rendered":"<p>La Universidad de las Artes del Ecuador (UArtes), a trav\u00e9s de su Instituto Latinoamericano de Investigaci\u00f3n en Artes (ILIA), celebrar\u00e1 la segunda edici\u00f3n del Encuentro Internacional de Investigaci\u00f3n en Artes, la misma que se llevar\u00e1 a cabo entre el 21 y el 23 de junio de 2017, en Guayaquil. La [&hellip;]<\/p>\n","protected":false},"author":1,"featured_media":746,"comment_status":"closed","ping_status":"closed","sticky":false,"template":"","format":"standard","meta":{"_uag_custom_page_level_css":"","_monsterinsights_skip_tracking":false,"_monsterinsights_sitenote_active":false,"_monsterinsights_sitenote_note":"","_monsterinsights_sitenote_category":0,"cybocfi_hide_featured_image":"","footnotes":""},"categories":[18],"tags":[],"class_list":["post-744","post","type-post","status-publish","format-standard","has-post-thumbnail","hentry","category-ediciones-anteriores"],"uagb_featured_image_src":{"full":["https:\/\/www.uartes.edu.ec\/sitio\/encuentroilia\/wp-content\/uploads\/sites\/5\/2017\/06\/31-actividades-integran-el-II-Encuentro-Internacional-de-Investigacion-en-Artes-que-se-desarrollara-en-Guayaquil.jpg",582,270,false],"thumbnail":["https:\/\/www.uartes.edu.ec\/sitio\/encuentroilia\/wp-content\/uploads\/sites\/5\/2017\/06\/31-actividades-integran-el-II-Encuentro-Internacional-de-Investigacion-en-Artes-que-se-desarrollara-en-Guayaquil-150x150.jpg",150,150,true],"medium":["https:\/\/www.uartes.edu.ec\/sitio\/encuentroilia\/wp-content\/uploads\/sites\/5\/2017\/06\/31-actividades-integran-el-II-Encuentro-Internacional-de-Investigacion-en-Artes-que-se-desarrollara-en-Guayaquil-300x139.jpg",300,139,true],"medium_large":["https:\/\/www.uartes.edu.ec\/sitio\/encuentroilia\/wp-content\/uploads\/sites\/5\/2017\/06\/31-actividades-integran-el-II-Encuentro-Internacional-de-Investigacion-en-Artes-que-se-desarrollara-en-Guayaquil.jpg",582,270,false],"large":["https:\/\/www.uartes.edu.ec\/sitio\/encuentroilia\/wp-content\/uploads\/sites\/5\/2017\/06\/31-actividades-integran-el-II-Encuentro-Internacional-de-Investigacion-en-Artes-que-se-desarrollara-en-Guayaquil.jpg",582,270,false],"1536x1536":["https:\/\/www.uartes.edu.ec\/sitio\/encuentroilia\/wp-content\/uploads\/sites\/5\/2017\/06\/31-actividades-integran-el-II-Encuentro-Internacional-de-Investigacion-en-Artes-que-se-desarrollara-en-Guayaquil.jpg",582,270,false],"2048x2048":["https:\/\/www.uartes.edu.ec\/sitio\/encuentroilia\/wp-content\/uploads\/sites\/5\/2017\/06\/31-actividades-integran-el-II-Encuentro-Internacional-de-Investigacion-en-Artes-que-se-desarrollara-en-Guayaquil.jpg",582,270,false],"hestia-blog":["https:\/\/www.uartes.edu.ec\/sitio\/encuentroilia\/wp-content\/uploads\/sites\/5\/2017\/06\/31-actividades-integran-el-II-Encuentro-Internacional-de-Investigacion-en-Artes-que-se-desarrollara-en-Guayaquil-360x240.jpg",360,240,true]},"uagb_author_info":{"display_name":"Universidad de las Artes","author_link":"https:\/\/www.uartes.edu.ec\/sitio\/encuentroilia\/author\/dircomadm\/"},"uagb_comment_info":0,"uagb_excerpt":"La Universidad de las Artes del Ecuador (UArtes), a trav\u00e9s de su Instituto Latinoamericano de Investigaci\u00f3n en Artes (ILIA), celebrar\u00e1 la segunda edici\u00f3n del Encuentro Internacional de Investigaci\u00f3n en Artes, la misma que se llevar\u00e1 a cabo entre el 21 y el 23 de junio de 2017, en Guayaquil. La [&hellip;]","distributor_meta":false,"distributor_terms":false,"distributor_media":false,"distributor_original_site_name":"VIII Encuentro Internacional de Investigaci\u00f3n en Artes","distributor_original_site_url":"https:\/\/www.uartes.edu.ec\/sitio\/encuentroilia","push-errors":false,"_links":{"self":[{"href":"https:\/\/www.uartes.edu.ec\/sitio\/encuentroilia\/wp-json\/wp\/v2\/posts\/744","targetHints":{"allow":["GET"]}}],"collection":[{"href":"https:\/\/www.uartes.edu.ec\/sitio\/encuentroilia\/wp-json\/wp\/v2\/posts"}],"about":[{"href":"https:\/\/www.uartes.edu.ec\/sitio\/encuentroilia\/wp-json\/wp\/v2\/types\/post"}],"author":[{"embeddable":true,"href":"https:\/\/www.uartes.edu.ec\/sitio\/encuentroilia\/wp-json\/wp\/v2\/users\/1"}],"replies":[{"embeddable":true,"href":"https:\/\/www.uartes.edu.ec\/sitio\/encuentroilia\/wp-json\/wp\/v2\/comments?post=744"}],"version-history":[{"count":2,"href":"https:\/\/www.uartes.edu.ec\/sitio\/encuentroilia\/wp-json\/wp\/v2\/posts\/744\/revisions"}],"predecessor-version":[{"id":747,"href":"https:\/\/www.uartes.edu.ec\/sitio\/encuentroilia\/wp-json\/wp\/v2\/posts\/744\/revisions\/747"}],"wp:featuredmedia":[{"embeddable":true,"href":"https:\/\/www.uartes.edu.ec\/sitio\/encuentroilia\/wp-json\/wp\/v2\/media\/746"}],"wp:attachment":[{"href":"https:\/\/www.uartes.edu.ec\/sitio\/encuentroilia\/wp-json\/wp\/v2\/media?parent=744"}],"wp:term":[{"taxonomy":"category","embeddable":true,"href":"https:\/\/www.uartes.edu.ec\/sitio\/encuentroilia\/wp-json\/wp\/v2\/categories?post=744"},{"taxonomy":"post_tag","embeddable":true,"href":"https:\/\/www.uartes.edu.ec\/sitio\/encuentroilia\/wp-json\/wp\/v2\/tags?post=744"}],"curies":[{"name":"wp","href":"https:\/\/api.w.org\/{rel}","templated":true}]}}