{"id":748,"date":"2017-06-27T16:38:09","date_gmt":"2017-06-27T16:38:09","guid":{"rendered":"http:\/\/www.uartes.edu.ec\/sitio\/encuentroilia\/?p=748"},"modified":"2024-07-04T09:50:18","modified_gmt":"2024-07-04T14:50:18","slug":"wanukta-tonic-cerro-las-jornadas-de-investigacion-en-artes-con-un-concierto-en-guayaquil","status":"publish","type":"post","link":"http:\/\/www.uartes.edu.ec\/sitio\/encuentroilia\/wanukta-tonic-cerro-las-jornadas-de-investigacion-en-artes-con-un-concierto-en-guayaquil\/","title":{"rendered":"Wa\u00f1ukta Tonic cerr\u00f3 las jornadas de investigaci\u00f3n en artes con un concierto en Guayaquil"},"content":{"rendered":"<p>Las jornadas acad\u00e9micas del segundo<span>\u00a0<\/span><strong>Encuentro Internacional de Investigaci\u00f3n en Artes<\/strong><span>\u00a0<\/span>que organiz\u00f3 la Universidad de las Artes del Ecuador (UArtes), en Guayaquil, del 21 al 23 de junio, cerr\u00f3 con un concierto de Wa\u00f1ukta Tonic. La agrupaci\u00f3n ecuatoriana, liderada por el m\u00fasico Alex Alvear, inaugur\u00f3 adem\u00e1s el escenario del nuevo comedor ubicado en el Campus Centro UArtes.<\/p>\n<p>Con Wa\u00f1ukta Tonic, Alex Alvear plantea la idea de una multicorriente pluricultural indefinida o, por ponerlo en palabras m\u00e1s sencillas, una ensalada de tradiciones, estilos, influencias y sonidos con saz\u00f3n ecuatoriana, basado en la exploraci\u00f3n de g\u00e9neros que van del rock al funk, pasando por el jazz, el blues y el reggae.<\/p>\n<p>\u201cElegir el uso de palabras en quichua para nombrar a la agrupaci\u00f3n es una postura de orgullo, amor y respeto por las ra\u00edces ind\u00edgenas de la m\u00fasica ecuatoriana. Este proyecto se enmarca en la tendencia actual de reafirmar la cultura local para cuidar su lugar en el mundo\u201d, se lee en la presentaci\u00f3n de la banda.<\/p>\n<p>Las 15 actividades acad\u00e9micas del segundo Encuentro Internacional de Investigaci\u00f3n en Artes culminaron, a las 17h00, el pasado viernes 23 de junio con una conferencia magistral a cargo de Ricardo Toledo, de la Pontificia Universidad Javeriana de Colombia.<\/p>\n<p>A las 20h00, Wa\u00f1ukta Tonic inici\u00f3 el concierto de cierre de la \u00faltima jornada acad\u00e9mica que abord\u00f3 el tema<span>\u00a0<\/span><strong>artes y ciudades creativas en Am\u00e9rica Latina.<\/strong><span>\u00a0<\/span>Con el concierto, la agrupaci\u00f3n inaugur\u00f3 el escenario ubicado en el comedor y cafeter\u00eda de la UArtes, que la instituci\u00f3n abri\u00f3 en el mes de mayo de 2017. El comedor tiene un \u00e1rea de 196 metros cuadrados incorporados para el servicio de comedor, al mediod\u00eda y, en ocasiones especiales, activar el desarrollo de las capacidades acad\u00e9micas, art\u00edsticas y sociales de los estudiantes, docentes y comunidad en general.<\/p>\n<p>La agenda art\u00edstica del Encuentro se extender\u00e1 hasta el mi\u00e9rcoles 28 de junio.\u00a0M\u00e1s informaci\u00f3n en el<span>\u00a0<\/span><a href=\"http:\/\/www.uartes.edu.ec\/agua\/index.php\/ilia2017\/\">siguiente enlace<\/a>.<\/p>\n","protected":false},"excerpt":{"rendered":"<p>Las jornadas acad\u00e9micas del segundo\u00a0Encuentro Internacional de Investigaci\u00f3n en Artes\u00a0que organiz\u00f3 la Universidad de las Artes del Ecuador (UArtes), en Guayaquil, del 21 al 23 de junio, cerr\u00f3 con un concierto de Wa\u00f1ukta Tonic. La agrupaci\u00f3n ecuatoriana, liderada por el m\u00fasico Alex Alvear, inaugur\u00f3 adem\u00e1s el escenario del nuevo comedor [&hellip;]<\/p>\n","protected":false},"author":1,"featured_media":749,"comment_status":"closed","ping_status":"closed","sticky":false,"template":"","format":"standard","meta":{"_uag_custom_page_level_css":"","_monsterinsights_skip_tracking":false,"_monsterinsights_sitenote_active":false,"_monsterinsights_sitenote_note":"","_monsterinsights_sitenote_category":0,"cybocfi_hide_featured_image":"","footnotes":""},"categories":[18],"tags":[],"class_list":["post-748","post","type-post","status-publish","format-standard","has-post-thumbnail","hentry","category-ediciones-anteriores"],"uagb_featured_image_src":{"full":["https:\/\/www.uartes.edu.ec\/sitio\/encuentroilia\/wp-content\/uploads\/sites\/5\/2019\/04\/watonic-2-e1556228421993-scaled.jpg",2845,1896,false],"thumbnail":["https:\/\/www.uartes.edu.ec\/sitio\/encuentroilia\/wp-content\/uploads\/sites\/5\/2019\/04\/watonic-2-e1556228421993-150x150.jpg",150,150,true],"medium":["https:\/\/www.uartes.edu.ec\/sitio\/encuentroilia\/wp-content\/uploads\/sites\/5\/2019\/04\/watonic-2-e1556228421993-300x200.jpg",300,200,true],"medium_large":["https:\/\/www.uartes.edu.ec\/sitio\/encuentroilia\/wp-content\/uploads\/sites\/5\/2019\/04\/watonic-2-e1556228421993-768x512.jpg",750,500,true],"large":["https:\/\/www.uartes.edu.ec\/sitio\/encuentroilia\/wp-content\/uploads\/sites\/5\/2019\/04\/watonic-2-e1556228421993-1024x682.jpg",750,500,true],"1536x1536":["https:\/\/www.uartes.edu.ec\/sitio\/encuentroilia\/wp-content\/uploads\/sites\/5\/2019\/04\/watonic-2-e1556228421993-scaled.jpg",1536,1024,false],"2048x2048":["https:\/\/www.uartes.edu.ec\/sitio\/encuentroilia\/wp-content\/uploads\/sites\/5\/2019\/04\/watonic-2-e1556228421993-scaled.jpg",2048,1365,false],"hestia-blog":["https:\/\/www.uartes.edu.ec\/sitio\/encuentroilia\/wp-content\/uploads\/sites\/5\/2019\/04\/watonic-2-e1556228421993-360x240.jpg",360,240,true]},"uagb_author_info":{"display_name":"Universidad de las Artes","author_link":"https:\/\/www.uartes.edu.ec\/sitio\/encuentroilia\/author\/dircomadm\/"},"uagb_comment_info":0,"uagb_excerpt":"Las jornadas acad\u00e9micas del segundo\u00a0Encuentro Internacional de Investigaci\u00f3n en Artes\u00a0que organiz\u00f3 la Universidad de las Artes del Ecuador (UArtes), en Guayaquil, del 21 al 23 de junio, cerr\u00f3 con un concierto de Wa\u00f1ukta Tonic. La agrupaci\u00f3n ecuatoriana, liderada por el m\u00fasico Alex Alvear, inaugur\u00f3 adem\u00e1s el escenario del nuevo comedor [&hellip;]","distributor_meta":false,"distributor_terms":false,"distributor_media":false,"distributor_original_site_name":"VIII Encuentro Internacional de Investigaci\u00f3n en Artes","distributor_original_site_url":"https:\/\/www.uartes.edu.ec\/sitio\/encuentroilia","push-errors":false,"_links":{"self":[{"href":"https:\/\/www.uartes.edu.ec\/sitio\/encuentroilia\/wp-json\/wp\/v2\/posts\/748","targetHints":{"allow":["GET"]}}],"collection":[{"href":"https:\/\/www.uartes.edu.ec\/sitio\/encuentroilia\/wp-json\/wp\/v2\/posts"}],"about":[{"href":"https:\/\/www.uartes.edu.ec\/sitio\/encuentroilia\/wp-json\/wp\/v2\/types\/post"}],"author":[{"embeddable":true,"href":"https:\/\/www.uartes.edu.ec\/sitio\/encuentroilia\/wp-json\/wp\/v2\/users\/1"}],"replies":[{"embeddable":true,"href":"https:\/\/www.uartes.edu.ec\/sitio\/encuentroilia\/wp-json\/wp\/v2\/comments?post=748"}],"version-history":[{"count":1,"href":"https:\/\/www.uartes.edu.ec\/sitio\/encuentroilia\/wp-json\/wp\/v2\/posts\/748\/revisions"}],"predecessor-version":[{"id":750,"href":"https:\/\/www.uartes.edu.ec\/sitio\/encuentroilia\/wp-json\/wp\/v2\/posts\/748\/revisions\/750"}],"wp:featuredmedia":[{"embeddable":true,"href":"https:\/\/www.uartes.edu.ec\/sitio\/encuentroilia\/wp-json\/wp\/v2\/media\/749"}],"wp:attachment":[{"href":"https:\/\/www.uartes.edu.ec\/sitio\/encuentroilia\/wp-json\/wp\/v2\/media?parent=748"}],"wp:term":[{"taxonomy":"category","embeddable":true,"href":"https:\/\/www.uartes.edu.ec\/sitio\/encuentroilia\/wp-json\/wp\/v2\/categories?post=748"},{"taxonomy":"post_tag","embeddable":true,"href":"https:\/\/www.uartes.edu.ec\/sitio\/encuentroilia\/wp-json\/wp\/v2\/tags?post=748"}],"curies":[{"name":"wp","href":"https:\/\/api.w.org\/{rel}","templated":true}]}}