{"id":751,"date":"2017-06-22T16:42:12","date_gmt":"2017-06-22T16:42:12","guid":{"rendered":"http:\/\/www.uartes.edu.ec\/sitio\/encuentroilia\/?p=751"},"modified":"2024-07-04T09:50:18","modified_gmt":"2024-07-04T14:50:18","slug":"la-investigacion-en-artes-se-discute-en-guayaquil","status":"publish","type":"post","link":"http:\/\/www.uartes.edu.ec\/sitio\/encuentroilia\/la-investigacion-en-artes-se-discute-en-guayaquil\/","title":{"rendered":"La investigaci\u00f3n en artes se discute en Guayaquil"},"content":{"rendered":"<p>Con una conferencia del Dr. Ramiro Noriega, Rector de la UArtes, y una charla magistral de Gustavo Buntinx, la Universidad de las Artes del Ecuador inici\u00f3 las actividades acad\u00e9micas del II Encuentro Internacional de Investigaci\u00f3n en Artes, este mi\u00e9rcoles 21 de junio, en la ciudad de Guayaquil.<\/p>\n<p>\u201cNos urge hacer y pensar en otras formas, con otros, entre nosotros, con ellos, solos; nos urgen hacer pensando y pensar haciendo, nos urge cultivar nuestras disciplinas, componer y conmover, pero nos urge tambi\u00e9n transformar nuestras pr\u00e1cticas en ellas mismas y con los dem\u00e1s; nos urge la ciudad y el campo; nos urge encontrarnos en el pasado y el Instituto Latinoamericano de Investigaci\u00f3n en Artes (ILIA) est\u00e1 tocando esas puertas. De eso estamos hablando aqu\u00ed, y por eso creamos esta Universidad y ahora el ILIA, porque su mera creaci\u00f3n supone tensiones inestimables, unas obligaciones y posibilidades abismales\u201d, indic\u00f3 el Rector, en la inauguraci\u00f3n del encuentro.<\/p>\n<p>Noriega afirm\u00f3 tambi\u00e9n que otras de las razones de la UArtes, del ILIA y de estos Encuentros de Investigaci\u00f3n en Artes es con la intenci\u00f3n de transformar la moneda de cambio, para disfrutar los modos de consumo y para enriquecer la vida, en el sentido de valorar de un modo que siglos de dependencia no lo han permitido. Para lograr aquello, indic\u00f3 Ramiro Noriega, existen varias luces.<\/p>\n<p>La primera es el restablecimiento \u00e9tico del concepto del Buen Vivir.<\/p>\n<p>La segunda consiste en el reconocimiento que el campo del conocimiento es, en realidad, muchos campos. Hay que reconocer esa condici\u00f3n heterog\u00e9nea y ampliarla. \u201cAs\u00ed como hemos convalidado el car\u00e1cter contempor\u00e1neo de los saberes ancestrales, nos corresponde argumentar y luchar por que el Estado ecuatoriano reconozca como consustancial a su matriz, que el hacer y pensar sensibles en la imaginaci\u00f3n, en la pr\u00e1ctica creativa, en la labor art\u00edstica, son inestimables a la hora de atender el reto m\u00e1s grande que tenemos que es el de vivir bien\u201d.<\/p>\n<p>La tercera, y que ser\u00eda el motivo de estas jornadas, es reivindicar y practicar el derecho de trabajar en com\u00fan, con las comunidades, como un solo cuerpo; y reivindicar y practicar el hacer y pensar siempre dudando, lejos de las certezas, resalt\u00f3 el Rector.<\/p>\n<p>La conferencia de Buntinx, por su parte, recorri\u00f3 los despojos de la ultra-violencia fundamentalista que recorre la Rep\u00fablica de Weimar Peruana (1980 \u2013 1992). Y la competencia de horrores que ella desata. Hasta desembocar en los reg\u00edmenes de la marcializaci\u00f3n y el simulacro durante la dictadura de Vladimiro Montesinos y Alberto Fujimori (1992 \u2013 2000). Esta charla parti\u00f3 de las propuestas distintas de tres art\u00edfices -Gladys Alvarado Jourde, Giancarlo Scaglia, Maya Watanabe \u2013sobre las ruinas de la bombardeada isla penal de El Front\u00f3n.<\/p>\n<p><img loading=\"lazy\" decoding=\"async\" src=\"http:\/\/www.uartes.edu.ec\/images\/noticias\/bontinx.jpg\" width=\"550\" height=\"367\" alt=\"Gustavo Bontinx\" \/><\/p>\n<p>La agenda acad\u00e9mica del segundo Encuentro Internacional de Investigaci\u00f3n en Artes continu\u00f3 este jueves y culminar\u00e1 este viernes con una jornada que abordar\u00e1 las artes y las ciudades creativas, as\u00ed como el urbanismo en Am\u00e9rica Latina.<\/p>\n<p>Toda la informaci\u00f3n la encuentran en<span>\u00a0<\/span><a href=\"http:\/\/www.uartes.edu.ec\/investigacion\">www.uartes.edu.ec\/investigacion<\/a><\/p>\n","protected":false},"excerpt":{"rendered":"<p>Con una conferencia del Dr. Ramiro Noriega, Rector de la UArtes, y una charla magistral de Gustavo Buntinx, la Universidad de las Artes del Ecuador inici\u00f3 las actividades acad\u00e9micas del II Encuentro Internacional de Investigaci\u00f3n en Artes, este mi\u00e9rcoles 21 de junio, en la ciudad de Guayaquil. \u201cNos urge hacer [&hellip;]<\/p>\n","protected":false},"author":1,"featured_media":752,"comment_status":"closed","ping_status":"closed","sticky":false,"template":"","format":"standard","meta":{"_uag_custom_page_level_css":"","_monsterinsights_skip_tracking":false,"_monsterinsights_sitenote_active":false,"_monsterinsights_sitenote_note":"","_monsterinsights_sitenote_category":0,"cybocfi_hide_featured_image":"","footnotes":""},"categories":[18],"tags":[],"class_list":["post-751","post","type-post","status-publish","format-standard","has-post-thumbnail","hentry","category-ediciones-anteriores"],"uagb_featured_image_src":{"full":["https:\/\/www.uartes.edu.ec\/sitio\/encuentroilia\/wp-content\/uploads\/sites\/5\/2019\/04\/La-investigacion-en-artes-se-discute-en-Guayaquil.jpg",582,270,false],"thumbnail":["https:\/\/www.uartes.edu.ec\/sitio\/encuentroilia\/wp-content\/uploads\/sites\/5\/2019\/04\/La-investigacion-en-artes-se-discute-en-Guayaquil-150x150.jpg",150,150,true],"medium":["https:\/\/www.uartes.edu.ec\/sitio\/encuentroilia\/wp-content\/uploads\/sites\/5\/2019\/04\/La-investigacion-en-artes-se-discute-en-Guayaquil-300x139.jpg",300,139,true],"medium_large":["https:\/\/www.uartes.edu.ec\/sitio\/encuentroilia\/wp-content\/uploads\/sites\/5\/2019\/04\/La-investigacion-en-artes-se-discute-en-Guayaquil.jpg",582,270,false],"large":["https:\/\/www.uartes.edu.ec\/sitio\/encuentroilia\/wp-content\/uploads\/sites\/5\/2019\/04\/La-investigacion-en-artes-se-discute-en-Guayaquil.jpg",582,270,false],"1536x1536":["https:\/\/www.uartes.edu.ec\/sitio\/encuentroilia\/wp-content\/uploads\/sites\/5\/2019\/04\/La-investigacion-en-artes-se-discute-en-Guayaquil.jpg",582,270,false],"2048x2048":["https:\/\/www.uartes.edu.ec\/sitio\/encuentroilia\/wp-content\/uploads\/sites\/5\/2019\/04\/La-investigacion-en-artes-se-discute-en-Guayaquil.jpg",582,270,false],"hestia-blog":["https:\/\/www.uartes.edu.ec\/sitio\/encuentroilia\/wp-content\/uploads\/sites\/5\/2019\/04\/La-investigacion-en-artes-se-discute-en-Guayaquil-360x240.jpg",360,240,true]},"uagb_author_info":{"display_name":"Universidad de las Artes","author_link":"https:\/\/www.uartes.edu.ec\/sitio\/encuentroilia\/author\/dircomadm\/"},"uagb_comment_info":0,"uagb_excerpt":"Con una conferencia del Dr. Ramiro Noriega, Rector de la UArtes, y una charla magistral de Gustavo Buntinx, la Universidad de las Artes del Ecuador inici\u00f3 las actividades acad\u00e9micas del II Encuentro Internacional de Investigaci\u00f3n en Artes, este mi\u00e9rcoles 21 de junio, en la ciudad de Guayaquil. \u201cNos urge hacer [&hellip;]","distributor_meta":false,"distributor_terms":false,"distributor_media":false,"distributor_original_site_name":"VIII Encuentro Internacional de Investigaci\u00f3n en Artes","distributor_original_site_url":"https:\/\/www.uartes.edu.ec\/sitio\/encuentroilia","push-errors":false,"_links":{"self":[{"href":"https:\/\/www.uartes.edu.ec\/sitio\/encuentroilia\/wp-json\/wp\/v2\/posts\/751","targetHints":{"allow":["GET"]}}],"collection":[{"href":"https:\/\/www.uartes.edu.ec\/sitio\/encuentroilia\/wp-json\/wp\/v2\/posts"}],"about":[{"href":"https:\/\/www.uartes.edu.ec\/sitio\/encuentroilia\/wp-json\/wp\/v2\/types\/post"}],"author":[{"embeddable":true,"href":"https:\/\/www.uartes.edu.ec\/sitio\/encuentroilia\/wp-json\/wp\/v2\/users\/1"}],"replies":[{"embeddable":true,"href":"https:\/\/www.uartes.edu.ec\/sitio\/encuentroilia\/wp-json\/wp\/v2\/comments?post=751"}],"version-history":[{"count":1,"href":"https:\/\/www.uartes.edu.ec\/sitio\/encuentroilia\/wp-json\/wp\/v2\/posts\/751\/revisions"}],"predecessor-version":[{"id":753,"href":"https:\/\/www.uartes.edu.ec\/sitio\/encuentroilia\/wp-json\/wp\/v2\/posts\/751\/revisions\/753"}],"wp:featuredmedia":[{"embeddable":true,"href":"https:\/\/www.uartes.edu.ec\/sitio\/encuentroilia\/wp-json\/wp\/v2\/media\/752"}],"wp:attachment":[{"href":"https:\/\/www.uartes.edu.ec\/sitio\/encuentroilia\/wp-json\/wp\/v2\/media?parent=751"}],"wp:term":[{"taxonomy":"category","embeddable":true,"href":"https:\/\/www.uartes.edu.ec\/sitio\/encuentroilia\/wp-json\/wp\/v2\/categories?post=751"},{"taxonomy":"post_tag","embeddable":true,"href":"https:\/\/www.uartes.edu.ec\/sitio\/encuentroilia\/wp-json\/wp\/v2\/tags?post=751"}],"curies":[{"name":"wp","href":"https:\/\/api.w.org\/{rel}","templated":true}]}}