{"id":1085,"date":"2017-12-18T14:22:30","date_gmt":"2017-12-18T19:22:30","guid":{"rendered":"http:\/\/www.uartes.edu.ec\/infouartes\/?p=1085"},"modified":"2024-07-04T11:54:01","modified_gmt":"2024-07-04T16:54:01","slug":"pelicula-love-to-remain-gana-premio-a-mejor-edicion-en-festival-de-cine-de-naciones-unidas","status":"publish","type":"post","link":"https:\/\/www.uartes.edu.ec\/sitio\/fr\/blog\/2017\/12\/18\/pelicula-love-to-remain-gana-premio-a-mejor-edicion-en-festival-de-cine-de-naciones-unidas\/","title":{"rendered":"Pel\u00edcula \u2018Love To Remain\u2019 gana premio a Mejor Edici\u00f3n en festival de cine de Naciones Unidas"},"content":{"rendered":"<p>Love To Remain, pel\u00edcula dirigida por Sebastian y Diego Benalc\u00e1zar, docente de la Universidad de las Artes, gan\u00f3 el premio a \u2018Mejor Edici\u00f3n\u2019 en el festival de cine \u201830 Under 30 Film Festival\u2019, encuentro apoyado por la secci\u00f3n UN Women de las Naciones Unidas y realizado en New York, Estados Unidos.<\/p>\n<p>Este evento recoge a los mejores 30 proyectos de alrededor del mundo que hablen sobre las metas de desarrollo sustentable propuesto por la ONU. De igual manera, la pel\u00edcula se exhibi\u00f3 en la edici\u00f3n 39 del Festival Internacional del Nuevo Cine Latino Americano de La Habana; el festival de m\u00e1s renombre de Cuba y uno de los m\u00e1s importantes de Latino Am\u00e9rica, siendo Love to Remain el \u00fanico cortometraje Ecuatoriano participando en la secci\u00f3n Latino Am\u00e9rica en Perspectiva: La Hora Del Corto.<\/p>\n<p>La pel\u00edcula fue grabada en el 2015 en Londres y cuenta la historia de un migrante latinoamericano que toma una de las decisiones m\u00e1s conflictivas para evitar su condici\u00f3n de ilegal, as\u00ed esta vaya en contra de sus sentimientos.<\/p>\n<p>\u201cNosotros decidimos escribir y filmar este corto porque sent\u00edamos la necesidad de contar esta historia, ya que con mi hermano, el co-director, est\u00e1bamos pasando por una situaci\u00f3n\u00a0 similar a la del personaje. Utilizamos los recursos que ten\u00edamos a la mano\u00a0\u00a0\u00a0\u00a0\u00a0 y con un grupo de amigos que nos colaboraron logramos realizar esta pel\u00edcula\u201d, comenta Sebasti\u00e1n.<\/p>\n<p>La pel\u00edcula tambi\u00e9n ha sido seleccionada de entre 332 propuestas para formar parte de los 11 cortometrajes en competencia del Festival de Cine Global Dominicano, siendo el \u00fanico corto ecuatoriano dentro de esta secci\u00f3n. Este festival se llevar\u00e1 a cabo en enero de 2018.<\/p>\n<p>Tr\u00e1iler del filme:<\/p>","protected":false},"excerpt":{"rendered":"<p>Love To Remain, pel\u00edcula dirigida por Sebastian y Diego Benalc\u00e1zar, docente de la Universidad de las Artes, gan\u00f3 el premio a \u2018Mejor Edici\u00f3n\u2019 en el festival de cine \u201830 Under 30 Film Festival\u2019, encuentro apoyado por la secci\u00f3n UN Women de las Naciones Unidas y realizado en New York, Estados Unidos. Este evento recoge a [&hellip;]<\/p>\n","protected":false},"author":1,"featured_media":1086,"comment_status":"closed","ping_status":"open","sticky":false,"template":"","format":"standard","meta":{"_acf_changed":false,"_uag_custom_page_level_css":"","_monsterinsights_skip_tracking":false,"_monsterinsights_sitenote_active":false,"_monsterinsights_sitenote_note":"","_monsterinsights_sitenote_category":0,"cybocfi_hide_featured_image":"","footnotes":""},"categories":[75],"tags":[],"infouartes":[],"class_list":["post-1085","post","type-post","status-publish","format-standard","has-post-thumbnail","hentry","category-docentes"],"acf":[],"yoast_head":"<!-- This site is optimized with the Yoast SEO plugin v27.4 - https:\/\/yoast.com\/product\/yoast-seo-wordpress\/ -->\n<title>Universidad de las Artes - Pel\u00edcula \u2018Love To Remain\u2019 gana premio a Mejor Edici\u00f3n en festival de cine de Naciones Unidas<\/title>\n<meta name=\"description\" content=\"Universidad de las Artes - Pel\u00edcula \u2018Love To Remain\u2019 gana premio a Mejor Edici\u00f3n en festival de cine de Naciones Unidas\" \/>\n<meta name=\"robots\" content=\"index, follow, max-snippet:-1, max-image-preview:large, max-video-preview:-1\" \/>\n<link rel=\"canonical\" href=\"https:\/\/www.uartes.edu.ec\/sitio\/fr\/blog\/2017\/12\/18\/pelicula-love-to-remain-gana-premio-a-mejor-edicion-en-festival-de-cine-de-naciones-unidas\/\" \/>\n<meta property=\"og:locale\" content=\"fr_FR\" \/>\n<meta property=\"og:type\" content=\"article\" \/>\n<meta property=\"og:title\" content=\"Universidad de las Artes - Pel\u00edcula \u2018Love To Remain\u2019 gana premio a Mejor Edici\u00f3n en festival de cine de Naciones Unidas\" \/>\n<meta property=\"og:description\" content=\"Universidad de las Artes - Pel\u00edcula \u2018Love To Remain\u2019 gana premio a Mejor Edici\u00f3n en festival de cine de Naciones Unidas\" \/>\n<meta property=\"og:url\" content=\"https:\/\/www.uartes.edu.ec\/sitio\/fr\/blog\/2017\/12\/18\/pelicula-love-to-remain-gana-premio-a-mejor-edicion-en-festival-de-cine-de-naciones-unidas\/\" \/>\n<meta property=\"og:site_name\" content=\"Universidad de las Artes\" \/>\n<meta property=\"article:publisher\" content=\"https:\/\/www.facebook.com\/uartesec\" \/>\n<meta property=\"article:published_time\" content=\"2017-12-18T19:22:30+00:00\" \/>\n<meta property=\"article:modified_time\" content=\"2024-07-04T16:54:01+00:00\" \/>\n<meta name=\"author\" content=\"Universidad de las Artes\" \/>\n<meta name=\"twitter:card\" content=\"summary_large_image\" \/>\n<meta name=\"twitter:creator\" content=\"@uartesec\" \/>\n<meta name=\"twitter:site\" content=\"@uartesec\" \/>\n<meta name=\"twitter:label1\" content=\"\u00c9crit par\" \/>\n\t<meta name=\"twitter:data1\" content=\"Universidad de las Artes\" \/>\n\t<meta name=\"twitter:label2\" content=\"Dur\u00e9e de lecture estim\u00e9e\" \/>\n\t<meta name=\"twitter:data2\" content=\"1 minute\" \/>\n<script type=\"application\/ld+json\" class=\"yoast-schema-graph\">{\"@context\":\"https:\\\/\\\/schema.org\",\"@graph\":[{\"@type\":\"Article\",\"@id\":\"https:\\\/\\\/www.uartes.edu.ec\\\/sitio\\\/fr\\\/blog\\\/2017\\\/12\\\/18\\\/pelicula-love-to-remain-gana-premio-a-mejor-edicion-en-festival-de-cine-de-naciones-unidas\\\/#article\",\"isPartOf\":{\"@id\":\"https:\\\/\\\/www.uartes.edu.ec\\\/sitio\\\/fr\\\/blog\\\/2017\\\/12\\\/18\\\/pelicula-love-to-remain-gana-premio-a-mejor-edicion-en-festival-de-cine-de-naciones-unidas\\\/\"},\"author\":{\"name\":\"Universidad de las Artes\",\"@id\":\"https:\\\/\\\/www.uartes.edu.ec\\\/sitio\\\/fr\\\/#\\\/schema\\\/person\\\/f33f8c1d2af0d5c80a38c8abf458184a\"},\"headline\":\"Pel\u00edcula \u2018Love To Remain\u2019 gana premio a Mejor Edici\u00f3n en festival de cine de Naciones Unidas\",\"datePublished\":\"2017-12-18T19:22:30+00:00\",\"dateModified\":\"2024-07-04T16:54:01+00:00\",\"mainEntityOfPage\":{\"@id\":\"https:\\\/\\\/www.uartes.edu.ec\\\/sitio\\\/fr\\\/blog\\\/2017\\\/12\\\/18\\\/pelicula-love-to-remain-gana-premio-a-mejor-edicion-en-festival-de-cine-de-naciones-unidas\\\/\"},\"wordCount\":308,\"publisher\":{\"@id\":\"https:\\\/\\\/www.uartes.edu.ec\\\/sitio\\\/fr\\\/#organization\"},\"image\":{\"@id\":\"https:\\\/\\\/www.uartes.edu.ec\\\/sitio\\\/fr\\\/blog\\\/2017\\\/12\\\/18\\\/pelicula-love-to-remain-gana-premio-a-mejor-edicion-en-festival-de-cine-de-naciones-unidas\\\/#primaryimage\"},\"thumbnailUrl\":\"\",\"articleSection\":[\"Docentes\"],\"inLanguage\":\"fr-FR\"},{\"@type\":[\"WebPage\",\"ItemPage\"],\"@id\":\"https:\\\/\\\/www.uartes.edu.ec\\\/sitio\\\/fr\\\/blog\\\/2017\\\/12\\\/18\\\/pelicula-love-to-remain-gana-premio-a-mejor-edicion-en-festival-de-cine-de-naciones-unidas\\\/\",\"url\":\"https:\\\/\\\/www.uartes.edu.ec\\\/sitio\\\/fr\\\/blog\\\/2017\\\/12\\\/18\\\/pelicula-love-to-remain-gana-premio-a-mejor-edicion-en-festival-de-cine-de-naciones-unidas\\\/\",\"name\":\"Universidad de las Artes - Pel\u00edcula \u2018Love To Remain\u2019 gana premio a Mejor Edici\u00f3n en festival de cine de Naciones Unidas\",\"isPartOf\":{\"@id\":\"https:\\\/\\\/www.uartes.edu.ec\\\/sitio\\\/fr\\\/#website\"},\"primaryImageOfPage\":{\"@id\":\"https:\\\/\\\/www.uartes.edu.ec\\\/sitio\\\/fr\\\/blog\\\/2017\\\/12\\\/18\\\/pelicula-love-to-remain-gana-premio-a-mejor-edicion-en-festival-de-cine-de-naciones-unidas\\\/#primaryimage\"},\"image\":{\"@id\":\"https:\\\/\\\/www.uartes.edu.ec\\\/sitio\\\/fr\\\/blog\\\/2017\\\/12\\\/18\\\/pelicula-love-to-remain-gana-premio-a-mejor-edicion-en-festival-de-cine-de-naciones-unidas\\\/#primaryimage\"},\"thumbnailUrl\":\"\",\"datePublished\":\"2017-12-18T19:22:30+00:00\",\"dateModified\":\"2024-07-04T16:54:01+00:00\",\"description\":\"Universidad de las Artes - Pel\u00edcula \u2018Love To Remain\u2019 gana premio a Mejor Edici\u00f3n en festival de cine de Naciones Unidas\",\"breadcrumb\":{\"@id\":\"https:\\\/\\\/www.uartes.edu.ec\\\/sitio\\\/fr\\\/blog\\\/2017\\\/12\\\/18\\\/pelicula-love-to-remain-gana-premio-a-mejor-edicion-en-festival-de-cine-de-naciones-unidas\\\/#breadcrumb\"},\"inLanguage\":\"fr-FR\",\"potentialAction\":[{\"@type\":\"ReadAction\",\"target\":[\"https:\\\/\\\/www.uartes.edu.ec\\\/sitio\\\/fr\\\/blog\\\/2017\\\/12\\\/18\\\/pelicula-love-to-remain-gana-premio-a-mejor-edicion-en-festival-de-cine-de-naciones-unidas\\\/\"]}]},{\"@type\":\"ImageObject\",\"inLanguage\":\"fr-FR\",\"@id\":\"https:\\\/\\\/www.uartes.edu.ec\\\/sitio\\\/fr\\\/blog\\\/2017\\\/12\\\/18\\\/pelicula-love-to-remain-gana-premio-a-mejor-edicion-en-festival-de-cine-de-naciones-unidas\\\/#primaryimage\",\"url\":\"\",\"contentUrl\":\"\"},{\"@type\":\"BreadcrumbList\",\"@id\":\"https:\\\/\\\/www.uartes.edu.ec\\\/sitio\\\/fr\\\/blog\\\/2017\\\/12\\\/18\\\/pelicula-love-to-remain-gana-premio-a-mejor-edicion-en-festival-de-cine-de-naciones-unidas\\\/#breadcrumb\",\"itemListElement\":[{\"@type\":\"ListItem\",\"position\":1,\"name\":\"Inicio\",\"item\":\"https:\\\/\\\/www.uartes.edu.ec\\\/sitio\\\/\"},{\"@type\":\"ListItem\",\"position\":2,\"name\":\"Pel\u00edcula \u2018Love To Remain\u2019 gana premio a Mejor Edici\u00f3n en festival de cine de Naciones Unidas\"}]},{\"@type\":\"WebSite\",\"@id\":\"https:\\\/\\\/www.uartes.edu.ec\\\/sitio\\\/fr\\\/#website\",\"url\":\"https:\\\/\\\/www.uartes.edu.ec\\\/sitio\\\/fr\\\/\",\"name\":\"Universidad de las Artes\",\"description\":\"Sitio oficial de la Universidad Nacional de las Artes del Ecuador\",\"publisher\":{\"@id\":\"https:\\\/\\\/www.uartes.edu.ec\\\/sitio\\\/fr\\\/#organization\"},\"potentialAction\":[{\"@type\":\"SearchAction\",\"target\":{\"@type\":\"EntryPoint\",\"urlTemplate\":\"https:\\\/\\\/www.uartes.edu.ec\\\/sitio\\\/fr\\\/?s={search_term_string}\"},\"query-input\":{\"@type\":\"PropertyValueSpecification\",\"valueRequired\":true,\"valueName\":\"search_term_string\"}}],\"inLanguage\":\"fr-FR\"},{\"@type\":\"Organization\",\"@id\":\"https:\\\/\\\/www.uartes.edu.ec\\\/sitio\\\/fr\\\/#organization\",\"name\":\"Universidad de las Artes\",\"url\":\"https:\\\/\\\/www.uartes.edu.ec\\\/sitio\\\/fr\\\/\",\"logo\":{\"@type\":\"ImageObject\",\"inLanguage\":\"fr-FR\",\"@id\":\"https:\\\/\\\/www.uartes.edu.ec\\\/sitio\\\/fr\\\/#\\\/schema\\\/logo\\\/image\\\/\",\"url\":\"https:\\\/\\\/www.uartes.edu.ec\\\/sitio\\\/wp-content\\\/uploads\\\/2022\\\/07\\\/logo-ua-horizontal.png\",\"contentUrl\":\"https:\\\/\\\/www.uartes.edu.ec\\\/sitio\\\/wp-content\\\/uploads\\\/2022\\\/07\\\/logo-ua-horizontal.png\",\"width\":800,\"height\":276,\"caption\":\"Universidad de las Artes\"},\"image\":{\"@id\":\"https:\\\/\\\/www.uartes.edu.ec\\\/sitio\\\/fr\\\/#\\\/schema\\\/logo\\\/image\\\/\"},\"sameAs\":[\"https:\\\/\\\/www.facebook.com\\\/uartesec\",\"https:\\\/\\\/x.com\\\/uartesec\",\"https:\\\/\\\/www.tiktok.com\\\/@uartesec\"]},{\"@type\":\"Person\",\"@id\":\"https:\\\/\\\/www.uartes.edu.ec\\\/sitio\\\/fr\\\/#\\\/schema\\\/person\\\/f33f8c1d2af0d5c80a38c8abf458184a\",\"name\":\"Universidad de las Artes\",\"image\":{\"@type\":\"ImageObject\",\"inLanguage\":\"fr-FR\",\"@id\":\"https:\\\/\\\/secure.gravatar.com\\\/avatar\\\/52e4757902f5cfa5ac52d020e5be83cae5487519154b6c35482fe08d589f3c13?s=96&d=mm&r=g\",\"url\":\"https:\\\/\\\/secure.gravatar.com\\\/avatar\\\/52e4757902f5cfa5ac52d020e5be83cae5487519154b6c35482fe08d589f3c13?s=96&d=mm&r=g\",\"contentUrl\":\"https:\\\/\\\/secure.gravatar.com\\\/avatar\\\/52e4757902f5cfa5ac52d020e5be83cae5487519154b6c35482fe08d589f3c13?s=96&d=mm&r=g\",\"caption\":\"Universidad de las Artes\"},\"url\":\"https:\\\/\\\/www.uartes.edu.ec\\\/sitio\\\/fr\\\/blog\\\/author\\\/dircomadm\\\/\"}]}<\/script>\n<!-- \/ Yoast SEO plugin. -->","yoast_head_json":{"title":"Universidad de las Artes - Pel\u00edcula \u2018Love To Remain\u2019 gana premio a Mejor Edici\u00f3n en festival de cine de Naciones Unidas","description":"Universidad de las Artes - Pel\u00edcula \u2018Love To Remain\u2019 gana premio a Mejor Edici\u00f3n en festival de cine de Naciones Unidas","robots":{"index":"index","follow":"follow","max-snippet":"max-snippet:-1","max-image-preview":"max-image-preview:large","max-video-preview":"max-video-preview:-1"},"canonical":"https:\/\/www.uartes.edu.ec\/sitio\/fr\/blog\/2017\/12\/18\/pelicula-love-to-remain-gana-premio-a-mejor-edicion-en-festival-de-cine-de-naciones-unidas\/","og_locale":"fr_FR","og_type":"article","og_title":"Universidad de las Artes - Pel\u00edcula \u2018Love To Remain\u2019 gana premio a Mejor Edici\u00f3n en festival de cine de Naciones Unidas","og_description":"Universidad de las Artes - Pel\u00edcula \u2018Love To Remain\u2019 gana premio a Mejor Edici\u00f3n en festival de cine de Naciones Unidas","og_url":"https:\/\/www.uartes.edu.ec\/sitio\/fr\/blog\/2017\/12\/18\/pelicula-love-to-remain-gana-premio-a-mejor-edicion-en-festival-de-cine-de-naciones-unidas\/","og_site_name":"Universidad de las Artes","article_publisher":"https:\/\/www.facebook.com\/uartesec","article_published_time":"2017-12-18T19:22:30+00:00","article_modified_time":"2024-07-04T16:54:01+00:00","author":"Universidad de las Artes","twitter_card":"summary_large_image","twitter_creator":"@uartesec","twitter_site":"@uartesec","twitter_misc":{"\u00c9crit par":"Universidad de las Artes","Dur\u00e9e de lecture estim\u00e9e":"1 minute"},"schema":{"@context":"https:\/\/schema.org","@graph":[{"@type":"Article","@id":"https:\/\/www.uartes.edu.ec\/sitio\/fr\/blog\/2017\/12\/18\/pelicula-love-to-remain-gana-premio-a-mejor-edicion-en-festival-de-cine-de-naciones-unidas\/#article","isPartOf":{"@id":"https:\/\/www.uartes.edu.ec\/sitio\/fr\/blog\/2017\/12\/18\/pelicula-love-to-remain-gana-premio-a-mejor-edicion-en-festival-de-cine-de-naciones-unidas\/"},"author":{"name":"Universidad de las Artes","@id":"https:\/\/www.uartes.edu.ec\/sitio\/fr\/#\/schema\/person\/f33f8c1d2af0d5c80a38c8abf458184a"},"headline":"Pel\u00edcula \u2018Love To Remain\u2019 gana premio a Mejor Edici\u00f3n en festival de cine de Naciones Unidas","datePublished":"2017-12-18T19:22:30+00:00","dateModified":"2024-07-04T16:54:01+00:00","mainEntityOfPage":{"@id":"https:\/\/www.uartes.edu.ec\/sitio\/fr\/blog\/2017\/12\/18\/pelicula-love-to-remain-gana-premio-a-mejor-edicion-en-festival-de-cine-de-naciones-unidas\/"},"wordCount":308,"publisher":{"@id":"https:\/\/www.uartes.edu.ec\/sitio\/fr\/#organization"},"image":{"@id":"https:\/\/www.uartes.edu.ec\/sitio\/fr\/blog\/2017\/12\/18\/pelicula-love-to-remain-gana-premio-a-mejor-edicion-en-festival-de-cine-de-naciones-unidas\/#primaryimage"},"thumbnailUrl":"","articleSection":["Docentes"],"inLanguage":"fr-FR"},{"@type":["WebPage","ItemPage"],"@id":"https:\/\/www.uartes.edu.ec\/sitio\/fr\/blog\/2017\/12\/18\/pelicula-love-to-remain-gana-premio-a-mejor-edicion-en-festival-de-cine-de-naciones-unidas\/","url":"https:\/\/www.uartes.edu.ec\/sitio\/fr\/blog\/2017\/12\/18\/pelicula-love-to-remain-gana-premio-a-mejor-edicion-en-festival-de-cine-de-naciones-unidas\/","name":"Universidad de las Artes - Pel\u00edcula \u2018Love To Remain\u2019 gana premio a Mejor Edici\u00f3n en festival de cine de Naciones Unidas","isPartOf":{"@id":"https:\/\/www.uartes.edu.ec\/sitio\/fr\/#website"},"primaryImageOfPage":{"@id":"https:\/\/www.uartes.edu.ec\/sitio\/fr\/blog\/2017\/12\/18\/pelicula-love-to-remain-gana-premio-a-mejor-edicion-en-festival-de-cine-de-naciones-unidas\/#primaryimage"},"image":{"@id":"https:\/\/www.uartes.edu.ec\/sitio\/fr\/blog\/2017\/12\/18\/pelicula-love-to-remain-gana-premio-a-mejor-edicion-en-festival-de-cine-de-naciones-unidas\/#primaryimage"},"thumbnailUrl":"","datePublished":"2017-12-18T19:22:30+00:00","dateModified":"2024-07-04T16:54:01+00:00","description":"Universidad de las Artes - Pel\u00edcula \u2018Love To Remain\u2019 gana premio a Mejor Edici\u00f3n en festival de cine de Naciones Unidas","breadcrumb":{"@id":"https:\/\/www.uartes.edu.ec\/sitio\/fr\/blog\/2017\/12\/18\/pelicula-love-to-remain-gana-premio-a-mejor-edicion-en-festival-de-cine-de-naciones-unidas\/#breadcrumb"},"inLanguage":"fr-FR","potentialAction":[{"@type":"ReadAction","target":["https:\/\/www.uartes.edu.ec\/sitio\/fr\/blog\/2017\/12\/18\/pelicula-love-to-remain-gana-premio-a-mejor-edicion-en-festival-de-cine-de-naciones-unidas\/"]}]},{"@type":"ImageObject","inLanguage":"fr-FR","@id":"https:\/\/www.uartes.edu.ec\/sitio\/fr\/blog\/2017\/12\/18\/pelicula-love-to-remain-gana-premio-a-mejor-edicion-en-festival-de-cine-de-naciones-unidas\/#primaryimage","url":"","contentUrl":""},{"@type":"BreadcrumbList","@id":"https:\/\/www.uartes.edu.ec\/sitio\/fr\/blog\/2017\/12\/18\/pelicula-love-to-remain-gana-premio-a-mejor-edicion-en-festival-de-cine-de-naciones-unidas\/#breadcrumb","itemListElement":[{"@type":"ListItem","position":1,"name":"Inicio","item":"https:\/\/www.uartes.edu.ec\/sitio\/"},{"@type":"ListItem","position":2,"name":"Pel\u00edcula \u2018Love To Remain\u2019 gana premio a Mejor Edici\u00f3n en festival de cine de Naciones Unidas"}]},{"@type":"WebSite","@id":"https:\/\/www.uartes.edu.ec\/sitio\/fr\/#website","url":"https:\/\/www.uartes.edu.ec\/sitio\/fr\/","name":"Universidad de las Artes","description":"Sitio oficial de la Universidad Nacional de las Artes del Ecuador","publisher":{"@id":"https:\/\/www.uartes.edu.ec\/sitio\/fr\/#organization"},"potentialAction":[{"@type":"SearchAction","target":{"@type":"EntryPoint","urlTemplate":"https:\/\/www.uartes.edu.ec\/sitio\/fr\/?s={search_term_string}"},"query-input":{"@type":"PropertyValueSpecification","valueRequired":true,"valueName":"search_term_string"}}],"inLanguage":"fr-FR"},{"@type":"Organization","@id":"https:\/\/www.uartes.edu.ec\/sitio\/fr\/#organization","name":"Universidad de las Artes","url":"https:\/\/www.uartes.edu.ec\/sitio\/fr\/","logo":{"@type":"ImageObject","inLanguage":"fr-FR","@id":"https:\/\/www.uartes.edu.ec\/sitio\/fr\/#\/schema\/logo\/image\/","url":"https:\/\/www.uartes.edu.ec\/sitio\/wp-content\/uploads\/2022\/07\/logo-ua-horizontal.png","contentUrl":"https:\/\/www.uartes.edu.ec\/sitio\/wp-content\/uploads\/2022\/07\/logo-ua-horizontal.png","width":800,"height":276,"caption":"Universidad de las Artes"},"image":{"@id":"https:\/\/www.uartes.edu.ec\/sitio\/fr\/#\/schema\/logo\/image\/"},"sameAs":["https:\/\/www.facebook.com\/uartesec","https:\/\/x.com\/uartesec","https:\/\/www.tiktok.com\/@uartesec"]},{"@type":"Person","@id":"https:\/\/www.uartes.edu.ec\/sitio\/fr\/#\/schema\/person\/f33f8c1d2af0d5c80a38c8abf458184a","name":"Universidad de las Artes","image":{"@type":"ImageObject","inLanguage":"fr-FR","@id":"https:\/\/secure.gravatar.com\/avatar\/52e4757902f5cfa5ac52d020e5be83cae5487519154b6c35482fe08d589f3c13?s=96&d=mm&r=g","url":"https:\/\/secure.gravatar.com\/avatar\/52e4757902f5cfa5ac52d020e5be83cae5487519154b6c35482fe08d589f3c13?s=96&d=mm&r=g","contentUrl":"https:\/\/secure.gravatar.com\/avatar\/52e4757902f5cfa5ac52d020e5be83cae5487519154b6c35482fe08d589f3c13?s=96&d=mm&r=g","caption":"Universidad de las Artes"},"url":"https:\/\/www.uartes.edu.ec\/sitio\/fr\/blog\/author\/dircomadm\/"}]}},"uagb_featured_image_src":{"full":false,"thumbnail":false,"medium":false,"medium_large":false,"large":false,"1536x1536":false,"2048x2048":false,"trp-custom-language-flag":false,"htmega_size_585x295":false,"htmega_size_1170x536":false,"htmega_size_396x360":false,"gb-block-post-grid-landscape":false,"gb-block-post-grid-square":false,"university-hub-thumb":false,"mailpoet_newsletter_max":false},"uagb_author_info":{"display_name":"Universidad de las Artes","author_link":"https:\/\/www.uartes.edu.ec\/sitio\/fr\/blog\/author\/dircomadm\/"},"uagb_comment_info":0,"uagb_excerpt":"Love To Remain, pel\u00edcula dirigida por Sebastian y Diego Benalc\u00e1zar, docente de la Universidad de las Artes, gan\u00f3 el premio a \u2018Mejor Edici\u00f3n\u2019 en el festival de cine \u201830 Under 30 Film Festival\u2019, encuentro apoyado por la secci\u00f3n UN Women de las Naciones Unidas y realizado en New York, Estados Unidos. Este evento recoge a\u2026","featured_image_src":null,"featured_image_src_square":null,"author_info":{"display_name":"Universidad de las Artes","author_link":"https:\/\/www.uartes.edu.ec\/sitio\/fr\/blog\/author\/dircomadm\/"},"publishpress_future_workflow_manual_trigger":{"enabledWorkflows":[]},"distributor_meta":false,"distributor_terms":false,"distributor_media":false,"distributor_original_site_name":"Universidad de las Artes","distributor_original_site_url":"https:\/\/www.uartes.edu.ec\/sitio\/fr","push-errors":false,"_links":{"self":[{"href":"https:\/\/www.uartes.edu.ec\/sitio\/fr\/wp-json\/wp\/v2\/posts\/1085","targetHints":{"allow":["GET"]}}],"collection":[{"href":"https:\/\/www.uartes.edu.ec\/sitio\/fr\/wp-json\/wp\/v2\/posts"}],"about":[{"href":"https:\/\/www.uartes.edu.ec\/sitio\/fr\/wp-json\/wp\/v2\/types\/post"}],"author":[{"embeddable":true,"href":"https:\/\/www.uartes.edu.ec\/sitio\/fr\/wp-json\/wp\/v2\/users\/1"}],"replies":[{"embeddable":true,"href":"https:\/\/www.uartes.edu.ec\/sitio\/fr\/wp-json\/wp\/v2\/comments?post=1085"}],"version-history":[{"count":1,"href":"https:\/\/www.uartes.edu.ec\/sitio\/fr\/wp-json\/wp\/v2\/posts\/1085\/revisions"}],"predecessor-version":[{"id":57912,"href":"https:\/\/www.uartes.edu.ec\/sitio\/fr\/wp-json\/wp\/v2\/posts\/1085\/revisions\/57912"}],"wp:featuredmedia":[{"embeddable":true,"href":"https:\/\/www.uartes.edu.ec\/sitio\/fr\/wp-json\/"}],"wp:attachment":[{"href":"https:\/\/www.uartes.edu.ec\/sitio\/fr\/wp-json\/wp\/v2\/media?parent=1085"}],"wp:term":[{"taxonomy":"category","embeddable":true,"href":"https:\/\/www.uartes.edu.ec\/sitio\/fr\/wp-json\/wp\/v2\/categories?post=1085"},{"taxonomy":"post_tag","embeddable":true,"href":"https:\/\/www.uartes.edu.ec\/sitio\/fr\/wp-json\/wp\/v2\/tags?post=1085"},{"taxonomy":"infouartes","embeddable":true,"href":"https:\/\/www.uartes.edu.ec\/sitio\/fr\/wp-json\/wp\/v2\/infouartes?post=1085"}],"curies":[{"name":"wp","href":"https:\/\/api.w.org\/{rel}","templated":true}]}}