{"id":11531,"date":"2020-12-07T11:01:44","date_gmt":"2020-12-07T16:01:44","guid":{"rendered":"http:\/\/www.uartes.edu.ec\/sitio\/?p=11531"},"modified":"2024-07-04T11:33:18","modified_gmt":"2024-07-04T16:33:18","slug":"nantu-mantilla-explora-en-la-cotidianidad-de-una-familia-en-el-corto-mi-carpa-roja","status":"publish","type":"post","link":"https:\/\/www.uartes.edu.ec\/sitio\/fr\/blog\/2020\/12\/07\/nantu-mantilla-explora-en-la-cotidianidad-de-una-familia-en-el-corto-mi-carpa-roja\/","title":{"rendered":"Nantu Mantilla explora en la cotidianidad de una familia en el corto \u201cMi carpa roja\u201d"},"content":{"rendered":"<p><em>Mi carpa roja<\/em>&nbsp;es un cortometraje que hace uso de los recursos de la modalidad de observaci\u00f3n para explorar lo cotidiano de la familia Mart\u00ednez Bermeo, que vive y viaja en su circo Tivoli. El fin es dignificar y preservar sus valores como instituci\u00f3n familiar y art\u00edstica, y hacer un retrato de los ni\u00f1os que crecen en circunstancias tan particulares.<\/p>\n\n\n\n<p>Nantu Kabzana Mantilla Aux, egresada de la Escuela de Cine de la Universidad de las Artes, da cuenta as\u00ed del proyecto de tesis que present\u00f3, previa la obtenci\u00f3n de la licenciatura. Es art\u00edstico, una funci\u00f3n Individual dentro de una realizaci\u00f3n cinematogr\u00e1fica grupal (cortometraje) y lo titul\u00f3 \u201cEl habitar en el cine documental de observaci\u00f3n:\u00a0<em>Mi carpa roja\u201d<\/em>.<\/p>\n\n\n\n<figure class=\"wp-block-image alignfull size-large is-style-default\"><img fetchpriority=\"high\" decoding=\"async\" width=\"644\" height=\"429\" src=\"http:\/\/www.uartes.edu.ec\/sitio\/wp-content\/uploads\/2020\/12\/04-NANTU-MANTILLA-3-644x429.jpg\" alt=\"\" class=\"wp-image-11519\" srcset=\"https:\/\/www.uartes.edu.ec\/sitio\/wp-content\/uploads\/2020\/12\/04-NANTU-MANTILLA-3-644x429.jpg 644w, https:\/\/www.uartes.edu.ec\/sitio\/wp-content\/uploads\/2020\/12\/04-NANTU-MANTILLA-3-300x200.jpg 300w, https:\/\/www.uartes.edu.ec\/sitio\/wp-content\/uploads\/2020\/12\/04-NANTU-MANTILLA-3-768x512.jpg 768w, https:\/\/www.uartes.edu.ec\/sitio\/wp-content\/uploads\/2020\/12\/04-NANTU-MANTILLA-3-1536x1024.jpg 1536w, https:\/\/www.uartes.edu.ec\/sitio\/wp-content\/uploads\/2020\/12\/04-NANTU-MANTILLA-3-600x400.jpg 600w, https:\/\/www.uartes.edu.ec\/sitio\/wp-content\/uploads\/2020\/12\/04-NANTU-MANTILLA-3-1140x760.jpg 1140w, https:\/\/www.uartes.edu.ec\/sitio\/wp-content\/uploads\/2020\/12\/04-NANTU-MANTILLA-3-272x182.jpg 272w, https:\/\/www.uartes.edu.ec\/sitio\/wp-content\/uploads\/2020\/12\/04-NANTU-MANTILLA-3.jpg 2000w\" sizes=\"(max-width: 644px) 100vw, 644px\" \/><\/figure>\n\n\n\n<p>\u201cEs indispensable indagar el documental desde otros lenguajes, como el observacional. Esta modalidad que hace hincapi\u00e9 en la no intervenci\u00f3n del realizador, elemento que ofrece al espectador un lugar \u2018especial\u2019. La elecci\u00f3n de no involucrar voice over, los intert\u00edtulos, las entrevistas o la m\u00fasica dieg\u00e9tica, trasmiten una sensaci\u00f3n de acceso sin trabas ni mediaciones a la realidad representada, posibilitando el disfrute y la reflexi\u00f3n sobre acciones que se desenvuelven en aparente naturalidad\u201d, se\u00f1ala en di\u00e1logo con InfoUArtes.<\/p>\n\n\n\n<p>\u00a0Agrega que el desarrollo de la investigaci\u00f3n, la producci\u00f3n y posproducci\u00f3n del cortometraje le tom\u00f3 a\u00f1o y medio; fue un proyecto estudiantil que\u00a0result\u00f3 beneficiado de un concurso organizado por la Escuela de Cine de la Universidad de la Artes, por lo cual cont\u00f3 con el apoyo de los equipos para grabar y editar. Para solventar gastos log\u00edsticos para el rodaje, como transporte, hospedaje y comida, Nantu Mantilla se\u00f1ala que debi\u00f3 levantar una campa\u00f1a de crowdfunding.\u00a0<\/p>\n\n\n\n<figure class=\"wp-block-image alignfull size-large is-style-default\"><img decoding=\"async\" width=\"644\" height=\"429\" src=\"http:\/\/www.uartes.edu.ec\/sitio\/wp-content\/uploads\/2020\/12\/04-NANTU-MANTILLA-2-644x429.jpg\" alt=\"\" class=\"wp-image-11520\" srcset=\"https:\/\/www.uartes.edu.ec\/sitio\/wp-content\/uploads\/2020\/12\/04-NANTU-MANTILLA-2-644x429.jpg 644w, https:\/\/www.uartes.edu.ec\/sitio\/wp-content\/uploads\/2020\/12\/04-NANTU-MANTILLA-2-300x200.jpg 300w, https:\/\/www.uartes.edu.ec\/sitio\/wp-content\/uploads\/2020\/12\/04-NANTU-MANTILLA-2-768x512.jpg 768w, https:\/\/www.uartes.edu.ec\/sitio\/wp-content\/uploads\/2020\/12\/04-NANTU-MANTILLA-2-1536x1024.jpg 1536w, https:\/\/www.uartes.edu.ec\/sitio\/wp-content\/uploads\/2020\/12\/04-NANTU-MANTILLA-2-600x400.jpg 600w, https:\/\/www.uartes.edu.ec\/sitio\/wp-content\/uploads\/2020\/12\/04-NANTU-MANTILLA-2-1140x760.jpg 1140w, https:\/\/www.uartes.edu.ec\/sitio\/wp-content\/uploads\/2020\/12\/04-NANTU-MANTILLA-2-272x182.jpg 272w, https:\/\/www.uartes.edu.ec\/sitio\/wp-content\/uploads\/2020\/12\/04-NANTU-MANTILLA-2.jpg 2000w\" sizes=\"(max-width: 644px) 100vw, 644px\" \/><\/figure>\n\n\n\n<p>La defensa la sustent\u00f3 v\u00eda videoconferencia y de entre los miembros del jurado surgi\u00f3 la inquietud de que si el cortometraje&nbsp;<em>Mi carpa roja<\/em>&nbsp;ten\u00eda similitudes o diferencias en relaci\u00f3n&nbsp;<em>A medio camino<\/em>, el corto que dirigi\u00f3 para Laboratorio 2. Una consideraci\u00f3n salt\u00f3 entonces. \u201cAmbos proyectos ten\u00edan una b\u00fasqueda por representar la realidad desde la observaci\u00f3n, modalidad que se caracteriza por tener una est\u00e9tica muy bien cuidada, lo cual la asemeja a la ficci\u00f3n. Son, adem\u00e1s, representaciones ancladas en el presente y, por ello, hay&nbsp;una constante reflexi\u00f3n sobre c\u00f3mo las personas se relacionan con los espacios en que habitan.<\/p>","protected":false},"excerpt":{"rendered":"<p>Mi carpa roja es un cortometraje que hace uso de los recursos de la modalidad de observaci\u00f3n para explorar lo cotidiano de la familia Mart\u00ednez Bermeo, que vive y viaja en su circo Tivoli. El fin es dignificar y preservar sus valores como instituci\u00f3n familiar y art\u00edstica, y hacer un retrato de los ni\u00f1os que crecen en circunstancias tan particulares.<\/p>","protected":false},"author":1,"featured_media":11518,"comment_status":"closed","ping_status":"closed","sticky":false,"template":"","format":"standard","meta":{"_acf_changed":false,"_uag_custom_page_level_css":"","_monsterinsights_skip_tracking":false,"_monsterinsights_sitenote_active":false,"_monsterinsights_sitenote_note":"","_monsterinsights_sitenote_category":0,"cybocfi_hide_featured_image":"","footnotes":""},"categories":[80,147,76],"tags":[200],"infouartes":[],"class_list":["post-11531","post","type-post","status-publish","format-standard","has-post-thumbnail","hentry","category-academico","category-cine","category-estudiantes","tag-titulacion"],"acf":[],"yoast_head":"<!-- This site is optimized with the Yoast SEO plugin v27.4 - https:\/\/yoast.com\/product\/yoast-seo-wordpress\/ -->\n<title>Universidad de las Artes - Nantu Mantilla explora en la cotidianidad de una familia en el corto \u201cMi carpa roja\u201d<\/title>\n<meta name=\"description\" content=\"Universidad de las Artes - Nantu Mantilla explora en la cotidianidad de una familia en el corto \u201cMi carpa roja\u201d\" \/>\n<meta name=\"robots\" content=\"index, follow, max-snippet:-1, max-image-preview:large, max-video-preview:-1\" \/>\n<link rel=\"canonical\" href=\"https:\/\/www.uartes.edu.ec\/sitio\/fr\/blog\/2020\/12\/07\/nantu-mantilla-explora-en-la-cotidianidad-de-una-familia-en-el-corto-mi-carpa-roja\/\" \/>\n<meta property=\"og:locale\" content=\"fr_FR\" \/>\n<meta property=\"og:type\" content=\"article\" \/>\n<meta property=\"og:title\" content=\"Universidad de las Artes - Nantu Mantilla explora en la cotidianidad de una familia en el corto \u201cMi carpa roja\u201d\" \/>\n<meta property=\"og:description\" content=\"Universidad de las Artes - Nantu Mantilla explora en la cotidianidad de una familia en el corto \u201cMi carpa roja\u201d\" \/>\n<meta property=\"og:url\" content=\"https:\/\/www.uartes.edu.ec\/sitio\/fr\/blog\/2020\/12\/07\/nantu-mantilla-explora-en-la-cotidianidad-de-una-familia-en-el-corto-mi-carpa-roja\/\" \/>\n<meta property=\"og:site_name\" content=\"Universidad de las Artes\" \/>\n<meta property=\"article:publisher\" content=\"https:\/\/www.facebook.com\/uartesec\" \/>\n<meta property=\"article:published_time\" content=\"2020-12-07T16:01:44+00:00\" \/>\n<meta property=\"article:modified_time\" content=\"2024-07-04T16:33:18+00:00\" \/>\n<meta property=\"og:image\" content=\"https:\/\/www.uartes.edu.ec\/sitio\/wp-content\/uploads\/2020\/12\/04-NANTU-MANTILLA.jpg\" \/>\n\t<meta property=\"og:image:width\" content=\"2000\" \/>\n\t<meta property=\"og:image:height\" content=\"1333\" \/>\n\t<meta property=\"og:image:type\" content=\"image\/jpeg\" \/>\n<meta name=\"author\" content=\"Universidad de las Artes\" \/>\n<meta name=\"twitter:card\" content=\"summary_large_image\" \/>\n<meta name=\"twitter:creator\" content=\"@uartesec\" \/>\n<meta name=\"twitter:site\" content=\"@uartesec\" \/>\n<meta name=\"twitter:label1\" content=\"\u00c9crit par\" \/>\n\t<meta name=\"twitter:data1\" content=\"Universidad de las Artes\" \/>\n\t<meta name=\"twitter:label2\" content=\"Dur\u00e9e de lecture estim\u00e9e\" \/>\n\t<meta name=\"twitter:data2\" content=\"2 minutes\" \/>\n<script type=\"application\/ld+json\" class=\"yoast-schema-graph\">{\"@context\":\"https:\\\/\\\/schema.org\",\"@graph\":[{\"@type\":\"Article\",\"@id\":\"https:\\\/\\\/www.uartes.edu.ec\\\/sitio\\\/fr\\\/blog\\\/2020\\\/12\\\/07\\\/nantu-mantilla-explora-en-la-cotidianidad-de-una-familia-en-el-corto-mi-carpa-roja\\\/#article\",\"isPartOf\":{\"@id\":\"https:\\\/\\\/www.uartes.edu.ec\\\/sitio\\\/fr\\\/blog\\\/2020\\\/12\\\/07\\\/nantu-mantilla-explora-en-la-cotidianidad-de-una-familia-en-el-corto-mi-carpa-roja\\\/\"},\"author\":{\"name\":\"Universidad de las Artes\",\"@id\":\"https:\\\/\\\/www.uartes.edu.ec\\\/sitio\\\/fr\\\/#\\\/schema\\\/person\\\/f33f8c1d2af0d5c80a38c8abf458184a\"},\"headline\":\"Nantu Mantilla explora en la cotidianidad de una familia en el corto \u201cMi carpa roja\u201d\",\"datePublished\":\"2020-12-07T16:01:44+00:00\",\"dateModified\":\"2024-07-04T16:33:18+00:00\",\"mainEntityOfPage\":{\"@id\":\"https:\\\/\\\/www.uartes.edu.ec\\\/sitio\\\/fr\\\/blog\\\/2020\\\/12\\\/07\\\/nantu-mantilla-explora-en-la-cotidianidad-de-una-familia-en-el-corto-mi-carpa-roja\\\/\"},\"wordCount\":428,\"publisher\":{\"@id\":\"https:\\\/\\\/www.uartes.edu.ec\\\/sitio\\\/fr\\\/#organization\"},\"image\":{\"@id\":\"https:\\\/\\\/www.uartes.edu.ec\\\/sitio\\\/fr\\\/blog\\\/2020\\\/12\\\/07\\\/nantu-mantilla-explora-en-la-cotidianidad-de-una-familia-en-el-corto-mi-carpa-roja\\\/#primaryimage\"},\"thumbnailUrl\":\"https:\\\/\\\/www.uartes.edu.ec\\\/sitio\\\/wp-content\\\/uploads\\\/2020\\\/12\\\/04-NANTU-MANTILLA.jpg\",\"keywords\":[\"titulaci\u00f3n\"],\"articleSection\":[\"Acad\u00e9mico\",\"Cine\",\"Estudiantes\"],\"inLanguage\":\"fr-FR\"},{\"@type\":[\"WebPage\",\"ItemPage\"],\"@id\":\"https:\\\/\\\/www.uartes.edu.ec\\\/sitio\\\/fr\\\/blog\\\/2020\\\/12\\\/07\\\/nantu-mantilla-explora-en-la-cotidianidad-de-una-familia-en-el-corto-mi-carpa-roja\\\/\",\"url\":\"https:\\\/\\\/www.uartes.edu.ec\\\/sitio\\\/fr\\\/blog\\\/2020\\\/12\\\/07\\\/nantu-mantilla-explora-en-la-cotidianidad-de-una-familia-en-el-corto-mi-carpa-roja\\\/\",\"name\":\"Universidad de las Artes - Nantu Mantilla explora en la cotidianidad de una familia en el corto \u201cMi carpa roja\u201d\",\"isPartOf\":{\"@id\":\"https:\\\/\\\/www.uartes.edu.ec\\\/sitio\\\/fr\\\/#website\"},\"primaryImageOfPage\":{\"@id\":\"https:\\\/\\\/www.uartes.edu.ec\\\/sitio\\\/fr\\\/blog\\\/2020\\\/12\\\/07\\\/nantu-mantilla-explora-en-la-cotidianidad-de-una-familia-en-el-corto-mi-carpa-roja\\\/#primaryimage\"},\"image\":{\"@id\":\"https:\\\/\\\/www.uartes.edu.ec\\\/sitio\\\/fr\\\/blog\\\/2020\\\/12\\\/07\\\/nantu-mantilla-explora-en-la-cotidianidad-de-una-familia-en-el-corto-mi-carpa-roja\\\/#primaryimage\"},\"thumbnailUrl\":\"https:\\\/\\\/www.uartes.edu.ec\\\/sitio\\\/wp-content\\\/uploads\\\/2020\\\/12\\\/04-NANTU-MANTILLA.jpg\",\"datePublished\":\"2020-12-07T16:01:44+00:00\",\"dateModified\":\"2024-07-04T16:33:18+00:00\",\"description\":\"Universidad de las Artes - Nantu Mantilla explora en la cotidianidad de una familia en el corto \u201cMi carpa roja\u201d\",\"breadcrumb\":{\"@id\":\"https:\\\/\\\/www.uartes.edu.ec\\\/sitio\\\/fr\\\/blog\\\/2020\\\/12\\\/07\\\/nantu-mantilla-explora-en-la-cotidianidad-de-una-familia-en-el-corto-mi-carpa-roja\\\/#breadcrumb\"},\"inLanguage\":\"fr-FR\",\"potentialAction\":[{\"@type\":\"ReadAction\",\"target\":[\"https:\\\/\\\/www.uartes.edu.ec\\\/sitio\\\/fr\\\/blog\\\/2020\\\/12\\\/07\\\/nantu-mantilla-explora-en-la-cotidianidad-de-una-familia-en-el-corto-mi-carpa-roja\\\/\"]}]},{\"@type\":\"ImageObject\",\"inLanguage\":\"fr-FR\",\"@id\":\"https:\\\/\\\/www.uartes.edu.ec\\\/sitio\\\/fr\\\/blog\\\/2020\\\/12\\\/07\\\/nantu-mantilla-explora-en-la-cotidianidad-de-una-familia-en-el-corto-mi-carpa-roja\\\/#primaryimage\",\"url\":\"https:\\\/\\\/www.uartes.edu.ec\\\/sitio\\\/wp-content\\\/uploads\\\/2020\\\/12\\\/04-NANTU-MANTILLA.jpg\",\"contentUrl\":\"https:\\\/\\\/www.uartes.edu.ec\\\/sitio\\\/wp-content\\\/uploads\\\/2020\\\/12\\\/04-NANTU-MANTILLA.jpg\",\"width\":2000,\"height\":1333},{\"@type\":\"BreadcrumbList\",\"@id\":\"https:\\\/\\\/www.uartes.edu.ec\\\/sitio\\\/fr\\\/blog\\\/2020\\\/12\\\/07\\\/nantu-mantilla-explora-en-la-cotidianidad-de-una-familia-en-el-corto-mi-carpa-roja\\\/#breadcrumb\",\"itemListElement\":[{\"@type\":\"ListItem\",\"position\":1,\"name\":\"Inicio\",\"item\":\"https:\\\/\\\/www.uartes.edu.ec\\\/sitio\\\/\"},{\"@type\":\"ListItem\",\"position\":2,\"name\":\"Nantu Mantilla explora en la cotidianidad de una familia en el corto \u201cMi carpa roja\u201d\"}]},{\"@type\":\"WebSite\",\"@id\":\"https:\\\/\\\/www.uartes.edu.ec\\\/sitio\\\/fr\\\/#website\",\"url\":\"https:\\\/\\\/www.uartes.edu.ec\\\/sitio\\\/fr\\\/\",\"name\":\"Universidad de las Artes\",\"description\":\"Sitio oficial de la Universidad Nacional de las Artes del Ecuador\",\"publisher\":{\"@id\":\"https:\\\/\\\/www.uartes.edu.ec\\\/sitio\\\/fr\\\/#organization\"},\"potentialAction\":[{\"@type\":\"SearchAction\",\"target\":{\"@type\":\"EntryPoint\",\"urlTemplate\":\"https:\\\/\\\/www.uartes.edu.ec\\\/sitio\\\/fr\\\/?s={search_term_string}\"},\"query-input\":{\"@type\":\"PropertyValueSpecification\",\"valueRequired\":true,\"valueName\":\"search_term_string\"}}],\"inLanguage\":\"fr-FR\"},{\"@type\":\"Organization\",\"@id\":\"https:\\\/\\\/www.uartes.edu.ec\\\/sitio\\\/fr\\\/#organization\",\"name\":\"Universidad de las Artes\",\"url\":\"https:\\\/\\\/www.uartes.edu.ec\\\/sitio\\\/fr\\\/\",\"logo\":{\"@type\":\"ImageObject\",\"inLanguage\":\"fr-FR\",\"@id\":\"https:\\\/\\\/www.uartes.edu.ec\\\/sitio\\\/fr\\\/#\\\/schema\\\/logo\\\/image\\\/\",\"url\":\"https:\\\/\\\/www.uartes.edu.ec\\\/sitio\\\/wp-content\\\/uploads\\\/2022\\\/07\\\/logo-ua-horizontal.png\",\"contentUrl\":\"https:\\\/\\\/www.uartes.edu.ec\\\/sitio\\\/wp-content\\\/uploads\\\/2022\\\/07\\\/logo-ua-horizontal.png\",\"width\":800,\"height\":276,\"caption\":\"Universidad de las Artes\"},\"image\":{\"@id\":\"https:\\\/\\\/www.uartes.edu.ec\\\/sitio\\\/fr\\\/#\\\/schema\\\/logo\\\/image\\\/\"},\"sameAs\":[\"https:\\\/\\\/www.facebook.com\\\/uartesec\",\"https:\\\/\\\/x.com\\\/uartesec\",\"https:\\\/\\\/www.tiktok.com\\\/@uartesec\"]},{\"@type\":\"Person\",\"@id\":\"https:\\\/\\\/www.uartes.edu.ec\\\/sitio\\\/fr\\\/#\\\/schema\\\/person\\\/f33f8c1d2af0d5c80a38c8abf458184a\",\"name\":\"Universidad de las Artes\",\"image\":{\"@type\":\"ImageObject\",\"inLanguage\":\"fr-FR\",\"@id\":\"https:\\\/\\\/secure.gravatar.com\\\/avatar\\\/52e4757902f5cfa5ac52d020e5be83cae5487519154b6c35482fe08d589f3c13?s=96&d=mm&r=g\",\"url\":\"https:\\\/\\\/secure.gravatar.com\\\/avatar\\\/52e4757902f5cfa5ac52d020e5be83cae5487519154b6c35482fe08d589f3c13?s=96&d=mm&r=g\",\"contentUrl\":\"https:\\\/\\\/secure.gravatar.com\\\/avatar\\\/52e4757902f5cfa5ac52d020e5be83cae5487519154b6c35482fe08d589f3c13?s=96&d=mm&r=g\",\"caption\":\"Universidad de las Artes\"},\"url\":\"https:\\\/\\\/www.uartes.edu.ec\\\/sitio\\\/fr\\\/blog\\\/author\\\/dircomadm\\\/\"}]}<\/script>\n<!-- \/ Yoast SEO plugin. -->","yoast_head_json":{"title":"Universidad de las Artes - Nantu Mantilla explora en la cotidianidad de una familia en el corto \u201cMi carpa roja\u201d","description":"Universidad de las Artes - Nantu Mantilla explora en la cotidianidad de una familia en el corto \u201cMi carpa roja\u201d","robots":{"index":"index","follow":"follow","max-snippet":"max-snippet:-1","max-image-preview":"max-image-preview:large","max-video-preview":"max-video-preview:-1"},"canonical":"https:\/\/www.uartes.edu.ec\/sitio\/fr\/blog\/2020\/12\/07\/nantu-mantilla-explora-en-la-cotidianidad-de-una-familia-en-el-corto-mi-carpa-roja\/","og_locale":"fr_FR","og_type":"article","og_title":"Universidad de las Artes - Nantu Mantilla explora en la cotidianidad de una familia en el corto \u201cMi carpa roja\u201d","og_description":"Universidad de las Artes - Nantu Mantilla explora en la cotidianidad de una familia en el corto \u201cMi carpa roja\u201d","og_url":"https:\/\/www.uartes.edu.ec\/sitio\/fr\/blog\/2020\/12\/07\/nantu-mantilla-explora-en-la-cotidianidad-de-una-familia-en-el-corto-mi-carpa-roja\/","og_site_name":"Universidad de las Artes","article_publisher":"https:\/\/www.facebook.com\/uartesec","article_published_time":"2020-12-07T16:01:44+00:00","article_modified_time":"2024-07-04T16:33:18+00:00","og_image":[{"width":2000,"height":1333,"url":"https:\/\/www.uartes.edu.ec\/sitio\/wp-content\/uploads\/2020\/12\/04-NANTU-MANTILLA.jpg","type":"image\/jpeg"}],"author":"Universidad de las Artes","twitter_card":"summary_large_image","twitter_creator":"@uartesec","twitter_site":"@uartesec","twitter_misc":{"\u00c9crit par":"Universidad de las Artes","Dur\u00e9e de lecture estim\u00e9e":"2 minutes"},"schema":{"@context":"https:\/\/schema.org","@graph":[{"@type":"Article","@id":"https:\/\/www.uartes.edu.ec\/sitio\/fr\/blog\/2020\/12\/07\/nantu-mantilla-explora-en-la-cotidianidad-de-una-familia-en-el-corto-mi-carpa-roja\/#article","isPartOf":{"@id":"https:\/\/www.uartes.edu.ec\/sitio\/fr\/blog\/2020\/12\/07\/nantu-mantilla-explora-en-la-cotidianidad-de-una-familia-en-el-corto-mi-carpa-roja\/"},"author":{"name":"Universidad de las Artes","@id":"https:\/\/www.uartes.edu.ec\/sitio\/fr\/#\/schema\/person\/f33f8c1d2af0d5c80a38c8abf458184a"},"headline":"Nantu Mantilla explora en la cotidianidad de una familia en el corto \u201cMi carpa roja\u201d","datePublished":"2020-12-07T16:01:44+00:00","dateModified":"2024-07-04T16:33:18+00:00","mainEntityOfPage":{"@id":"https:\/\/www.uartes.edu.ec\/sitio\/fr\/blog\/2020\/12\/07\/nantu-mantilla-explora-en-la-cotidianidad-de-una-familia-en-el-corto-mi-carpa-roja\/"},"wordCount":428,"publisher":{"@id":"https:\/\/www.uartes.edu.ec\/sitio\/fr\/#organization"},"image":{"@id":"https:\/\/www.uartes.edu.ec\/sitio\/fr\/blog\/2020\/12\/07\/nantu-mantilla-explora-en-la-cotidianidad-de-una-familia-en-el-corto-mi-carpa-roja\/#primaryimage"},"thumbnailUrl":"https:\/\/www.uartes.edu.ec\/sitio\/wp-content\/uploads\/2020\/12\/04-NANTU-MANTILLA.jpg","keywords":["titulaci\u00f3n"],"articleSection":["Acad\u00e9mico","Cine","Estudiantes"],"inLanguage":"fr-FR"},{"@type":["WebPage","ItemPage"],"@id":"https:\/\/www.uartes.edu.ec\/sitio\/fr\/blog\/2020\/12\/07\/nantu-mantilla-explora-en-la-cotidianidad-de-una-familia-en-el-corto-mi-carpa-roja\/","url":"https:\/\/www.uartes.edu.ec\/sitio\/fr\/blog\/2020\/12\/07\/nantu-mantilla-explora-en-la-cotidianidad-de-una-familia-en-el-corto-mi-carpa-roja\/","name":"Universidad de las Artes - Nantu Mantilla explora en la cotidianidad de una familia en el corto \u201cMi carpa roja\u201d","isPartOf":{"@id":"https:\/\/www.uartes.edu.ec\/sitio\/fr\/#website"},"primaryImageOfPage":{"@id":"https:\/\/www.uartes.edu.ec\/sitio\/fr\/blog\/2020\/12\/07\/nantu-mantilla-explora-en-la-cotidianidad-de-una-familia-en-el-corto-mi-carpa-roja\/#primaryimage"},"image":{"@id":"https:\/\/www.uartes.edu.ec\/sitio\/fr\/blog\/2020\/12\/07\/nantu-mantilla-explora-en-la-cotidianidad-de-una-familia-en-el-corto-mi-carpa-roja\/#primaryimage"},"thumbnailUrl":"https:\/\/www.uartes.edu.ec\/sitio\/wp-content\/uploads\/2020\/12\/04-NANTU-MANTILLA.jpg","datePublished":"2020-12-07T16:01:44+00:00","dateModified":"2024-07-04T16:33:18+00:00","description":"Universidad de las Artes - Nantu Mantilla explora en la cotidianidad de una familia en el corto \u201cMi carpa roja\u201d","breadcrumb":{"@id":"https:\/\/www.uartes.edu.ec\/sitio\/fr\/blog\/2020\/12\/07\/nantu-mantilla-explora-en-la-cotidianidad-de-una-familia-en-el-corto-mi-carpa-roja\/#breadcrumb"},"inLanguage":"fr-FR","potentialAction":[{"@type":"ReadAction","target":["https:\/\/www.uartes.edu.ec\/sitio\/fr\/blog\/2020\/12\/07\/nantu-mantilla-explora-en-la-cotidianidad-de-una-familia-en-el-corto-mi-carpa-roja\/"]}]},{"@type":"ImageObject","inLanguage":"fr-FR","@id":"https:\/\/www.uartes.edu.ec\/sitio\/fr\/blog\/2020\/12\/07\/nantu-mantilla-explora-en-la-cotidianidad-de-una-familia-en-el-corto-mi-carpa-roja\/#primaryimage","url":"https:\/\/www.uartes.edu.ec\/sitio\/wp-content\/uploads\/2020\/12\/04-NANTU-MANTILLA.jpg","contentUrl":"https:\/\/www.uartes.edu.ec\/sitio\/wp-content\/uploads\/2020\/12\/04-NANTU-MANTILLA.jpg","width":2000,"height":1333},{"@type":"BreadcrumbList","@id":"https:\/\/www.uartes.edu.ec\/sitio\/fr\/blog\/2020\/12\/07\/nantu-mantilla-explora-en-la-cotidianidad-de-una-familia-en-el-corto-mi-carpa-roja\/#breadcrumb","itemListElement":[{"@type":"ListItem","position":1,"name":"Inicio","item":"https:\/\/www.uartes.edu.ec\/sitio\/"},{"@type":"ListItem","position":2,"name":"Nantu Mantilla explora en la cotidianidad de una familia en el corto \u201cMi carpa roja\u201d"}]},{"@type":"WebSite","@id":"https:\/\/www.uartes.edu.ec\/sitio\/fr\/#website","url":"https:\/\/www.uartes.edu.ec\/sitio\/fr\/","name":"Universidad de las Artes","description":"Sitio oficial de la Universidad Nacional de las Artes del Ecuador","publisher":{"@id":"https:\/\/www.uartes.edu.ec\/sitio\/fr\/#organization"},"potentialAction":[{"@type":"SearchAction","target":{"@type":"EntryPoint","urlTemplate":"https:\/\/www.uartes.edu.ec\/sitio\/fr\/?s={search_term_string}"},"query-input":{"@type":"PropertyValueSpecification","valueRequired":true,"valueName":"search_term_string"}}],"inLanguage":"fr-FR"},{"@type":"Organization","@id":"https:\/\/www.uartes.edu.ec\/sitio\/fr\/#organization","name":"Universidad de las Artes","url":"https:\/\/www.uartes.edu.ec\/sitio\/fr\/","logo":{"@type":"ImageObject","inLanguage":"fr-FR","@id":"https:\/\/www.uartes.edu.ec\/sitio\/fr\/#\/schema\/logo\/image\/","url":"https:\/\/www.uartes.edu.ec\/sitio\/wp-content\/uploads\/2022\/07\/logo-ua-horizontal.png","contentUrl":"https:\/\/www.uartes.edu.ec\/sitio\/wp-content\/uploads\/2022\/07\/logo-ua-horizontal.png","width":800,"height":276,"caption":"Universidad de las Artes"},"image":{"@id":"https:\/\/www.uartes.edu.ec\/sitio\/fr\/#\/schema\/logo\/image\/"},"sameAs":["https:\/\/www.facebook.com\/uartesec","https:\/\/x.com\/uartesec","https:\/\/www.tiktok.com\/@uartesec"]},{"@type":"Person","@id":"https:\/\/www.uartes.edu.ec\/sitio\/fr\/#\/schema\/person\/f33f8c1d2af0d5c80a38c8abf458184a","name":"Universidad de las Artes","image":{"@type":"ImageObject","inLanguage":"fr-FR","@id":"https:\/\/secure.gravatar.com\/avatar\/52e4757902f5cfa5ac52d020e5be83cae5487519154b6c35482fe08d589f3c13?s=96&d=mm&r=g","url":"https:\/\/secure.gravatar.com\/avatar\/52e4757902f5cfa5ac52d020e5be83cae5487519154b6c35482fe08d589f3c13?s=96&d=mm&r=g","contentUrl":"https:\/\/secure.gravatar.com\/avatar\/52e4757902f5cfa5ac52d020e5be83cae5487519154b6c35482fe08d589f3c13?s=96&d=mm&r=g","caption":"Universidad de las Artes"},"url":"https:\/\/www.uartes.edu.ec\/sitio\/fr\/blog\/author\/dircomadm\/"}]}},"uagb_featured_image_src":{"full":["https:\/\/www.uartes.edu.ec\/sitio\/wp-content\/uploads\/2020\/12\/04-NANTU-MANTILLA.jpg",2000,1333,false],"thumbnail":["https:\/\/www.uartes.edu.ec\/sitio\/wp-content\/uploads\/2020\/12\/04-NANTU-MANTILLA-150x150.jpg",150,150,true],"medium":["https:\/\/www.uartes.edu.ec\/sitio\/wp-content\/uploads\/2020\/12\/04-NANTU-MANTILLA-300x200.jpg",300,200,true],"medium_large":["https:\/\/www.uartes.edu.ec\/sitio\/wp-content\/uploads\/2020\/12\/04-NANTU-MANTILLA-768x512.jpg",768,512,true],"large":["https:\/\/www.uartes.edu.ec\/sitio\/wp-content\/uploads\/2020\/12\/04-NANTU-MANTILLA-644x429.jpg",644,429,true],"1536x1536":["https:\/\/www.uartes.edu.ec\/sitio\/wp-content\/uploads\/2020\/12\/04-NANTU-MANTILLA-1536x1024.jpg",1536,1024,true],"2048x2048":["https:\/\/www.uartes.edu.ec\/sitio\/wp-content\/uploads\/2020\/12\/04-NANTU-MANTILLA.jpg",2000,1333,false],"trp-custom-language-flag":["https:\/\/www.uartes.edu.ec\/sitio\/wp-content\/uploads\/2020\/12\/04-NANTU-MANTILLA.jpg",18,12,false],"htmega_size_585x295":["https:\/\/www.uartes.edu.ec\/sitio\/wp-content\/uploads\/2020\/12\/04-NANTU-MANTILLA-585x295.jpg",585,295,true],"htmega_size_1170x536":["https:\/\/www.uartes.edu.ec\/sitio\/wp-content\/uploads\/2020\/12\/04-NANTU-MANTILLA-1170x536.jpg",1170,536,true],"htmega_size_396x360":["https:\/\/www.uartes.edu.ec\/sitio\/wp-content\/uploads\/2020\/12\/04-NANTU-MANTILLA-396x360.jpg",396,360,true],"gb-block-post-grid-landscape":["https:\/\/www.uartes.edu.ec\/sitio\/wp-content\/uploads\/2020\/12\/04-NANTU-MANTILLA.jpg",600,400,false],"gb-block-post-grid-square":["https:\/\/www.uartes.edu.ec\/sitio\/wp-content\/uploads\/2020\/12\/04-NANTU-MANTILLA.jpg",600,400,false],"university-hub-thumb":["https:\/\/www.uartes.edu.ec\/sitio\/wp-content\/uploads\/2020\/12\/04-NANTU-MANTILLA.jpg",400,267,false],"mailpoet_newsletter_max":["https:\/\/www.uartes.edu.ec\/sitio\/wp-content\/uploads\/2020\/12\/04-NANTU-MANTILLA.jpg",1320,880,false]},"uagb_author_info":{"display_name":"Universidad de las Artes","author_link":"https:\/\/www.uartes.edu.ec\/sitio\/fr\/blog\/author\/dircomadm\/"},"uagb_comment_info":0,"uagb_excerpt":"Mi carpa roja es un cortometraje que hace uso de los recursos de la modalidad de observaci\u00f3n para explorar lo cotidiano de la familia Mart\u00ednez Bermeo, que vive y viaja en su circo Tivoli. El fin es dignificar y preservar sus valores como instituci\u00f3n familiar y art\u00edstica, y hacer un retrato de los ni\u00f1os que\u2026","featured_image_src":"https:\/\/www.uartes.edu.ec\/sitio\/wp-content\/uploads\/2020\/12\/04-NANTU-MANTILLA.jpg","featured_image_src_square":"https:\/\/www.uartes.edu.ec\/sitio\/wp-content\/uploads\/2020\/12\/04-NANTU-MANTILLA.jpg","author_info":{"display_name":"Universidad de las Artes","author_link":"https:\/\/www.uartes.edu.ec\/sitio\/fr\/blog\/author\/dircomadm\/"},"publishpress_future_workflow_manual_trigger":{"enabledWorkflows":[]},"distributor_meta":false,"distributor_terms":false,"distributor_media":false,"distributor_original_site_name":"Universidad de las Artes","distributor_original_site_url":"https:\/\/www.uartes.edu.ec\/sitio\/fr","push-errors":false,"_links":{"self":[{"href":"https:\/\/www.uartes.edu.ec\/sitio\/fr\/wp-json\/wp\/v2\/posts\/11531","targetHints":{"allow":["GET"]}}],"collection":[{"href":"https:\/\/www.uartes.edu.ec\/sitio\/fr\/wp-json\/wp\/v2\/posts"}],"about":[{"href":"https:\/\/www.uartes.edu.ec\/sitio\/fr\/wp-json\/wp\/v2\/types\/post"}],"author":[{"embeddable":true,"href":"https:\/\/www.uartes.edu.ec\/sitio\/fr\/wp-json\/wp\/v2\/users\/1"}],"replies":[{"embeddable":true,"href":"https:\/\/www.uartes.edu.ec\/sitio\/fr\/wp-json\/wp\/v2\/comments?post=11531"}],"version-history":[{"count":2,"href":"https:\/\/www.uartes.edu.ec\/sitio\/fr\/wp-json\/wp\/v2\/posts\/11531\/revisions"}],"predecessor-version":[{"id":57083,"href":"https:\/\/www.uartes.edu.ec\/sitio\/fr\/wp-json\/wp\/v2\/posts\/11531\/revisions\/57083"}],"wp:featuredmedia":[{"embeddable":true,"href":"https:\/\/www.uartes.edu.ec\/sitio\/fr\/wp-json\/wp\/v2\/media\/11518"}],"wp:attachment":[{"href":"https:\/\/www.uartes.edu.ec\/sitio\/fr\/wp-json\/wp\/v2\/media?parent=11531"}],"wp:term":[{"taxonomy":"category","embeddable":true,"href":"https:\/\/www.uartes.edu.ec\/sitio\/fr\/wp-json\/wp\/v2\/categories?post=11531"},{"taxonomy":"post_tag","embeddable":true,"href":"https:\/\/www.uartes.edu.ec\/sitio\/fr\/wp-json\/wp\/v2\/tags?post=11531"},{"taxonomy":"infouartes","embeddable":true,"href":"https:\/\/www.uartes.edu.ec\/sitio\/fr\/wp-json\/wp\/v2\/infouartes?post=11531"}],"curies":[{"name":"wp","href":"https:\/\/api.w.org\/{rel}","templated":true}]}}