{"id":11556,"date":"2020-12-08T15:25:40","date_gmt":"2020-12-08T20:25:40","guid":{"rendered":"http:\/\/www.uartes.edu.ec\/sitio\/?p=11556"},"modified":"2024-07-04T11:33:17","modified_gmt":"2024-07-04T16:33:17","slug":"a-guadua-y-cade-reconstruyendo-nuestra-comuna","status":"publish","type":"post","link":"https:\/\/www.uartes.edu.ec\/sitio\/fr\/blog\/2020\/12\/08\/a-guadua-y-cade-reconstruyendo-nuestra-comuna\/","title":{"rendered":"\u201cA Guadua y Cade: Reconstruyendo nuestra comuna\u201d"},"content":{"rendered":"<p class=\"has-text-align-right\"><em>El Payaso Humanitario a Domicilio y las Videocartas, propuestas de un proyecto<br>concebido por estudiantes UArtes en v\u00ednculo con la comunidad, para enfrentar la<br>pandemia. Se desarroll\u00f3 en la Comuna Ol\u00f3n.<\/em><\/p>\n\n\n\n<p>El proyecto \u201cA Guadua y Cade: Reconstruyendo nuestra comuna\u201d, gestionado por estudiantes de la Universidad de las Artes, se plante\u00f3 durante la emergencia sanitaria por la COVID-19 justamente para contribuir en la difusi\u00f3n de las medidas de bioseguridad a tomar para evitar la propagaci\u00f3n del virus. Este fue presentado y aprobado por el vicepresidente y gestor de la Comuna Ol\u00f3n, Jonathan Borbor.<\/p>\n\n\n\n<p>Los integrantes del proyecto son cuatro, tres de ellos pertenecen a la Universidad de las Artes, Aracelly S\u00e1nchez (licenciada en Artes Esc\u00e9nicas), Bryan Calder\u00f3n (estudiante de la Escuela de Artes Esc\u00e9nicas), Dayana G\u00e1lvez (estudiante de la Escuela de Cine); y, Kevin Castillo, artista externo.<\/p>\n\n\n\n<p>Partiendo desde la crisis econ\u00f3mica y emocional como consecuencia de la pandemia del COVID-19, este proyecto se desarroll\u00f3 con fines terap\u00e9uticos para apoyar a los habitantes de la Comuna Ol\u00f3n. La primera actividad, realizada por Bryan Calder\u00f3n y Aracelly S\u00e1nchez con la colaboraci\u00f3n de Kevin Castillo, fue la del \u201cPayaso Humanitario a Domicilio\u201d, ejercicio que consisti\u00f3 en que un payaso visitaba a las diferentes familias y espacios de la comuna para informar de manera did\u00e1ctica y divertida sobre las medidas de bioseguridad, tomando en cuenta que en el mes de junio se pasaba de la etapa del confinamiento a la del distanciamiento.<\/p>\n\n\n\n<p>La segunda actividad fue \u201cCartas a mis vecinos\u201d, ejercicio que benefici\u00f3 a la poblaci\u00f3n adulta mayor, espec\u00edficamente al grupo de \u201cLas Chiquillas\u201d, que fue un colectivo anteriormente formado por Nathaly \u00c1lava, exreina de la comuna. La actividad ten\u00eda como objetivo facilitar la comunicaci\u00f3n para los adultos mayores que desconocen de la utilizaci\u00f3n de las herramientas tecnol\u00f3gicas para comunicarse.<\/p>\n\n\n\n<figure class=\"wp-block-image alignfull size-large\"><img fetchpriority=\"high\" decoding=\"async\" width=\"644\" height=\"429\" src=\"http:\/\/www.uartes.edu.ec\/sitio\/wp-content\/uploads\/2020\/12\/01-guadua-2-644x429.jpg\" alt=\"\" class=\"wp-image-11557\" srcset=\"https:\/\/www.uartes.edu.ec\/sitio\/wp-content\/uploads\/2020\/12\/01-guadua-2-644x429.jpg 644w, https:\/\/www.uartes.edu.ec\/sitio\/wp-content\/uploads\/2020\/12\/01-guadua-2-300x200.jpg 300w, https:\/\/www.uartes.edu.ec\/sitio\/wp-content\/uploads\/2020\/12\/01-guadua-2-768x512.jpg 768w, https:\/\/www.uartes.edu.ec\/sitio\/wp-content\/uploads\/2020\/12\/01-guadua-2-1536x1024.jpg 1536w, https:\/\/www.uartes.edu.ec\/sitio\/wp-content\/uploads\/2020\/12\/01-guadua-2-600x400.jpg 600w, https:\/\/www.uartes.edu.ec\/sitio\/wp-content\/uploads\/2020\/12\/01-guadua-2-1140x760.jpg 1140w, https:\/\/www.uartes.edu.ec\/sitio\/wp-content\/uploads\/2020\/12\/01-guadua-2-272x182.jpg 272w, https:\/\/www.uartes.edu.ec\/sitio\/wp-content\/uploads\/2020\/12\/01-guadua-2.jpg 2000w\" sizes=\"(max-width: 644px) 100vw, 644px\" \/><\/figure>\n\n\n\n<p>Aracelly S\u00e1nchez tuvo la iniciativa de realizar esta actividad porque, a partir de su experiencia en la pandemia, cay\u00f3 en cuenta de que su abuela no ten\u00eda la posibilidad de comunicarse f\u00e1cilmente con sus seres queridos, por lo que pens\u00f3 en una alternativa que permitiera a los adultos mayores mantener el contacto con las dem\u00e1s personas.<\/p>\n\n\n\n<p>Comenta que su idea era que los adultos mayores \u201ctuvieran un registro del mensaje que le enviaba su vecino o vecina con una buena calidad de imagen y sonido, y eso solo se pod\u00eda lograr a trav\u00e9s de una videocarta, no mediante una videollamada\u201d. La actividad consist\u00eda en llevar una c\u00e1mara, grabar un mensaje y luego transmitirlo hacia su receptor a trav\u00e9s de una computadora.<\/p>\n\n\n\n<p>Para las videocartas se despleg\u00f3 un trabajo de filmaci\u00f3n, edici\u00f3n y proyecci\u00f3n. Se crearon, adem\u00e1s, c\u00e1psulas audiovisuales para socializar las actividades que el equipo propuso a la comunidad. Los eventos culturales, ambientales y de bioseguridad, principalmente realizados en la comunidad, tambi\u00e9n tuvieron un proceso de filmaci\u00f3n, edici\u00f3n y entrega. Dentro de la comuna surgieron productos art\u00edsticos interesantes como la creaci\u00f3n de un cortometraje sobre el payaso humanitario. El trabajo audiovisual lo realizaron Dayana G\u00e1lvez y Kevin Castillo.<\/p>\n\n\n\n<p>A pesar de la tensi\u00f3n emocional producida por la pandemia, el objetivo del proyecto se cumpli\u00f3 satisfactoriamente. Se grabaron 40 videocartas y las adultas mayores tuvieron la oportunidad de conversar y seguir manteniendo firme la memoria oral. \u201cActualmente seguimos contribuyendo con la comunidad apoyando junto a comunerxs y residentes el levantamiento de un medio de comunicaci\u00f3n legitimado por la asamblea de la comuna de Ol\u00f3n, para que las comuneras y los comuneros se expresen y compartan sus noticias e inquietudes\u201d, revela Dayana G\u00e1lvez, quien fue la productora audiovisual del proyecto.<\/p>\n\n\n\n<p>El grupo de \u201cLas Chiquillas\u201d no qued\u00f3 en el olvido, sino que recobr\u00f3 fuerzas con la comunicaci\u00f3n que permitieron las videocartas. La gente de la comuna se manifest\u00f3 agradecida con los estudiantes por haber realizado estas actividades y ellos, a su vez, lograron vincular el concepto del servicio con el arte, difuminando sus l\u00edneas y sirviendo a las comunidades bajo la pr\u00e1ctica art\u00edstica.<\/p>\n\n\n\n<figure class=\"wp-block-image alignfull size-large\"><img decoding=\"async\" width=\"644\" height=\"429\" src=\"http:\/\/www.uartes.edu.ec\/sitio\/wp-content\/uploads\/2020\/12\/01-guadua-644x429.jpg\" alt=\"\" class=\"wp-image-11559\" srcset=\"https:\/\/www.uartes.edu.ec\/sitio\/wp-content\/uploads\/2020\/12\/01-guadua-644x429.jpg 644w, https:\/\/www.uartes.edu.ec\/sitio\/wp-content\/uploads\/2020\/12\/01-guadua-300x200.jpg 300w, https:\/\/www.uartes.edu.ec\/sitio\/wp-content\/uploads\/2020\/12\/01-guadua-768x512.jpg 768w, https:\/\/www.uartes.edu.ec\/sitio\/wp-content\/uploads\/2020\/12\/01-guadua-1536x1024.jpg 1536w, https:\/\/www.uartes.edu.ec\/sitio\/wp-content\/uploads\/2020\/12\/01-guadua-600x400.jpg 600w, https:\/\/www.uartes.edu.ec\/sitio\/wp-content\/uploads\/2020\/12\/01-guadua-1140x760.jpg 1140w, https:\/\/www.uartes.edu.ec\/sitio\/wp-content\/uploads\/2020\/12\/01-guadua-272x182.jpg 272w, https:\/\/www.uartes.edu.ec\/sitio\/wp-content\/uploads\/2020\/12\/01-guadua.jpg 2000w\" sizes=\"(max-width: 644px) 100vw, 644px\" \/><\/figure>\n\n\n\n<p><em>Texto: Fiorella Prado, estudiante del octavo semestre de la Escuela de Literatura de la UArtes.<\/em><\/p>\n\n\n\n<p><em>Im\u00e1genes, cortes\u00eda de V\u00ednculos con la Sociedad: La Comuna Ol\u00f3n visitada por el \u201cPayaso Humanitario a Domicilio\u201d y una adulta mayor del grupo \u00abLas Chiquillas\u00bb en el ejercicio de las videocartas.<\/em><\/p>","protected":false},"excerpt":{"rendered":"<p>El Payaso Humanitario a Domicilio y las Videocartas, propuestas de un proyecto<br \/>\nconcebido por estudiantes UArtes en v\u00ednculo con la comunidad, para enfrentar la<br \/>\npandemia. Se desarroll\u00f3 en la Comuna Ol\u00f3n.<\/p>","protected":false},"author":1,"featured_media":11558,"comment_status":"closed","ping_status":"closed","sticky":false,"template":"","format":"standard","meta":{"_acf_changed":false,"_uag_custom_page_level_css":"","_monsterinsights_skip_tracking":false,"_monsterinsights_sitenote_active":false,"_monsterinsights_sitenote_note":"","_monsterinsights_sitenote_category":0,"cybocfi_hide_featured_image":"","footnotes":""},"categories":[82,159,76,79],"tags":[211],"infouartes":[],"class_list":["post-11556","post","type-post","status-publish","format-standard","has-post-thumbnail","hentry","category-artes","category-artes-escenicas","category-estudiantes","category-vinculo","tag-covid19"],"acf":[],"yoast_head":"<!-- This site is optimized with the Yoast SEO plugin v27.4 - https:\/\/yoast.com\/product\/yoast-seo-wordpress\/ -->\n<title>Universidad de las Artes - \u201cA Guadua y Cade: Reconstruyendo nuestra comuna\u201d<\/title>\n<meta name=\"description\" content=\"Universidad de las Artes - \u201cA Guadua y Cade: Reconstruyendo nuestra comuna\u201d\" \/>\n<meta name=\"robots\" content=\"index, follow, max-snippet:-1, max-image-preview:large, max-video-preview:-1\" \/>\n<link rel=\"canonical\" href=\"https:\/\/www.uartes.edu.ec\/sitio\/fr\/blog\/2020\/12\/08\/a-guadua-y-cade-reconstruyendo-nuestra-comuna\/\" \/>\n<meta property=\"og:locale\" content=\"fr_FR\" \/>\n<meta property=\"og:type\" content=\"article\" \/>\n<meta property=\"og:title\" content=\"Universidad de las Artes - \u201cA Guadua y Cade: Reconstruyendo nuestra comuna\u201d\" \/>\n<meta property=\"og:description\" content=\"Universidad de las Artes - \u201cA Guadua y Cade: Reconstruyendo nuestra comuna\u201d\" \/>\n<meta property=\"og:url\" content=\"https:\/\/www.uartes.edu.ec\/sitio\/fr\/blog\/2020\/12\/08\/a-guadua-y-cade-reconstruyendo-nuestra-comuna\/\" \/>\n<meta property=\"og:site_name\" content=\"Universidad de las Artes\" \/>\n<meta property=\"article:publisher\" content=\"https:\/\/www.facebook.com\/uartesec\" \/>\n<meta property=\"article:published_time\" content=\"2020-12-08T20:25:40+00:00\" \/>\n<meta property=\"article:modified_time\" content=\"2024-07-04T16:33:17+00:00\" \/>\n<meta property=\"og:image\" content=\"https:\/\/www.uartes.edu.ec\/sitio\/wp-content\/uploads\/2020\/12\/01-guadua-3.jpg\" \/>\n\t<meta property=\"og:image:width\" content=\"2000\" \/>\n\t<meta property=\"og:image:height\" content=\"1333\" \/>\n\t<meta property=\"og:image:type\" content=\"image\/jpeg\" \/>\n<meta name=\"author\" content=\"Universidad de las Artes\" \/>\n<meta name=\"twitter:card\" content=\"summary_large_image\" \/>\n<meta name=\"twitter:creator\" content=\"@uartesec\" \/>\n<meta name=\"twitter:site\" content=\"@uartesec\" \/>\n<meta name=\"twitter:label1\" content=\"\u00c9crit par\" \/>\n\t<meta name=\"twitter:data1\" content=\"Universidad de las Artes\" \/>\n\t<meta name=\"twitter:label2\" content=\"Dur\u00e9e de lecture estim\u00e9e\" \/>\n\t<meta name=\"twitter:data2\" content=\"4 minutes\" \/>\n<script type=\"application\/ld+json\" class=\"yoast-schema-graph\">{\"@context\":\"https:\\\/\\\/schema.org\",\"@graph\":[{\"@type\":\"Article\",\"@id\":\"https:\\\/\\\/www.uartes.edu.ec\\\/sitio\\\/fr\\\/blog\\\/2020\\\/12\\\/08\\\/a-guadua-y-cade-reconstruyendo-nuestra-comuna\\\/#article\",\"isPartOf\":{\"@id\":\"https:\\\/\\\/www.uartes.edu.ec\\\/sitio\\\/fr\\\/blog\\\/2020\\\/12\\\/08\\\/a-guadua-y-cade-reconstruyendo-nuestra-comuna\\\/\"},\"author\":{\"name\":\"Universidad de las Artes\",\"@id\":\"https:\\\/\\\/www.uartes.edu.ec\\\/sitio\\\/fr\\\/#\\\/schema\\\/person\\\/f33f8c1d2af0d5c80a38c8abf458184a\"},\"headline\":\"\u201cA Guadua y Cade: Reconstruyendo nuestra comuna\u201d\",\"datePublished\":\"2020-12-08T20:25:40+00:00\",\"dateModified\":\"2024-07-04T16:33:17+00:00\",\"mainEntityOfPage\":{\"@id\":\"https:\\\/\\\/www.uartes.edu.ec\\\/sitio\\\/fr\\\/blog\\\/2020\\\/12\\\/08\\\/a-guadua-y-cade-reconstruyendo-nuestra-comuna\\\/\"},\"wordCount\":753,\"publisher\":{\"@id\":\"https:\\\/\\\/www.uartes.edu.ec\\\/sitio\\\/fr\\\/#organization\"},\"image\":{\"@id\":\"https:\\\/\\\/www.uartes.edu.ec\\\/sitio\\\/fr\\\/blog\\\/2020\\\/12\\\/08\\\/a-guadua-y-cade-reconstruyendo-nuestra-comuna\\\/#primaryimage\"},\"thumbnailUrl\":\"https:\\\/\\\/www.uartes.edu.ec\\\/sitio\\\/wp-content\\\/uploads\\\/2020\\\/12\\\/01-guadua-3.jpg\",\"keywords\":[\"covid19\"],\"articleSection\":[\"Artes\",\"Artes Esc\u00e9nicas\",\"Estudiantes\",\"V\u00ednculo\"],\"inLanguage\":\"fr-FR\"},{\"@type\":[\"WebPage\",\"ItemPage\"],\"@id\":\"https:\\\/\\\/www.uartes.edu.ec\\\/sitio\\\/fr\\\/blog\\\/2020\\\/12\\\/08\\\/a-guadua-y-cade-reconstruyendo-nuestra-comuna\\\/\",\"url\":\"https:\\\/\\\/www.uartes.edu.ec\\\/sitio\\\/fr\\\/blog\\\/2020\\\/12\\\/08\\\/a-guadua-y-cade-reconstruyendo-nuestra-comuna\\\/\",\"name\":\"Universidad de las Artes - \u201cA Guadua y Cade: Reconstruyendo nuestra comuna\u201d\",\"isPartOf\":{\"@id\":\"https:\\\/\\\/www.uartes.edu.ec\\\/sitio\\\/fr\\\/#website\"},\"primaryImageOfPage\":{\"@id\":\"https:\\\/\\\/www.uartes.edu.ec\\\/sitio\\\/fr\\\/blog\\\/2020\\\/12\\\/08\\\/a-guadua-y-cade-reconstruyendo-nuestra-comuna\\\/#primaryimage\"},\"image\":{\"@id\":\"https:\\\/\\\/www.uartes.edu.ec\\\/sitio\\\/fr\\\/blog\\\/2020\\\/12\\\/08\\\/a-guadua-y-cade-reconstruyendo-nuestra-comuna\\\/#primaryimage\"},\"thumbnailUrl\":\"https:\\\/\\\/www.uartes.edu.ec\\\/sitio\\\/wp-content\\\/uploads\\\/2020\\\/12\\\/01-guadua-3.jpg\",\"datePublished\":\"2020-12-08T20:25:40+00:00\",\"dateModified\":\"2024-07-04T16:33:17+00:00\",\"description\":\"Universidad de las Artes - \u201cA Guadua y Cade: Reconstruyendo nuestra comuna\u201d\",\"breadcrumb\":{\"@id\":\"https:\\\/\\\/www.uartes.edu.ec\\\/sitio\\\/fr\\\/blog\\\/2020\\\/12\\\/08\\\/a-guadua-y-cade-reconstruyendo-nuestra-comuna\\\/#breadcrumb\"},\"inLanguage\":\"fr-FR\",\"potentialAction\":[{\"@type\":\"ReadAction\",\"target\":[\"https:\\\/\\\/www.uartes.edu.ec\\\/sitio\\\/fr\\\/blog\\\/2020\\\/12\\\/08\\\/a-guadua-y-cade-reconstruyendo-nuestra-comuna\\\/\"]}]},{\"@type\":\"ImageObject\",\"inLanguage\":\"fr-FR\",\"@id\":\"https:\\\/\\\/www.uartes.edu.ec\\\/sitio\\\/fr\\\/blog\\\/2020\\\/12\\\/08\\\/a-guadua-y-cade-reconstruyendo-nuestra-comuna\\\/#primaryimage\",\"url\":\"https:\\\/\\\/www.uartes.edu.ec\\\/sitio\\\/wp-content\\\/uploads\\\/2020\\\/12\\\/01-guadua-3.jpg\",\"contentUrl\":\"https:\\\/\\\/www.uartes.edu.ec\\\/sitio\\\/wp-content\\\/uploads\\\/2020\\\/12\\\/01-guadua-3.jpg\",\"width\":2000,\"height\":1333},{\"@type\":\"BreadcrumbList\",\"@id\":\"https:\\\/\\\/www.uartes.edu.ec\\\/sitio\\\/fr\\\/blog\\\/2020\\\/12\\\/08\\\/a-guadua-y-cade-reconstruyendo-nuestra-comuna\\\/#breadcrumb\",\"itemListElement\":[{\"@type\":\"ListItem\",\"position\":1,\"name\":\"Inicio\",\"item\":\"https:\\\/\\\/www.uartes.edu.ec\\\/sitio\\\/\"},{\"@type\":\"ListItem\",\"position\":2,\"name\":\"\u201cA Guadua y Cade: Reconstruyendo nuestra comuna\u201d\"}]},{\"@type\":\"WebSite\",\"@id\":\"https:\\\/\\\/www.uartes.edu.ec\\\/sitio\\\/fr\\\/#website\",\"url\":\"https:\\\/\\\/www.uartes.edu.ec\\\/sitio\\\/fr\\\/\",\"name\":\"Universidad de las Artes\",\"description\":\"Sitio oficial de la Universidad Nacional de las Artes del Ecuador\",\"publisher\":{\"@id\":\"https:\\\/\\\/www.uartes.edu.ec\\\/sitio\\\/fr\\\/#organization\"},\"potentialAction\":[{\"@type\":\"SearchAction\",\"target\":{\"@type\":\"EntryPoint\",\"urlTemplate\":\"https:\\\/\\\/www.uartes.edu.ec\\\/sitio\\\/fr\\\/?s={search_term_string}\"},\"query-input\":{\"@type\":\"PropertyValueSpecification\",\"valueRequired\":true,\"valueName\":\"search_term_string\"}}],\"inLanguage\":\"fr-FR\"},{\"@type\":\"Organization\",\"@id\":\"https:\\\/\\\/www.uartes.edu.ec\\\/sitio\\\/fr\\\/#organization\",\"name\":\"Universidad de las Artes\",\"url\":\"https:\\\/\\\/www.uartes.edu.ec\\\/sitio\\\/fr\\\/\",\"logo\":{\"@type\":\"ImageObject\",\"inLanguage\":\"fr-FR\",\"@id\":\"https:\\\/\\\/www.uartes.edu.ec\\\/sitio\\\/fr\\\/#\\\/schema\\\/logo\\\/image\\\/\",\"url\":\"https:\\\/\\\/www.uartes.edu.ec\\\/sitio\\\/wp-content\\\/uploads\\\/2022\\\/07\\\/logo-ua-horizontal.png\",\"contentUrl\":\"https:\\\/\\\/www.uartes.edu.ec\\\/sitio\\\/wp-content\\\/uploads\\\/2022\\\/07\\\/logo-ua-horizontal.png\",\"width\":800,\"height\":276,\"caption\":\"Universidad de las Artes\"},\"image\":{\"@id\":\"https:\\\/\\\/www.uartes.edu.ec\\\/sitio\\\/fr\\\/#\\\/schema\\\/logo\\\/image\\\/\"},\"sameAs\":[\"https:\\\/\\\/www.facebook.com\\\/uartesec\",\"https:\\\/\\\/x.com\\\/uartesec\",\"https:\\\/\\\/www.tiktok.com\\\/@uartesec\"]},{\"@type\":\"Person\",\"@id\":\"https:\\\/\\\/www.uartes.edu.ec\\\/sitio\\\/fr\\\/#\\\/schema\\\/person\\\/f33f8c1d2af0d5c80a38c8abf458184a\",\"name\":\"Universidad de las Artes\",\"image\":{\"@type\":\"ImageObject\",\"inLanguage\":\"fr-FR\",\"@id\":\"https:\\\/\\\/secure.gravatar.com\\\/avatar\\\/52e4757902f5cfa5ac52d020e5be83cae5487519154b6c35482fe08d589f3c13?s=96&d=mm&r=g\",\"url\":\"https:\\\/\\\/secure.gravatar.com\\\/avatar\\\/52e4757902f5cfa5ac52d020e5be83cae5487519154b6c35482fe08d589f3c13?s=96&d=mm&r=g\",\"contentUrl\":\"https:\\\/\\\/secure.gravatar.com\\\/avatar\\\/52e4757902f5cfa5ac52d020e5be83cae5487519154b6c35482fe08d589f3c13?s=96&d=mm&r=g\",\"caption\":\"Universidad de las Artes\"},\"url\":\"https:\\\/\\\/www.uartes.edu.ec\\\/sitio\\\/fr\\\/blog\\\/author\\\/dircomadm\\\/\"}]}<\/script>\n<!-- \/ Yoast SEO plugin. -->","yoast_head_json":{"title":"Universidad de las Artes - \u201cA Guadua y Cade: Reconstruyendo nuestra comuna\u201d","description":"Universidad de las Artes - \u201cA Guadua y Cade: Reconstruyendo nuestra comuna\u201d","robots":{"index":"index","follow":"follow","max-snippet":"max-snippet:-1","max-image-preview":"max-image-preview:large","max-video-preview":"max-video-preview:-1"},"canonical":"https:\/\/www.uartes.edu.ec\/sitio\/fr\/blog\/2020\/12\/08\/a-guadua-y-cade-reconstruyendo-nuestra-comuna\/","og_locale":"fr_FR","og_type":"article","og_title":"Universidad de las Artes - \u201cA Guadua y Cade: Reconstruyendo nuestra comuna\u201d","og_description":"Universidad de las Artes - \u201cA Guadua y Cade: Reconstruyendo nuestra comuna\u201d","og_url":"https:\/\/www.uartes.edu.ec\/sitio\/fr\/blog\/2020\/12\/08\/a-guadua-y-cade-reconstruyendo-nuestra-comuna\/","og_site_name":"Universidad de las Artes","article_publisher":"https:\/\/www.facebook.com\/uartesec","article_published_time":"2020-12-08T20:25:40+00:00","article_modified_time":"2024-07-04T16:33:17+00:00","og_image":[{"width":2000,"height":1333,"url":"https:\/\/www.uartes.edu.ec\/sitio\/wp-content\/uploads\/2020\/12\/01-guadua-3.jpg","type":"image\/jpeg"}],"author":"Universidad de las Artes","twitter_card":"summary_large_image","twitter_creator":"@uartesec","twitter_site":"@uartesec","twitter_misc":{"\u00c9crit par":"Universidad de las Artes","Dur\u00e9e de lecture estim\u00e9e":"4 minutes"},"schema":{"@context":"https:\/\/schema.org","@graph":[{"@type":"Article","@id":"https:\/\/www.uartes.edu.ec\/sitio\/fr\/blog\/2020\/12\/08\/a-guadua-y-cade-reconstruyendo-nuestra-comuna\/#article","isPartOf":{"@id":"https:\/\/www.uartes.edu.ec\/sitio\/fr\/blog\/2020\/12\/08\/a-guadua-y-cade-reconstruyendo-nuestra-comuna\/"},"author":{"name":"Universidad de las Artes","@id":"https:\/\/www.uartes.edu.ec\/sitio\/fr\/#\/schema\/person\/f33f8c1d2af0d5c80a38c8abf458184a"},"headline":"\u201cA Guadua y Cade: Reconstruyendo nuestra comuna\u201d","datePublished":"2020-12-08T20:25:40+00:00","dateModified":"2024-07-04T16:33:17+00:00","mainEntityOfPage":{"@id":"https:\/\/www.uartes.edu.ec\/sitio\/fr\/blog\/2020\/12\/08\/a-guadua-y-cade-reconstruyendo-nuestra-comuna\/"},"wordCount":753,"publisher":{"@id":"https:\/\/www.uartes.edu.ec\/sitio\/fr\/#organization"},"image":{"@id":"https:\/\/www.uartes.edu.ec\/sitio\/fr\/blog\/2020\/12\/08\/a-guadua-y-cade-reconstruyendo-nuestra-comuna\/#primaryimage"},"thumbnailUrl":"https:\/\/www.uartes.edu.ec\/sitio\/wp-content\/uploads\/2020\/12\/01-guadua-3.jpg","keywords":["covid19"],"articleSection":["Artes","Artes Esc\u00e9nicas","Estudiantes","V\u00ednculo"],"inLanguage":"fr-FR"},{"@type":["WebPage","ItemPage"],"@id":"https:\/\/www.uartes.edu.ec\/sitio\/fr\/blog\/2020\/12\/08\/a-guadua-y-cade-reconstruyendo-nuestra-comuna\/","url":"https:\/\/www.uartes.edu.ec\/sitio\/fr\/blog\/2020\/12\/08\/a-guadua-y-cade-reconstruyendo-nuestra-comuna\/","name":"Universidad de las Artes - \u201cA Guadua y Cade: Reconstruyendo nuestra comuna\u201d","isPartOf":{"@id":"https:\/\/www.uartes.edu.ec\/sitio\/fr\/#website"},"primaryImageOfPage":{"@id":"https:\/\/www.uartes.edu.ec\/sitio\/fr\/blog\/2020\/12\/08\/a-guadua-y-cade-reconstruyendo-nuestra-comuna\/#primaryimage"},"image":{"@id":"https:\/\/www.uartes.edu.ec\/sitio\/fr\/blog\/2020\/12\/08\/a-guadua-y-cade-reconstruyendo-nuestra-comuna\/#primaryimage"},"thumbnailUrl":"https:\/\/www.uartes.edu.ec\/sitio\/wp-content\/uploads\/2020\/12\/01-guadua-3.jpg","datePublished":"2020-12-08T20:25:40+00:00","dateModified":"2024-07-04T16:33:17+00:00","description":"Universidad de las Artes - \u201cA Guadua y Cade: Reconstruyendo nuestra comuna\u201d","breadcrumb":{"@id":"https:\/\/www.uartes.edu.ec\/sitio\/fr\/blog\/2020\/12\/08\/a-guadua-y-cade-reconstruyendo-nuestra-comuna\/#breadcrumb"},"inLanguage":"fr-FR","potentialAction":[{"@type":"ReadAction","target":["https:\/\/www.uartes.edu.ec\/sitio\/fr\/blog\/2020\/12\/08\/a-guadua-y-cade-reconstruyendo-nuestra-comuna\/"]}]},{"@type":"ImageObject","inLanguage":"fr-FR","@id":"https:\/\/www.uartes.edu.ec\/sitio\/fr\/blog\/2020\/12\/08\/a-guadua-y-cade-reconstruyendo-nuestra-comuna\/#primaryimage","url":"https:\/\/www.uartes.edu.ec\/sitio\/wp-content\/uploads\/2020\/12\/01-guadua-3.jpg","contentUrl":"https:\/\/www.uartes.edu.ec\/sitio\/wp-content\/uploads\/2020\/12\/01-guadua-3.jpg","width":2000,"height":1333},{"@type":"BreadcrumbList","@id":"https:\/\/www.uartes.edu.ec\/sitio\/fr\/blog\/2020\/12\/08\/a-guadua-y-cade-reconstruyendo-nuestra-comuna\/#breadcrumb","itemListElement":[{"@type":"ListItem","position":1,"name":"Inicio","item":"https:\/\/www.uartes.edu.ec\/sitio\/"},{"@type":"ListItem","position":2,"name":"\u201cA Guadua y Cade: Reconstruyendo nuestra comuna\u201d"}]},{"@type":"WebSite","@id":"https:\/\/www.uartes.edu.ec\/sitio\/fr\/#website","url":"https:\/\/www.uartes.edu.ec\/sitio\/fr\/","name":"Universidad de las Artes","description":"Sitio oficial de la Universidad Nacional de las Artes del Ecuador","publisher":{"@id":"https:\/\/www.uartes.edu.ec\/sitio\/fr\/#organization"},"potentialAction":[{"@type":"SearchAction","target":{"@type":"EntryPoint","urlTemplate":"https:\/\/www.uartes.edu.ec\/sitio\/fr\/?s={search_term_string}"},"query-input":{"@type":"PropertyValueSpecification","valueRequired":true,"valueName":"search_term_string"}}],"inLanguage":"fr-FR"},{"@type":"Organization","@id":"https:\/\/www.uartes.edu.ec\/sitio\/fr\/#organization","name":"Universidad de las Artes","url":"https:\/\/www.uartes.edu.ec\/sitio\/fr\/","logo":{"@type":"ImageObject","inLanguage":"fr-FR","@id":"https:\/\/www.uartes.edu.ec\/sitio\/fr\/#\/schema\/logo\/image\/","url":"https:\/\/www.uartes.edu.ec\/sitio\/wp-content\/uploads\/2022\/07\/logo-ua-horizontal.png","contentUrl":"https:\/\/www.uartes.edu.ec\/sitio\/wp-content\/uploads\/2022\/07\/logo-ua-horizontal.png","width":800,"height":276,"caption":"Universidad de las Artes"},"image":{"@id":"https:\/\/www.uartes.edu.ec\/sitio\/fr\/#\/schema\/logo\/image\/"},"sameAs":["https:\/\/www.facebook.com\/uartesec","https:\/\/x.com\/uartesec","https:\/\/www.tiktok.com\/@uartesec"]},{"@type":"Person","@id":"https:\/\/www.uartes.edu.ec\/sitio\/fr\/#\/schema\/person\/f33f8c1d2af0d5c80a38c8abf458184a","name":"Universidad de las Artes","image":{"@type":"ImageObject","inLanguage":"fr-FR","@id":"https:\/\/secure.gravatar.com\/avatar\/52e4757902f5cfa5ac52d020e5be83cae5487519154b6c35482fe08d589f3c13?s=96&d=mm&r=g","url":"https:\/\/secure.gravatar.com\/avatar\/52e4757902f5cfa5ac52d020e5be83cae5487519154b6c35482fe08d589f3c13?s=96&d=mm&r=g","contentUrl":"https:\/\/secure.gravatar.com\/avatar\/52e4757902f5cfa5ac52d020e5be83cae5487519154b6c35482fe08d589f3c13?s=96&d=mm&r=g","caption":"Universidad de las Artes"},"url":"https:\/\/www.uartes.edu.ec\/sitio\/fr\/blog\/author\/dircomadm\/"}]}},"uagb_featured_image_src":{"full":["https:\/\/www.uartes.edu.ec\/sitio\/wp-content\/uploads\/2020\/12\/01-guadua-3.jpg",2000,1333,false],"thumbnail":["https:\/\/www.uartes.edu.ec\/sitio\/wp-content\/uploads\/2020\/12\/01-guadua-3-150x150.jpg",150,150,true],"medium":["https:\/\/www.uartes.edu.ec\/sitio\/wp-content\/uploads\/2020\/12\/01-guadua-3-300x200.jpg",300,200,true],"medium_large":["https:\/\/www.uartes.edu.ec\/sitio\/wp-content\/uploads\/2020\/12\/01-guadua-3-768x512.jpg",768,512,true],"large":["https:\/\/www.uartes.edu.ec\/sitio\/wp-content\/uploads\/2020\/12\/01-guadua-3-644x429.jpg",644,429,true],"1536x1536":["https:\/\/www.uartes.edu.ec\/sitio\/wp-content\/uploads\/2020\/12\/01-guadua-3-1536x1024.jpg",1536,1024,true],"2048x2048":["https:\/\/www.uartes.edu.ec\/sitio\/wp-content\/uploads\/2020\/12\/01-guadua-3.jpg",2000,1333,false],"trp-custom-language-flag":["https:\/\/www.uartes.edu.ec\/sitio\/wp-content\/uploads\/2020\/12\/01-guadua-3.jpg",18,12,false],"htmega_size_585x295":["https:\/\/www.uartes.edu.ec\/sitio\/wp-content\/uploads\/2020\/12\/01-guadua-3-585x295.jpg",585,295,true],"htmega_size_1170x536":["https:\/\/www.uartes.edu.ec\/sitio\/wp-content\/uploads\/2020\/12\/01-guadua-3-1170x536.jpg",1170,536,true],"htmega_size_396x360":["https:\/\/www.uartes.edu.ec\/sitio\/wp-content\/uploads\/2020\/12\/01-guadua-3-396x360.jpg",396,360,true],"gb-block-post-grid-landscape":["https:\/\/www.uartes.edu.ec\/sitio\/wp-content\/uploads\/2020\/12\/01-guadua-3.jpg",600,400,false],"gb-block-post-grid-square":["https:\/\/www.uartes.edu.ec\/sitio\/wp-content\/uploads\/2020\/12\/01-guadua-3.jpg",600,400,false],"university-hub-thumb":["https:\/\/www.uartes.edu.ec\/sitio\/wp-content\/uploads\/2020\/12\/01-guadua-3.jpg",400,267,false],"mailpoet_newsletter_max":["https:\/\/www.uartes.edu.ec\/sitio\/wp-content\/uploads\/2020\/12\/01-guadua-3.jpg",1320,880,false]},"uagb_author_info":{"display_name":"Universidad de las Artes","author_link":"https:\/\/www.uartes.edu.ec\/sitio\/fr\/blog\/author\/dircomadm\/"},"uagb_comment_info":0,"uagb_excerpt":"El Payaso Humanitario a Domicilio y las Videocartas, propuestas de un proyecto concebido por estudiantes UArtes en v\u00ednculo con la comunidad, para enfrentar la pandemia. Se desarroll\u00f3 en la Comuna Ol\u00f3n.","featured_image_src":"https:\/\/www.uartes.edu.ec\/sitio\/wp-content\/uploads\/2020\/12\/01-guadua-3.jpg","featured_image_src_square":"https:\/\/www.uartes.edu.ec\/sitio\/wp-content\/uploads\/2020\/12\/01-guadua-3.jpg","author_info":{"display_name":"Universidad de las Artes","author_link":"https:\/\/www.uartes.edu.ec\/sitio\/fr\/blog\/author\/dircomadm\/"},"publishpress_future_workflow_manual_trigger":{"enabledWorkflows":[]},"distributor_meta":false,"distributor_terms":false,"distributor_media":false,"distributor_original_site_name":"Universidad de las Artes","distributor_original_site_url":"https:\/\/www.uartes.edu.ec\/sitio\/fr","push-errors":false,"_links":{"self":[{"href":"https:\/\/www.uartes.edu.ec\/sitio\/fr\/wp-json\/wp\/v2\/posts\/11556","targetHints":{"allow":["GET"]}}],"collection":[{"href":"https:\/\/www.uartes.edu.ec\/sitio\/fr\/wp-json\/wp\/v2\/posts"}],"about":[{"href":"https:\/\/www.uartes.edu.ec\/sitio\/fr\/wp-json\/wp\/v2\/types\/post"}],"author":[{"embeddable":true,"href":"https:\/\/www.uartes.edu.ec\/sitio\/fr\/wp-json\/wp\/v2\/users\/1"}],"replies":[{"embeddable":true,"href":"https:\/\/www.uartes.edu.ec\/sitio\/fr\/wp-json\/wp\/v2\/comments?post=11556"}],"version-history":[{"count":3,"href":"https:\/\/www.uartes.edu.ec\/sitio\/fr\/wp-json\/wp\/v2\/posts\/11556\/revisions"}],"predecessor-version":[{"id":57082,"href":"https:\/\/www.uartes.edu.ec\/sitio\/fr\/wp-json\/wp\/v2\/posts\/11556\/revisions\/57082"}],"wp:featuredmedia":[{"embeddable":true,"href":"https:\/\/www.uartes.edu.ec\/sitio\/fr\/wp-json\/wp\/v2\/media\/11558"}],"wp:attachment":[{"href":"https:\/\/www.uartes.edu.ec\/sitio\/fr\/wp-json\/wp\/v2\/media?parent=11556"}],"wp:term":[{"taxonomy":"category","embeddable":true,"href":"https:\/\/www.uartes.edu.ec\/sitio\/fr\/wp-json\/wp\/v2\/categories?post=11556"},{"taxonomy":"post_tag","embeddable":true,"href":"https:\/\/www.uartes.edu.ec\/sitio\/fr\/wp-json\/wp\/v2\/tags?post=11556"},{"taxonomy":"infouartes","embeddable":true,"href":"https:\/\/www.uartes.edu.ec\/sitio\/fr\/wp-json\/wp\/v2\/infouartes?post=11556"}],"curies":[{"name":"wp","href":"https:\/\/api.w.org\/{rel}","templated":true}]}}