{"id":1161,"date":"2018-01-23T15:27:01","date_gmt":"2018-01-23T20:27:01","guid":{"rendered":"http:\/\/www.uartes.edu.ec\/infouartes\/?p=1161"},"modified":"2024-07-04T11:54:00","modified_gmt":"2024-07-04T16:54:00","slug":"objetivos-planteados-para-5-y-10-anos-se-alcanzaron-en-4-anos-de-gestion","status":"publish","type":"post","link":"https:\/\/www.uartes.edu.ec\/sitio\/fr\/blog\/2018\/01\/23\/objetivos-planteados-para-5-y-10-anos-se-alcanzaron-en-4-anos-de-gestion\/","title":{"rendered":"Objetivos planteados para 5 y 10 a\u00f1os se alcanzaron en 4 a\u00f1os de gesti\u00f3n"},"content":{"rendered":"<p>El 2017 concluy\u00f3 con grandes noticias para la Universidad de las Artes. En materia de gesti\u00f3n institucional, la Universidad alcanz\u00f3 metas y objetivos con a\u00f1os de anticipaci\u00f3n a lo planteado en el expediente del proyecto original en el 2012.<\/p>\n<p>Esa gesti\u00f3n, liderada por la Comisi\u00f3n Gestora desde marzo de 2015, permite a la UArtes avanzar con paso firme hacia su proceso de constituci\u00f3n como una universidad de pleno derecho.<\/p>\n<p>Los objetivos estrat\u00e9gicos institucionales del proyecto original contemplaban, por ejemplo, que hasta el quinto a\u00f1o de vida, la Universidad deb\u00eda contar con cinco programas de estudio profesional. Al finalizar el 2017, la UArtes cuenta con nueve licenciaturas en artes y una carrera tecnol\u00f3gica (incluyendo la carrea en Pedagog\u00eda de las Artes y Humanidades, en conjunto con la UNAE, en M\u00fasica y la carrera tecnol\u00f3gica en Sonido y Ac\u00fastica).<\/p>\n<p>El proyecto original contemplaba una poblaci\u00f3n estudiantil de 1500 alumnos al finalizar el 2022. Al 2017, la UArtes contaba con 1365 estudiantes en sus siete carreras de licenciatura.<\/p>\n<p>En materia de Investigaci\u00f3n, una de las metas estipulaba que al quinto a\u00f1o de vida, la UArtes deb\u00eda contar con un acumulado de 50 publicaciones de investigaci\u00f3n art\u00edstica en revistas indexadas. Entre el 2015 y el 2017, los docentes publicaron 28 art\u00edculos indexados, 6 libros, 23 cap\u00edtulos de libros y 26 art\u00edculos. En este periodo se trabaj\u00f3 en 89 proyectos de investigaci\u00f3n y se realizaron 206 producciones art\u00edsticas, posicionando as\u00ed la apuesta de la UArtes por que la pr\u00e1ctica art\u00edstica sea reconocida como proceso generadora de conocimiento.<\/p>\n<p>En relaci\u00f3n a la vinculaci\u00f3n con la comunidad, la meta al quinto a\u00f1o de vida contemplaba una tasa de 2 actividades mensuales dirigidas a la comunidad. Entre el 2015 y el 2017, la UArtes produjo 673 actividades, un promedio de 20 actividades al mes.<\/p>\n<p>Universidad de las Artes asegura el derecho a una educaci\u00f3n en artes.<\/p>","protected":false},"excerpt":{"rendered":"<p>El 2017 concluy\u00f3 con grandes noticias para la Universidad de las Artes. En materia de gesti\u00f3n institucional, la Universidad alcanz\u00f3 metas y objetivos con a\u00f1os de anticipaci\u00f3n a lo planteado en el expediente del proyecto original en el 2012. Esa gesti\u00f3n, liderada por la Comisi\u00f3n Gestora desde marzo de 2015, permite a la UArtes avanzar [&hellip;]<\/p>\n","protected":false},"author":1,"featured_media":1063,"comment_status":"closed","ping_status":"open","sticky":false,"template":"","format":"standard","meta":{"_acf_changed":false,"_uag_custom_page_level_css":"","_monsterinsights_skip_tracking":false,"_monsterinsights_sitenote_active":false,"_monsterinsights_sitenote_note":"","_monsterinsights_sitenote_category":0,"cybocfi_hide_featured_image":"","footnotes":""},"categories":[77],"tags":[229],"infouartes":[],"class_list":["post-1161","post","type-post","status-publish","format-standard","has-post-thumbnail","hentry","category-gestion","tag-pedagogia-de-las-artes-y-humanidades"],"acf":[],"yoast_head":"<!-- This site is optimized with the Yoast SEO plugin v27.4 - https:\/\/yoast.com\/product\/yoast-seo-wordpress\/ -->\n<title>Universidad de las Artes - Objetivos planteados para 5 y 10 a\u00f1os se alcanzaron en 4 a\u00f1os de gesti\u00f3n<\/title>\n<meta name=\"description\" content=\"Universidad de las Artes - Objetivos planteados para 5 y 10 a\u00f1os se alcanzaron en 4 a\u00f1os de gesti\u00f3n\" \/>\n<meta name=\"robots\" content=\"index, follow, max-snippet:-1, max-image-preview:large, max-video-preview:-1\" \/>\n<link rel=\"canonical\" href=\"https:\/\/www.uartes.edu.ec\/sitio\/fr\/blog\/2018\/01\/23\/objetivos-planteados-para-5-y-10-anos-se-alcanzaron-en-4-anos-de-gestion\/\" \/>\n<meta property=\"og:locale\" content=\"fr_FR\" \/>\n<meta property=\"og:type\" content=\"article\" \/>\n<meta property=\"og:title\" content=\"Universidad de las Artes - Objetivos planteados para 5 y 10 a\u00f1os se alcanzaron en 4 a\u00f1os de gesti\u00f3n\" \/>\n<meta property=\"og:description\" content=\"Universidad de las Artes - Objetivos planteados para 5 y 10 a\u00f1os se alcanzaron en 4 a\u00f1os de gesti\u00f3n\" \/>\n<meta property=\"og:url\" content=\"https:\/\/www.uartes.edu.ec\/sitio\/fr\/blog\/2018\/01\/23\/objetivos-planteados-para-5-y-10-anos-se-alcanzaron-en-4-anos-de-gestion\/\" \/>\n<meta property=\"og:site_name\" content=\"Universidad de las Artes\" \/>\n<meta property=\"article:publisher\" content=\"https:\/\/www.facebook.com\/uartesec\" \/>\n<meta property=\"article:published_time\" content=\"2018-01-23T20:27:01+00:00\" \/>\n<meta property=\"article:modified_time\" content=\"2024-07-04T16:54:00+00:00\" \/>\n<meta name=\"author\" content=\"Universidad de las Artes\" \/>\n<meta name=\"twitter:card\" content=\"summary_large_image\" \/>\n<meta name=\"twitter:creator\" content=\"@uartesec\" \/>\n<meta name=\"twitter:site\" content=\"@uartesec\" \/>\n<meta name=\"twitter:label1\" content=\"\u00c9crit par\" \/>\n\t<meta name=\"twitter:data1\" content=\"Universidad de las Artes\" \/>\n\t<meta name=\"twitter:label2\" content=\"Dur\u00e9e de lecture estim\u00e9e\" \/>\n\t<meta name=\"twitter:data2\" content=\"2 minutes\" \/>\n<script type=\"application\/ld+json\" class=\"yoast-schema-graph\">{\"@context\":\"https:\\\/\\\/schema.org\",\"@graph\":[{\"@type\":\"Article\",\"@id\":\"https:\\\/\\\/www.uartes.edu.ec\\\/sitio\\\/fr\\\/blog\\\/2018\\\/01\\\/23\\\/objetivos-planteados-para-5-y-10-anos-se-alcanzaron-en-4-anos-de-gestion\\\/#article\",\"isPartOf\":{\"@id\":\"https:\\\/\\\/www.uartes.edu.ec\\\/sitio\\\/fr\\\/blog\\\/2018\\\/01\\\/23\\\/objetivos-planteados-para-5-y-10-anos-se-alcanzaron-en-4-anos-de-gestion\\\/\"},\"author\":{\"name\":\"Universidad de las Artes\",\"@id\":\"https:\\\/\\\/www.uartes.edu.ec\\\/sitio\\\/fr\\\/#\\\/schema\\\/person\\\/f33f8c1d2af0d5c80a38c8abf458184a\"},\"headline\":\"Objetivos planteados para 5 y 10 a\u00f1os se alcanzaron en 4 a\u00f1os de gesti\u00f3n\",\"datePublished\":\"2018-01-23T20:27:01+00:00\",\"dateModified\":\"2024-07-04T16:54:00+00:00\",\"mainEntityOfPage\":{\"@id\":\"https:\\\/\\\/www.uartes.edu.ec\\\/sitio\\\/fr\\\/blog\\\/2018\\\/01\\\/23\\\/objetivos-planteados-para-5-y-10-anos-se-alcanzaron-en-4-anos-de-gestion\\\/\"},\"wordCount\":331,\"publisher\":{\"@id\":\"https:\\\/\\\/www.uartes.edu.ec\\\/sitio\\\/fr\\\/#organization\"},\"image\":{\"@id\":\"https:\\\/\\\/www.uartes.edu.ec\\\/sitio\\\/fr\\\/blog\\\/2018\\\/01\\\/23\\\/objetivos-planteados-para-5-y-10-anos-se-alcanzaron-en-4-anos-de-gestion\\\/#primaryimage\"},\"thumbnailUrl\":\"\",\"keywords\":[\"Pedagog\u00eda de las Artes y Humanidades\"],\"articleSection\":[\"Gesti\u00f3n\"],\"inLanguage\":\"fr-FR\"},{\"@type\":[\"WebPage\",\"ItemPage\"],\"@id\":\"https:\\\/\\\/www.uartes.edu.ec\\\/sitio\\\/fr\\\/blog\\\/2018\\\/01\\\/23\\\/objetivos-planteados-para-5-y-10-anos-se-alcanzaron-en-4-anos-de-gestion\\\/\",\"url\":\"https:\\\/\\\/www.uartes.edu.ec\\\/sitio\\\/fr\\\/blog\\\/2018\\\/01\\\/23\\\/objetivos-planteados-para-5-y-10-anos-se-alcanzaron-en-4-anos-de-gestion\\\/\",\"name\":\"Universidad de las Artes - Objetivos planteados para 5 y 10 a\u00f1os se alcanzaron en 4 a\u00f1os de gesti\u00f3n\",\"isPartOf\":{\"@id\":\"https:\\\/\\\/www.uartes.edu.ec\\\/sitio\\\/fr\\\/#website\"},\"primaryImageOfPage\":{\"@id\":\"https:\\\/\\\/www.uartes.edu.ec\\\/sitio\\\/fr\\\/blog\\\/2018\\\/01\\\/23\\\/objetivos-planteados-para-5-y-10-anos-se-alcanzaron-en-4-anos-de-gestion\\\/#primaryimage\"},\"image\":{\"@id\":\"https:\\\/\\\/www.uartes.edu.ec\\\/sitio\\\/fr\\\/blog\\\/2018\\\/01\\\/23\\\/objetivos-planteados-para-5-y-10-anos-se-alcanzaron-en-4-anos-de-gestion\\\/#primaryimage\"},\"thumbnailUrl\":\"\",\"datePublished\":\"2018-01-23T20:27:01+00:00\",\"dateModified\":\"2024-07-04T16:54:00+00:00\",\"description\":\"Universidad de las Artes - Objetivos planteados para 5 y 10 a\u00f1os se alcanzaron en 4 a\u00f1os de gesti\u00f3n\",\"breadcrumb\":{\"@id\":\"https:\\\/\\\/www.uartes.edu.ec\\\/sitio\\\/fr\\\/blog\\\/2018\\\/01\\\/23\\\/objetivos-planteados-para-5-y-10-anos-se-alcanzaron-en-4-anos-de-gestion\\\/#breadcrumb\"},\"inLanguage\":\"fr-FR\",\"potentialAction\":[{\"@type\":\"ReadAction\",\"target\":[\"https:\\\/\\\/www.uartes.edu.ec\\\/sitio\\\/fr\\\/blog\\\/2018\\\/01\\\/23\\\/objetivos-planteados-para-5-y-10-anos-se-alcanzaron-en-4-anos-de-gestion\\\/\"]}]},{\"@type\":\"ImageObject\",\"inLanguage\":\"fr-FR\",\"@id\":\"https:\\\/\\\/www.uartes.edu.ec\\\/sitio\\\/fr\\\/blog\\\/2018\\\/01\\\/23\\\/objetivos-planteados-para-5-y-10-anos-se-alcanzaron-en-4-anos-de-gestion\\\/#primaryimage\",\"url\":\"\",\"contentUrl\":\"\"},{\"@type\":\"BreadcrumbList\",\"@id\":\"https:\\\/\\\/www.uartes.edu.ec\\\/sitio\\\/fr\\\/blog\\\/2018\\\/01\\\/23\\\/objetivos-planteados-para-5-y-10-anos-se-alcanzaron-en-4-anos-de-gestion\\\/#breadcrumb\",\"itemListElement\":[{\"@type\":\"ListItem\",\"position\":1,\"name\":\"Inicio\",\"item\":\"https:\\\/\\\/www.uartes.edu.ec\\\/sitio\\\/\"},{\"@type\":\"ListItem\",\"position\":2,\"name\":\"Objetivos planteados para 5 y 10 a\u00f1os se alcanzaron en 4 a\u00f1os de gesti\u00f3n\"}]},{\"@type\":\"WebSite\",\"@id\":\"https:\\\/\\\/www.uartes.edu.ec\\\/sitio\\\/fr\\\/#website\",\"url\":\"https:\\\/\\\/www.uartes.edu.ec\\\/sitio\\\/fr\\\/\",\"name\":\"Universidad de las Artes\",\"description\":\"Sitio oficial de la Universidad Nacional de las Artes del Ecuador\",\"publisher\":{\"@id\":\"https:\\\/\\\/www.uartes.edu.ec\\\/sitio\\\/fr\\\/#organization\"},\"potentialAction\":[{\"@type\":\"SearchAction\",\"target\":{\"@type\":\"EntryPoint\",\"urlTemplate\":\"https:\\\/\\\/www.uartes.edu.ec\\\/sitio\\\/fr\\\/?s={search_term_string}\"},\"query-input\":{\"@type\":\"PropertyValueSpecification\",\"valueRequired\":true,\"valueName\":\"search_term_string\"}}],\"inLanguage\":\"fr-FR\"},{\"@type\":\"Organization\",\"@id\":\"https:\\\/\\\/www.uartes.edu.ec\\\/sitio\\\/fr\\\/#organization\",\"name\":\"Universidad de las Artes\",\"url\":\"https:\\\/\\\/www.uartes.edu.ec\\\/sitio\\\/fr\\\/\",\"logo\":{\"@type\":\"ImageObject\",\"inLanguage\":\"fr-FR\",\"@id\":\"https:\\\/\\\/www.uartes.edu.ec\\\/sitio\\\/fr\\\/#\\\/schema\\\/logo\\\/image\\\/\",\"url\":\"https:\\\/\\\/www.uartes.edu.ec\\\/sitio\\\/wp-content\\\/uploads\\\/2022\\\/07\\\/logo-ua-horizontal.png\",\"contentUrl\":\"https:\\\/\\\/www.uartes.edu.ec\\\/sitio\\\/wp-content\\\/uploads\\\/2022\\\/07\\\/logo-ua-horizontal.png\",\"width\":800,\"height\":276,\"caption\":\"Universidad de las Artes\"},\"image\":{\"@id\":\"https:\\\/\\\/www.uartes.edu.ec\\\/sitio\\\/fr\\\/#\\\/schema\\\/logo\\\/image\\\/\"},\"sameAs\":[\"https:\\\/\\\/www.facebook.com\\\/uartesec\",\"https:\\\/\\\/x.com\\\/uartesec\",\"https:\\\/\\\/www.tiktok.com\\\/@uartesec\"]},{\"@type\":\"Person\",\"@id\":\"https:\\\/\\\/www.uartes.edu.ec\\\/sitio\\\/fr\\\/#\\\/schema\\\/person\\\/f33f8c1d2af0d5c80a38c8abf458184a\",\"name\":\"Universidad de las Artes\",\"image\":{\"@type\":\"ImageObject\",\"inLanguage\":\"fr-FR\",\"@id\":\"https:\\\/\\\/secure.gravatar.com\\\/avatar\\\/52e4757902f5cfa5ac52d020e5be83cae5487519154b6c35482fe08d589f3c13?s=96&d=mm&r=g\",\"url\":\"https:\\\/\\\/secure.gravatar.com\\\/avatar\\\/52e4757902f5cfa5ac52d020e5be83cae5487519154b6c35482fe08d589f3c13?s=96&d=mm&r=g\",\"contentUrl\":\"https:\\\/\\\/secure.gravatar.com\\\/avatar\\\/52e4757902f5cfa5ac52d020e5be83cae5487519154b6c35482fe08d589f3c13?s=96&d=mm&r=g\",\"caption\":\"Universidad de las Artes\"},\"url\":\"https:\\\/\\\/www.uartes.edu.ec\\\/sitio\\\/fr\\\/blog\\\/author\\\/dircomadm\\\/\"}]}<\/script>\n<!-- \/ Yoast SEO plugin. -->","yoast_head_json":{"title":"Universidad de las Artes - Objetivos planteados para 5 y 10 a\u00f1os se alcanzaron en 4 a\u00f1os de gesti\u00f3n","description":"Universidad de las Artes - Objetivos planteados para 5 y 10 a\u00f1os se alcanzaron en 4 a\u00f1os de gesti\u00f3n","robots":{"index":"index","follow":"follow","max-snippet":"max-snippet:-1","max-image-preview":"max-image-preview:large","max-video-preview":"max-video-preview:-1"},"canonical":"https:\/\/www.uartes.edu.ec\/sitio\/fr\/blog\/2018\/01\/23\/objetivos-planteados-para-5-y-10-anos-se-alcanzaron-en-4-anos-de-gestion\/","og_locale":"fr_FR","og_type":"article","og_title":"Universidad de las Artes - Objetivos planteados para 5 y 10 a\u00f1os se alcanzaron en 4 a\u00f1os de gesti\u00f3n","og_description":"Universidad de las Artes - Objetivos planteados para 5 y 10 a\u00f1os se alcanzaron en 4 a\u00f1os de gesti\u00f3n","og_url":"https:\/\/www.uartes.edu.ec\/sitio\/fr\/blog\/2018\/01\/23\/objetivos-planteados-para-5-y-10-anos-se-alcanzaron-en-4-anos-de-gestion\/","og_site_name":"Universidad de las Artes","article_publisher":"https:\/\/www.facebook.com\/uartesec","article_published_time":"2018-01-23T20:27:01+00:00","article_modified_time":"2024-07-04T16:54:00+00:00","author":"Universidad de las Artes","twitter_card":"summary_large_image","twitter_creator":"@uartesec","twitter_site":"@uartesec","twitter_misc":{"\u00c9crit par":"Universidad de las Artes","Dur\u00e9e de lecture estim\u00e9e":"2 minutes"},"schema":{"@context":"https:\/\/schema.org","@graph":[{"@type":"Article","@id":"https:\/\/www.uartes.edu.ec\/sitio\/fr\/blog\/2018\/01\/23\/objetivos-planteados-para-5-y-10-anos-se-alcanzaron-en-4-anos-de-gestion\/#article","isPartOf":{"@id":"https:\/\/www.uartes.edu.ec\/sitio\/fr\/blog\/2018\/01\/23\/objetivos-planteados-para-5-y-10-anos-se-alcanzaron-en-4-anos-de-gestion\/"},"author":{"name":"Universidad de las Artes","@id":"https:\/\/www.uartes.edu.ec\/sitio\/fr\/#\/schema\/person\/f33f8c1d2af0d5c80a38c8abf458184a"},"headline":"Objetivos planteados para 5 y 10 a\u00f1os se alcanzaron en 4 a\u00f1os de gesti\u00f3n","datePublished":"2018-01-23T20:27:01+00:00","dateModified":"2024-07-04T16:54:00+00:00","mainEntityOfPage":{"@id":"https:\/\/www.uartes.edu.ec\/sitio\/fr\/blog\/2018\/01\/23\/objetivos-planteados-para-5-y-10-anos-se-alcanzaron-en-4-anos-de-gestion\/"},"wordCount":331,"publisher":{"@id":"https:\/\/www.uartes.edu.ec\/sitio\/fr\/#organization"},"image":{"@id":"https:\/\/www.uartes.edu.ec\/sitio\/fr\/blog\/2018\/01\/23\/objetivos-planteados-para-5-y-10-anos-se-alcanzaron-en-4-anos-de-gestion\/#primaryimage"},"thumbnailUrl":"","keywords":["Pedagog\u00eda de las Artes y Humanidades"],"articleSection":["Gesti\u00f3n"],"inLanguage":"fr-FR"},{"@type":["WebPage","ItemPage"],"@id":"https:\/\/www.uartes.edu.ec\/sitio\/fr\/blog\/2018\/01\/23\/objetivos-planteados-para-5-y-10-anos-se-alcanzaron-en-4-anos-de-gestion\/","url":"https:\/\/www.uartes.edu.ec\/sitio\/fr\/blog\/2018\/01\/23\/objetivos-planteados-para-5-y-10-anos-se-alcanzaron-en-4-anos-de-gestion\/","name":"Universidad de las Artes - Objetivos planteados para 5 y 10 a\u00f1os se alcanzaron en 4 a\u00f1os de gesti\u00f3n","isPartOf":{"@id":"https:\/\/www.uartes.edu.ec\/sitio\/fr\/#website"},"primaryImageOfPage":{"@id":"https:\/\/www.uartes.edu.ec\/sitio\/fr\/blog\/2018\/01\/23\/objetivos-planteados-para-5-y-10-anos-se-alcanzaron-en-4-anos-de-gestion\/#primaryimage"},"image":{"@id":"https:\/\/www.uartes.edu.ec\/sitio\/fr\/blog\/2018\/01\/23\/objetivos-planteados-para-5-y-10-anos-se-alcanzaron-en-4-anos-de-gestion\/#primaryimage"},"thumbnailUrl":"","datePublished":"2018-01-23T20:27:01+00:00","dateModified":"2024-07-04T16:54:00+00:00","description":"Universidad de las Artes - Objetivos planteados para 5 y 10 a\u00f1os se alcanzaron en 4 a\u00f1os de gesti\u00f3n","breadcrumb":{"@id":"https:\/\/www.uartes.edu.ec\/sitio\/fr\/blog\/2018\/01\/23\/objetivos-planteados-para-5-y-10-anos-se-alcanzaron-en-4-anos-de-gestion\/#breadcrumb"},"inLanguage":"fr-FR","potentialAction":[{"@type":"ReadAction","target":["https:\/\/www.uartes.edu.ec\/sitio\/fr\/blog\/2018\/01\/23\/objetivos-planteados-para-5-y-10-anos-se-alcanzaron-en-4-anos-de-gestion\/"]}]},{"@type":"ImageObject","inLanguage":"fr-FR","@id":"https:\/\/www.uartes.edu.ec\/sitio\/fr\/blog\/2018\/01\/23\/objetivos-planteados-para-5-y-10-anos-se-alcanzaron-en-4-anos-de-gestion\/#primaryimage","url":"","contentUrl":""},{"@type":"BreadcrumbList","@id":"https:\/\/www.uartes.edu.ec\/sitio\/fr\/blog\/2018\/01\/23\/objetivos-planteados-para-5-y-10-anos-se-alcanzaron-en-4-anos-de-gestion\/#breadcrumb","itemListElement":[{"@type":"ListItem","position":1,"name":"Inicio","item":"https:\/\/www.uartes.edu.ec\/sitio\/"},{"@type":"ListItem","position":2,"name":"Objetivos planteados para 5 y 10 a\u00f1os se alcanzaron en 4 a\u00f1os de gesti\u00f3n"}]},{"@type":"WebSite","@id":"https:\/\/www.uartes.edu.ec\/sitio\/fr\/#website","url":"https:\/\/www.uartes.edu.ec\/sitio\/fr\/","name":"Universidad de las Artes","description":"Sitio oficial de la Universidad Nacional de las Artes del Ecuador","publisher":{"@id":"https:\/\/www.uartes.edu.ec\/sitio\/fr\/#organization"},"potentialAction":[{"@type":"SearchAction","target":{"@type":"EntryPoint","urlTemplate":"https:\/\/www.uartes.edu.ec\/sitio\/fr\/?s={search_term_string}"},"query-input":{"@type":"PropertyValueSpecification","valueRequired":true,"valueName":"search_term_string"}}],"inLanguage":"fr-FR"},{"@type":"Organization","@id":"https:\/\/www.uartes.edu.ec\/sitio\/fr\/#organization","name":"Universidad de las Artes","url":"https:\/\/www.uartes.edu.ec\/sitio\/fr\/","logo":{"@type":"ImageObject","inLanguage":"fr-FR","@id":"https:\/\/www.uartes.edu.ec\/sitio\/fr\/#\/schema\/logo\/image\/","url":"https:\/\/www.uartes.edu.ec\/sitio\/wp-content\/uploads\/2022\/07\/logo-ua-horizontal.png","contentUrl":"https:\/\/www.uartes.edu.ec\/sitio\/wp-content\/uploads\/2022\/07\/logo-ua-horizontal.png","width":800,"height":276,"caption":"Universidad de las Artes"},"image":{"@id":"https:\/\/www.uartes.edu.ec\/sitio\/fr\/#\/schema\/logo\/image\/"},"sameAs":["https:\/\/www.facebook.com\/uartesec","https:\/\/x.com\/uartesec","https:\/\/www.tiktok.com\/@uartesec"]},{"@type":"Person","@id":"https:\/\/www.uartes.edu.ec\/sitio\/fr\/#\/schema\/person\/f33f8c1d2af0d5c80a38c8abf458184a","name":"Universidad de las Artes","image":{"@type":"ImageObject","inLanguage":"fr-FR","@id":"https:\/\/secure.gravatar.com\/avatar\/52e4757902f5cfa5ac52d020e5be83cae5487519154b6c35482fe08d589f3c13?s=96&d=mm&r=g","url":"https:\/\/secure.gravatar.com\/avatar\/52e4757902f5cfa5ac52d020e5be83cae5487519154b6c35482fe08d589f3c13?s=96&d=mm&r=g","contentUrl":"https:\/\/secure.gravatar.com\/avatar\/52e4757902f5cfa5ac52d020e5be83cae5487519154b6c35482fe08d589f3c13?s=96&d=mm&r=g","caption":"Universidad de las Artes"},"url":"https:\/\/www.uartes.edu.ec\/sitio\/fr\/blog\/author\/dircomadm\/"}]}},"uagb_featured_image_src":{"full":false,"thumbnail":false,"medium":false,"medium_large":false,"large":false,"1536x1536":false,"2048x2048":false,"trp-custom-language-flag":false,"htmega_size_585x295":false,"htmega_size_1170x536":false,"htmega_size_396x360":false,"gb-block-post-grid-landscape":false,"gb-block-post-grid-square":false,"university-hub-thumb":false},"uagb_author_info":{"display_name":"Universidad de las Artes","author_link":"https:\/\/www.uartes.edu.ec\/sitio\/fr\/blog\/author\/dircomadm\/"},"uagb_comment_info":0,"uagb_excerpt":"El 2017 concluy\u00f3 con grandes noticias para la Universidad de las Artes. En materia de gesti\u00f3n institucional, la Universidad alcanz\u00f3 metas y objetivos con a\u00f1os de anticipaci\u00f3n a lo planteado en el expediente del proyecto original en el 2012. Esa gesti\u00f3n, liderada por la Comisi\u00f3n Gestora desde marzo de 2015, permite a la UArtes avanzar\u2026","featured_image_src":null,"featured_image_src_square":null,"author_info":{"display_name":"Universidad de las Artes","author_link":"https:\/\/www.uartes.edu.ec\/sitio\/fr\/blog\/author\/dircomadm\/"},"publishpress_future_workflow_manual_trigger":{"enabledWorkflows":[]},"distributor_meta":false,"distributor_terms":false,"distributor_media":false,"distributor_original_site_name":"Universidad de las Artes","distributor_original_site_url":"https:\/\/www.uartes.edu.ec\/sitio\/fr","push-errors":false,"_links":{"self":[{"href":"https:\/\/www.uartes.edu.ec\/sitio\/fr\/wp-json\/wp\/v2\/posts\/1161","targetHints":{"allow":["GET"]}}],"collection":[{"href":"https:\/\/www.uartes.edu.ec\/sitio\/fr\/wp-json\/wp\/v2\/posts"}],"about":[{"href":"https:\/\/www.uartes.edu.ec\/sitio\/fr\/wp-json\/wp\/v2\/types\/post"}],"author":[{"embeddable":true,"href":"https:\/\/www.uartes.edu.ec\/sitio\/fr\/wp-json\/wp\/v2\/users\/1"}],"replies":[{"embeddable":true,"href":"https:\/\/www.uartes.edu.ec\/sitio\/fr\/wp-json\/wp\/v2\/comments?post=1161"}],"version-history":[{"count":1,"href":"https:\/\/www.uartes.edu.ec\/sitio\/fr\/wp-json\/wp\/v2\/posts\/1161\/revisions"}],"predecessor-version":[{"id":8732,"href":"https:\/\/www.uartes.edu.ec\/sitio\/fr\/wp-json\/wp\/v2\/posts\/1161\/revisions\/8732"}],"wp:featuredmedia":[{"embeddable":true,"href":"https:\/\/www.uartes.edu.ec\/sitio\/fr\/wp-json\/"}],"wp:attachment":[{"href":"https:\/\/www.uartes.edu.ec\/sitio\/fr\/wp-json\/wp\/v2\/media?parent=1161"}],"wp:term":[{"taxonomy":"category","embeddable":true,"href":"https:\/\/www.uartes.edu.ec\/sitio\/fr\/wp-json\/wp\/v2\/categories?post=1161"},{"taxonomy":"post_tag","embeddable":true,"href":"https:\/\/www.uartes.edu.ec\/sitio\/fr\/wp-json\/wp\/v2\/tags?post=1161"},{"taxonomy":"infouartes","embeddable":true,"href":"https:\/\/www.uartes.edu.ec\/sitio\/fr\/wp-json\/wp\/v2\/infouartes?post=1161"}],"curies":[{"name":"wp","href":"https:\/\/api.w.org\/{rel}","templated":true}]}}