{"id":11833,"date":"2020-12-16T15:34:29","date_gmt":"2020-12-16T20:34:29","guid":{"rendered":"http:\/\/www.uartes.edu.ec\/sitio\/?p=11833"},"modified":"2024-07-04T11:33:12","modified_gmt":"2024-07-04T16:33:12","slug":"tres-autores-dialogan-sobre-sus-publicaciones-en-libre-libro","status":"publish","type":"post","link":"https:\/\/www.uartes.edu.ec\/sitio\/fr\/blog\/2020\/12\/16\/tres-autores-dialogan-sobre-sus-publicaciones-en-libre-libro\/","title":{"rendered":"Tres autores dialogan sobre sus publicaciones en Libre Libro"},"content":{"rendered":"<p>En el segundo d\u00eda de la VI edici\u00f3n del Encuentro de Editores Independientes Libre Libro, se presentar\u00e1 y dialogar\u00e1 sobre las obras <em>Desplazamiento ling\u00fc\u00edstico y revitalizaci\u00f3n. Reflexiones y metodolog\u00edas emergentes<\/em>, de Fernando Garc\u00e9s y otros autores; <em>Nishpa Nikuna (Contar Contando), <\/em>recopilaci\u00f3n de historias en la que interviene Pedro Mujica; y, <em>Sombra, p\u00e1lpito y salitre, <\/em>poemario de Javier P\u00e9rez. Todos docentes de la Universidad de las Artes. Actuar\u00e1 como moderadora Andrea Crespo.<\/p>\n\n\n\n<p>La actividad virtual tendr\u00e1 lugar este jueves 17 de diciembre de 2020, desde las 17:00 hasta las 18:00, y se transmitir\u00e1 por el Facebook Live de la Escuela de Literatura (@liteuartes) y de la Universidad de las Artes (@uartesec). A continuaci\u00f3n, una rese\u00f1a de los participantes y una breve sinopsis de las publicaciones a presentar.&nbsp;<\/p>\n\n\n\n<p>Fernando Garc\u00e9s es doctor en Estudios Culturales Latinoamericanos. Ha sido docente de la Universidad Cat\u00f3lica Boliviana y de la Universidad Mayor de San Sim\u00f3n de Cochabamba en Bolivia. Actualmente es docente invitado en la UArtes.<br><em>Desplazamiento ling\u00fc\u00edstico y revitalizaci\u00f3n. Reflexiones y metodolog\u00edas emergentes <\/em>comparte, desde una mirada plural y a trav\u00e9s de doce trabajos situados en \u00e1mbitos y espacios diferentes, experiencias que llevan a reflexionar profundamente en la diversalidad y en sus m\u00faltiples facetas. En los \u00faltimos 20 a\u00f1os, se ha puesto en evidencia el alto grado de desplazamiento de las lenguas ind\u00edgenas en el mundo. Estas, inmersas en contextos diversos, presentan grandes desaf\u00edos para miembros de las comunidades hablantes, para activistas de la lengua y para acad\u00e9micos comprometidos con la b\u00fasqueda de nuevas metodolog\u00edas de documentaci\u00f3n y de estrategias de revitalizaci\u00f3n m\u00e1s eficientes.<\/p>\n\n\n\n<p>Pedro Mujica Paredes, investigador y docente de la Escuela de Literatura UArtes. Tiene t\u00edtulo de tercer nivel en Artes Visuales y maestr\u00edas en Ciencias de la Comunicaci\u00f3n y Literatura Espa\u00f1ola, y un doctorado en Investigaci\u00f3n y Producci\u00f3n en las Artes.<br><em>Nishpa Nikuna (Contar Contando) <\/em>re\u00fane unarecopilaci\u00f3n de historias hechas por Pedro Mujica, Arturo Muyulema y Lucila Lema. Es un libro de cuentos infantiles, el primero de su naturaleza en la Universidad de las Artes, editado como Arte Ediciones Infantil, ilustrado por estudiantes de Artes Visuales \u2013Vicente Avelino y Vianco Toala\u2013 y traducidos al kichwa por alumnos de Literatura \u2013Nicol\u00e1s Mora, Melissa Uzhca y Diego Encalada\u2013. Es un libro creado por muchas manos desde el proyecto de V\u00ednculo con la Comunidad de la UArtes. \u201cContar contando\u201d en kichwa se traduce como Nishpa Nikuna.<\/p>\n\n\n\n<p>Javier P\u00e9rez es doctor en Estudios Art\u00edsticos, Literarios y de la Cultura. En la Universidad Aut\u00f3noma de Madrid present\u00f3, como tesis doctoral, la investigaci\u00f3n \u00a0\u201cRet\u00f3rica, Po\u00e9tica y Memoria en el Amorfino: Coplas de amor montubias\u201d.<br>Acerca del poemario <em>Sombra, p\u00e1lpito y salitre,<\/em> de la Colecci\u00f3n \u00d3pera Prima y de la autor\u00eda de Javier P\u00e9rez, en la contraportada de la obra Jes\u00fas Cano Reyes escribi\u00f3 sus poemas \u201ccombinan una voz marcada por la templanza y unas im\u00e1genes ins\u00f3litas, ensayan con sensibilidad y lucidez el t\u00f3pico de la nostalgia en un sentido etimol\u00f3gico (el dolor del regreso, el regreso al dolor), pero tambi\u00e9n en consonancia con la nostalgia del futuro de Jorge Teillier (\u201cde lo que no nos ha pasado pero debiera pasarnos\u201d); no en vano cada pieza de este libro puede ser le\u00edda, a partir de su dataci\u00f3n al pie, como el hito visible de un viaje rec\u00f3ndito. En los textos de <em>Sombra, pajarito y salitre<\/em> se recobra tambi\u00e9n la pugna de Eros y T\u00e1natos, de donde asoma inevitablemente la pulsi\u00f3n del amor frente a la muerte (\u2026)\u201d.<\/p>\n\n\n\n<p>Texto: Carmen Cortez<\/p>","protected":false},"excerpt":{"rendered":"<p>En el segundo d\u00eda de la VI edici\u00f3n del Encuentro de Editores Independientes Libre Libro, se presentar\u00e1 y dialogar\u00e1 sobre las obras Desplazamiento ling\u00fc\u00edstico y revitalizaci\u00f3n. Reflexiones y metodolog\u00edas emergentes, de Fernando Garc\u00e9s y otros autores; Nishpa Nikuna (Contar Contando), recopilaci\u00f3n de historias en la que interviene Pedro Mujica; y, Sombra, p\u00e1lpito y salitre, poemario de Javier P\u00e9rez. Todos docentes de la Universidad de las Artes. Actuar\u00e1 como moderadora Andrea Crespo.<\/p>","protected":false},"author":1,"featured_media":11831,"comment_status":"closed","ping_status":"closed","sticky":false,"template":"","format":"standard","meta":{"_acf_changed":false,"_uag_custom_page_level_css":"","_monsterinsights_skip_tracking":false,"_monsterinsights_sitenote_active":false,"_monsterinsights_sitenote_note":"","_monsterinsights_sitenote_category":0,"cybocfi_hide_featured_image":"","footnotes":""},"categories":[82,75,175,79],"tags":[392],"infouartes":[],"class_list":["post-11833","post","type-post","status-publish","format-standard","has-post-thumbnail","hentry","category-artes","category-docentes","category-literatura","category-vinculo","tag-librelibro2020"],"acf":[],"yoast_head":"<!-- This site is optimized with the Yoast SEO plugin v27.4 - https:\/\/yoast.com\/product\/yoast-seo-wordpress\/ -->\n<title>Universidad de las Artes - Tres autores dialogan sobre sus publicaciones en Libre Libro<\/title>\n<meta name=\"description\" content=\"Universidad de las Artes - Tres autores dialogan sobre sus publicaciones en Libre Libro\" \/>\n<meta name=\"robots\" content=\"index, follow, max-snippet:-1, max-image-preview:large, max-video-preview:-1\" \/>\n<link rel=\"canonical\" href=\"https:\/\/www.uartes.edu.ec\/sitio\/fr\/blog\/2020\/12\/16\/tres-autores-dialogan-sobre-sus-publicaciones-en-libre-libro\/\" \/>\n<meta property=\"og:locale\" content=\"fr_FR\" \/>\n<meta property=\"og:type\" content=\"article\" \/>\n<meta property=\"og:title\" content=\"Universidad de las Artes - Tres autores dialogan sobre sus publicaciones en Libre Libro\" \/>\n<meta property=\"og:description\" content=\"Universidad de las Artes - Tres autores dialogan sobre sus publicaciones en Libre Libro\" \/>\n<meta property=\"og:url\" content=\"https:\/\/www.uartes.edu.ec\/sitio\/fr\/blog\/2020\/12\/16\/tres-autores-dialogan-sobre-sus-publicaciones-en-libre-libro\/\" \/>\n<meta property=\"og:site_name\" content=\"Universidad de las Artes\" \/>\n<meta property=\"article:publisher\" content=\"https:\/\/www.facebook.com\/uartesec\" \/>\n<meta property=\"article:published_time\" content=\"2020-12-16T20:34:29+00:00\" \/>\n<meta property=\"article:modified_time\" content=\"2024-07-04T16:33:12+00:00\" \/>\n<meta property=\"og:image\" content=\"https:\/\/www.uartes.edu.ec\/sitio\/wp-content\/uploads\/2020\/12\/Tres-autores-dialogan-sobre-sus-publicaciones-en-Libre-Libro.jpg\" \/>\n\t<meta property=\"og:image:width\" content=\"1733\" \/>\n\t<meta property=\"og:image:height\" content=\"1155\" \/>\n\t<meta property=\"og:image:type\" content=\"image\/jpeg\" \/>\n<meta name=\"author\" content=\"Universidad de las Artes\" \/>\n<meta name=\"twitter:card\" content=\"summary_large_image\" \/>\n<meta name=\"twitter:creator\" content=\"@uartesec\" \/>\n<meta name=\"twitter:site\" content=\"@uartesec\" \/>\n<meta name=\"twitter:label1\" content=\"\u00c9crit par\" \/>\n\t<meta name=\"twitter:data1\" content=\"Universidad de las Artes\" \/>\n\t<meta name=\"twitter:label2\" content=\"Dur\u00e9e de lecture estim\u00e9e\" \/>\n\t<meta name=\"twitter:data2\" content=\"3 minutes\" \/>\n<script type=\"application\/ld+json\" class=\"yoast-schema-graph\">{\"@context\":\"https:\\\/\\\/schema.org\",\"@graph\":[{\"@type\":\"Article\",\"@id\":\"https:\\\/\\\/www.uartes.edu.ec\\\/sitio\\\/fr\\\/blog\\\/2020\\\/12\\\/16\\\/tres-autores-dialogan-sobre-sus-publicaciones-en-libre-libro\\\/#article\",\"isPartOf\":{\"@id\":\"https:\\\/\\\/www.uartes.edu.ec\\\/sitio\\\/fr\\\/blog\\\/2020\\\/12\\\/16\\\/tres-autores-dialogan-sobre-sus-publicaciones-en-libre-libro\\\/\"},\"author\":{\"name\":\"Universidad de las Artes\",\"@id\":\"https:\\\/\\\/www.uartes.edu.ec\\\/sitio\\\/fr\\\/#\\\/schema\\\/person\\\/f33f8c1d2af0d5c80a38c8abf458184a\"},\"headline\":\"Tres autores dialogan sobre sus publicaciones en Libre Libro\",\"datePublished\":\"2020-12-16T20:34:29+00:00\",\"dateModified\":\"2024-07-04T16:33:12+00:00\",\"mainEntityOfPage\":{\"@id\":\"https:\\\/\\\/www.uartes.edu.ec\\\/sitio\\\/fr\\\/blog\\\/2020\\\/12\\\/16\\\/tres-autores-dialogan-sobre-sus-publicaciones-en-libre-libro\\\/\"},\"wordCount\":636,\"publisher\":{\"@id\":\"https:\\\/\\\/www.uartes.edu.ec\\\/sitio\\\/fr\\\/#organization\"},\"image\":{\"@id\":\"https:\\\/\\\/www.uartes.edu.ec\\\/sitio\\\/fr\\\/blog\\\/2020\\\/12\\\/16\\\/tres-autores-dialogan-sobre-sus-publicaciones-en-libre-libro\\\/#primaryimage\"},\"thumbnailUrl\":\"https:\\\/\\\/www.uartes.edu.ec\\\/sitio\\\/wp-content\\\/uploads\\\/2020\\\/12\\\/Tres-autores-dialogan-sobre-sus-publicaciones-en-Libre-Libro.jpg\",\"keywords\":[\"librelibro2020\"],\"articleSection\":[\"Artes\",\"Docentes\",\"Literatura\",\"V\u00ednculo\"],\"inLanguage\":\"fr-FR\"},{\"@type\":[\"WebPage\",\"ItemPage\"],\"@id\":\"https:\\\/\\\/www.uartes.edu.ec\\\/sitio\\\/fr\\\/blog\\\/2020\\\/12\\\/16\\\/tres-autores-dialogan-sobre-sus-publicaciones-en-libre-libro\\\/\",\"url\":\"https:\\\/\\\/www.uartes.edu.ec\\\/sitio\\\/fr\\\/blog\\\/2020\\\/12\\\/16\\\/tres-autores-dialogan-sobre-sus-publicaciones-en-libre-libro\\\/\",\"name\":\"Universidad de las Artes - Tres autores dialogan sobre sus publicaciones en Libre Libro\",\"isPartOf\":{\"@id\":\"https:\\\/\\\/www.uartes.edu.ec\\\/sitio\\\/fr\\\/#website\"},\"primaryImageOfPage\":{\"@id\":\"https:\\\/\\\/www.uartes.edu.ec\\\/sitio\\\/fr\\\/blog\\\/2020\\\/12\\\/16\\\/tres-autores-dialogan-sobre-sus-publicaciones-en-libre-libro\\\/#primaryimage\"},\"image\":{\"@id\":\"https:\\\/\\\/www.uartes.edu.ec\\\/sitio\\\/fr\\\/blog\\\/2020\\\/12\\\/16\\\/tres-autores-dialogan-sobre-sus-publicaciones-en-libre-libro\\\/#primaryimage\"},\"thumbnailUrl\":\"https:\\\/\\\/www.uartes.edu.ec\\\/sitio\\\/wp-content\\\/uploads\\\/2020\\\/12\\\/Tres-autores-dialogan-sobre-sus-publicaciones-en-Libre-Libro.jpg\",\"datePublished\":\"2020-12-16T20:34:29+00:00\",\"dateModified\":\"2024-07-04T16:33:12+00:00\",\"description\":\"Universidad de las Artes - Tres autores dialogan sobre sus publicaciones en Libre Libro\",\"breadcrumb\":{\"@id\":\"https:\\\/\\\/www.uartes.edu.ec\\\/sitio\\\/fr\\\/blog\\\/2020\\\/12\\\/16\\\/tres-autores-dialogan-sobre-sus-publicaciones-en-libre-libro\\\/#breadcrumb\"},\"inLanguage\":\"fr-FR\",\"potentialAction\":[{\"@type\":\"ReadAction\",\"target\":[\"https:\\\/\\\/www.uartes.edu.ec\\\/sitio\\\/fr\\\/blog\\\/2020\\\/12\\\/16\\\/tres-autores-dialogan-sobre-sus-publicaciones-en-libre-libro\\\/\"]}]},{\"@type\":\"ImageObject\",\"inLanguage\":\"fr-FR\",\"@id\":\"https:\\\/\\\/www.uartes.edu.ec\\\/sitio\\\/fr\\\/blog\\\/2020\\\/12\\\/16\\\/tres-autores-dialogan-sobre-sus-publicaciones-en-libre-libro\\\/#primaryimage\",\"url\":\"https:\\\/\\\/www.uartes.edu.ec\\\/sitio\\\/wp-content\\\/uploads\\\/2020\\\/12\\\/Tres-autores-dialogan-sobre-sus-publicaciones-en-Libre-Libro.jpg\",\"contentUrl\":\"https:\\\/\\\/www.uartes.edu.ec\\\/sitio\\\/wp-content\\\/uploads\\\/2020\\\/12\\\/Tres-autores-dialogan-sobre-sus-publicaciones-en-Libre-Libro.jpg\",\"width\":1733,\"height\":1155},{\"@type\":\"BreadcrumbList\",\"@id\":\"https:\\\/\\\/www.uartes.edu.ec\\\/sitio\\\/fr\\\/blog\\\/2020\\\/12\\\/16\\\/tres-autores-dialogan-sobre-sus-publicaciones-en-libre-libro\\\/#breadcrumb\",\"itemListElement\":[{\"@type\":\"ListItem\",\"position\":1,\"name\":\"Inicio\",\"item\":\"https:\\\/\\\/www.uartes.edu.ec\\\/sitio\\\/\"},{\"@type\":\"ListItem\",\"position\":2,\"name\":\"Tres autores dialogan sobre sus publicaciones en Libre Libro\"}]},{\"@type\":\"WebSite\",\"@id\":\"https:\\\/\\\/www.uartes.edu.ec\\\/sitio\\\/fr\\\/#website\",\"url\":\"https:\\\/\\\/www.uartes.edu.ec\\\/sitio\\\/fr\\\/\",\"name\":\"Universidad de las Artes\",\"description\":\"Sitio oficial de la Universidad Nacional de las Artes del Ecuador\",\"publisher\":{\"@id\":\"https:\\\/\\\/www.uartes.edu.ec\\\/sitio\\\/fr\\\/#organization\"},\"potentialAction\":[{\"@type\":\"SearchAction\",\"target\":{\"@type\":\"EntryPoint\",\"urlTemplate\":\"https:\\\/\\\/www.uartes.edu.ec\\\/sitio\\\/fr\\\/?s={search_term_string}\"},\"query-input\":{\"@type\":\"PropertyValueSpecification\",\"valueRequired\":true,\"valueName\":\"search_term_string\"}}],\"inLanguage\":\"fr-FR\"},{\"@type\":\"Organization\",\"@id\":\"https:\\\/\\\/www.uartes.edu.ec\\\/sitio\\\/fr\\\/#organization\",\"name\":\"Universidad de las Artes\",\"url\":\"https:\\\/\\\/www.uartes.edu.ec\\\/sitio\\\/fr\\\/\",\"logo\":{\"@type\":\"ImageObject\",\"inLanguage\":\"fr-FR\",\"@id\":\"https:\\\/\\\/www.uartes.edu.ec\\\/sitio\\\/fr\\\/#\\\/schema\\\/logo\\\/image\\\/\",\"url\":\"https:\\\/\\\/www.uartes.edu.ec\\\/sitio\\\/wp-content\\\/uploads\\\/2022\\\/07\\\/logo-ua-horizontal.png\",\"contentUrl\":\"https:\\\/\\\/www.uartes.edu.ec\\\/sitio\\\/wp-content\\\/uploads\\\/2022\\\/07\\\/logo-ua-horizontal.png\",\"width\":800,\"height\":276,\"caption\":\"Universidad de las Artes\"},\"image\":{\"@id\":\"https:\\\/\\\/www.uartes.edu.ec\\\/sitio\\\/fr\\\/#\\\/schema\\\/logo\\\/image\\\/\"},\"sameAs\":[\"https:\\\/\\\/www.facebook.com\\\/uartesec\",\"https:\\\/\\\/x.com\\\/uartesec\",\"https:\\\/\\\/www.tiktok.com\\\/@uartesec\"]},{\"@type\":\"Person\",\"@id\":\"https:\\\/\\\/www.uartes.edu.ec\\\/sitio\\\/fr\\\/#\\\/schema\\\/person\\\/f33f8c1d2af0d5c80a38c8abf458184a\",\"name\":\"Universidad de las Artes\",\"image\":{\"@type\":\"ImageObject\",\"inLanguage\":\"fr-FR\",\"@id\":\"https:\\\/\\\/secure.gravatar.com\\\/avatar\\\/52e4757902f5cfa5ac52d020e5be83cae5487519154b6c35482fe08d589f3c13?s=96&d=mm&r=g\",\"url\":\"https:\\\/\\\/secure.gravatar.com\\\/avatar\\\/52e4757902f5cfa5ac52d020e5be83cae5487519154b6c35482fe08d589f3c13?s=96&d=mm&r=g\",\"contentUrl\":\"https:\\\/\\\/secure.gravatar.com\\\/avatar\\\/52e4757902f5cfa5ac52d020e5be83cae5487519154b6c35482fe08d589f3c13?s=96&d=mm&r=g\",\"caption\":\"Universidad de las Artes\"},\"url\":\"https:\\\/\\\/www.uartes.edu.ec\\\/sitio\\\/fr\\\/blog\\\/author\\\/dircomadm\\\/\"}]}<\/script>\n<!-- \/ Yoast SEO plugin. -->","yoast_head_json":{"title":"Universidad de las Artes - Tres autores dialogan sobre sus publicaciones en Libre Libro","description":"Universidad de las Artes - Tres autores dialogan sobre sus publicaciones en Libre Libro","robots":{"index":"index","follow":"follow","max-snippet":"max-snippet:-1","max-image-preview":"max-image-preview:large","max-video-preview":"max-video-preview:-1"},"canonical":"https:\/\/www.uartes.edu.ec\/sitio\/fr\/blog\/2020\/12\/16\/tres-autores-dialogan-sobre-sus-publicaciones-en-libre-libro\/","og_locale":"fr_FR","og_type":"article","og_title":"Universidad de las Artes - Tres autores dialogan sobre sus publicaciones en Libre Libro","og_description":"Universidad de las Artes - Tres autores dialogan sobre sus publicaciones en Libre Libro","og_url":"https:\/\/www.uartes.edu.ec\/sitio\/fr\/blog\/2020\/12\/16\/tres-autores-dialogan-sobre-sus-publicaciones-en-libre-libro\/","og_site_name":"Universidad de las Artes","article_publisher":"https:\/\/www.facebook.com\/uartesec","article_published_time":"2020-12-16T20:34:29+00:00","article_modified_time":"2024-07-04T16:33:12+00:00","og_image":[{"width":1733,"height":1155,"url":"https:\/\/www.uartes.edu.ec\/sitio\/wp-content\/uploads\/2020\/12\/Tres-autores-dialogan-sobre-sus-publicaciones-en-Libre-Libro.jpg","type":"image\/jpeg"}],"author":"Universidad de las Artes","twitter_card":"summary_large_image","twitter_creator":"@uartesec","twitter_site":"@uartesec","twitter_misc":{"\u00c9crit par":"Universidad de las Artes","Dur\u00e9e de lecture estim\u00e9e":"3 minutes"},"schema":{"@context":"https:\/\/schema.org","@graph":[{"@type":"Article","@id":"https:\/\/www.uartes.edu.ec\/sitio\/fr\/blog\/2020\/12\/16\/tres-autores-dialogan-sobre-sus-publicaciones-en-libre-libro\/#article","isPartOf":{"@id":"https:\/\/www.uartes.edu.ec\/sitio\/fr\/blog\/2020\/12\/16\/tres-autores-dialogan-sobre-sus-publicaciones-en-libre-libro\/"},"author":{"name":"Universidad de las Artes","@id":"https:\/\/www.uartes.edu.ec\/sitio\/fr\/#\/schema\/person\/f33f8c1d2af0d5c80a38c8abf458184a"},"headline":"Tres autores dialogan sobre sus publicaciones en Libre Libro","datePublished":"2020-12-16T20:34:29+00:00","dateModified":"2024-07-04T16:33:12+00:00","mainEntityOfPage":{"@id":"https:\/\/www.uartes.edu.ec\/sitio\/fr\/blog\/2020\/12\/16\/tres-autores-dialogan-sobre-sus-publicaciones-en-libre-libro\/"},"wordCount":636,"publisher":{"@id":"https:\/\/www.uartes.edu.ec\/sitio\/fr\/#organization"},"image":{"@id":"https:\/\/www.uartes.edu.ec\/sitio\/fr\/blog\/2020\/12\/16\/tres-autores-dialogan-sobre-sus-publicaciones-en-libre-libro\/#primaryimage"},"thumbnailUrl":"https:\/\/www.uartes.edu.ec\/sitio\/wp-content\/uploads\/2020\/12\/Tres-autores-dialogan-sobre-sus-publicaciones-en-Libre-Libro.jpg","keywords":["librelibro2020"],"articleSection":["Artes","Docentes","Literatura","V\u00ednculo"],"inLanguage":"fr-FR"},{"@type":["WebPage","ItemPage"],"@id":"https:\/\/www.uartes.edu.ec\/sitio\/fr\/blog\/2020\/12\/16\/tres-autores-dialogan-sobre-sus-publicaciones-en-libre-libro\/","url":"https:\/\/www.uartes.edu.ec\/sitio\/fr\/blog\/2020\/12\/16\/tres-autores-dialogan-sobre-sus-publicaciones-en-libre-libro\/","name":"Universidad de las Artes - Tres autores dialogan sobre sus publicaciones en Libre Libro","isPartOf":{"@id":"https:\/\/www.uartes.edu.ec\/sitio\/fr\/#website"},"primaryImageOfPage":{"@id":"https:\/\/www.uartes.edu.ec\/sitio\/fr\/blog\/2020\/12\/16\/tres-autores-dialogan-sobre-sus-publicaciones-en-libre-libro\/#primaryimage"},"image":{"@id":"https:\/\/www.uartes.edu.ec\/sitio\/fr\/blog\/2020\/12\/16\/tres-autores-dialogan-sobre-sus-publicaciones-en-libre-libro\/#primaryimage"},"thumbnailUrl":"https:\/\/www.uartes.edu.ec\/sitio\/wp-content\/uploads\/2020\/12\/Tres-autores-dialogan-sobre-sus-publicaciones-en-Libre-Libro.jpg","datePublished":"2020-12-16T20:34:29+00:00","dateModified":"2024-07-04T16:33:12+00:00","description":"Universidad de las Artes - Tres autores dialogan sobre sus publicaciones en Libre Libro","breadcrumb":{"@id":"https:\/\/www.uartes.edu.ec\/sitio\/fr\/blog\/2020\/12\/16\/tres-autores-dialogan-sobre-sus-publicaciones-en-libre-libro\/#breadcrumb"},"inLanguage":"fr-FR","potentialAction":[{"@type":"ReadAction","target":["https:\/\/www.uartes.edu.ec\/sitio\/fr\/blog\/2020\/12\/16\/tres-autores-dialogan-sobre-sus-publicaciones-en-libre-libro\/"]}]},{"@type":"ImageObject","inLanguage":"fr-FR","@id":"https:\/\/www.uartes.edu.ec\/sitio\/fr\/blog\/2020\/12\/16\/tres-autores-dialogan-sobre-sus-publicaciones-en-libre-libro\/#primaryimage","url":"https:\/\/www.uartes.edu.ec\/sitio\/wp-content\/uploads\/2020\/12\/Tres-autores-dialogan-sobre-sus-publicaciones-en-Libre-Libro.jpg","contentUrl":"https:\/\/www.uartes.edu.ec\/sitio\/wp-content\/uploads\/2020\/12\/Tres-autores-dialogan-sobre-sus-publicaciones-en-Libre-Libro.jpg","width":1733,"height":1155},{"@type":"BreadcrumbList","@id":"https:\/\/www.uartes.edu.ec\/sitio\/fr\/blog\/2020\/12\/16\/tres-autores-dialogan-sobre-sus-publicaciones-en-libre-libro\/#breadcrumb","itemListElement":[{"@type":"ListItem","position":1,"name":"Inicio","item":"https:\/\/www.uartes.edu.ec\/sitio\/"},{"@type":"ListItem","position":2,"name":"Tres autores dialogan sobre sus publicaciones en Libre Libro"}]},{"@type":"WebSite","@id":"https:\/\/www.uartes.edu.ec\/sitio\/fr\/#website","url":"https:\/\/www.uartes.edu.ec\/sitio\/fr\/","name":"Universidad de las Artes","description":"Sitio oficial de la Universidad Nacional de las Artes del Ecuador","publisher":{"@id":"https:\/\/www.uartes.edu.ec\/sitio\/fr\/#organization"},"potentialAction":[{"@type":"SearchAction","target":{"@type":"EntryPoint","urlTemplate":"https:\/\/www.uartes.edu.ec\/sitio\/fr\/?s={search_term_string}"},"query-input":{"@type":"PropertyValueSpecification","valueRequired":true,"valueName":"search_term_string"}}],"inLanguage":"fr-FR"},{"@type":"Organization","@id":"https:\/\/www.uartes.edu.ec\/sitio\/fr\/#organization","name":"Universidad de las Artes","url":"https:\/\/www.uartes.edu.ec\/sitio\/fr\/","logo":{"@type":"ImageObject","inLanguage":"fr-FR","@id":"https:\/\/www.uartes.edu.ec\/sitio\/fr\/#\/schema\/logo\/image\/","url":"https:\/\/www.uartes.edu.ec\/sitio\/wp-content\/uploads\/2022\/07\/logo-ua-horizontal.png","contentUrl":"https:\/\/www.uartes.edu.ec\/sitio\/wp-content\/uploads\/2022\/07\/logo-ua-horizontal.png","width":800,"height":276,"caption":"Universidad de las Artes"},"image":{"@id":"https:\/\/www.uartes.edu.ec\/sitio\/fr\/#\/schema\/logo\/image\/"},"sameAs":["https:\/\/www.facebook.com\/uartesec","https:\/\/x.com\/uartesec","https:\/\/www.tiktok.com\/@uartesec"]},{"@type":"Person","@id":"https:\/\/www.uartes.edu.ec\/sitio\/fr\/#\/schema\/person\/f33f8c1d2af0d5c80a38c8abf458184a","name":"Universidad de las Artes","image":{"@type":"ImageObject","inLanguage":"fr-FR","@id":"https:\/\/secure.gravatar.com\/avatar\/52e4757902f5cfa5ac52d020e5be83cae5487519154b6c35482fe08d589f3c13?s=96&d=mm&r=g","url":"https:\/\/secure.gravatar.com\/avatar\/52e4757902f5cfa5ac52d020e5be83cae5487519154b6c35482fe08d589f3c13?s=96&d=mm&r=g","contentUrl":"https:\/\/secure.gravatar.com\/avatar\/52e4757902f5cfa5ac52d020e5be83cae5487519154b6c35482fe08d589f3c13?s=96&d=mm&r=g","caption":"Universidad de las Artes"},"url":"https:\/\/www.uartes.edu.ec\/sitio\/fr\/blog\/author\/dircomadm\/"}]}},"uagb_featured_image_src":{"full":["https:\/\/www.uartes.edu.ec\/sitio\/wp-content\/uploads\/2020\/12\/Tres-autores-dialogan-sobre-sus-publicaciones-en-Libre-Libro.jpg",1733,1155,false],"thumbnail":["https:\/\/www.uartes.edu.ec\/sitio\/wp-content\/uploads\/2020\/12\/Tres-autores-dialogan-sobre-sus-publicaciones-en-Libre-Libro-150x150.jpg",150,150,true],"medium":["https:\/\/www.uartes.edu.ec\/sitio\/wp-content\/uploads\/2020\/12\/Tres-autores-dialogan-sobre-sus-publicaciones-en-Libre-Libro-300x200.jpg",300,200,true],"medium_large":["https:\/\/www.uartes.edu.ec\/sitio\/wp-content\/uploads\/2020\/12\/Tres-autores-dialogan-sobre-sus-publicaciones-en-Libre-Libro-768x512.jpg",768,512,true],"large":["https:\/\/www.uartes.edu.ec\/sitio\/wp-content\/uploads\/2020\/12\/Tres-autores-dialogan-sobre-sus-publicaciones-en-Libre-Libro-644x429.jpg",644,429,true],"1536x1536":["https:\/\/www.uartes.edu.ec\/sitio\/wp-content\/uploads\/2020\/12\/Tres-autores-dialogan-sobre-sus-publicaciones-en-Libre-Libro-1536x1024.jpg",1536,1024,true],"2048x2048":["https:\/\/www.uartes.edu.ec\/sitio\/wp-content\/uploads\/2020\/12\/Tres-autores-dialogan-sobre-sus-publicaciones-en-Libre-Libro.jpg",1733,1155,false],"trp-custom-language-flag":["https:\/\/www.uartes.edu.ec\/sitio\/wp-content\/uploads\/2020\/12\/Tres-autores-dialogan-sobre-sus-publicaciones-en-Libre-Libro.jpg",18,12,false],"htmega_size_585x295":["https:\/\/www.uartes.edu.ec\/sitio\/wp-content\/uploads\/2020\/12\/Tres-autores-dialogan-sobre-sus-publicaciones-en-Libre-Libro-585x295.jpg",585,295,true],"htmega_size_1170x536":["https:\/\/www.uartes.edu.ec\/sitio\/wp-content\/uploads\/2020\/12\/Tres-autores-dialogan-sobre-sus-publicaciones-en-Libre-Libro-1170x536.jpg",1170,536,true],"htmega_size_396x360":["https:\/\/www.uartes.edu.ec\/sitio\/wp-content\/uploads\/2020\/12\/Tres-autores-dialogan-sobre-sus-publicaciones-en-Libre-Libro-396x360.jpg",396,360,true],"gb-block-post-grid-landscape":["https:\/\/www.uartes.edu.ec\/sitio\/wp-content\/uploads\/2020\/12\/Tres-autores-dialogan-sobre-sus-publicaciones-en-Libre-Libro.jpg",600,400,false],"gb-block-post-grid-square":["https:\/\/www.uartes.edu.ec\/sitio\/wp-content\/uploads\/2020\/12\/Tres-autores-dialogan-sobre-sus-publicaciones-en-Libre-Libro.jpg",600,400,false],"university-hub-thumb":["https:\/\/www.uartes.edu.ec\/sitio\/wp-content\/uploads\/2020\/12\/Tres-autores-dialogan-sobre-sus-publicaciones-en-Libre-Libro.jpg",400,267,false],"mailpoet_newsletter_max":["https:\/\/www.uartes.edu.ec\/sitio\/wp-content\/uploads\/2020\/12\/Tres-autores-dialogan-sobre-sus-publicaciones-en-Libre-Libro.jpg",1320,880,false]},"uagb_author_info":{"display_name":"Universidad de las Artes","author_link":"https:\/\/www.uartes.edu.ec\/sitio\/fr\/blog\/author\/dircomadm\/"},"uagb_comment_info":0,"uagb_excerpt":"En el segundo d\u00eda de la VI edici\u00f3n del Encuentro de Editores Independientes Libre Libro, se presentar\u00e1 y dialogar\u00e1 sobre las obras Desplazamiento ling\u00fc\u00edstico y revitalizaci\u00f3n. Reflexiones y metodolog\u00edas emergentes, de Fernando Garc\u00e9s y otros autores; Nishpa Nikuna (Contar Contando), recopilaci\u00f3n de historias en la que interviene Pedro Mujica; y, Sombra, p\u00e1lpito y salitre, poemario\u2026","featured_image_src":"https:\/\/www.uartes.edu.ec\/sitio\/wp-content\/uploads\/2020\/12\/Tres-autores-dialogan-sobre-sus-publicaciones-en-Libre-Libro.jpg","featured_image_src_square":"https:\/\/www.uartes.edu.ec\/sitio\/wp-content\/uploads\/2020\/12\/Tres-autores-dialogan-sobre-sus-publicaciones-en-Libre-Libro.jpg","author_info":{"display_name":"Universidad de las Artes","author_link":"https:\/\/www.uartes.edu.ec\/sitio\/fr\/blog\/author\/dircomadm\/"},"publishpress_future_workflow_manual_trigger":{"enabledWorkflows":[]},"distributor_meta":false,"distributor_terms":false,"distributor_media":false,"distributor_original_site_name":"Universidad de las Artes","distributor_original_site_url":"https:\/\/www.uartes.edu.ec\/sitio\/fr","push-errors":false,"_links":{"self":[{"href":"https:\/\/www.uartes.edu.ec\/sitio\/fr\/wp-json\/wp\/v2\/posts\/11833","targetHints":{"allow":["GET"]}}],"collection":[{"href":"https:\/\/www.uartes.edu.ec\/sitio\/fr\/wp-json\/wp\/v2\/posts"}],"about":[{"href":"https:\/\/www.uartes.edu.ec\/sitio\/fr\/wp-json\/wp\/v2\/types\/post"}],"author":[{"embeddable":true,"href":"https:\/\/www.uartes.edu.ec\/sitio\/fr\/wp-json\/wp\/v2\/users\/1"}],"replies":[{"embeddable":true,"href":"https:\/\/www.uartes.edu.ec\/sitio\/fr\/wp-json\/wp\/v2\/comments?post=11833"}],"version-history":[{"count":1,"href":"https:\/\/www.uartes.edu.ec\/sitio\/fr\/wp-json\/wp\/v2\/posts\/11833\/revisions"}],"predecessor-version":[{"id":11834,"href":"https:\/\/www.uartes.edu.ec\/sitio\/fr\/wp-json\/wp\/v2\/posts\/11833\/revisions\/11834"}],"wp:featuredmedia":[{"embeddable":true,"href":"https:\/\/www.uartes.edu.ec\/sitio\/fr\/wp-json\/wp\/v2\/media\/11831"}],"wp:attachment":[{"href":"https:\/\/www.uartes.edu.ec\/sitio\/fr\/wp-json\/wp\/v2\/media?parent=11833"}],"wp:term":[{"taxonomy":"category","embeddable":true,"href":"https:\/\/www.uartes.edu.ec\/sitio\/fr\/wp-json\/wp\/v2\/categories?post=11833"},{"taxonomy":"post_tag","embeddable":true,"href":"https:\/\/www.uartes.edu.ec\/sitio\/fr\/wp-json\/wp\/v2\/tags?post=11833"},{"taxonomy":"infouartes","embeddable":true,"href":"https:\/\/www.uartes.edu.ec\/sitio\/fr\/wp-json\/wp\/v2\/infouartes?post=11833"}],"curies":[{"name":"wp","href":"https:\/\/api.w.org\/{rel}","templated":true}]}}