{"id":11848,"date":"2020-12-16T17:21:54","date_gmt":"2020-12-16T22:21:54","guid":{"rendered":"http:\/\/www.uartes.edu.ec\/sitio\/?p=11848"},"modified":"2024-07-04T11:33:11","modified_gmt":"2024-07-04T16:33:11","slug":"en-dialogo-con-los-editores-de-mandragora-errante-naranja-cuadrada-y-patria-liquida","status":"publish","type":"post","link":"https:\/\/www.uartes.edu.ec\/sitio\/fr\/blog\/2020\/12\/16\/en-dialogo-con-los-editores-de-mandragora-errante-naranja-cuadrada-y-patria-liquida\/","title":{"rendered":"En di\u00e1logo con los editores de Mandr\u00e1gora Errante, Naranja Cuadrada y Patria L\u00edquida"},"content":{"rendered":"<p>Mandr\u00e1gora Errante, Naranja Cuadrada y Patria L\u00edquida, proyectos editoriales de estudiantes de la Escuela de Literatura de la Universidad de las Artes, tendr\u00e1n su espacio en la VI edici\u00f3n del Encuentro de Editores Independientes Libre Libro, que de manera virtual arranca este mi\u00e9rcoles 16 de diciembre de 2020.<\/p>\n\n\n\n<p>Sus editores dialogar\u00e1n el viernes 18, desde las 10:00 hasta las 11:30, con Omar Balladares. Por Mandr\u00e1gora Errante estar\u00e1 Nicole Coronado; por Naranja Cuadrada, Melanie Moreira; y, por Patria L\u00edquida, Yuliana Ortiz y Anthony Guerrero.<\/p>\n\n\n\n<p>Estos proyectos editoriales surgieron en el Semestre I del 2020 y ahora se mantienen. Nicole Coronado con Mandr\u00e1gora Errante, el sello principal de la editorial: Andar, se\u00f1ala: \u201cSu tema principal es la ciudad y, entre otros, los afectos, el espacio y la memoria. Jugando con elementos como la cartograf\u00eda y la hibridaci\u00f3n. Reflexiona sobre lo que llamamos la segunda ciudad \u2018la de los cuerpos amalgamados e impredecibles\u2019 y lo que les atraviesa. La editorial fanzinera es un espacio para las po\u00e9ticas expandidas y los textos h\u00edbridos. La mandr\u00e1gora emprende un viaje (el camino errante) del cual provienen los sellos de la editorial, este elemento de dualidad: una planta m\u00edstica usada en rituales, funciona como remedio y veneno\u201d<\/p>\n\n\n\n<p>Nicole Coronado describe a Andar como una oda a la ciudad, y recuerda la materia Naturaleza, espacio p\u00fablico y lenguaje \u2013que ya no existe en la malla\u2013 como la que le aport\u00f3 a ella y a todos en general. Por ello tambi\u00e9n le parece interesante dar un espacio para hablar de la ciudad, de lo urbano, de los mapas. El fanzine como formato le parece accesible tanto para su producci\u00f3n y venta, adem\u00e1s del hecho de apartarse del libro tradicional porque le parece interesante poder explorar con formatos h\u00edbridos, libro objeto, poes\u00eda visual.<\/p>\n\n\n\n<p>Para los primeros meses del 2021 Mandr\u00e1gora Errante tiene planeado publicar el primer fanzine bajo el sello Andar, titulado \u201cCiudad Subvertida\u201d. \u201cMe interesa que Mandr\u00e1gora Errante no solo sea un espacio para producci\u00f3n, sino tambi\u00e9n para pensar, para sentarnos, para equivocarnos, para crear talleres, colaborar, pensar la ciudad en colectivo. Creo que es un momento en el que hay que repensar y represarnos a nosotros y eso se va a intentar en sellos como Espacio Vac\u00edo\u201d, explica Nicole Coronado.<\/p>\n\n\n\n<p>Melanie Moreira, por su parte, trabaja con el formato plaquette en Naranja Cuadrada, proyecto editorial que aborda la literatura y el cine con publicaciones de cuento, poes\u00eda, entrevistas, rese\u00f1as, comentarios y ensayos. Su nombre es una apropiaci\u00f3n de un verso del poema <em>Distinto,<\/em> de David Ledesma. Ya tiene su primer n\u00famero publicado, titulado \u201c(De)formaci\u00f3n de espacios\u201d, el cual&nbsp;explora los afectos que producen los espacios, c\u00f3mo se decide habitarlos y tambi\u00e9n resignificarlos.<\/p>\n\n\n\n<p>Por ahora las publicaciones son digitales, pero se tiene planeado que tambi\u00e9n sean f\u00edsicas.<\/p>\n\n\n\n<p>Para Melanie Moreira, la participaci\u00f3n en Libre Libro es importante \u201cporque creo que el campo editorial tiene que ser habitado por nuevas propuestas editoriales, sobre todo las de los estudiantes, que cada vez son mayores\u201d. De Naranja cuadrada espera que \u201cel proyecto funcione, se autosustente y logre superar los retos que siempre afrontan las editoriales independientes.\u201d<\/p>\n\n\n\n<p>Patria L\u00edquida es el proyecto de Anthony Guerrero y Yuliana Ortiz. Se trata de una \u201cpublicaci\u00f3n peri\u00f3dica para trabajar el pensamiento literario como accionador del rompimiento de la idea Estado o Naci\u00f3n entre otras fronteras impositivas. Se forma mediante una \u201cserie de ensayos, en donde los editores invitaremos a un escritor\/poeta a reflexionar en torno a las posibles desdibujaciones fronterizas agenciadas por el quehacer de la palabra\u201d, explica.<\/p>\n\n\n\n<p>Anthony Guerrero manifiesta satisfacci\u00f3n por participar en Libre Libro y que se realice a\u00fan en esta \u00e9poca de pandemia. Le parece prescindible que se d\u00e9, a pesar de las condiciones que evitan la reuni\u00f3n presencial \u2013las actividades se trasmitir\u00e1n de la p\u00e1gina de Facebook de la Escuela de Literatura y de la UArtes\u2013. Acerca del futuro de Patria L\u00edquida, su editor expresa: \u201cNuestro proyecto con Yuliana reci\u00e9n est\u00e1 empezando, as\u00ed que quiero que sea una oportunidad para abrir riachuelos de pensamiento entre todos quienes habitamos Latinoam\u00e9rica\u201d, menciona.<\/p>\n\n\n\n<p><em>Texto: Angie Cobos, estudiante de sexto semestre de la Escuela de Literatura.<\/em><\/p>","protected":false},"excerpt":{"rendered":"<p>Mandr\u00e1gora Errante, Naranja Cuadrada y Patria L\u00edquida, proyectos editoriales de los estudiantes de la Escuela de Literatura de la Universidad de las Artes, tendr\u00e1n su espacio en la VI edici\u00f3n del Encuentro de Editores Independientes Libre Libro, que de manera virtual arranca este mi\u00e9rcoles 16 de diciembre de 2020. Sus editores dialogar\u00e1n el viernes 18, desde las 10:00 hasta las 11:30, con Omar Balladares. <\/p>","protected":false},"author":1,"featured_media":11849,"comment_status":"closed","ping_status":"closed","sticky":false,"template":"","format":"standard","meta":{"_acf_changed":false,"_uag_custom_page_level_css":"","_monsterinsights_skip_tracking":false,"_monsterinsights_sitenote_active":false,"_monsterinsights_sitenote_note":"","_monsterinsights_sitenote_category":0,"cybocfi_hide_featured_image":"","footnotes":""},"categories":[82,75,76,175],"tags":[392],"infouartes":[],"class_list":["post-11848","post","type-post","status-publish","format-standard","has-post-thumbnail","hentry","category-artes","category-docentes","category-estudiantes","category-literatura","tag-librelibro2020"],"acf":[],"yoast_head":"<!-- This site is optimized with the Yoast SEO plugin v27.4 - https:\/\/yoast.com\/product\/yoast-seo-wordpress\/ -->\n<title>Universidad de las Artes - En di\u00e1logo con los editores de Mandr\u00e1gora Errante, Naranja Cuadrada y Patria L\u00edquida<\/title>\n<meta name=\"description\" content=\"Universidad de las Artes - En di\u00e1logo con los editores de Mandr\u00e1gora Errante, Naranja Cuadrada y Patria L\u00edquida\" \/>\n<meta name=\"robots\" content=\"index, follow, max-snippet:-1, max-image-preview:large, max-video-preview:-1\" \/>\n<link rel=\"canonical\" href=\"https:\/\/www.uartes.edu.ec\/sitio\/fr\/blog\/2020\/12\/16\/en-dialogo-con-los-editores-de-mandragora-errante-naranja-cuadrada-y-patria-liquida\/\" \/>\n<meta property=\"og:locale\" content=\"fr_FR\" \/>\n<meta property=\"og:type\" content=\"article\" \/>\n<meta property=\"og:title\" content=\"Universidad de las Artes - En di\u00e1logo con los editores de Mandr\u00e1gora Errante, Naranja Cuadrada y Patria L\u00edquida\" \/>\n<meta property=\"og:description\" content=\"Universidad de las Artes - En di\u00e1logo con los editores de Mandr\u00e1gora Errante, Naranja Cuadrada y Patria L\u00edquida\" \/>\n<meta property=\"og:url\" content=\"https:\/\/www.uartes.edu.ec\/sitio\/fr\/blog\/2020\/12\/16\/en-dialogo-con-los-editores-de-mandragora-errante-naranja-cuadrada-y-patria-liquida\/\" \/>\n<meta property=\"og:site_name\" content=\"Universidad de las Artes\" \/>\n<meta property=\"article:publisher\" content=\"https:\/\/www.facebook.com\/uartesec\" \/>\n<meta property=\"article:published_time\" content=\"2020-12-16T22:21:54+00:00\" \/>\n<meta property=\"article:modified_time\" content=\"2024-07-04T16:33:11+00:00\" \/>\n<meta property=\"og:image\" content=\"https:\/\/www.uartes.edu.ec\/sitio\/wp-content\/uploads\/2020\/12\/MANDRAGORA-ERRANTE.jpg\" \/>\n\t<meta property=\"og:image:width\" content=\"2000\" \/>\n\t<meta property=\"og:image:height\" content=\"1333\" \/>\n\t<meta property=\"og:image:type\" content=\"image\/jpeg\" \/>\n<meta name=\"author\" content=\"Universidad de las Artes\" \/>\n<meta name=\"twitter:card\" content=\"summary_large_image\" \/>\n<meta name=\"twitter:creator\" content=\"@uartesec\" \/>\n<meta name=\"twitter:site\" content=\"@uartesec\" \/>\n<meta name=\"twitter:label1\" content=\"\u00c9crit par\" \/>\n\t<meta name=\"twitter:data1\" content=\"Universidad de las Artes\" \/>\n\t<meta name=\"twitter:label2\" content=\"Dur\u00e9e de lecture estim\u00e9e\" \/>\n\t<meta name=\"twitter:data2\" content=\"4 minutes\" \/>\n<script type=\"application\/ld+json\" class=\"yoast-schema-graph\">{\"@context\":\"https:\\\/\\\/schema.org\",\"@graph\":[{\"@type\":\"Article\",\"@id\":\"https:\\\/\\\/www.uartes.edu.ec\\\/sitio\\\/fr\\\/blog\\\/2020\\\/12\\\/16\\\/en-dialogo-con-los-editores-de-mandragora-errante-naranja-cuadrada-y-patria-liquida\\\/#article\",\"isPartOf\":{\"@id\":\"https:\\\/\\\/www.uartes.edu.ec\\\/sitio\\\/fr\\\/blog\\\/2020\\\/12\\\/16\\\/en-dialogo-con-los-editores-de-mandragora-errante-naranja-cuadrada-y-patria-liquida\\\/\"},\"author\":{\"name\":\"Universidad de las Artes\",\"@id\":\"https:\\\/\\\/www.uartes.edu.ec\\\/sitio\\\/fr\\\/#\\\/schema\\\/person\\\/f33f8c1d2af0d5c80a38c8abf458184a\"},\"headline\":\"En di\u00e1logo con los editores de Mandr\u00e1gora Errante, Naranja Cuadrada y Patria L\u00edquida\",\"datePublished\":\"2020-12-16T22:21:54+00:00\",\"dateModified\":\"2024-07-04T16:33:11+00:00\",\"mainEntityOfPage\":{\"@id\":\"https:\\\/\\\/www.uartes.edu.ec\\\/sitio\\\/fr\\\/blog\\\/2020\\\/12\\\/16\\\/en-dialogo-con-los-editores-de-mandragora-errante-naranja-cuadrada-y-patria-liquida\\\/\"},\"wordCount\":742,\"publisher\":{\"@id\":\"https:\\\/\\\/www.uartes.edu.ec\\\/sitio\\\/fr\\\/#organization\"},\"image\":{\"@id\":\"https:\\\/\\\/www.uartes.edu.ec\\\/sitio\\\/fr\\\/blog\\\/2020\\\/12\\\/16\\\/en-dialogo-con-los-editores-de-mandragora-errante-naranja-cuadrada-y-patria-liquida\\\/#primaryimage\"},\"thumbnailUrl\":\"https:\\\/\\\/www.uartes.edu.ec\\\/sitio\\\/wp-content\\\/uploads\\\/2020\\\/12\\\/MANDRAGORA-ERRANTE.jpg\",\"keywords\":[\"librelibro2020\"],\"articleSection\":[\"Artes\",\"Docentes\",\"Estudiantes\",\"Literatura\"],\"inLanguage\":\"fr-FR\"},{\"@type\":[\"WebPage\",\"ItemPage\"],\"@id\":\"https:\\\/\\\/www.uartes.edu.ec\\\/sitio\\\/fr\\\/blog\\\/2020\\\/12\\\/16\\\/en-dialogo-con-los-editores-de-mandragora-errante-naranja-cuadrada-y-patria-liquida\\\/\",\"url\":\"https:\\\/\\\/www.uartes.edu.ec\\\/sitio\\\/fr\\\/blog\\\/2020\\\/12\\\/16\\\/en-dialogo-con-los-editores-de-mandragora-errante-naranja-cuadrada-y-patria-liquida\\\/\",\"name\":\"Universidad de las Artes - En di\u00e1logo con los editores de Mandr\u00e1gora Errante, Naranja Cuadrada y Patria L\u00edquida\",\"isPartOf\":{\"@id\":\"https:\\\/\\\/www.uartes.edu.ec\\\/sitio\\\/fr\\\/#website\"},\"primaryImageOfPage\":{\"@id\":\"https:\\\/\\\/www.uartes.edu.ec\\\/sitio\\\/fr\\\/blog\\\/2020\\\/12\\\/16\\\/en-dialogo-con-los-editores-de-mandragora-errante-naranja-cuadrada-y-patria-liquida\\\/#primaryimage\"},\"image\":{\"@id\":\"https:\\\/\\\/www.uartes.edu.ec\\\/sitio\\\/fr\\\/blog\\\/2020\\\/12\\\/16\\\/en-dialogo-con-los-editores-de-mandragora-errante-naranja-cuadrada-y-patria-liquida\\\/#primaryimage\"},\"thumbnailUrl\":\"https:\\\/\\\/www.uartes.edu.ec\\\/sitio\\\/wp-content\\\/uploads\\\/2020\\\/12\\\/MANDRAGORA-ERRANTE.jpg\",\"datePublished\":\"2020-12-16T22:21:54+00:00\",\"dateModified\":\"2024-07-04T16:33:11+00:00\",\"description\":\"Universidad de las Artes - En di\u00e1logo con los editores de Mandr\u00e1gora Errante, Naranja Cuadrada y Patria L\u00edquida\",\"breadcrumb\":{\"@id\":\"https:\\\/\\\/www.uartes.edu.ec\\\/sitio\\\/fr\\\/blog\\\/2020\\\/12\\\/16\\\/en-dialogo-con-los-editores-de-mandragora-errante-naranja-cuadrada-y-patria-liquida\\\/#breadcrumb\"},\"inLanguage\":\"fr-FR\",\"potentialAction\":[{\"@type\":\"ReadAction\",\"target\":[\"https:\\\/\\\/www.uartes.edu.ec\\\/sitio\\\/fr\\\/blog\\\/2020\\\/12\\\/16\\\/en-dialogo-con-los-editores-de-mandragora-errante-naranja-cuadrada-y-patria-liquida\\\/\"]}]},{\"@type\":\"ImageObject\",\"inLanguage\":\"fr-FR\",\"@id\":\"https:\\\/\\\/www.uartes.edu.ec\\\/sitio\\\/fr\\\/blog\\\/2020\\\/12\\\/16\\\/en-dialogo-con-los-editores-de-mandragora-errante-naranja-cuadrada-y-patria-liquida\\\/#primaryimage\",\"url\":\"https:\\\/\\\/www.uartes.edu.ec\\\/sitio\\\/wp-content\\\/uploads\\\/2020\\\/12\\\/MANDRAGORA-ERRANTE.jpg\",\"contentUrl\":\"https:\\\/\\\/www.uartes.edu.ec\\\/sitio\\\/wp-content\\\/uploads\\\/2020\\\/12\\\/MANDRAGORA-ERRANTE.jpg\",\"width\":2000,\"height\":1333},{\"@type\":\"BreadcrumbList\",\"@id\":\"https:\\\/\\\/www.uartes.edu.ec\\\/sitio\\\/fr\\\/blog\\\/2020\\\/12\\\/16\\\/en-dialogo-con-los-editores-de-mandragora-errante-naranja-cuadrada-y-patria-liquida\\\/#breadcrumb\",\"itemListElement\":[{\"@type\":\"ListItem\",\"position\":1,\"name\":\"Inicio\",\"item\":\"https:\\\/\\\/www.uartes.edu.ec\\\/sitio\\\/\"},{\"@type\":\"ListItem\",\"position\":2,\"name\":\"En di\u00e1logo con los editores de Mandr\u00e1gora Errante, Naranja Cuadrada y Patria L\u00edquida\"}]},{\"@type\":\"WebSite\",\"@id\":\"https:\\\/\\\/www.uartes.edu.ec\\\/sitio\\\/fr\\\/#website\",\"url\":\"https:\\\/\\\/www.uartes.edu.ec\\\/sitio\\\/fr\\\/\",\"name\":\"Universidad de las Artes\",\"description\":\"Sitio oficial de la Universidad Nacional de las Artes del Ecuador\",\"publisher\":{\"@id\":\"https:\\\/\\\/www.uartes.edu.ec\\\/sitio\\\/fr\\\/#organization\"},\"potentialAction\":[{\"@type\":\"SearchAction\",\"target\":{\"@type\":\"EntryPoint\",\"urlTemplate\":\"https:\\\/\\\/www.uartes.edu.ec\\\/sitio\\\/fr\\\/?s={search_term_string}\"},\"query-input\":{\"@type\":\"PropertyValueSpecification\",\"valueRequired\":true,\"valueName\":\"search_term_string\"}}],\"inLanguage\":\"fr-FR\"},{\"@type\":\"Organization\",\"@id\":\"https:\\\/\\\/www.uartes.edu.ec\\\/sitio\\\/fr\\\/#organization\",\"name\":\"Universidad de las Artes\",\"url\":\"https:\\\/\\\/www.uartes.edu.ec\\\/sitio\\\/fr\\\/\",\"logo\":{\"@type\":\"ImageObject\",\"inLanguage\":\"fr-FR\",\"@id\":\"https:\\\/\\\/www.uartes.edu.ec\\\/sitio\\\/fr\\\/#\\\/schema\\\/logo\\\/image\\\/\",\"url\":\"https:\\\/\\\/www.uartes.edu.ec\\\/sitio\\\/wp-content\\\/uploads\\\/2022\\\/07\\\/logo-ua-horizontal.png\",\"contentUrl\":\"https:\\\/\\\/www.uartes.edu.ec\\\/sitio\\\/wp-content\\\/uploads\\\/2022\\\/07\\\/logo-ua-horizontal.png\",\"width\":800,\"height\":276,\"caption\":\"Universidad de las Artes\"},\"image\":{\"@id\":\"https:\\\/\\\/www.uartes.edu.ec\\\/sitio\\\/fr\\\/#\\\/schema\\\/logo\\\/image\\\/\"},\"sameAs\":[\"https:\\\/\\\/www.facebook.com\\\/uartesec\",\"https:\\\/\\\/x.com\\\/uartesec\",\"https:\\\/\\\/www.tiktok.com\\\/@uartesec\"]},{\"@type\":\"Person\",\"@id\":\"https:\\\/\\\/www.uartes.edu.ec\\\/sitio\\\/fr\\\/#\\\/schema\\\/person\\\/f33f8c1d2af0d5c80a38c8abf458184a\",\"name\":\"Universidad de las Artes\",\"image\":{\"@type\":\"ImageObject\",\"inLanguage\":\"fr-FR\",\"@id\":\"https:\\\/\\\/secure.gravatar.com\\\/avatar\\\/52e4757902f5cfa5ac52d020e5be83cae5487519154b6c35482fe08d589f3c13?s=96&d=mm&r=g\",\"url\":\"https:\\\/\\\/secure.gravatar.com\\\/avatar\\\/52e4757902f5cfa5ac52d020e5be83cae5487519154b6c35482fe08d589f3c13?s=96&d=mm&r=g\",\"contentUrl\":\"https:\\\/\\\/secure.gravatar.com\\\/avatar\\\/52e4757902f5cfa5ac52d020e5be83cae5487519154b6c35482fe08d589f3c13?s=96&d=mm&r=g\",\"caption\":\"Universidad de las Artes\"},\"url\":\"https:\\\/\\\/www.uartes.edu.ec\\\/sitio\\\/fr\\\/blog\\\/author\\\/dircomadm\\\/\"}]}<\/script>\n<!-- \/ Yoast SEO plugin. -->","yoast_head_json":{"title":"Universidad de las Artes - En di\u00e1logo con los editores de Mandr\u00e1gora Errante, Naranja Cuadrada y Patria L\u00edquida","description":"Universidad de las Artes - En di\u00e1logo con los editores de Mandr\u00e1gora Errante, Naranja Cuadrada y Patria L\u00edquida","robots":{"index":"index","follow":"follow","max-snippet":"max-snippet:-1","max-image-preview":"max-image-preview:large","max-video-preview":"max-video-preview:-1"},"canonical":"https:\/\/www.uartes.edu.ec\/sitio\/fr\/blog\/2020\/12\/16\/en-dialogo-con-los-editores-de-mandragora-errante-naranja-cuadrada-y-patria-liquida\/","og_locale":"fr_FR","og_type":"article","og_title":"Universidad de las Artes - En di\u00e1logo con los editores de Mandr\u00e1gora Errante, Naranja Cuadrada y Patria L\u00edquida","og_description":"Universidad de las Artes - En di\u00e1logo con los editores de Mandr\u00e1gora Errante, Naranja Cuadrada y Patria L\u00edquida","og_url":"https:\/\/www.uartes.edu.ec\/sitio\/fr\/blog\/2020\/12\/16\/en-dialogo-con-los-editores-de-mandragora-errante-naranja-cuadrada-y-patria-liquida\/","og_site_name":"Universidad de las Artes","article_publisher":"https:\/\/www.facebook.com\/uartesec","article_published_time":"2020-12-16T22:21:54+00:00","article_modified_time":"2024-07-04T16:33:11+00:00","og_image":[{"width":2000,"height":1333,"url":"https:\/\/www.uartes.edu.ec\/sitio\/wp-content\/uploads\/2020\/12\/MANDRAGORA-ERRANTE.jpg","type":"image\/jpeg"}],"author":"Universidad de las Artes","twitter_card":"summary_large_image","twitter_creator":"@uartesec","twitter_site":"@uartesec","twitter_misc":{"\u00c9crit par":"Universidad de las Artes","Dur\u00e9e de lecture estim\u00e9e":"4 minutes"},"schema":{"@context":"https:\/\/schema.org","@graph":[{"@type":"Article","@id":"https:\/\/www.uartes.edu.ec\/sitio\/fr\/blog\/2020\/12\/16\/en-dialogo-con-los-editores-de-mandragora-errante-naranja-cuadrada-y-patria-liquida\/#article","isPartOf":{"@id":"https:\/\/www.uartes.edu.ec\/sitio\/fr\/blog\/2020\/12\/16\/en-dialogo-con-los-editores-de-mandragora-errante-naranja-cuadrada-y-patria-liquida\/"},"author":{"name":"Universidad de las Artes","@id":"https:\/\/www.uartes.edu.ec\/sitio\/fr\/#\/schema\/person\/f33f8c1d2af0d5c80a38c8abf458184a"},"headline":"En di\u00e1logo con los editores de Mandr\u00e1gora Errante, Naranja Cuadrada y Patria L\u00edquida","datePublished":"2020-12-16T22:21:54+00:00","dateModified":"2024-07-04T16:33:11+00:00","mainEntityOfPage":{"@id":"https:\/\/www.uartes.edu.ec\/sitio\/fr\/blog\/2020\/12\/16\/en-dialogo-con-los-editores-de-mandragora-errante-naranja-cuadrada-y-patria-liquida\/"},"wordCount":742,"publisher":{"@id":"https:\/\/www.uartes.edu.ec\/sitio\/fr\/#organization"},"image":{"@id":"https:\/\/www.uartes.edu.ec\/sitio\/fr\/blog\/2020\/12\/16\/en-dialogo-con-los-editores-de-mandragora-errante-naranja-cuadrada-y-patria-liquida\/#primaryimage"},"thumbnailUrl":"https:\/\/www.uartes.edu.ec\/sitio\/wp-content\/uploads\/2020\/12\/MANDRAGORA-ERRANTE.jpg","keywords":["librelibro2020"],"articleSection":["Artes","Docentes","Estudiantes","Literatura"],"inLanguage":"fr-FR"},{"@type":["WebPage","ItemPage"],"@id":"https:\/\/www.uartes.edu.ec\/sitio\/fr\/blog\/2020\/12\/16\/en-dialogo-con-los-editores-de-mandragora-errante-naranja-cuadrada-y-patria-liquida\/","url":"https:\/\/www.uartes.edu.ec\/sitio\/fr\/blog\/2020\/12\/16\/en-dialogo-con-los-editores-de-mandragora-errante-naranja-cuadrada-y-patria-liquida\/","name":"Universidad de las Artes - En di\u00e1logo con los editores de Mandr\u00e1gora Errante, Naranja Cuadrada y Patria L\u00edquida","isPartOf":{"@id":"https:\/\/www.uartes.edu.ec\/sitio\/fr\/#website"},"primaryImageOfPage":{"@id":"https:\/\/www.uartes.edu.ec\/sitio\/fr\/blog\/2020\/12\/16\/en-dialogo-con-los-editores-de-mandragora-errante-naranja-cuadrada-y-patria-liquida\/#primaryimage"},"image":{"@id":"https:\/\/www.uartes.edu.ec\/sitio\/fr\/blog\/2020\/12\/16\/en-dialogo-con-los-editores-de-mandragora-errante-naranja-cuadrada-y-patria-liquida\/#primaryimage"},"thumbnailUrl":"https:\/\/www.uartes.edu.ec\/sitio\/wp-content\/uploads\/2020\/12\/MANDRAGORA-ERRANTE.jpg","datePublished":"2020-12-16T22:21:54+00:00","dateModified":"2024-07-04T16:33:11+00:00","description":"Universidad de las Artes - En di\u00e1logo con los editores de Mandr\u00e1gora Errante, Naranja Cuadrada y Patria L\u00edquida","breadcrumb":{"@id":"https:\/\/www.uartes.edu.ec\/sitio\/fr\/blog\/2020\/12\/16\/en-dialogo-con-los-editores-de-mandragora-errante-naranja-cuadrada-y-patria-liquida\/#breadcrumb"},"inLanguage":"fr-FR","potentialAction":[{"@type":"ReadAction","target":["https:\/\/www.uartes.edu.ec\/sitio\/fr\/blog\/2020\/12\/16\/en-dialogo-con-los-editores-de-mandragora-errante-naranja-cuadrada-y-patria-liquida\/"]}]},{"@type":"ImageObject","inLanguage":"fr-FR","@id":"https:\/\/www.uartes.edu.ec\/sitio\/fr\/blog\/2020\/12\/16\/en-dialogo-con-los-editores-de-mandragora-errante-naranja-cuadrada-y-patria-liquida\/#primaryimage","url":"https:\/\/www.uartes.edu.ec\/sitio\/wp-content\/uploads\/2020\/12\/MANDRAGORA-ERRANTE.jpg","contentUrl":"https:\/\/www.uartes.edu.ec\/sitio\/wp-content\/uploads\/2020\/12\/MANDRAGORA-ERRANTE.jpg","width":2000,"height":1333},{"@type":"BreadcrumbList","@id":"https:\/\/www.uartes.edu.ec\/sitio\/fr\/blog\/2020\/12\/16\/en-dialogo-con-los-editores-de-mandragora-errante-naranja-cuadrada-y-patria-liquida\/#breadcrumb","itemListElement":[{"@type":"ListItem","position":1,"name":"Inicio","item":"https:\/\/www.uartes.edu.ec\/sitio\/"},{"@type":"ListItem","position":2,"name":"En di\u00e1logo con los editores de Mandr\u00e1gora Errante, Naranja Cuadrada y Patria L\u00edquida"}]},{"@type":"WebSite","@id":"https:\/\/www.uartes.edu.ec\/sitio\/fr\/#website","url":"https:\/\/www.uartes.edu.ec\/sitio\/fr\/","name":"Universidad de las Artes","description":"Sitio oficial de la Universidad Nacional de las Artes del Ecuador","publisher":{"@id":"https:\/\/www.uartes.edu.ec\/sitio\/fr\/#organization"},"potentialAction":[{"@type":"SearchAction","target":{"@type":"EntryPoint","urlTemplate":"https:\/\/www.uartes.edu.ec\/sitio\/fr\/?s={search_term_string}"},"query-input":{"@type":"PropertyValueSpecification","valueRequired":true,"valueName":"search_term_string"}}],"inLanguage":"fr-FR"},{"@type":"Organization","@id":"https:\/\/www.uartes.edu.ec\/sitio\/fr\/#organization","name":"Universidad de las Artes","url":"https:\/\/www.uartes.edu.ec\/sitio\/fr\/","logo":{"@type":"ImageObject","inLanguage":"fr-FR","@id":"https:\/\/www.uartes.edu.ec\/sitio\/fr\/#\/schema\/logo\/image\/","url":"https:\/\/www.uartes.edu.ec\/sitio\/wp-content\/uploads\/2022\/07\/logo-ua-horizontal.png","contentUrl":"https:\/\/www.uartes.edu.ec\/sitio\/wp-content\/uploads\/2022\/07\/logo-ua-horizontal.png","width":800,"height":276,"caption":"Universidad de las Artes"},"image":{"@id":"https:\/\/www.uartes.edu.ec\/sitio\/fr\/#\/schema\/logo\/image\/"},"sameAs":["https:\/\/www.facebook.com\/uartesec","https:\/\/x.com\/uartesec","https:\/\/www.tiktok.com\/@uartesec"]},{"@type":"Person","@id":"https:\/\/www.uartes.edu.ec\/sitio\/fr\/#\/schema\/person\/f33f8c1d2af0d5c80a38c8abf458184a","name":"Universidad de las Artes","image":{"@type":"ImageObject","inLanguage":"fr-FR","@id":"https:\/\/secure.gravatar.com\/avatar\/52e4757902f5cfa5ac52d020e5be83cae5487519154b6c35482fe08d589f3c13?s=96&d=mm&r=g","url":"https:\/\/secure.gravatar.com\/avatar\/52e4757902f5cfa5ac52d020e5be83cae5487519154b6c35482fe08d589f3c13?s=96&d=mm&r=g","contentUrl":"https:\/\/secure.gravatar.com\/avatar\/52e4757902f5cfa5ac52d020e5be83cae5487519154b6c35482fe08d589f3c13?s=96&d=mm&r=g","caption":"Universidad de las Artes"},"url":"https:\/\/www.uartes.edu.ec\/sitio\/fr\/blog\/author\/dircomadm\/"}]}},"uagb_featured_image_src":{"full":["https:\/\/www.uartes.edu.ec\/sitio\/wp-content\/uploads\/2020\/12\/MANDRAGORA-ERRANTE.jpg",2000,1333,false],"thumbnail":["https:\/\/www.uartes.edu.ec\/sitio\/wp-content\/uploads\/2020\/12\/MANDRAGORA-ERRANTE-150x150.jpg",150,150,true],"medium":["https:\/\/www.uartes.edu.ec\/sitio\/wp-content\/uploads\/2020\/12\/MANDRAGORA-ERRANTE-300x200.jpg",300,200,true],"medium_large":["https:\/\/www.uartes.edu.ec\/sitio\/wp-content\/uploads\/2020\/12\/MANDRAGORA-ERRANTE-768x512.jpg",768,512,true],"large":["https:\/\/www.uartes.edu.ec\/sitio\/wp-content\/uploads\/2020\/12\/MANDRAGORA-ERRANTE-644x429.jpg",644,429,true],"1536x1536":["https:\/\/www.uartes.edu.ec\/sitio\/wp-content\/uploads\/2020\/12\/MANDRAGORA-ERRANTE-1536x1024.jpg",1536,1024,true],"2048x2048":["https:\/\/www.uartes.edu.ec\/sitio\/wp-content\/uploads\/2020\/12\/MANDRAGORA-ERRANTE.jpg",2000,1333,false],"trp-custom-language-flag":["https:\/\/www.uartes.edu.ec\/sitio\/wp-content\/uploads\/2020\/12\/MANDRAGORA-ERRANTE.jpg",18,12,false],"htmega_size_585x295":["https:\/\/www.uartes.edu.ec\/sitio\/wp-content\/uploads\/2020\/12\/MANDRAGORA-ERRANTE-585x295.jpg",585,295,true],"htmega_size_1170x536":["https:\/\/www.uartes.edu.ec\/sitio\/wp-content\/uploads\/2020\/12\/MANDRAGORA-ERRANTE-1170x536.jpg",1170,536,true],"htmega_size_396x360":["https:\/\/www.uartes.edu.ec\/sitio\/wp-content\/uploads\/2020\/12\/MANDRAGORA-ERRANTE-396x360.jpg",396,360,true],"gb-block-post-grid-landscape":["https:\/\/www.uartes.edu.ec\/sitio\/wp-content\/uploads\/2020\/12\/MANDRAGORA-ERRANTE.jpg",600,400,false],"gb-block-post-grid-square":["https:\/\/www.uartes.edu.ec\/sitio\/wp-content\/uploads\/2020\/12\/MANDRAGORA-ERRANTE.jpg",600,400,false],"university-hub-thumb":["https:\/\/www.uartes.edu.ec\/sitio\/wp-content\/uploads\/2020\/12\/MANDRAGORA-ERRANTE.jpg",400,267,false],"mailpoet_newsletter_max":["https:\/\/www.uartes.edu.ec\/sitio\/wp-content\/uploads\/2020\/12\/MANDRAGORA-ERRANTE.jpg",1320,880,false]},"uagb_author_info":{"display_name":"Universidad de las Artes","author_link":"https:\/\/www.uartes.edu.ec\/sitio\/fr\/blog\/author\/dircomadm\/"},"uagb_comment_info":0,"uagb_excerpt":"Mandr\u00e1gora Errante, Naranja Cuadrada y Patria L\u00edquida, proyectos editoriales de los estudiantes de la Escuela de Literatura de la Universidad de las Artes, tendr\u00e1n su espacio en la VI edici\u00f3n del Encuentro de Editores Independientes Libre Libro, que de manera virtual arranca este mi\u00e9rcoles 16 de diciembre de 2020. Sus editores dialogar\u00e1n el viernes 18,\u2026","featured_image_src":"https:\/\/www.uartes.edu.ec\/sitio\/wp-content\/uploads\/2020\/12\/MANDRAGORA-ERRANTE.jpg","featured_image_src_square":"https:\/\/www.uartes.edu.ec\/sitio\/wp-content\/uploads\/2020\/12\/MANDRAGORA-ERRANTE.jpg","author_info":{"display_name":"Universidad de las Artes","author_link":"https:\/\/www.uartes.edu.ec\/sitio\/fr\/blog\/author\/dircomadm\/"},"publishpress_future_workflow_manual_trigger":{"enabledWorkflows":[]},"distributor_meta":false,"distributor_terms":false,"distributor_media":false,"distributor_original_site_name":"Universidad de las Artes","distributor_original_site_url":"https:\/\/www.uartes.edu.ec\/sitio\/fr","push-errors":false,"_links":{"self":[{"href":"https:\/\/www.uartes.edu.ec\/sitio\/fr\/wp-json\/wp\/v2\/posts\/11848","targetHints":{"allow":["GET"]}}],"collection":[{"href":"https:\/\/www.uartes.edu.ec\/sitio\/fr\/wp-json\/wp\/v2\/posts"}],"about":[{"href":"https:\/\/www.uartes.edu.ec\/sitio\/fr\/wp-json\/wp\/v2\/types\/post"}],"author":[{"embeddable":true,"href":"https:\/\/www.uartes.edu.ec\/sitio\/fr\/wp-json\/wp\/v2\/users\/1"}],"replies":[{"embeddable":true,"href":"https:\/\/www.uartes.edu.ec\/sitio\/fr\/wp-json\/wp\/v2\/comments?post=11848"}],"version-history":[{"count":3,"href":"https:\/\/www.uartes.edu.ec\/sitio\/fr\/wp-json\/wp\/v2\/posts\/11848\/revisions"}],"predecessor-version":[{"id":37051,"href":"https:\/\/www.uartes.edu.ec\/sitio\/fr\/wp-json\/wp\/v2\/posts\/11848\/revisions\/37051"}],"wp:featuredmedia":[{"embeddable":true,"href":"https:\/\/www.uartes.edu.ec\/sitio\/fr\/wp-json\/wp\/v2\/media\/11849"}],"wp:attachment":[{"href":"https:\/\/www.uartes.edu.ec\/sitio\/fr\/wp-json\/wp\/v2\/media?parent=11848"}],"wp:term":[{"taxonomy":"category","embeddable":true,"href":"https:\/\/www.uartes.edu.ec\/sitio\/fr\/wp-json\/wp\/v2\/categories?post=11848"},{"taxonomy":"post_tag","embeddable":true,"href":"https:\/\/www.uartes.edu.ec\/sitio\/fr\/wp-json\/wp\/v2\/tags?post=11848"},{"taxonomy":"infouartes","embeddable":true,"href":"https:\/\/www.uartes.edu.ec\/sitio\/fr\/wp-json\/wp\/v2\/infouartes?post=11848"}],"curies":[{"name":"wp","href":"https:\/\/api.w.org\/{rel}","templated":true}]}}