{"id":11855,"date":"2020-12-16T17:25:05","date_gmt":"2020-12-16T22:25:05","guid":{"rendered":"http:\/\/www.uartes.edu.ec\/sitio\/?p=11855"},"modified":"2024-07-04T11:33:11","modified_gmt":"2024-07-04T16:33:11","slug":"el-laboratorio-de-creacion-de-cuentos-con-la-comunidad-los-hizo-ensenar-y-aprender","status":"publish","type":"post","link":"https:\/\/www.uartes.edu.ec\/sitio\/fr\/blog\/2020\/12\/16\/el-laboratorio-de-creacion-de-cuentos-con-la-comunidad-los-hizo-ensenar-y-aprender\/","title":{"rendered":"El Laboratorio de Creaci\u00f3n de Cuentos con la Comunidad los hizo ense\u00f1ar y aprender"},"content":{"rendered":"<p>\u201cNarrativas en confinamiento\u201d es el nombre que adopt\u00f3 el Laboratorio de Creaci\u00f3n de Cuentos con la Comunidad, cuyos integrantes participar\u00e1n en el di\u00e1logo que, moderado por la docente Cecilia Velasco, se entablar\u00e1 este viernes 18 de diciembre de 2020, en la tercera jornada del VI edici\u00f3n del Encuentro de Editores Independientes Libre Libro. Ser\u00e1 desde las 17:00 hasta las 18:30, cita en la que tambi\u00e9n tomar\u00e1n parte los responsables del Club de Escritura Creativa y del Club de Lectura Infestaci\u00f3n.<\/p>\n\n\n\n<p>El Laboratorio de Creaci\u00f3n de Cuentos con la Comunidad estuvo a cargo de Angie Cobos, Daniella Vera y Neysser Barber\u00e1n. A continuaci\u00f3n, la primera estudiante mencionada, quien cursa el sexto semestre de la Escuela de Literatura de la UArtes, da detalles en primera persona de esta actividad que naci\u00f3 en la materia Laboratorio con la Comunidad, dictada por Natalia Tamayo. Tambi\u00e9n enriqueci\u00f3 esta informaci\u00f3n entrevistando a los compa\u00f1eros con quienes cristaliz\u00f3 la propuesta, la cual est\u00e1 inscrita en el cat\u00e1logo de proyectos \u201cSusurros de un mundo en pausa\u201d y en \u201cUmbrales\u201d. Aqu\u00ed su voz:<\/p>\n\n\n\n<p>Para la materia Laboratorio con la Comunidad se nos pidi\u00f3 que arm\u00e1ramos grupos de trabajo. Al ser de tronco com\u00fan hab\u00eda variedad de carreras. Eso fue un buen punto, porque de esa forma se pod\u00edan realizar proyectos interdisciplinarios, sin embargo, lo nuestro se enfoc\u00f3 solo en literatura por ser de esta escuela. Recuerdo que me llegaron mensajes de Daniella Vera para trabajar en conjunto con Neysser Barber\u00e1n, inmediatamente acept\u00e9 y fue una muy buena decisi\u00f3n. Los conozco porque he compartido clases con ellos y s\u00e9 c\u00f3mo trabajan, sin duda el proyecto que realizar\u00edamos iba a quedar bien, aunque no imagin\u00e9 lo cansado y a la vez significativo que ser\u00eda su proceso.<\/p>\n\n\n\n<p>Espec\u00edficamente, \u201cNarrativas en confinamiento\u201d trata la emocionalidad causada por lo que ha significado vivir en medio de una pandemia. Por eso vemos al taller como un lugar seguro para hablar y escuchar. Compartimos el mismo rango de edad con los participantes, por lo cual, esper\u00e1bamos un encuentro cercano entre ellos y nosotros, es as\u00ed que empezamos por la eliminaci\u00f3n de las etiquetas \u201calumno\u201d, \u201cprofesor\u201d y al preguntarles si nos sintieron de aquella forma, respondieron que no. Leonela Plaza, una de las participantes, me dijo: \u201cSiento que me estoy reuniendo con amigos para hablar sobre temas importantes, pero tambi\u00e9n para re\u00edrnos.\u201d<\/p>\n\n\n\n<p>Nuestro taller se realiz\u00f3 los viernes del 17 de julio al 18 de agosto, una hora con quince minutos cada sesi\u00f3n, pero, detr\u00e1s de ello, est\u00e1bamos Daniella, Neysser y yo buscando espacios libres entre nuestro horario de clases y familiar para reunirnos y planificar las clases. El taller fue sobre el cuento y buscamos el contenido m\u00e1s preciso para que se alcance a abordar y que los participantes pudieran aprender sobre \u00e9l, tomando en cuenta que era su primer acercamiento a la escritura.<\/p>\n\n\n\n<p>Les dimos las herramientas y ellos las utilizaron a su manera. De esa forma obtuvimos sus primeros cuentos. Cuando nos llegaba un correo con uno, nos emocion\u00e1bamos mucho y reun\u00edamos lo m\u00e1s pronto posible. Al leerlo en conjunto nos d\u00e1bamos cuenta del potencial de cada uno y llen\u00e1bamos de orgullo. Les remit\u00edamos sus cuentos con sugerencias, incluso con cuentos que nos recordaban a los de ellos. De ah\u00ed esper\u00e1bamos sus siguientes entregas, lo cual fue mucho mejor por c\u00f3mo nos hicieron sentir; ver c\u00f3mo hab\u00edan tomado nuestras recomendaciones y c\u00f3mo enriquec\u00eda a sus trabajos. Tambi\u00e9n tuvimos revisiones personalizadas del cuento de cada uno, ah\u00ed entendimos a profundidad qu\u00e9 era lo que quer\u00edan comunicar y ayudamos a que puedan hacerlo de mejor manera, pero siempre siendo ellos los escritores.<\/p>\n\n\n\n<p>Finalmente, creamos el blog para la publicaci\u00f3n de todos los trabajos. Lo adecuamos con los colores de nuestro taller y buscamos obras para que acompa\u00f1en de forma visual al cuento de cada uno. Felices con el resultado, lo publicamos en nuestras redes. Sin duda, participar en el Libre Libro ser\u00e1 de mucha ayuda para que se lea el blog que contiene los cuentos de Alicia Prado, Andr\u00e9s Freire, Favio Santill\u00e1n, Leonela Plaza, Sa\u00fal Criollo y Valeria L\u00f3pez.<\/p>\n\n\n\n<figure class=\"wp-block-image alignfull size-large\"><img fetchpriority=\"high\" decoding=\"async\" width=\"644\" height=\"429\" src=\"http:\/\/www.uartes.edu.ec\/sitio\/wp-content\/uploads\/2020\/12\/LABORATORIO-644x429.jpg\" alt=\"\" class=\"wp-image-11851\" srcset=\"https:\/\/www.uartes.edu.ec\/sitio\/wp-content\/uploads\/2020\/12\/LABORATORIO-644x429.jpg 644w, https:\/\/www.uartes.edu.ec\/sitio\/wp-content\/uploads\/2020\/12\/LABORATORIO-300x200.jpg 300w, https:\/\/www.uartes.edu.ec\/sitio\/wp-content\/uploads\/2020\/12\/LABORATORIO-768x512.jpg 768w, https:\/\/www.uartes.edu.ec\/sitio\/wp-content\/uploads\/2020\/12\/LABORATORIO-1536x1024.jpg 1536w, https:\/\/www.uartes.edu.ec\/sitio\/wp-content\/uploads\/2020\/12\/LABORATORIO-600x400.jpg 600w, https:\/\/www.uartes.edu.ec\/sitio\/wp-content\/uploads\/2020\/12\/LABORATORIO-1140x760.jpg 1140w, https:\/\/www.uartes.edu.ec\/sitio\/wp-content\/uploads\/2020\/12\/LABORATORIO-272x182.jpg 272w, https:\/\/www.uartes.edu.ec\/sitio\/wp-content\/uploads\/2020\/12\/LABORATORIO.jpg 2000w\" sizes=\"(max-width: 644px) 100vw, 644px\" \/><\/figure>\n\n\n\n<p>Neysser Barber\u00e1n, quien est\u00e1 en el Itinerario de Pedagog\u00eda, describe esta experiencia como desafiante: \u201cPuse a prueba muchos \u00e1mbitos que son esenciales para m\u00ed dentro de lo que yo quisiera ser, docente\u201d. Y respecto a la escritura de los participantes comenta: \u201cFue algo muy sorpresivo ver c\u00f3mo personas que no eran cercanas a la literatura pudieron utilizar estas herramientas, no para hacer algo totalmente tradicional o arraigado a lo que dijimos, sino que las usaron como directrices\u201d.<\/p>\n\n\n\n<p>Como apreciaci\u00f3n general de \u201cNarrativas en confinamiento\u201d, Daniella Vera dice: \u201cFue muy gratificante el haber ense\u00f1ado y, al mismo tiempo, aprendido con este taller. Si bien estamos viviendo en un mismo momento, cada uno lo ha experimentado de manera distinta. Escuchamos las historias de nuestros participantes y ellos, las nuestras; le\u00edmos sus historias, las cuales se fueron modificando, moldeando, llevando a la ficci\u00f3n de la mano. Introducir al campo literario a personas ajenas a \u00e9l y que all\u00ed descubran un lugar y herramientas para gritar, para desahogarse, para poner el sentimiento en palabras y que estas tomen espacios, narradores, personajes y ambientes signific\u00f3 mucho para nosotros y no pudimos estar m\u00e1s contentos con los resultados\u201d.<\/p>\n\n\n\n<p>Agradezco tener a Daniella y a Neysser como compa\u00f1eros de carrera y en este caso, como talleristas y amigos, ellos y las cualidades que los acompa\u00f1an hicieron de esta una experiencia inigualable. Una experiencia que queremos repetir. Somos conscientes de que en el futuro habr\u00e1 cambios en nuestras vidas para enfrentar y creemos firmemente en la literatura como un medio para que las personas plasmen c\u00f3mo se sienten respecto a ello. Estaremos gustosos de acompa\u00f1ar en ese proceso.<\/p>\n\n\n\n<p>Blog de \u201cNarrativas en confinamiento\u201d: <a href=\"https:\/\/narrativasenconfinamiento.wordpress.com\/\">https:\/\/narrativasenconfinamiento.wordpress.com\/<\/a><\/p>","protected":false},"excerpt":{"rendered":"<p>\u201cNarrativas en confinamiento\u201d es el nombre que adopt\u00f3 el Laboratorio de Creaci\u00f3n de Cuentos con la Comunidad, cuyos integrantes participar\u00e1n en el di\u00e1logo que, moderado por la docente Cecilia Velasco, se entablar\u00e1 este viernes 18 de diciembre de 2020, en la tercera jornada del VI edici\u00f3n del Encuentro de Editores Independientes Libre Libro. Ser\u00e1 desde las 17:00 hasta las 18:30, cita en la que tambi\u00e9n tomar\u00e1n parte los responsables del Club de Escritura Creativa y del Club de Lectura Infestaci\u00f3n.<\/p>","protected":false},"author":1,"featured_media":11850,"comment_status":"closed","ping_status":"closed","sticky":false,"template":"","format":"standard","meta":{"_acf_changed":false,"_uag_custom_page_level_css":"","_monsterinsights_skip_tracking":false,"_monsterinsights_sitenote_active":false,"_monsterinsights_sitenote_note":"","_monsterinsights_sitenote_category":0,"cybocfi_hide_featured_image":"","footnotes":""},"categories":[82,75,76,175,79],"tags":[392],"infouartes":[],"class_list":["post-11855","post","type-post","status-publish","format-standard","has-post-thumbnail","hentry","category-artes","category-docentes","category-estudiantes","category-literatura","category-vinculo","tag-librelibro2020"],"acf":[],"yoast_head":"<!-- This site is optimized with the Yoast SEO plugin v27.4 - https:\/\/yoast.com\/product\/yoast-seo-wordpress\/ -->\n<title>Universidad de las Artes - El Laboratorio de Creaci\u00f3n de Cuentos con la Comunidad los hizo ense\u00f1ar y aprender<\/title>\n<meta name=\"description\" content=\"Universidad de las Artes - El Laboratorio de Creaci\u00f3n de Cuentos con la Comunidad los hizo ense\u00f1ar y aprender\" \/>\n<meta name=\"robots\" content=\"index, follow, max-snippet:-1, max-image-preview:large, max-video-preview:-1\" \/>\n<link rel=\"canonical\" href=\"https:\/\/www.uartes.edu.ec\/sitio\/fr\/blog\/2020\/12\/16\/el-laboratorio-de-creacion-de-cuentos-con-la-comunidad-los-hizo-ensenar-y-aprender\/\" \/>\n<meta property=\"og:locale\" content=\"fr_FR\" \/>\n<meta property=\"og:type\" content=\"article\" \/>\n<meta property=\"og:title\" content=\"Universidad de las Artes - El Laboratorio de Creaci\u00f3n de Cuentos con la Comunidad los hizo ense\u00f1ar y aprender\" \/>\n<meta property=\"og:description\" content=\"Universidad de las Artes - El Laboratorio de Creaci\u00f3n de Cuentos con la Comunidad los hizo ense\u00f1ar y aprender\" \/>\n<meta property=\"og:url\" content=\"https:\/\/www.uartes.edu.ec\/sitio\/fr\/blog\/2020\/12\/16\/el-laboratorio-de-creacion-de-cuentos-con-la-comunidad-los-hizo-ensenar-y-aprender\/\" \/>\n<meta property=\"og:site_name\" content=\"Universidad de las Artes\" \/>\n<meta property=\"article:publisher\" content=\"https:\/\/www.facebook.com\/uartesec\" \/>\n<meta property=\"article:published_time\" content=\"2020-12-16T22:25:05+00:00\" \/>\n<meta property=\"article:modified_time\" content=\"2024-07-04T16:33:11+00:00\" \/>\n<meta property=\"og:image\" content=\"https:\/\/www.uartes.edu.ec\/sitio\/wp-content\/uploads\/2020\/12\/labor1.jpg\" \/>\n\t<meta property=\"og:image:width\" content=\"2000\" \/>\n\t<meta property=\"og:image:height\" content=\"1333\" \/>\n\t<meta property=\"og:image:type\" content=\"image\/jpeg\" \/>\n<meta name=\"author\" content=\"Universidad de las Artes\" \/>\n<meta name=\"twitter:card\" content=\"summary_large_image\" \/>\n<meta name=\"twitter:creator\" content=\"@uartesec\" \/>\n<meta name=\"twitter:site\" content=\"@uartesec\" \/>\n<meta name=\"twitter:label1\" content=\"\u00c9crit par\" \/>\n\t<meta name=\"twitter:data1\" content=\"Universidad de las Artes\" \/>\n\t<meta name=\"twitter:label2\" content=\"Dur\u00e9e de lecture estim\u00e9e\" \/>\n\t<meta name=\"twitter:data2\" content=\"5 minutes\" \/>\n<script type=\"application\/ld+json\" class=\"yoast-schema-graph\">{\"@context\":\"https:\\\/\\\/schema.org\",\"@graph\":[{\"@type\":\"Article\",\"@id\":\"https:\\\/\\\/www.uartes.edu.ec\\\/sitio\\\/fr\\\/blog\\\/2020\\\/12\\\/16\\\/el-laboratorio-de-creacion-de-cuentos-con-la-comunidad-los-hizo-ensenar-y-aprender\\\/#article\",\"isPartOf\":{\"@id\":\"https:\\\/\\\/www.uartes.edu.ec\\\/sitio\\\/fr\\\/blog\\\/2020\\\/12\\\/16\\\/el-laboratorio-de-creacion-de-cuentos-con-la-comunidad-los-hizo-ensenar-y-aprender\\\/\"},\"author\":{\"name\":\"Universidad de las Artes\",\"@id\":\"https:\\\/\\\/www.uartes.edu.ec\\\/sitio\\\/fr\\\/#\\\/schema\\\/person\\\/f33f8c1d2af0d5c80a38c8abf458184a\"},\"headline\":\"El Laboratorio de Creaci\u00f3n de Cuentos con la Comunidad los hizo ense\u00f1ar y aprender\",\"datePublished\":\"2020-12-16T22:25:05+00:00\",\"dateModified\":\"2024-07-04T16:33:11+00:00\",\"mainEntityOfPage\":{\"@id\":\"https:\\\/\\\/www.uartes.edu.ec\\\/sitio\\\/fr\\\/blog\\\/2020\\\/12\\\/16\\\/el-laboratorio-de-creacion-de-cuentos-con-la-comunidad-los-hizo-ensenar-y-aprender\\\/\"},\"wordCount\":1026,\"publisher\":{\"@id\":\"https:\\\/\\\/www.uartes.edu.ec\\\/sitio\\\/fr\\\/#organization\"},\"image\":{\"@id\":\"https:\\\/\\\/www.uartes.edu.ec\\\/sitio\\\/fr\\\/blog\\\/2020\\\/12\\\/16\\\/el-laboratorio-de-creacion-de-cuentos-con-la-comunidad-los-hizo-ensenar-y-aprender\\\/#primaryimage\"},\"thumbnailUrl\":\"https:\\\/\\\/www.uartes.edu.ec\\\/sitio\\\/wp-content\\\/uploads\\\/2020\\\/12\\\/labor1.jpg\",\"keywords\":[\"librelibro2020\"],\"articleSection\":[\"Artes\",\"Docentes\",\"Estudiantes\",\"Literatura\",\"V\u00ednculo\"],\"inLanguage\":\"fr-FR\"},{\"@type\":[\"WebPage\",\"ItemPage\"],\"@id\":\"https:\\\/\\\/www.uartes.edu.ec\\\/sitio\\\/fr\\\/blog\\\/2020\\\/12\\\/16\\\/el-laboratorio-de-creacion-de-cuentos-con-la-comunidad-los-hizo-ensenar-y-aprender\\\/\",\"url\":\"https:\\\/\\\/www.uartes.edu.ec\\\/sitio\\\/fr\\\/blog\\\/2020\\\/12\\\/16\\\/el-laboratorio-de-creacion-de-cuentos-con-la-comunidad-los-hizo-ensenar-y-aprender\\\/\",\"name\":\"Universidad de las Artes - El Laboratorio de Creaci\u00f3n de Cuentos con la Comunidad los hizo ense\u00f1ar y aprender\",\"isPartOf\":{\"@id\":\"https:\\\/\\\/www.uartes.edu.ec\\\/sitio\\\/fr\\\/#website\"},\"primaryImageOfPage\":{\"@id\":\"https:\\\/\\\/www.uartes.edu.ec\\\/sitio\\\/fr\\\/blog\\\/2020\\\/12\\\/16\\\/el-laboratorio-de-creacion-de-cuentos-con-la-comunidad-los-hizo-ensenar-y-aprender\\\/#primaryimage\"},\"image\":{\"@id\":\"https:\\\/\\\/www.uartes.edu.ec\\\/sitio\\\/fr\\\/blog\\\/2020\\\/12\\\/16\\\/el-laboratorio-de-creacion-de-cuentos-con-la-comunidad-los-hizo-ensenar-y-aprender\\\/#primaryimage\"},\"thumbnailUrl\":\"https:\\\/\\\/www.uartes.edu.ec\\\/sitio\\\/wp-content\\\/uploads\\\/2020\\\/12\\\/labor1.jpg\",\"datePublished\":\"2020-12-16T22:25:05+00:00\",\"dateModified\":\"2024-07-04T16:33:11+00:00\",\"description\":\"Universidad de las Artes - El Laboratorio de Creaci\u00f3n de Cuentos con la Comunidad los hizo ense\u00f1ar y aprender\",\"breadcrumb\":{\"@id\":\"https:\\\/\\\/www.uartes.edu.ec\\\/sitio\\\/fr\\\/blog\\\/2020\\\/12\\\/16\\\/el-laboratorio-de-creacion-de-cuentos-con-la-comunidad-los-hizo-ensenar-y-aprender\\\/#breadcrumb\"},\"inLanguage\":\"fr-FR\",\"potentialAction\":[{\"@type\":\"ReadAction\",\"target\":[\"https:\\\/\\\/www.uartes.edu.ec\\\/sitio\\\/fr\\\/blog\\\/2020\\\/12\\\/16\\\/el-laboratorio-de-creacion-de-cuentos-con-la-comunidad-los-hizo-ensenar-y-aprender\\\/\"]}]},{\"@type\":\"ImageObject\",\"inLanguage\":\"fr-FR\",\"@id\":\"https:\\\/\\\/www.uartes.edu.ec\\\/sitio\\\/fr\\\/blog\\\/2020\\\/12\\\/16\\\/el-laboratorio-de-creacion-de-cuentos-con-la-comunidad-los-hizo-ensenar-y-aprender\\\/#primaryimage\",\"url\":\"https:\\\/\\\/www.uartes.edu.ec\\\/sitio\\\/wp-content\\\/uploads\\\/2020\\\/12\\\/labor1.jpg\",\"contentUrl\":\"https:\\\/\\\/www.uartes.edu.ec\\\/sitio\\\/wp-content\\\/uploads\\\/2020\\\/12\\\/labor1.jpg\",\"width\":2000,\"height\":1333},{\"@type\":\"BreadcrumbList\",\"@id\":\"https:\\\/\\\/www.uartes.edu.ec\\\/sitio\\\/fr\\\/blog\\\/2020\\\/12\\\/16\\\/el-laboratorio-de-creacion-de-cuentos-con-la-comunidad-los-hizo-ensenar-y-aprender\\\/#breadcrumb\",\"itemListElement\":[{\"@type\":\"ListItem\",\"position\":1,\"name\":\"Inicio\",\"item\":\"https:\\\/\\\/www.uartes.edu.ec\\\/sitio\\\/\"},{\"@type\":\"ListItem\",\"position\":2,\"name\":\"El Laboratorio de Creaci\u00f3n de Cuentos con la Comunidad los hizo ense\u00f1ar y aprender\"}]},{\"@type\":\"WebSite\",\"@id\":\"https:\\\/\\\/www.uartes.edu.ec\\\/sitio\\\/fr\\\/#website\",\"url\":\"https:\\\/\\\/www.uartes.edu.ec\\\/sitio\\\/fr\\\/\",\"name\":\"Universidad de las Artes\",\"description\":\"Sitio oficial de la Universidad Nacional de las Artes del Ecuador\",\"publisher\":{\"@id\":\"https:\\\/\\\/www.uartes.edu.ec\\\/sitio\\\/fr\\\/#organization\"},\"potentialAction\":[{\"@type\":\"SearchAction\",\"target\":{\"@type\":\"EntryPoint\",\"urlTemplate\":\"https:\\\/\\\/www.uartes.edu.ec\\\/sitio\\\/fr\\\/?s={search_term_string}\"},\"query-input\":{\"@type\":\"PropertyValueSpecification\",\"valueRequired\":true,\"valueName\":\"search_term_string\"}}],\"inLanguage\":\"fr-FR\"},{\"@type\":\"Organization\",\"@id\":\"https:\\\/\\\/www.uartes.edu.ec\\\/sitio\\\/fr\\\/#organization\",\"name\":\"Universidad de las Artes\",\"url\":\"https:\\\/\\\/www.uartes.edu.ec\\\/sitio\\\/fr\\\/\",\"logo\":{\"@type\":\"ImageObject\",\"inLanguage\":\"fr-FR\",\"@id\":\"https:\\\/\\\/www.uartes.edu.ec\\\/sitio\\\/fr\\\/#\\\/schema\\\/logo\\\/image\\\/\",\"url\":\"https:\\\/\\\/www.uartes.edu.ec\\\/sitio\\\/wp-content\\\/uploads\\\/2022\\\/07\\\/logo-ua-horizontal.png\",\"contentUrl\":\"https:\\\/\\\/www.uartes.edu.ec\\\/sitio\\\/wp-content\\\/uploads\\\/2022\\\/07\\\/logo-ua-horizontal.png\",\"width\":800,\"height\":276,\"caption\":\"Universidad de las Artes\"},\"image\":{\"@id\":\"https:\\\/\\\/www.uartes.edu.ec\\\/sitio\\\/fr\\\/#\\\/schema\\\/logo\\\/image\\\/\"},\"sameAs\":[\"https:\\\/\\\/www.facebook.com\\\/uartesec\",\"https:\\\/\\\/x.com\\\/uartesec\",\"https:\\\/\\\/www.tiktok.com\\\/@uartesec\"]},{\"@type\":\"Person\",\"@id\":\"https:\\\/\\\/www.uartes.edu.ec\\\/sitio\\\/fr\\\/#\\\/schema\\\/person\\\/f33f8c1d2af0d5c80a38c8abf458184a\",\"name\":\"Universidad de las Artes\",\"image\":{\"@type\":\"ImageObject\",\"inLanguage\":\"fr-FR\",\"@id\":\"https:\\\/\\\/secure.gravatar.com\\\/avatar\\\/52e4757902f5cfa5ac52d020e5be83cae5487519154b6c35482fe08d589f3c13?s=96&d=mm&r=g\",\"url\":\"https:\\\/\\\/secure.gravatar.com\\\/avatar\\\/52e4757902f5cfa5ac52d020e5be83cae5487519154b6c35482fe08d589f3c13?s=96&d=mm&r=g\",\"contentUrl\":\"https:\\\/\\\/secure.gravatar.com\\\/avatar\\\/52e4757902f5cfa5ac52d020e5be83cae5487519154b6c35482fe08d589f3c13?s=96&d=mm&r=g\",\"caption\":\"Universidad de las Artes\"},\"url\":\"https:\\\/\\\/www.uartes.edu.ec\\\/sitio\\\/fr\\\/blog\\\/author\\\/dircomadm\\\/\"}]}<\/script>\n<!-- \/ Yoast SEO plugin. -->","yoast_head_json":{"title":"Universidad de las Artes - El Laboratorio de Creaci\u00f3n de Cuentos con la Comunidad los hizo ense\u00f1ar y aprender","description":"Universidad de las Artes - El Laboratorio de Creaci\u00f3n de Cuentos con la Comunidad los hizo ense\u00f1ar y aprender","robots":{"index":"index","follow":"follow","max-snippet":"max-snippet:-1","max-image-preview":"max-image-preview:large","max-video-preview":"max-video-preview:-1"},"canonical":"https:\/\/www.uartes.edu.ec\/sitio\/fr\/blog\/2020\/12\/16\/el-laboratorio-de-creacion-de-cuentos-con-la-comunidad-los-hizo-ensenar-y-aprender\/","og_locale":"fr_FR","og_type":"article","og_title":"Universidad de las Artes - El Laboratorio de Creaci\u00f3n de Cuentos con la Comunidad los hizo ense\u00f1ar y aprender","og_description":"Universidad de las Artes - El Laboratorio de Creaci\u00f3n de Cuentos con la Comunidad los hizo ense\u00f1ar y aprender","og_url":"https:\/\/www.uartes.edu.ec\/sitio\/fr\/blog\/2020\/12\/16\/el-laboratorio-de-creacion-de-cuentos-con-la-comunidad-los-hizo-ensenar-y-aprender\/","og_site_name":"Universidad de las Artes","article_publisher":"https:\/\/www.facebook.com\/uartesec","article_published_time":"2020-12-16T22:25:05+00:00","article_modified_time":"2024-07-04T16:33:11+00:00","og_image":[{"width":2000,"height":1333,"url":"https:\/\/www.uartes.edu.ec\/sitio\/wp-content\/uploads\/2020\/12\/labor1.jpg","type":"image\/jpeg"}],"author":"Universidad de las Artes","twitter_card":"summary_large_image","twitter_creator":"@uartesec","twitter_site":"@uartesec","twitter_misc":{"\u00c9crit par":"Universidad de las Artes","Dur\u00e9e de lecture estim\u00e9e":"5 minutes"},"schema":{"@context":"https:\/\/schema.org","@graph":[{"@type":"Article","@id":"https:\/\/www.uartes.edu.ec\/sitio\/fr\/blog\/2020\/12\/16\/el-laboratorio-de-creacion-de-cuentos-con-la-comunidad-los-hizo-ensenar-y-aprender\/#article","isPartOf":{"@id":"https:\/\/www.uartes.edu.ec\/sitio\/fr\/blog\/2020\/12\/16\/el-laboratorio-de-creacion-de-cuentos-con-la-comunidad-los-hizo-ensenar-y-aprender\/"},"author":{"name":"Universidad de las Artes","@id":"https:\/\/www.uartes.edu.ec\/sitio\/fr\/#\/schema\/person\/f33f8c1d2af0d5c80a38c8abf458184a"},"headline":"El Laboratorio de Creaci\u00f3n de Cuentos con la Comunidad los hizo ense\u00f1ar y aprender","datePublished":"2020-12-16T22:25:05+00:00","dateModified":"2024-07-04T16:33:11+00:00","mainEntityOfPage":{"@id":"https:\/\/www.uartes.edu.ec\/sitio\/fr\/blog\/2020\/12\/16\/el-laboratorio-de-creacion-de-cuentos-con-la-comunidad-los-hizo-ensenar-y-aprender\/"},"wordCount":1026,"publisher":{"@id":"https:\/\/www.uartes.edu.ec\/sitio\/fr\/#organization"},"image":{"@id":"https:\/\/www.uartes.edu.ec\/sitio\/fr\/blog\/2020\/12\/16\/el-laboratorio-de-creacion-de-cuentos-con-la-comunidad-los-hizo-ensenar-y-aprender\/#primaryimage"},"thumbnailUrl":"https:\/\/www.uartes.edu.ec\/sitio\/wp-content\/uploads\/2020\/12\/labor1.jpg","keywords":["librelibro2020"],"articleSection":["Artes","Docentes","Estudiantes","Literatura","V\u00ednculo"],"inLanguage":"fr-FR"},{"@type":["WebPage","ItemPage"],"@id":"https:\/\/www.uartes.edu.ec\/sitio\/fr\/blog\/2020\/12\/16\/el-laboratorio-de-creacion-de-cuentos-con-la-comunidad-los-hizo-ensenar-y-aprender\/","url":"https:\/\/www.uartes.edu.ec\/sitio\/fr\/blog\/2020\/12\/16\/el-laboratorio-de-creacion-de-cuentos-con-la-comunidad-los-hizo-ensenar-y-aprender\/","name":"Universidad de las Artes - El Laboratorio de Creaci\u00f3n de Cuentos con la Comunidad los hizo ense\u00f1ar y aprender","isPartOf":{"@id":"https:\/\/www.uartes.edu.ec\/sitio\/fr\/#website"},"primaryImageOfPage":{"@id":"https:\/\/www.uartes.edu.ec\/sitio\/fr\/blog\/2020\/12\/16\/el-laboratorio-de-creacion-de-cuentos-con-la-comunidad-los-hizo-ensenar-y-aprender\/#primaryimage"},"image":{"@id":"https:\/\/www.uartes.edu.ec\/sitio\/fr\/blog\/2020\/12\/16\/el-laboratorio-de-creacion-de-cuentos-con-la-comunidad-los-hizo-ensenar-y-aprender\/#primaryimage"},"thumbnailUrl":"https:\/\/www.uartes.edu.ec\/sitio\/wp-content\/uploads\/2020\/12\/labor1.jpg","datePublished":"2020-12-16T22:25:05+00:00","dateModified":"2024-07-04T16:33:11+00:00","description":"Universidad de las Artes - El Laboratorio de Creaci\u00f3n de Cuentos con la Comunidad los hizo ense\u00f1ar y aprender","breadcrumb":{"@id":"https:\/\/www.uartes.edu.ec\/sitio\/fr\/blog\/2020\/12\/16\/el-laboratorio-de-creacion-de-cuentos-con-la-comunidad-los-hizo-ensenar-y-aprender\/#breadcrumb"},"inLanguage":"fr-FR","potentialAction":[{"@type":"ReadAction","target":["https:\/\/www.uartes.edu.ec\/sitio\/fr\/blog\/2020\/12\/16\/el-laboratorio-de-creacion-de-cuentos-con-la-comunidad-los-hizo-ensenar-y-aprender\/"]}]},{"@type":"ImageObject","inLanguage":"fr-FR","@id":"https:\/\/www.uartes.edu.ec\/sitio\/fr\/blog\/2020\/12\/16\/el-laboratorio-de-creacion-de-cuentos-con-la-comunidad-los-hizo-ensenar-y-aprender\/#primaryimage","url":"https:\/\/www.uartes.edu.ec\/sitio\/wp-content\/uploads\/2020\/12\/labor1.jpg","contentUrl":"https:\/\/www.uartes.edu.ec\/sitio\/wp-content\/uploads\/2020\/12\/labor1.jpg","width":2000,"height":1333},{"@type":"BreadcrumbList","@id":"https:\/\/www.uartes.edu.ec\/sitio\/fr\/blog\/2020\/12\/16\/el-laboratorio-de-creacion-de-cuentos-con-la-comunidad-los-hizo-ensenar-y-aprender\/#breadcrumb","itemListElement":[{"@type":"ListItem","position":1,"name":"Inicio","item":"https:\/\/www.uartes.edu.ec\/sitio\/"},{"@type":"ListItem","position":2,"name":"El Laboratorio de Creaci\u00f3n de Cuentos con la Comunidad los hizo ense\u00f1ar y aprender"}]},{"@type":"WebSite","@id":"https:\/\/www.uartes.edu.ec\/sitio\/fr\/#website","url":"https:\/\/www.uartes.edu.ec\/sitio\/fr\/","name":"Universidad de las Artes","description":"Sitio oficial de la Universidad Nacional de las Artes del Ecuador","publisher":{"@id":"https:\/\/www.uartes.edu.ec\/sitio\/fr\/#organization"},"potentialAction":[{"@type":"SearchAction","target":{"@type":"EntryPoint","urlTemplate":"https:\/\/www.uartes.edu.ec\/sitio\/fr\/?s={search_term_string}"},"query-input":{"@type":"PropertyValueSpecification","valueRequired":true,"valueName":"search_term_string"}}],"inLanguage":"fr-FR"},{"@type":"Organization","@id":"https:\/\/www.uartes.edu.ec\/sitio\/fr\/#organization","name":"Universidad de las Artes","url":"https:\/\/www.uartes.edu.ec\/sitio\/fr\/","logo":{"@type":"ImageObject","inLanguage":"fr-FR","@id":"https:\/\/www.uartes.edu.ec\/sitio\/fr\/#\/schema\/logo\/image\/","url":"https:\/\/www.uartes.edu.ec\/sitio\/wp-content\/uploads\/2022\/07\/logo-ua-horizontal.png","contentUrl":"https:\/\/www.uartes.edu.ec\/sitio\/wp-content\/uploads\/2022\/07\/logo-ua-horizontal.png","width":800,"height":276,"caption":"Universidad de las Artes"},"image":{"@id":"https:\/\/www.uartes.edu.ec\/sitio\/fr\/#\/schema\/logo\/image\/"},"sameAs":["https:\/\/www.facebook.com\/uartesec","https:\/\/x.com\/uartesec","https:\/\/www.tiktok.com\/@uartesec"]},{"@type":"Person","@id":"https:\/\/www.uartes.edu.ec\/sitio\/fr\/#\/schema\/person\/f33f8c1d2af0d5c80a38c8abf458184a","name":"Universidad de las Artes","image":{"@type":"ImageObject","inLanguage":"fr-FR","@id":"https:\/\/secure.gravatar.com\/avatar\/52e4757902f5cfa5ac52d020e5be83cae5487519154b6c35482fe08d589f3c13?s=96&d=mm&r=g","url":"https:\/\/secure.gravatar.com\/avatar\/52e4757902f5cfa5ac52d020e5be83cae5487519154b6c35482fe08d589f3c13?s=96&d=mm&r=g","contentUrl":"https:\/\/secure.gravatar.com\/avatar\/52e4757902f5cfa5ac52d020e5be83cae5487519154b6c35482fe08d589f3c13?s=96&d=mm&r=g","caption":"Universidad de las Artes"},"url":"https:\/\/www.uartes.edu.ec\/sitio\/fr\/blog\/author\/dircomadm\/"}]}},"uagb_featured_image_src":{"full":["https:\/\/www.uartes.edu.ec\/sitio\/wp-content\/uploads\/2020\/12\/labor1.jpg",2000,1333,false],"thumbnail":["https:\/\/www.uartes.edu.ec\/sitio\/wp-content\/uploads\/2020\/12\/labor1-150x150.jpg",150,150,true],"medium":["https:\/\/www.uartes.edu.ec\/sitio\/wp-content\/uploads\/2020\/12\/labor1-300x200.jpg",300,200,true],"medium_large":["https:\/\/www.uartes.edu.ec\/sitio\/wp-content\/uploads\/2020\/12\/labor1-768x512.jpg",768,512,true],"large":["https:\/\/www.uartes.edu.ec\/sitio\/wp-content\/uploads\/2020\/12\/labor1-644x429.jpg",644,429,true],"1536x1536":["https:\/\/www.uartes.edu.ec\/sitio\/wp-content\/uploads\/2020\/12\/labor1-1536x1024.jpg",1536,1024,true],"2048x2048":["https:\/\/www.uartes.edu.ec\/sitio\/wp-content\/uploads\/2020\/12\/labor1.jpg",2000,1333,false],"trp-custom-language-flag":["https:\/\/www.uartes.edu.ec\/sitio\/wp-content\/uploads\/2020\/12\/labor1.jpg",18,12,false],"htmega_size_585x295":["https:\/\/www.uartes.edu.ec\/sitio\/wp-content\/uploads\/2020\/12\/labor1-585x295.jpg",585,295,true],"htmega_size_1170x536":["https:\/\/www.uartes.edu.ec\/sitio\/wp-content\/uploads\/2020\/12\/labor1-1170x536.jpg",1170,536,true],"htmega_size_396x360":["https:\/\/www.uartes.edu.ec\/sitio\/wp-content\/uploads\/2020\/12\/labor1-396x360.jpg",396,360,true],"gb-block-post-grid-landscape":["https:\/\/www.uartes.edu.ec\/sitio\/wp-content\/uploads\/2020\/12\/labor1.jpg",600,400,false],"gb-block-post-grid-square":["https:\/\/www.uartes.edu.ec\/sitio\/wp-content\/uploads\/2020\/12\/labor1.jpg",600,400,false],"university-hub-thumb":["https:\/\/www.uartes.edu.ec\/sitio\/wp-content\/uploads\/2020\/12\/labor1.jpg",400,267,false],"mailpoet_newsletter_max":["https:\/\/www.uartes.edu.ec\/sitio\/wp-content\/uploads\/2020\/12\/labor1.jpg",1320,880,false]},"uagb_author_info":{"display_name":"Universidad de las Artes","author_link":"https:\/\/www.uartes.edu.ec\/sitio\/fr\/blog\/author\/dircomadm\/"},"uagb_comment_info":0,"uagb_excerpt":"\u201cNarrativas en confinamiento\u201d es el nombre que adopt\u00f3 el Laboratorio de Creaci\u00f3n de Cuentos con la Comunidad, cuyos integrantes participar\u00e1n en el di\u00e1logo que, moderado por la docente Cecilia Velasco, se entablar\u00e1 este viernes 18 de diciembre de 2020, en la tercera jornada del VI edici\u00f3n del Encuentro de Editores Independientes Libre Libro. Ser\u00e1 desde\u2026","featured_image_src":"https:\/\/www.uartes.edu.ec\/sitio\/wp-content\/uploads\/2020\/12\/labor1.jpg","featured_image_src_square":"https:\/\/www.uartes.edu.ec\/sitio\/wp-content\/uploads\/2020\/12\/labor1.jpg","author_info":{"display_name":"Universidad de las Artes","author_link":"https:\/\/www.uartes.edu.ec\/sitio\/fr\/blog\/author\/dircomadm\/"},"publishpress_future_workflow_manual_trigger":{"enabledWorkflows":[]},"distributor_meta":false,"distributor_terms":false,"distributor_media":false,"distributor_original_site_name":"Universidad de las Artes","distributor_original_site_url":"https:\/\/www.uartes.edu.ec\/sitio\/fr","push-errors":false,"_links":{"self":[{"href":"https:\/\/www.uartes.edu.ec\/sitio\/fr\/wp-json\/wp\/v2\/posts\/11855","targetHints":{"allow":["GET"]}}],"collection":[{"href":"https:\/\/www.uartes.edu.ec\/sitio\/fr\/wp-json\/wp\/v2\/posts"}],"about":[{"href":"https:\/\/www.uartes.edu.ec\/sitio\/fr\/wp-json\/wp\/v2\/types\/post"}],"author":[{"embeddable":true,"href":"https:\/\/www.uartes.edu.ec\/sitio\/fr\/wp-json\/wp\/v2\/users\/1"}],"replies":[{"embeddable":true,"href":"https:\/\/www.uartes.edu.ec\/sitio\/fr\/wp-json\/wp\/v2\/comments?post=11855"}],"version-history":[{"count":3,"href":"https:\/\/www.uartes.edu.ec\/sitio\/fr\/wp-json\/wp\/v2\/posts\/11855\/revisions"}],"predecessor-version":[{"id":57066,"href":"https:\/\/www.uartes.edu.ec\/sitio\/fr\/wp-json\/wp\/v2\/posts\/11855\/revisions\/57066"}],"wp:featuredmedia":[{"embeddable":true,"href":"https:\/\/www.uartes.edu.ec\/sitio\/fr\/wp-json\/wp\/v2\/media\/11850"}],"wp:attachment":[{"href":"https:\/\/www.uartes.edu.ec\/sitio\/fr\/wp-json\/wp\/v2\/media?parent=11855"}],"wp:term":[{"taxonomy":"category","embeddable":true,"href":"https:\/\/www.uartes.edu.ec\/sitio\/fr\/wp-json\/wp\/v2\/categories?post=11855"},{"taxonomy":"post_tag","embeddable":true,"href":"https:\/\/www.uartes.edu.ec\/sitio\/fr\/wp-json\/wp\/v2\/tags?post=11855"},{"taxonomy":"infouartes","embeddable":true,"href":"https:\/\/www.uartes.edu.ec\/sitio\/fr\/wp-json\/wp\/v2\/infouartes?post=11855"}],"curies":[{"name":"wp","href":"https:\/\/api.w.org\/{rel}","templated":true}]}}