{"id":12094,"date":"2020-12-16T16:25:00","date_gmt":"2020-12-16T21:25:00","guid":{"rendered":"http:\/\/www.uartes.edu.ec\/sitio\/?p=12094"},"modified":"2024-07-04T11:33:12","modified_gmt":"2024-07-04T16:33:12","slug":"el-guion-como-medio-de-expresion-investigacion-de-jose-dominguez","status":"publish","type":"post","link":"https:\/\/www.uartes.edu.ec\/sitio\/fr\/blog\/2020\/12\/16\/el-guion-como-medio-de-expresion-investigacion-de-jose-dominguez\/","title":{"rendered":"El guion como medio de expresi\u00f3n, investigaci\u00f3n de Jos\u00e9 Dom\u00ednguez"},"content":{"rendered":"<p>Al proyecto de tesis que present\u00f3 para la obtenci\u00f3n de la licenciatura Jos\u00e9 Efra\u00edn Dom\u00ednguez Pino, de la Escuela de Cine de la Universidad de las Artes, lo titul\u00f3 \u201cEl guion como medio de expresi\u00f3n e introspecci\u00f3n a la relaci\u00f3n autor obra\u201d.<\/p>\n\n\n\n<p>En esta investigaci\u00f3n-bit\u00e1cora, Jos\u00e9 Dom\u00ednguez analiza el guion como una inusual forma de expresi\u00f3n m\u00e1s que de comunicaci\u00f3n, el c\u00f3mo la vida previa del autor sirve de referencia base para la exposici\u00f3n de un tema o la creaci\u00f3n de un mundo nuevo con su propia versi\u00f3n de la realidad.<\/p>\n\n\n\n<p>Qu\u00e9 tan estrecha puede llegar a ser la relaci\u00f3n entre el autor y su guion, podr\u00eda definir el estilo y m\u00e9todo del guionista para comunicar la experiencia primaria al lector y pr\u00f3ximamente al espectador, se\u00f1ala.<\/p>\n\n\n\n<p>La toma de decisiones durante el proceso creativo y el c\u00f3mo las interpretaciones externas a dicho proceso pueden ofrecer nuevos puntos de vista para una historia.<\/p>\n\n\n\n<p>En la pertinencia de la investigaci\u00f3n, Jos\u00e9 Dom\u00ednguez puntualiza que entender la relaci\u00f3n que tiene el artista con su obra suele ser una de las empresas en las que se introducen muchos te\u00f3ricos y estudiosos del arte, enfocando sus esfuerzos en descifrar la mayor cantidad de caracter\u00edsticas del artista por medio de los detalles de su obra.<\/p>\n\n\n\n<p>Desde esta perspectiva se entiende que del artista hay mucho en su obra, por lo tanto, existe la posibilidad de entender mucho sobre su persona al analizarla. A trav\u00e9s de este trabajo se quiere relacionar varios aspectos en los que un guionista, como artista, alimenta su guion, como en la obra, con detalles de su propia vida, estrechando su relaci\u00f3n con su obra, explica.<\/p>\n\n\n\n<p>Partiendo de su experiencia personal al escribir el guion para el largometraje <em>Prejuicio,<\/em> el egresado expone en este trabajo su perspectiva personal sobre la relaci\u00f3n guion-guionista. Mostrando las diferentes cualidades de su vida personal y su car\u00e1cter que quedan plasmados en la historia y los personajes.<\/p>\n\n\n\n<p>Por ello considera que el trabajo de un guionista se vuelve una obra sobre parte de la vida y\/o la esencia de s\u00ed mismo. Una obra en la que est\u00e1 impl\u00edcita la humanidad del guionista.<\/p>\n\n\n\n<p>Como guionista se encuentra intrigado por la forma en que su guion expone un aspecto de su vida que no esperaba descubrir. Porque estando tan concentrado en contar la historia, mostrar sus planteamientos narrativos y de construir personajes llenos de carisma, fue construyendo una representaci\u00f3n de las mujeres con las cuales creci\u00f3. \u201cHice una graf\u00eda de mi madre, mis abuelas, mis t\u00edas, en fin, de las mujeres que vivieron a mi alrededor mientras crec\u00eda, siendo solventes, fuertes, y mostr\u00e1ndose capaces de mantenerse siempre arriba, sin mostrar en ning\u00fan momento que necesitaban una figura masculina en sus vidas para encontrar sentido. Y las he retratado en mis personajes, los que me han costado esfuerzo desarrollar, personajes que son fuertes, poderosos, capaces e independientes\u201d, sostiene.<\/p>\n\n\n\n<p>Considera que tal vez la \u00e9poca en la que escribi\u00f3 se inclina mucho a sobreexponer detalles que deber\u00edan ser comunes y lastimosamente no lo son, pero se siente satisfecho de hacer un guion al que catalogan como feminista, sin haber querido hacerlo as\u00ed, sabiendo que en el fondo de s\u00ed, aboga por una mujer empoderada y soberana de s\u00ed misma.<\/p>","protected":false},"excerpt":{"rendered":"<p>Al proyecto de tesis que present\u00f3 para la obtenci\u00f3n de la licenciatura Jos\u00e9 Efra\u00edn Dom\u00ednguez Pino, de la Escuela de Cine de la Universidad de las Artes, lo titul\u00f3 \u201cEl guion como medio de expresi\u00f3n e introspecci\u00f3n a la relaci\u00f3n autor obra\u201d.<\/p>","protected":false},"author":1,"featured_media":11989,"comment_status":"closed","ping_status":"closed","sticky":false,"template":"","format":"standard","meta":{"_acf_changed":false,"_uag_custom_page_level_css":"","_monsterinsights_skip_tracking":false,"_monsterinsights_sitenote_active":false,"_monsterinsights_sitenote_note":"","_monsterinsights_sitenote_category":0,"cybocfi_hide_featured_image":"","footnotes":""},"categories":[80,147,76],"tags":[200],"infouartes":[],"class_list":["post-12094","post","type-post","status-publish","format-standard","has-post-thumbnail","hentry","category-academico","category-cine","category-estudiantes","tag-titulacion"],"acf":[],"yoast_head":"<!-- This site is optimized with the Yoast SEO plugin v27.4 - https:\/\/yoast.com\/product\/yoast-seo-wordpress\/ -->\n<title>Universidad de las Artes - El guion como medio de expresi\u00f3n, investigaci\u00f3n de Jos\u00e9 Dom\u00ednguez<\/title>\n<meta name=\"description\" content=\"Universidad de las Artes - El guion como medio de expresi\u00f3n, investigaci\u00f3n de Jos\u00e9 Dom\u00ednguez\" \/>\n<meta name=\"robots\" content=\"index, follow, max-snippet:-1, max-image-preview:large, max-video-preview:-1\" \/>\n<link rel=\"canonical\" href=\"https:\/\/www.uartes.edu.ec\/sitio\/fr\/blog\/2020\/12\/16\/el-guion-como-medio-de-expresion-investigacion-de-jose-dominguez\/\" \/>\n<meta property=\"og:locale\" content=\"fr_FR\" \/>\n<meta property=\"og:type\" content=\"article\" \/>\n<meta property=\"og:title\" content=\"Universidad de las Artes - El guion como medio de expresi\u00f3n, investigaci\u00f3n de Jos\u00e9 Dom\u00ednguez\" \/>\n<meta property=\"og:description\" content=\"Universidad de las Artes - El guion como medio de expresi\u00f3n, investigaci\u00f3n de Jos\u00e9 Dom\u00ednguez\" \/>\n<meta property=\"og:url\" content=\"https:\/\/www.uartes.edu.ec\/sitio\/fr\/blog\/2020\/12\/16\/el-guion-como-medio-de-expresion-investigacion-de-jose-dominguez\/\" \/>\n<meta property=\"og:site_name\" content=\"Universidad de las Artes\" \/>\n<meta property=\"article:publisher\" content=\"https:\/\/www.facebook.com\/uartesec\" \/>\n<meta property=\"article:published_time\" content=\"2020-12-16T21:25:00+00:00\" \/>\n<meta property=\"article:modified_time\" content=\"2024-07-04T16:33:12+00:00\" \/>\n<meta property=\"og:image\" content=\"https:\/\/www.uartes.edu.ec\/sitio\/wp-content\/uploads\/2020\/12\/14-JOSE-DOMINGUEZ.jpg\" \/>\n\t<meta property=\"og:image:width\" content=\"2000\" \/>\n\t<meta property=\"og:image:height\" content=\"1333\" \/>\n\t<meta property=\"og:image:type\" content=\"image\/jpeg\" \/>\n<meta name=\"author\" content=\"Universidad de las Artes\" \/>\n<meta name=\"twitter:card\" content=\"summary_large_image\" \/>\n<meta name=\"twitter:creator\" content=\"@uartesec\" \/>\n<meta name=\"twitter:site\" content=\"@uartesec\" \/>\n<meta name=\"twitter:label1\" content=\"\u00c9crit par\" \/>\n\t<meta name=\"twitter:data1\" content=\"Universidad de las Artes\" \/>\n\t<meta name=\"twitter:label2\" content=\"Dur\u00e9e de lecture estim\u00e9e\" \/>\n\t<meta name=\"twitter:data2\" content=\"3 minutes\" \/>\n<script type=\"application\/ld+json\" class=\"yoast-schema-graph\">{\"@context\":\"https:\\\/\\\/schema.org\",\"@graph\":[{\"@type\":\"Article\",\"@id\":\"https:\\\/\\\/www.uartes.edu.ec\\\/sitio\\\/fr\\\/blog\\\/2020\\\/12\\\/16\\\/el-guion-como-medio-de-expresion-investigacion-de-jose-dominguez\\\/#article\",\"isPartOf\":{\"@id\":\"https:\\\/\\\/www.uartes.edu.ec\\\/sitio\\\/fr\\\/blog\\\/2020\\\/12\\\/16\\\/el-guion-como-medio-de-expresion-investigacion-de-jose-dominguez\\\/\"},\"author\":{\"name\":\"Universidad de las Artes\",\"@id\":\"https:\\\/\\\/www.uartes.edu.ec\\\/sitio\\\/fr\\\/#\\\/schema\\\/person\\\/f33f8c1d2af0d5c80a38c8abf458184a\"},\"headline\":\"El guion como medio de expresi\u00f3n, investigaci\u00f3n de Jos\u00e9 Dom\u00ednguez\",\"datePublished\":\"2020-12-16T21:25:00+00:00\",\"dateModified\":\"2024-07-04T16:33:12+00:00\",\"mainEntityOfPage\":{\"@id\":\"https:\\\/\\\/www.uartes.edu.ec\\\/sitio\\\/fr\\\/blog\\\/2020\\\/12\\\/16\\\/el-guion-como-medio-de-expresion-investigacion-de-jose-dominguez\\\/\"},\"wordCount\":590,\"publisher\":{\"@id\":\"https:\\\/\\\/www.uartes.edu.ec\\\/sitio\\\/fr\\\/#organization\"},\"image\":{\"@id\":\"https:\\\/\\\/www.uartes.edu.ec\\\/sitio\\\/fr\\\/blog\\\/2020\\\/12\\\/16\\\/el-guion-como-medio-de-expresion-investigacion-de-jose-dominguez\\\/#primaryimage\"},\"thumbnailUrl\":\"https:\\\/\\\/www.uartes.edu.ec\\\/sitio\\\/wp-content\\\/uploads\\\/2020\\\/12\\\/14-JOSE-DOMINGUEZ.jpg\",\"keywords\":[\"titulaci\u00f3n\"],\"articleSection\":[\"Acad\u00e9mico\",\"Cine\",\"Estudiantes\"],\"inLanguage\":\"fr-FR\"},{\"@type\":[\"WebPage\",\"ItemPage\"],\"@id\":\"https:\\\/\\\/www.uartes.edu.ec\\\/sitio\\\/fr\\\/blog\\\/2020\\\/12\\\/16\\\/el-guion-como-medio-de-expresion-investigacion-de-jose-dominguez\\\/\",\"url\":\"https:\\\/\\\/www.uartes.edu.ec\\\/sitio\\\/fr\\\/blog\\\/2020\\\/12\\\/16\\\/el-guion-como-medio-de-expresion-investigacion-de-jose-dominguez\\\/\",\"name\":\"Universidad de las Artes - El guion como medio de expresi\u00f3n, investigaci\u00f3n de Jos\u00e9 Dom\u00ednguez\",\"isPartOf\":{\"@id\":\"https:\\\/\\\/www.uartes.edu.ec\\\/sitio\\\/fr\\\/#website\"},\"primaryImageOfPage\":{\"@id\":\"https:\\\/\\\/www.uartes.edu.ec\\\/sitio\\\/fr\\\/blog\\\/2020\\\/12\\\/16\\\/el-guion-como-medio-de-expresion-investigacion-de-jose-dominguez\\\/#primaryimage\"},\"image\":{\"@id\":\"https:\\\/\\\/www.uartes.edu.ec\\\/sitio\\\/fr\\\/blog\\\/2020\\\/12\\\/16\\\/el-guion-como-medio-de-expresion-investigacion-de-jose-dominguez\\\/#primaryimage\"},\"thumbnailUrl\":\"https:\\\/\\\/www.uartes.edu.ec\\\/sitio\\\/wp-content\\\/uploads\\\/2020\\\/12\\\/14-JOSE-DOMINGUEZ.jpg\",\"datePublished\":\"2020-12-16T21:25:00+00:00\",\"dateModified\":\"2024-07-04T16:33:12+00:00\",\"description\":\"Universidad de las Artes - El guion como medio de expresi\u00f3n, investigaci\u00f3n de Jos\u00e9 Dom\u00ednguez\",\"breadcrumb\":{\"@id\":\"https:\\\/\\\/www.uartes.edu.ec\\\/sitio\\\/fr\\\/blog\\\/2020\\\/12\\\/16\\\/el-guion-como-medio-de-expresion-investigacion-de-jose-dominguez\\\/#breadcrumb\"},\"inLanguage\":\"fr-FR\",\"potentialAction\":[{\"@type\":\"ReadAction\",\"target\":[\"https:\\\/\\\/www.uartes.edu.ec\\\/sitio\\\/fr\\\/blog\\\/2020\\\/12\\\/16\\\/el-guion-como-medio-de-expresion-investigacion-de-jose-dominguez\\\/\"]}]},{\"@type\":\"ImageObject\",\"inLanguage\":\"fr-FR\",\"@id\":\"https:\\\/\\\/www.uartes.edu.ec\\\/sitio\\\/fr\\\/blog\\\/2020\\\/12\\\/16\\\/el-guion-como-medio-de-expresion-investigacion-de-jose-dominguez\\\/#primaryimage\",\"url\":\"https:\\\/\\\/www.uartes.edu.ec\\\/sitio\\\/wp-content\\\/uploads\\\/2020\\\/12\\\/14-JOSE-DOMINGUEZ.jpg\",\"contentUrl\":\"https:\\\/\\\/www.uartes.edu.ec\\\/sitio\\\/wp-content\\\/uploads\\\/2020\\\/12\\\/14-JOSE-DOMINGUEZ.jpg\",\"width\":2000,\"height\":1333},{\"@type\":\"BreadcrumbList\",\"@id\":\"https:\\\/\\\/www.uartes.edu.ec\\\/sitio\\\/fr\\\/blog\\\/2020\\\/12\\\/16\\\/el-guion-como-medio-de-expresion-investigacion-de-jose-dominguez\\\/#breadcrumb\",\"itemListElement\":[{\"@type\":\"ListItem\",\"position\":1,\"name\":\"Inicio\",\"item\":\"https:\\\/\\\/www.uartes.edu.ec\\\/sitio\\\/\"},{\"@type\":\"ListItem\",\"position\":2,\"name\":\"El guion como medio de expresi\u00f3n, investigaci\u00f3n de Jos\u00e9 Dom\u00ednguez\"}]},{\"@type\":\"WebSite\",\"@id\":\"https:\\\/\\\/www.uartes.edu.ec\\\/sitio\\\/fr\\\/#website\",\"url\":\"https:\\\/\\\/www.uartes.edu.ec\\\/sitio\\\/fr\\\/\",\"name\":\"Universidad de las Artes\",\"description\":\"Sitio oficial de la Universidad Nacional de las Artes del Ecuador\",\"publisher\":{\"@id\":\"https:\\\/\\\/www.uartes.edu.ec\\\/sitio\\\/fr\\\/#organization\"},\"potentialAction\":[{\"@type\":\"SearchAction\",\"target\":{\"@type\":\"EntryPoint\",\"urlTemplate\":\"https:\\\/\\\/www.uartes.edu.ec\\\/sitio\\\/fr\\\/?s={search_term_string}\"},\"query-input\":{\"@type\":\"PropertyValueSpecification\",\"valueRequired\":true,\"valueName\":\"search_term_string\"}}],\"inLanguage\":\"fr-FR\"},{\"@type\":\"Organization\",\"@id\":\"https:\\\/\\\/www.uartes.edu.ec\\\/sitio\\\/fr\\\/#organization\",\"name\":\"Universidad de las Artes\",\"url\":\"https:\\\/\\\/www.uartes.edu.ec\\\/sitio\\\/fr\\\/\",\"logo\":{\"@type\":\"ImageObject\",\"inLanguage\":\"fr-FR\",\"@id\":\"https:\\\/\\\/www.uartes.edu.ec\\\/sitio\\\/fr\\\/#\\\/schema\\\/logo\\\/image\\\/\",\"url\":\"https:\\\/\\\/www.uartes.edu.ec\\\/sitio\\\/wp-content\\\/uploads\\\/2022\\\/07\\\/logo-ua-horizontal.png\",\"contentUrl\":\"https:\\\/\\\/www.uartes.edu.ec\\\/sitio\\\/wp-content\\\/uploads\\\/2022\\\/07\\\/logo-ua-horizontal.png\",\"width\":800,\"height\":276,\"caption\":\"Universidad de las Artes\"},\"image\":{\"@id\":\"https:\\\/\\\/www.uartes.edu.ec\\\/sitio\\\/fr\\\/#\\\/schema\\\/logo\\\/image\\\/\"},\"sameAs\":[\"https:\\\/\\\/www.facebook.com\\\/uartesec\",\"https:\\\/\\\/x.com\\\/uartesec\",\"https:\\\/\\\/www.tiktok.com\\\/@uartesec\"]},{\"@type\":\"Person\",\"@id\":\"https:\\\/\\\/www.uartes.edu.ec\\\/sitio\\\/fr\\\/#\\\/schema\\\/person\\\/f33f8c1d2af0d5c80a38c8abf458184a\",\"name\":\"Universidad de las Artes\",\"image\":{\"@type\":\"ImageObject\",\"inLanguage\":\"fr-FR\",\"@id\":\"https:\\\/\\\/secure.gravatar.com\\\/avatar\\\/52e4757902f5cfa5ac52d020e5be83cae5487519154b6c35482fe08d589f3c13?s=96&d=mm&r=g\",\"url\":\"https:\\\/\\\/secure.gravatar.com\\\/avatar\\\/52e4757902f5cfa5ac52d020e5be83cae5487519154b6c35482fe08d589f3c13?s=96&d=mm&r=g\",\"contentUrl\":\"https:\\\/\\\/secure.gravatar.com\\\/avatar\\\/52e4757902f5cfa5ac52d020e5be83cae5487519154b6c35482fe08d589f3c13?s=96&d=mm&r=g\",\"caption\":\"Universidad de las Artes\"},\"url\":\"https:\\\/\\\/www.uartes.edu.ec\\\/sitio\\\/fr\\\/blog\\\/author\\\/dircomadm\\\/\"}]}<\/script>\n<!-- \/ Yoast SEO plugin. -->","yoast_head_json":{"title":"Universidad de las Artes - El guion como medio de expresi\u00f3n, investigaci\u00f3n de Jos\u00e9 Dom\u00ednguez","description":"Universidad de las Artes - El guion como medio de expresi\u00f3n, investigaci\u00f3n de Jos\u00e9 Dom\u00ednguez","robots":{"index":"index","follow":"follow","max-snippet":"max-snippet:-1","max-image-preview":"max-image-preview:large","max-video-preview":"max-video-preview:-1"},"canonical":"https:\/\/www.uartes.edu.ec\/sitio\/fr\/blog\/2020\/12\/16\/el-guion-como-medio-de-expresion-investigacion-de-jose-dominguez\/","og_locale":"fr_FR","og_type":"article","og_title":"Universidad de las Artes - El guion como medio de expresi\u00f3n, investigaci\u00f3n de Jos\u00e9 Dom\u00ednguez","og_description":"Universidad de las Artes - El guion como medio de expresi\u00f3n, investigaci\u00f3n de Jos\u00e9 Dom\u00ednguez","og_url":"https:\/\/www.uartes.edu.ec\/sitio\/fr\/blog\/2020\/12\/16\/el-guion-como-medio-de-expresion-investigacion-de-jose-dominguez\/","og_site_name":"Universidad de las Artes","article_publisher":"https:\/\/www.facebook.com\/uartesec","article_published_time":"2020-12-16T21:25:00+00:00","article_modified_time":"2024-07-04T16:33:12+00:00","og_image":[{"width":2000,"height":1333,"url":"https:\/\/www.uartes.edu.ec\/sitio\/wp-content\/uploads\/2020\/12\/14-JOSE-DOMINGUEZ.jpg","type":"image\/jpeg"}],"author":"Universidad de las Artes","twitter_card":"summary_large_image","twitter_creator":"@uartesec","twitter_site":"@uartesec","twitter_misc":{"\u00c9crit par":"Universidad de las Artes","Dur\u00e9e de lecture estim\u00e9e":"3 minutes"},"schema":{"@context":"https:\/\/schema.org","@graph":[{"@type":"Article","@id":"https:\/\/www.uartes.edu.ec\/sitio\/fr\/blog\/2020\/12\/16\/el-guion-como-medio-de-expresion-investigacion-de-jose-dominguez\/#article","isPartOf":{"@id":"https:\/\/www.uartes.edu.ec\/sitio\/fr\/blog\/2020\/12\/16\/el-guion-como-medio-de-expresion-investigacion-de-jose-dominguez\/"},"author":{"name":"Universidad de las Artes","@id":"https:\/\/www.uartes.edu.ec\/sitio\/fr\/#\/schema\/person\/f33f8c1d2af0d5c80a38c8abf458184a"},"headline":"El guion como medio de expresi\u00f3n, investigaci\u00f3n de Jos\u00e9 Dom\u00ednguez","datePublished":"2020-12-16T21:25:00+00:00","dateModified":"2024-07-04T16:33:12+00:00","mainEntityOfPage":{"@id":"https:\/\/www.uartes.edu.ec\/sitio\/fr\/blog\/2020\/12\/16\/el-guion-como-medio-de-expresion-investigacion-de-jose-dominguez\/"},"wordCount":590,"publisher":{"@id":"https:\/\/www.uartes.edu.ec\/sitio\/fr\/#organization"},"image":{"@id":"https:\/\/www.uartes.edu.ec\/sitio\/fr\/blog\/2020\/12\/16\/el-guion-como-medio-de-expresion-investigacion-de-jose-dominguez\/#primaryimage"},"thumbnailUrl":"https:\/\/www.uartes.edu.ec\/sitio\/wp-content\/uploads\/2020\/12\/14-JOSE-DOMINGUEZ.jpg","keywords":["titulaci\u00f3n"],"articleSection":["Acad\u00e9mico","Cine","Estudiantes"],"inLanguage":"fr-FR"},{"@type":["WebPage","ItemPage"],"@id":"https:\/\/www.uartes.edu.ec\/sitio\/fr\/blog\/2020\/12\/16\/el-guion-como-medio-de-expresion-investigacion-de-jose-dominguez\/","url":"https:\/\/www.uartes.edu.ec\/sitio\/fr\/blog\/2020\/12\/16\/el-guion-como-medio-de-expresion-investigacion-de-jose-dominguez\/","name":"Universidad de las Artes - El guion como medio de expresi\u00f3n, investigaci\u00f3n de Jos\u00e9 Dom\u00ednguez","isPartOf":{"@id":"https:\/\/www.uartes.edu.ec\/sitio\/fr\/#website"},"primaryImageOfPage":{"@id":"https:\/\/www.uartes.edu.ec\/sitio\/fr\/blog\/2020\/12\/16\/el-guion-como-medio-de-expresion-investigacion-de-jose-dominguez\/#primaryimage"},"image":{"@id":"https:\/\/www.uartes.edu.ec\/sitio\/fr\/blog\/2020\/12\/16\/el-guion-como-medio-de-expresion-investigacion-de-jose-dominguez\/#primaryimage"},"thumbnailUrl":"https:\/\/www.uartes.edu.ec\/sitio\/wp-content\/uploads\/2020\/12\/14-JOSE-DOMINGUEZ.jpg","datePublished":"2020-12-16T21:25:00+00:00","dateModified":"2024-07-04T16:33:12+00:00","description":"Universidad de las Artes - El guion como medio de expresi\u00f3n, investigaci\u00f3n de Jos\u00e9 Dom\u00ednguez","breadcrumb":{"@id":"https:\/\/www.uartes.edu.ec\/sitio\/fr\/blog\/2020\/12\/16\/el-guion-como-medio-de-expresion-investigacion-de-jose-dominguez\/#breadcrumb"},"inLanguage":"fr-FR","potentialAction":[{"@type":"ReadAction","target":["https:\/\/www.uartes.edu.ec\/sitio\/fr\/blog\/2020\/12\/16\/el-guion-como-medio-de-expresion-investigacion-de-jose-dominguez\/"]}]},{"@type":"ImageObject","inLanguage":"fr-FR","@id":"https:\/\/www.uartes.edu.ec\/sitio\/fr\/blog\/2020\/12\/16\/el-guion-como-medio-de-expresion-investigacion-de-jose-dominguez\/#primaryimage","url":"https:\/\/www.uartes.edu.ec\/sitio\/wp-content\/uploads\/2020\/12\/14-JOSE-DOMINGUEZ.jpg","contentUrl":"https:\/\/www.uartes.edu.ec\/sitio\/wp-content\/uploads\/2020\/12\/14-JOSE-DOMINGUEZ.jpg","width":2000,"height":1333},{"@type":"BreadcrumbList","@id":"https:\/\/www.uartes.edu.ec\/sitio\/fr\/blog\/2020\/12\/16\/el-guion-como-medio-de-expresion-investigacion-de-jose-dominguez\/#breadcrumb","itemListElement":[{"@type":"ListItem","position":1,"name":"Inicio","item":"https:\/\/www.uartes.edu.ec\/sitio\/"},{"@type":"ListItem","position":2,"name":"El guion como medio de expresi\u00f3n, investigaci\u00f3n de Jos\u00e9 Dom\u00ednguez"}]},{"@type":"WebSite","@id":"https:\/\/www.uartes.edu.ec\/sitio\/fr\/#website","url":"https:\/\/www.uartes.edu.ec\/sitio\/fr\/","name":"Universidad de las Artes","description":"Sitio oficial de la Universidad Nacional de las Artes del Ecuador","publisher":{"@id":"https:\/\/www.uartes.edu.ec\/sitio\/fr\/#organization"},"potentialAction":[{"@type":"SearchAction","target":{"@type":"EntryPoint","urlTemplate":"https:\/\/www.uartes.edu.ec\/sitio\/fr\/?s={search_term_string}"},"query-input":{"@type":"PropertyValueSpecification","valueRequired":true,"valueName":"search_term_string"}}],"inLanguage":"fr-FR"},{"@type":"Organization","@id":"https:\/\/www.uartes.edu.ec\/sitio\/fr\/#organization","name":"Universidad de las Artes","url":"https:\/\/www.uartes.edu.ec\/sitio\/fr\/","logo":{"@type":"ImageObject","inLanguage":"fr-FR","@id":"https:\/\/www.uartes.edu.ec\/sitio\/fr\/#\/schema\/logo\/image\/","url":"https:\/\/www.uartes.edu.ec\/sitio\/wp-content\/uploads\/2022\/07\/logo-ua-horizontal.png","contentUrl":"https:\/\/www.uartes.edu.ec\/sitio\/wp-content\/uploads\/2022\/07\/logo-ua-horizontal.png","width":800,"height":276,"caption":"Universidad de las Artes"},"image":{"@id":"https:\/\/www.uartes.edu.ec\/sitio\/fr\/#\/schema\/logo\/image\/"},"sameAs":["https:\/\/www.facebook.com\/uartesec","https:\/\/x.com\/uartesec","https:\/\/www.tiktok.com\/@uartesec"]},{"@type":"Person","@id":"https:\/\/www.uartes.edu.ec\/sitio\/fr\/#\/schema\/person\/f33f8c1d2af0d5c80a38c8abf458184a","name":"Universidad de las Artes","image":{"@type":"ImageObject","inLanguage":"fr-FR","@id":"https:\/\/secure.gravatar.com\/avatar\/52e4757902f5cfa5ac52d020e5be83cae5487519154b6c35482fe08d589f3c13?s=96&d=mm&r=g","url":"https:\/\/secure.gravatar.com\/avatar\/52e4757902f5cfa5ac52d020e5be83cae5487519154b6c35482fe08d589f3c13?s=96&d=mm&r=g","contentUrl":"https:\/\/secure.gravatar.com\/avatar\/52e4757902f5cfa5ac52d020e5be83cae5487519154b6c35482fe08d589f3c13?s=96&d=mm&r=g","caption":"Universidad de las Artes"},"url":"https:\/\/www.uartes.edu.ec\/sitio\/fr\/blog\/author\/dircomadm\/"}]}},"uagb_featured_image_src":{"full":["https:\/\/www.uartes.edu.ec\/sitio\/wp-content\/uploads\/2020\/12\/14-JOSE-DOMINGUEZ.jpg",2000,1333,false],"thumbnail":["https:\/\/www.uartes.edu.ec\/sitio\/wp-content\/uploads\/2020\/12\/14-JOSE-DOMINGUEZ-150x150.jpg",150,150,true],"medium":["https:\/\/www.uartes.edu.ec\/sitio\/wp-content\/uploads\/2020\/12\/14-JOSE-DOMINGUEZ-300x200.jpg",300,200,true],"medium_large":["https:\/\/www.uartes.edu.ec\/sitio\/wp-content\/uploads\/2020\/12\/14-JOSE-DOMINGUEZ-768x512.jpg",768,512,true],"large":["https:\/\/www.uartes.edu.ec\/sitio\/wp-content\/uploads\/2020\/12\/14-JOSE-DOMINGUEZ-644x429.jpg",644,429,true],"1536x1536":["https:\/\/www.uartes.edu.ec\/sitio\/wp-content\/uploads\/2020\/12\/14-JOSE-DOMINGUEZ-1536x1024.jpg",1536,1024,true],"2048x2048":["https:\/\/www.uartes.edu.ec\/sitio\/wp-content\/uploads\/2020\/12\/14-JOSE-DOMINGUEZ.jpg",2000,1333,false],"trp-custom-language-flag":["https:\/\/www.uartes.edu.ec\/sitio\/wp-content\/uploads\/2020\/12\/14-JOSE-DOMINGUEZ.jpg",18,12,false],"htmega_size_585x295":["https:\/\/www.uartes.edu.ec\/sitio\/wp-content\/uploads\/2020\/12\/14-JOSE-DOMINGUEZ-585x295.jpg",585,295,true],"htmega_size_1170x536":["https:\/\/www.uartes.edu.ec\/sitio\/wp-content\/uploads\/2020\/12\/14-JOSE-DOMINGUEZ-1170x536.jpg",1170,536,true],"htmega_size_396x360":["https:\/\/www.uartes.edu.ec\/sitio\/wp-content\/uploads\/2020\/12\/14-JOSE-DOMINGUEZ-396x360.jpg",396,360,true],"gb-block-post-grid-landscape":["https:\/\/www.uartes.edu.ec\/sitio\/wp-content\/uploads\/2020\/12\/14-JOSE-DOMINGUEZ.jpg",600,400,false],"gb-block-post-grid-square":["https:\/\/www.uartes.edu.ec\/sitio\/wp-content\/uploads\/2020\/12\/14-JOSE-DOMINGUEZ.jpg",600,400,false],"university-hub-thumb":["https:\/\/www.uartes.edu.ec\/sitio\/wp-content\/uploads\/2020\/12\/14-JOSE-DOMINGUEZ.jpg",400,267,false],"mailpoet_newsletter_max":["https:\/\/www.uartes.edu.ec\/sitio\/wp-content\/uploads\/2020\/12\/14-JOSE-DOMINGUEZ.jpg",1320,880,false]},"uagb_author_info":{"display_name":"Universidad de las Artes","author_link":"https:\/\/www.uartes.edu.ec\/sitio\/fr\/blog\/author\/dircomadm\/"},"uagb_comment_info":0,"uagb_excerpt":"Al proyecto de tesis que present\u00f3 para la obtenci\u00f3n de la licenciatura Jos\u00e9 Efra\u00edn Dom\u00ednguez Pino, de la Escuela de Cine de la Universidad de las Artes, lo titul\u00f3 \u201cEl guion como medio de expresi\u00f3n e introspecci\u00f3n a la relaci\u00f3n autor obra\u201d.","featured_image_src":"https:\/\/www.uartes.edu.ec\/sitio\/wp-content\/uploads\/2020\/12\/14-JOSE-DOMINGUEZ.jpg","featured_image_src_square":"https:\/\/www.uartes.edu.ec\/sitio\/wp-content\/uploads\/2020\/12\/14-JOSE-DOMINGUEZ.jpg","author_info":{"display_name":"Universidad de las Artes","author_link":"https:\/\/www.uartes.edu.ec\/sitio\/fr\/blog\/author\/dircomadm\/"},"publishpress_future_workflow_manual_trigger":{"enabledWorkflows":[]},"distributor_meta":false,"distributor_terms":false,"distributor_media":false,"distributor_original_site_name":"Universidad de las Artes","distributor_original_site_url":"https:\/\/www.uartes.edu.ec\/sitio\/fr","push-errors":false,"_links":{"self":[{"href":"https:\/\/www.uartes.edu.ec\/sitio\/fr\/wp-json\/wp\/v2\/posts\/12094","targetHints":{"allow":["GET"]}}],"collection":[{"href":"https:\/\/www.uartes.edu.ec\/sitio\/fr\/wp-json\/wp\/v2\/posts"}],"about":[{"href":"https:\/\/www.uartes.edu.ec\/sitio\/fr\/wp-json\/wp\/v2\/types\/post"}],"author":[{"embeddable":true,"href":"https:\/\/www.uartes.edu.ec\/sitio\/fr\/wp-json\/wp\/v2\/users\/1"}],"replies":[{"embeddable":true,"href":"https:\/\/www.uartes.edu.ec\/sitio\/fr\/wp-json\/wp\/v2\/comments?post=12094"}],"version-history":[{"count":2,"href":"https:\/\/www.uartes.edu.ec\/sitio\/fr\/wp-json\/wp\/v2\/posts\/12094\/revisions"}],"predecessor-version":[{"id":12098,"href":"https:\/\/www.uartes.edu.ec\/sitio\/fr\/wp-json\/wp\/v2\/posts\/12094\/revisions\/12098"}],"wp:featuredmedia":[{"embeddable":true,"href":"https:\/\/www.uartes.edu.ec\/sitio\/fr\/wp-json\/wp\/v2\/media\/11989"}],"wp:attachment":[{"href":"https:\/\/www.uartes.edu.ec\/sitio\/fr\/wp-json\/wp\/v2\/media?parent=12094"}],"wp:term":[{"taxonomy":"category","embeddable":true,"href":"https:\/\/www.uartes.edu.ec\/sitio\/fr\/wp-json\/wp\/v2\/categories?post=12094"},{"taxonomy":"post_tag","embeddable":true,"href":"https:\/\/www.uartes.edu.ec\/sitio\/fr\/wp-json\/wp\/v2\/tags?post=12094"},{"taxonomy":"infouartes","embeddable":true,"href":"https:\/\/www.uartes.edu.ec\/sitio\/fr\/wp-json\/wp\/v2\/infouartes?post=12094"}],"curies":[{"name":"wp","href":"https:\/\/api.w.org\/{rel}","templated":true}]}}