{"id":121,"date":"2017-04-27T13:20:43","date_gmt":"2017-04-27T18:20:43","guid":{"rendered":"http:\/\/www.uartes.edu.ec\/infouartes\/?p=121"},"modified":"2024-07-04T11:54:21","modified_gmt":"2024-07-04T16:54:21","slug":"ramiro-noriega-rector-de-la-uartes-sera-condecorado-por-el-gad-de-jaramijo","status":"publish","type":"post","link":"https:\/\/www.uartes.edu.ec\/sitio\/fr\/blog\/2017\/04\/27\/ramiro-noriega-rector-de-la-uartes-sera-condecorado-por-el-gad-de-jaramijo\/","title":{"rendered":"Ramiro Noriega, Rector de la UArtes, ser\u00e1 condecorado por el GAD de Jaramij\u00f3"},"content":{"rendered":"<p>Ramiro Noriega Fern\u00e1ndez, Rector de la Universidad de las Artes del Ecuador (UArtes), ser\u00e1 galardonado con la \u2018Condecoraci\u00f3n al M\u00e9rito Especial\u2019 por el Gobierno Aut\u00f3nomo Descentralizado Municipal del Cant\u00f3n Jaramij\u00f3. Esta actividad se realizar\u00e1 en el marco de las celebraciones por el XIX Aniversario de Cantonizaci\u00f3n de esta ciudad de la provincia de Manab\u00ed.<\/p>\n\n\n\n<p>La Comisi\u00f3n Especial u Ocasional del GAD Jaramij\u00f3, encargada de la programaci\u00f3n y de las actividades de la celebraci\u00f3n, escogi\u00f3 al Rector de entre una terna como persona id\u00f3nea para recibir este galard\u00f3n por el destacado aporte social y humanitario en beneficio de los ciudadanos jaramijenses durante los dif\u00edciles momentos ocasionados por el devastador terremoto del 16 de abril de 2016.<\/p>\n\n\n\n<p>La UArtes visit\u00f3 Jaramij\u00f3 el 23 de abril de 2016 &nbsp;en el marco de <strong>Misi\u00f3n UArtes<\/strong>, un programa para viabilizar la construcci\u00f3n compartida de soluciones a problemas comunitarios y que naci\u00f3 en la UArtes luego del terremoto del 16 de abril. La primera brigada de Misi\u00f3n UArtes estuvo compuesto por un m\u00e9dico, una psic\u00f3loga, artistas, estudiantes, personal administrativo de la universidad, y el grupo Narices Rojas.<\/p>\n\n\n\n<p>La UArtes trabaj\u00f3 con los ni\u00f1os y j\u00f3venes que integran la Orquesta Sinf\u00f3nica Infanto Juvenil de Jaramij\u00f3 y colabor\u00f3 con el albergue establecido en la Escuela Fiscal Dr. Antonio Borrero de Jaramij\u00f3, que acogi\u00f3 a 21 familias damnificadas de la zona.<\/p>\n\n\n\n<p>Se brind\u00f3 atenci\u00f3n m\u00e9dica a 54 personas de la comunidad y atenci\u00f3n psicol\u00f3gica a un grupo de 15 personas con una terapia de ayuda postraum\u00e1tica y se entregaron v\u00edveres donados en los puntos de acopio abiertos por la instituci\u00f3n en su Campus Centro y Sur, en la ciudad de Guayaquil.<\/p>\n\n\n\n<p>La condecoraci\u00f3n ser\u00e1 entregada por el Alcalde Dr. Bawer Bail\u00f3n este 28 de abril de 2017 en el Auditorio Municipal Prof. Torimez Chinga, ubicado en el Cant\u00f3n manabita.<\/p>\n\n\n<div class=\"wp-block-image\">\n<figure class=\"aligncenter\"><img decoding=\"async\" src=\"http:\/\/www.uartes.edu.ec\/infouartes\/wp-content\/uploads\/2017\/04\/5.jpg\" alt=\"\" class=\"wp-image-124\" \/><\/figure>\n<\/div>\n\n\n<p><\/p>\n\n\n\n<p>Resoluci\u00f3n Oficial.<\/p>\n\n\n\n<p><strong>Relacionado:<\/strong><br>\n<a href=\"http:\/\/www.uartes.edu.ec\/Mision-UArtes-trabajo-con-albergue-en-Jaramijo.php\"> Misi\u00f3n UArtes trabaj\u00f3 con albergue en Jaramij\u00f3<\/a><\/p>","protected":false},"excerpt":{"rendered":"<p>Ramiro Noriega Fern\u00e1ndez, Rector de la Universidad de las Artes del Ecuador (UArtes), ser\u00e1 galardonado con la \u2018Condecoraci\u00f3n al M\u00e9rito Especial\u2019 por el Gobierno Aut\u00f3nomo Descentralizado Municipal del Cant\u00f3n Jaramij\u00f3. Esta actividad se realizar\u00e1 en el marco de las celebraciones por el XIX Aniversario de Cantonizaci\u00f3n de esta ciudad de la provincia de Manab\u00ed. La [&hellip;]<\/p>\n","protected":false},"author":1,"featured_media":56477,"comment_status":"closed","ping_status":"open","sticky":false,"template":"","format":"standard","meta":{"_acf_changed":false,"_uag_custom_page_level_css":"","_monsterinsights_skip_tracking":false,"_monsterinsights_sitenote_active":false,"_monsterinsights_sitenote_note":"","_monsterinsights_sitenote_category":0,"cybocfi_hide_featured_image":"","footnotes":""},"categories":[84],"tags":[],"infouartes":[],"class_list":["post-121","post","type-post","status-publish","format-standard","has-post-thumbnail","hentry","category-rectorado"],"acf":[],"yoast_head":"<!-- This site is optimized with the Yoast SEO plugin v27.4 - https:\/\/yoast.com\/product\/yoast-seo-wordpress\/ -->\n<title>Universidad de las Artes - Ramiro Noriega, Rector de la UArtes, ser\u00e1 condecorado por el GAD de Jaramij\u00f3<\/title>\n<meta name=\"description\" content=\"Universidad de las Artes - Ramiro Noriega, Rector de la UArtes, ser\u00e1 condecorado por el GAD de Jaramij\u00f3\" \/>\n<meta name=\"robots\" content=\"index, follow, max-snippet:-1, max-image-preview:large, max-video-preview:-1\" \/>\n<link rel=\"canonical\" href=\"https:\/\/www.uartes.edu.ec\/sitio\/fr\/blog\/2017\/04\/27\/ramiro-noriega-rector-de-la-uartes-sera-condecorado-por-el-gad-de-jaramijo\/\" \/>\n<meta property=\"og:locale\" content=\"fr_FR\" \/>\n<meta property=\"og:type\" content=\"article\" \/>\n<meta property=\"og:title\" content=\"Universidad de las Artes - Ramiro Noriega, Rector de la UArtes, ser\u00e1 condecorado por el GAD de Jaramij\u00f3\" \/>\n<meta property=\"og:description\" content=\"Universidad de las Artes - Ramiro Noriega, Rector de la UArtes, ser\u00e1 condecorado por el GAD de Jaramij\u00f3\" \/>\n<meta property=\"og:url\" content=\"https:\/\/www.uartes.edu.ec\/sitio\/fr\/blog\/2017\/04\/27\/ramiro-noriega-rector-de-la-uartes-sera-condecorado-por-el-gad-de-jaramijo\/\" \/>\n<meta property=\"og:site_name\" content=\"Universidad de las Artes\" \/>\n<meta property=\"article:publisher\" content=\"https:\/\/www.facebook.com\/uartesec\" \/>\n<meta property=\"article:published_time\" content=\"2017-04-27T18:20:43+00:00\" \/>\n<meta property=\"article:modified_time\" content=\"2024-07-04T16:54:21+00:00\" \/>\n<meta property=\"og:image\" content=\"https:\/\/www.uartes.edu.ec\/sitio\/wp-content\/uploads\/2017\/04\/Ramiro-Noriega-Rector-de-la-UArtes-sera-condecorado-por-el-GAD-de-Jaramijo.jpg\" \/>\n\t<meta property=\"og:image:width\" content=\"582\" \/>\n\t<meta property=\"og:image:height\" content=\"270\" \/>\n\t<meta property=\"og:image:type\" content=\"image\/jpeg\" \/>\n<meta name=\"author\" content=\"Universidad de las Artes\" \/>\n<meta name=\"twitter:card\" content=\"summary_large_image\" \/>\n<meta name=\"twitter:creator\" content=\"@uartesec\" \/>\n<meta name=\"twitter:site\" content=\"@uartesec\" \/>\n<meta name=\"twitter:label1\" content=\"\u00c9crit par\" \/>\n\t<meta name=\"twitter:data1\" content=\"Universidad de las Artes\" \/>\n\t<meta name=\"twitter:label2\" content=\"Dur\u00e9e de lecture estim\u00e9e\" \/>\n\t<meta name=\"twitter:data2\" content=\"2 minutes\" \/>\n<script type=\"application\/ld+json\" class=\"yoast-schema-graph\">{\"@context\":\"https:\\\/\\\/schema.org\",\"@graph\":[{\"@type\":\"Article\",\"@id\":\"https:\\\/\\\/www.uartes.edu.ec\\\/sitio\\\/fr\\\/blog\\\/2017\\\/04\\\/27\\\/ramiro-noriega-rector-de-la-uartes-sera-condecorado-por-el-gad-de-jaramijo\\\/#article\",\"isPartOf\":{\"@id\":\"https:\\\/\\\/www.uartes.edu.ec\\\/sitio\\\/fr\\\/blog\\\/2017\\\/04\\\/27\\\/ramiro-noriega-rector-de-la-uartes-sera-condecorado-por-el-gad-de-jaramijo\\\/\"},\"author\":{\"name\":\"Universidad de las Artes\",\"@id\":\"https:\\\/\\\/www.uartes.edu.ec\\\/sitio\\\/fr\\\/#\\\/schema\\\/person\\\/f33f8c1d2af0d5c80a38c8abf458184a\"},\"headline\":\"Ramiro Noriega, Rector de la UArtes, ser\u00e1 condecorado por el GAD de Jaramij\u00f3\",\"datePublished\":\"2017-04-27T18:20:43+00:00\",\"dateModified\":\"2024-07-04T16:54:21+00:00\",\"mainEntityOfPage\":{\"@id\":\"https:\\\/\\\/www.uartes.edu.ec\\\/sitio\\\/fr\\\/blog\\\/2017\\\/04\\\/27\\\/ramiro-noriega-rector-de-la-uartes-sera-condecorado-por-el-gad-de-jaramijo\\\/\"},\"wordCount\":346,\"publisher\":{\"@id\":\"https:\\\/\\\/www.uartes.edu.ec\\\/sitio\\\/fr\\\/#organization\"},\"image\":{\"@id\":\"https:\\\/\\\/www.uartes.edu.ec\\\/sitio\\\/fr\\\/blog\\\/2017\\\/04\\\/27\\\/ramiro-noriega-rector-de-la-uartes-sera-condecorado-por-el-gad-de-jaramijo\\\/#primaryimage\"},\"thumbnailUrl\":\"https:\\\/\\\/www.uartes.edu.ec\\\/sitio\\\/wp-content\\\/uploads\\\/2017\\\/04\\\/Ramiro-Noriega-Rector-de-la-UArtes-sera-condecorado-por-el-GAD-de-Jaramijo.jpg\",\"articleSection\":[\"Rectorado\"],\"inLanguage\":\"fr-FR\"},{\"@type\":[\"WebPage\",\"ItemPage\"],\"@id\":\"https:\\\/\\\/www.uartes.edu.ec\\\/sitio\\\/fr\\\/blog\\\/2017\\\/04\\\/27\\\/ramiro-noriega-rector-de-la-uartes-sera-condecorado-por-el-gad-de-jaramijo\\\/\",\"url\":\"https:\\\/\\\/www.uartes.edu.ec\\\/sitio\\\/fr\\\/blog\\\/2017\\\/04\\\/27\\\/ramiro-noriega-rector-de-la-uartes-sera-condecorado-por-el-gad-de-jaramijo\\\/\",\"name\":\"Universidad de las Artes - Ramiro Noriega, Rector de la UArtes, ser\u00e1 condecorado por el GAD de Jaramij\u00f3\",\"isPartOf\":{\"@id\":\"https:\\\/\\\/www.uartes.edu.ec\\\/sitio\\\/fr\\\/#website\"},\"primaryImageOfPage\":{\"@id\":\"https:\\\/\\\/www.uartes.edu.ec\\\/sitio\\\/fr\\\/blog\\\/2017\\\/04\\\/27\\\/ramiro-noriega-rector-de-la-uartes-sera-condecorado-por-el-gad-de-jaramijo\\\/#primaryimage\"},\"image\":{\"@id\":\"https:\\\/\\\/www.uartes.edu.ec\\\/sitio\\\/fr\\\/blog\\\/2017\\\/04\\\/27\\\/ramiro-noriega-rector-de-la-uartes-sera-condecorado-por-el-gad-de-jaramijo\\\/#primaryimage\"},\"thumbnailUrl\":\"https:\\\/\\\/www.uartes.edu.ec\\\/sitio\\\/wp-content\\\/uploads\\\/2017\\\/04\\\/Ramiro-Noriega-Rector-de-la-UArtes-sera-condecorado-por-el-GAD-de-Jaramijo.jpg\",\"datePublished\":\"2017-04-27T18:20:43+00:00\",\"dateModified\":\"2024-07-04T16:54:21+00:00\",\"description\":\"Universidad de las Artes - Ramiro Noriega, Rector de la UArtes, ser\u00e1 condecorado por el GAD de Jaramij\u00f3\",\"breadcrumb\":{\"@id\":\"https:\\\/\\\/www.uartes.edu.ec\\\/sitio\\\/fr\\\/blog\\\/2017\\\/04\\\/27\\\/ramiro-noriega-rector-de-la-uartes-sera-condecorado-por-el-gad-de-jaramijo\\\/#breadcrumb\"},\"inLanguage\":\"fr-FR\",\"potentialAction\":[{\"@type\":\"ReadAction\",\"target\":[\"https:\\\/\\\/www.uartes.edu.ec\\\/sitio\\\/fr\\\/blog\\\/2017\\\/04\\\/27\\\/ramiro-noriega-rector-de-la-uartes-sera-condecorado-por-el-gad-de-jaramijo\\\/\"]}]},{\"@type\":\"ImageObject\",\"inLanguage\":\"fr-FR\",\"@id\":\"https:\\\/\\\/www.uartes.edu.ec\\\/sitio\\\/fr\\\/blog\\\/2017\\\/04\\\/27\\\/ramiro-noriega-rector-de-la-uartes-sera-condecorado-por-el-gad-de-jaramijo\\\/#primaryimage\",\"url\":\"https:\\\/\\\/www.uartes.edu.ec\\\/sitio\\\/wp-content\\\/uploads\\\/2017\\\/04\\\/Ramiro-Noriega-Rector-de-la-UArtes-sera-condecorado-por-el-GAD-de-Jaramijo.jpg\",\"contentUrl\":\"https:\\\/\\\/www.uartes.edu.ec\\\/sitio\\\/wp-content\\\/uploads\\\/2017\\\/04\\\/Ramiro-Noriega-Rector-de-la-UArtes-sera-condecorado-por-el-GAD-de-Jaramijo.jpg\",\"width\":582,\"height\":270},{\"@type\":\"BreadcrumbList\",\"@id\":\"https:\\\/\\\/www.uartes.edu.ec\\\/sitio\\\/fr\\\/blog\\\/2017\\\/04\\\/27\\\/ramiro-noriega-rector-de-la-uartes-sera-condecorado-por-el-gad-de-jaramijo\\\/#breadcrumb\",\"itemListElement\":[{\"@type\":\"ListItem\",\"position\":1,\"name\":\"Inicio\",\"item\":\"https:\\\/\\\/www.uartes.edu.ec\\\/sitio\\\/\"},{\"@type\":\"ListItem\",\"position\":2,\"name\":\"Ramiro Noriega, Rector de la UArtes, ser\u00e1 condecorado por el GAD de Jaramij\u00f3\"}]},{\"@type\":\"WebSite\",\"@id\":\"https:\\\/\\\/www.uartes.edu.ec\\\/sitio\\\/fr\\\/#website\",\"url\":\"https:\\\/\\\/www.uartes.edu.ec\\\/sitio\\\/fr\\\/\",\"name\":\"Universidad de las Artes\",\"description\":\"Sitio oficial de la Universidad Nacional de las Artes del Ecuador\",\"publisher\":{\"@id\":\"https:\\\/\\\/www.uartes.edu.ec\\\/sitio\\\/fr\\\/#organization\"},\"potentialAction\":[{\"@type\":\"SearchAction\",\"target\":{\"@type\":\"EntryPoint\",\"urlTemplate\":\"https:\\\/\\\/www.uartes.edu.ec\\\/sitio\\\/fr\\\/?s={search_term_string}\"},\"query-input\":{\"@type\":\"PropertyValueSpecification\",\"valueRequired\":true,\"valueName\":\"search_term_string\"}}],\"inLanguage\":\"fr-FR\"},{\"@type\":\"Organization\",\"@id\":\"https:\\\/\\\/www.uartes.edu.ec\\\/sitio\\\/fr\\\/#organization\",\"name\":\"Universidad de las Artes\",\"url\":\"https:\\\/\\\/www.uartes.edu.ec\\\/sitio\\\/fr\\\/\",\"logo\":{\"@type\":\"ImageObject\",\"inLanguage\":\"fr-FR\",\"@id\":\"https:\\\/\\\/www.uartes.edu.ec\\\/sitio\\\/fr\\\/#\\\/schema\\\/logo\\\/image\\\/\",\"url\":\"https:\\\/\\\/www.uartes.edu.ec\\\/sitio\\\/wp-content\\\/uploads\\\/2022\\\/07\\\/logo-ua-horizontal.png\",\"contentUrl\":\"https:\\\/\\\/www.uartes.edu.ec\\\/sitio\\\/wp-content\\\/uploads\\\/2022\\\/07\\\/logo-ua-horizontal.png\",\"width\":800,\"height\":276,\"caption\":\"Universidad de las Artes\"},\"image\":{\"@id\":\"https:\\\/\\\/www.uartes.edu.ec\\\/sitio\\\/fr\\\/#\\\/schema\\\/logo\\\/image\\\/\"},\"sameAs\":[\"https:\\\/\\\/www.facebook.com\\\/uartesec\",\"https:\\\/\\\/x.com\\\/uartesec\",\"https:\\\/\\\/www.tiktok.com\\\/@uartesec\"]},{\"@type\":\"Person\",\"@id\":\"https:\\\/\\\/www.uartes.edu.ec\\\/sitio\\\/fr\\\/#\\\/schema\\\/person\\\/f33f8c1d2af0d5c80a38c8abf458184a\",\"name\":\"Universidad de las Artes\",\"image\":{\"@type\":\"ImageObject\",\"inLanguage\":\"fr-FR\",\"@id\":\"https:\\\/\\\/secure.gravatar.com\\\/avatar\\\/52e4757902f5cfa5ac52d020e5be83cae5487519154b6c35482fe08d589f3c13?s=96&d=mm&r=g\",\"url\":\"https:\\\/\\\/secure.gravatar.com\\\/avatar\\\/52e4757902f5cfa5ac52d020e5be83cae5487519154b6c35482fe08d589f3c13?s=96&d=mm&r=g\",\"contentUrl\":\"https:\\\/\\\/secure.gravatar.com\\\/avatar\\\/52e4757902f5cfa5ac52d020e5be83cae5487519154b6c35482fe08d589f3c13?s=96&d=mm&r=g\",\"caption\":\"Universidad de las Artes\"},\"url\":\"https:\\\/\\\/www.uartes.edu.ec\\\/sitio\\\/fr\\\/blog\\\/author\\\/dircomadm\\\/\"}]}<\/script>\n<!-- \/ Yoast SEO plugin. -->","yoast_head_json":{"title":"Universidad de las Artes - Ramiro Noriega, Rector de la UArtes, ser\u00e1 condecorado por el GAD de Jaramij\u00f3","description":"Universidad de las Artes - Ramiro Noriega, Rector de la UArtes, ser\u00e1 condecorado por el GAD de Jaramij\u00f3","robots":{"index":"index","follow":"follow","max-snippet":"max-snippet:-1","max-image-preview":"max-image-preview:large","max-video-preview":"max-video-preview:-1"},"canonical":"https:\/\/www.uartes.edu.ec\/sitio\/fr\/blog\/2017\/04\/27\/ramiro-noriega-rector-de-la-uartes-sera-condecorado-por-el-gad-de-jaramijo\/","og_locale":"fr_FR","og_type":"article","og_title":"Universidad de las Artes - Ramiro Noriega, Rector de la UArtes, ser\u00e1 condecorado por el GAD de Jaramij\u00f3","og_description":"Universidad de las Artes - Ramiro Noriega, Rector de la UArtes, ser\u00e1 condecorado por el GAD de Jaramij\u00f3","og_url":"https:\/\/www.uartes.edu.ec\/sitio\/fr\/blog\/2017\/04\/27\/ramiro-noriega-rector-de-la-uartes-sera-condecorado-por-el-gad-de-jaramijo\/","og_site_name":"Universidad de las Artes","article_publisher":"https:\/\/www.facebook.com\/uartesec","article_published_time":"2017-04-27T18:20:43+00:00","article_modified_time":"2024-07-04T16:54:21+00:00","og_image":[{"width":582,"height":270,"url":"https:\/\/www.uartes.edu.ec\/sitio\/wp-content\/uploads\/2017\/04\/Ramiro-Noriega-Rector-de-la-UArtes-sera-condecorado-por-el-GAD-de-Jaramijo.jpg","type":"image\/jpeg"}],"author":"Universidad de las Artes","twitter_card":"summary_large_image","twitter_creator":"@uartesec","twitter_site":"@uartesec","twitter_misc":{"\u00c9crit par":"Universidad de las Artes","Dur\u00e9e de lecture estim\u00e9e":"2 minutes"},"schema":{"@context":"https:\/\/schema.org","@graph":[{"@type":"Article","@id":"https:\/\/www.uartes.edu.ec\/sitio\/fr\/blog\/2017\/04\/27\/ramiro-noriega-rector-de-la-uartes-sera-condecorado-por-el-gad-de-jaramijo\/#article","isPartOf":{"@id":"https:\/\/www.uartes.edu.ec\/sitio\/fr\/blog\/2017\/04\/27\/ramiro-noriega-rector-de-la-uartes-sera-condecorado-por-el-gad-de-jaramijo\/"},"author":{"name":"Universidad de las Artes","@id":"https:\/\/www.uartes.edu.ec\/sitio\/fr\/#\/schema\/person\/f33f8c1d2af0d5c80a38c8abf458184a"},"headline":"Ramiro Noriega, Rector de la UArtes, ser\u00e1 condecorado por el GAD de Jaramij\u00f3","datePublished":"2017-04-27T18:20:43+00:00","dateModified":"2024-07-04T16:54:21+00:00","mainEntityOfPage":{"@id":"https:\/\/www.uartes.edu.ec\/sitio\/fr\/blog\/2017\/04\/27\/ramiro-noriega-rector-de-la-uartes-sera-condecorado-por-el-gad-de-jaramijo\/"},"wordCount":346,"publisher":{"@id":"https:\/\/www.uartes.edu.ec\/sitio\/fr\/#organization"},"image":{"@id":"https:\/\/www.uartes.edu.ec\/sitio\/fr\/blog\/2017\/04\/27\/ramiro-noriega-rector-de-la-uartes-sera-condecorado-por-el-gad-de-jaramijo\/#primaryimage"},"thumbnailUrl":"https:\/\/www.uartes.edu.ec\/sitio\/wp-content\/uploads\/2017\/04\/Ramiro-Noriega-Rector-de-la-UArtes-sera-condecorado-por-el-GAD-de-Jaramijo.jpg","articleSection":["Rectorado"],"inLanguage":"fr-FR"},{"@type":["WebPage","ItemPage"],"@id":"https:\/\/www.uartes.edu.ec\/sitio\/fr\/blog\/2017\/04\/27\/ramiro-noriega-rector-de-la-uartes-sera-condecorado-por-el-gad-de-jaramijo\/","url":"https:\/\/www.uartes.edu.ec\/sitio\/fr\/blog\/2017\/04\/27\/ramiro-noriega-rector-de-la-uartes-sera-condecorado-por-el-gad-de-jaramijo\/","name":"Universidad de las Artes - Ramiro Noriega, Rector de la UArtes, ser\u00e1 condecorado por el GAD de Jaramij\u00f3","isPartOf":{"@id":"https:\/\/www.uartes.edu.ec\/sitio\/fr\/#website"},"primaryImageOfPage":{"@id":"https:\/\/www.uartes.edu.ec\/sitio\/fr\/blog\/2017\/04\/27\/ramiro-noriega-rector-de-la-uartes-sera-condecorado-por-el-gad-de-jaramijo\/#primaryimage"},"image":{"@id":"https:\/\/www.uartes.edu.ec\/sitio\/fr\/blog\/2017\/04\/27\/ramiro-noriega-rector-de-la-uartes-sera-condecorado-por-el-gad-de-jaramijo\/#primaryimage"},"thumbnailUrl":"https:\/\/www.uartes.edu.ec\/sitio\/wp-content\/uploads\/2017\/04\/Ramiro-Noriega-Rector-de-la-UArtes-sera-condecorado-por-el-GAD-de-Jaramijo.jpg","datePublished":"2017-04-27T18:20:43+00:00","dateModified":"2024-07-04T16:54:21+00:00","description":"Universidad de las Artes - Ramiro Noriega, Rector de la UArtes, ser\u00e1 condecorado por el GAD de Jaramij\u00f3","breadcrumb":{"@id":"https:\/\/www.uartes.edu.ec\/sitio\/fr\/blog\/2017\/04\/27\/ramiro-noriega-rector-de-la-uartes-sera-condecorado-por-el-gad-de-jaramijo\/#breadcrumb"},"inLanguage":"fr-FR","potentialAction":[{"@type":"ReadAction","target":["https:\/\/www.uartes.edu.ec\/sitio\/fr\/blog\/2017\/04\/27\/ramiro-noriega-rector-de-la-uartes-sera-condecorado-por-el-gad-de-jaramijo\/"]}]},{"@type":"ImageObject","inLanguage":"fr-FR","@id":"https:\/\/www.uartes.edu.ec\/sitio\/fr\/blog\/2017\/04\/27\/ramiro-noriega-rector-de-la-uartes-sera-condecorado-por-el-gad-de-jaramijo\/#primaryimage","url":"https:\/\/www.uartes.edu.ec\/sitio\/wp-content\/uploads\/2017\/04\/Ramiro-Noriega-Rector-de-la-UArtes-sera-condecorado-por-el-GAD-de-Jaramijo.jpg","contentUrl":"https:\/\/www.uartes.edu.ec\/sitio\/wp-content\/uploads\/2017\/04\/Ramiro-Noriega-Rector-de-la-UArtes-sera-condecorado-por-el-GAD-de-Jaramijo.jpg","width":582,"height":270},{"@type":"BreadcrumbList","@id":"https:\/\/www.uartes.edu.ec\/sitio\/fr\/blog\/2017\/04\/27\/ramiro-noriega-rector-de-la-uartes-sera-condecorado-por-el-gad-de-jaramijo\/#breadcrumb","itemListElement":[{"@type":"ListItem","position":1,"name":"Inicio","item":"https:\/\/www.uartes.edu.ec\/sitio\/"},{"@type":"ListItem","position":2,"name":"Ramiro Noriega, Rector de la UArtes, ser\u00e1 condecorado por el GAD de Jaramij\u00f3"}]},{"@type":"WebSite","@id":"https:\/\/www.uartes.edu.ec\/sitio\/fr\/#website","url":"https:\/\/www.uartes.edu.ec\/sitio\/fr\/","name":"Universidad de las Artes","description":"Sitio oficial de la Universidad Nacional de las Artes del Ecuador","publisher":{"@id":"https:\/\/www.uartes.edu.ec\/sitio\/fr\/#organization"},"potentialAction":[{"@type":"SearchAction","target":{"@type":"EntryPoint","urlTemplate":"https:\/\/www.uartes.edu.ec\/sitio\/fr\/?s={search_term_string}"},"query-input":{"@type":"PropertyValueSpecification","valueRequired":true,"valueName":"search_term_string"}}],"inLanguage":"fr-FR"},{"@type":"Organization","@id":"https:\/\/www.uartes.edu.ec\/sitio\/fr\/#organization","name":"Universidad de las Artes","url":"https:\/\/www.uartes.edu.ec\/sitio\/fr\/","logo":{"@type":"ImageObject","inLanguage":"fr-FR","@id":"https:\/\/www.uartes.edu.ec\/sitio\/fr\/#\/schema\/logo\/image\/","url":"https:\/\/www.uartes.edu.ec\/sitio\/wp-content\/uploads\/2022\/07\/logo-ua-horizontal.png","contentUrl":"https:\/\/www.uartes.edu.ec\/sitio\/wp-content\/uploads\/2022\/07\/logo-ua-horizontal.png","width":800,"height":276,"caption":"Universidad de las Artes"},"image":{"@id":"https:\/\/www.uartes.edu.ec\/sitio\/fr\/#\/schema\/logo\/image\/"},"sameAs":["https:\/\/www.facebook.com\/uartesec","https:\/\/x.com\/uartesec","https:\/\/www.tiktok.com\/@uartesec"]},{"@type":"Person","@id":"https:\/\/www.uartes.edu.ec\/sitio\/fr\/#\/schema\/person\/f33f8c1d2af0d5c80a38c8abf458184a","name":"Universidad de las Artes","image":{"@type":"ImageObject","inLanguage":"fr-FR","@id":"https:\/\/secure.gravatar.com\/avatar\/52e4757902f5cfa5ac52d020e5be83cae5487519154b6c35482fe08d589f3c13?s=96&d=mm&r=g","url":"https:\/\/secure.gravatar.com\/avatar\/52e4757902f5cfa5ac52d020e5be83cae5487519154b6c35482fe08d589f3c13?s=96&d=mm&r=g","contentUrl":"https:\/\/secure.gravatar.com\/avatar\/52e4757902f5cfa5ac52d020e5be83cae5487519154b6c35482fe08d589f3c13?s=96&d=mm&r=g","caption":"Universidad de las Artes"},"url":"https:\/\/www.uartes.edu.ec\/sitio\/fr\/blog\/author\/dircomadm\/"}]}},"uagb_featured_image_src":{"full":["https:\/\/www.uartes.edu.ec\/sitio\/wp-content\/uploads\/2017\/04\/Ramiro-Noriega-Rector-de-la-UArtes-sera-condecorado-por-el-GAD-de-Jaramijo.jpg",582,270,false],"thumbnail":["https:\/\/www.uartes.edu.ec\/sitio\/wp-content\/uploads\/2017\/04\/Ramiro-Noriega-Rector-de-la-UArtes-sera-condecorado-por-el-GAD-de-Jaramijo-150x150.jpg",150,150,true],"medium":["https:\/\/www.uartes.edu.ec\/sitio\/wp-content\/uploads\/2017\/04\/Ramiro-Noriega-Rector-de-la-UArtes-sera-condecorado-por-el-GAD-de-Jaramijo-300x139.jpg",300,139,true],"medium_large":["https:\/\/www.uartes.edu.ec\/sitio\/wp-content\/uploads\/2017\/04\/Ramiro-Noriega-Rector-de-la-UArtes-sera-condecorado-por-el-GAD-de-Jaramijo.jpg",582,270,false],"large":["https:\/\/www.uartes.edu.ec\/sitio\/wp-content\/uploads\/2017\/04\/Ramiro-Noriega-Rector-de-la-UArtes-sera-condecorado-por-el-GAD-de-Jaramijo.jpg",582,270,false],"1536x1536":["https:\/\/www.uartes.edu.ec\/sitio\/wp-content\/uploads\/2017\/04\/Ramiro-Noriega-Rector-de-la-UArtes-sera-condecorado-por-el-GAD-de-Jaramijo.jpg",582,270,false],"2048x2048":["https:\/\/www.uartes.edu.ec\/sitio\/wp-content\/uploads\/2017\/04\/Ramiro-Noriega-Rector-de-la-UArtes-sera-condecorado-por-el-GAD-de-Jaramijo.jpg",582,270,false],"trp-custom-language-flag":["https:\/\/www.uartes.edu.ec\/sitio\/wp-content\/uploads\/2017\/04\/Ramiro-Noriega-Rector-de-la-UArtes-sera-condecorado-por-el-GAD-de-Jaramijo-18x8.jpg",18,8,true],"htmega_size_585x295":["https:\/\/www.uartes.edu.ec\/sitio\/wp-content\/uploads\/2017\/04\/Ramiro-Noriega-Rector-de-la-UArtes-sera-condecorado-por-el-GAD-de-Jaramijo.jpg",582,270,false],"htmega_size_1170x536":["https:\/\/www.uartes.edu.ec\/sitio\/wp-content\/uploads\/2017\/04\/Ramiro-Noriega-Rector-de-la-UArtes-sera-condecorado-por-el-GAD-de-Jaramijo.jpg",582,270,false],"htmega_size_396x360":["https:\/\/www.uartes.edu.ec\/sitio\/wp-content\/uploads\/2017\/04\/Ramiro-Noriega-Rector-de-la-UArtes-sera-condecorado-por-el-GAD-de-Jaramijo-396x270.jpg",396,270,true],"gb-block-post-grid-landscape":["https:\/\/www.uartes.edu.ec\/sitio\/wp-content\/uploads\/2017\/04\/Ramiro-Noriega-Rector-de-la-UArtes-sera-condecorado-por-el-GAD-de-Jaramijo.jpg",582,270,false],"gb-block-post-grid-square":["https:\/\/www.uartes.edu.ec\/sitio\/wp-content\/uploads\/2017\/04\/Ramiro-Noriega-Rector-de-la-UArtes-sera-condecorado-por-el-GAD-de-Jaramijo.jpg",582,270,false],"university-hub-thumb":["https:\/\/www.uartes.edu.ec\/sitio\/wp-content\/uploads\/2017\/04\/Ramiro-Noriega-Rector-de-la-UArtes-sera-condecorado-por-el-GAD-de-Jaramijo-400x186.jpg",400,186,true]},"uagb_author_info":{"display_name":"Universidad de las Artes","author_link":"https:\/\/www.uartes.edu.ec\/sitio\/fr\/blog\/author\/dircomadm\/"},"uagb_comment_info":0,"uagb_excerpt":"Ramiro Noriega Fern\u00e1ndez, Rector de la Universidad de las Artes del Ecuador (UArtes), ser\u00e1 galardonado con la \u2018Condecoraci\u00f3n al M\u00e9rito Especial\u2019 por el Gobierno Aut\u00f3nomo Descentralizado Municipal del Cant\u00f3n Jaramij\u00f3. Esta actividad se realizar\u00e1 en el marco de las celebraciones por el XIX Aniversario de Cantonizaci\u00f3n de esta ciudad de la provincia de Manab\u00ed. La\u2026","featured_image_src":"https:\/\/www.uartes.edu.ec\/sitio\/wp-content\/uploads\/2017\/04\/Ramiro-Noriega-Rector-de-la-UArtes-sera-condecorado-por-el-GAD-de-Jaramijo.jpg","featured_image_src_square":"https:\/\/www.uartes.edu.ec\/sitio\/wp-content\/uploads\/2017\/04\/Ramiro-Noriega-Rector-de-la-UArtes-sera-condecorado-por-el-GAD-de-Jaramijo.jpg","author_info":{"display_name":"Universidad de las Artes","author_link":"https:\/\/www.uartes.edu.ec\/sitio\/fr\/blog\/author\/dircomadm\/"},"publishpress_future_workflow_manual_trigger":{"enabledWorkflows":[]},"distributor_meta":false,"distributor_terms":false,"distributor_media":false,"distributor_original_site_name":"Universidad de las Artes","distributor_original_site_url":"https:\/\/www.uartes.edu.ec\/sitio\/fr","push-errors":false,"_links":{"self":[{"href":"https:\/\/www.uartes.edu.ec\/sitio\/fr\/wp-json\/wp\/v2\/posts\/121","targetHints":{"allow":["GET"]}}],"collection":[{"href":"https:\/\/www.uartes.edu.ec\/sitio\/fr\/wp-json\/wp\/v2\/posts"}],"about":[{"href":"https:\/\/www.uartes.edu.ec\/sitio\/fr\/wp-json\/wp\/v2\/types\/post"}],"author":[{"embeddable":true,"href":"https:\/\/www.uartes.edu.ec\/sitio\/fr\/wp-json\/wp\/v2\/users\/1"}],"replies":[{"embeddable":true,"href":"https:\/\/www.uartes.edu.ec\/sitio\/fr\/wp-json\/wp\/v2\/comments?post=121"}],"version-history":[{"count":3,"href":"https:\/\/www.uartes.edu.ec\/sitio\/fr\/wp-json\/wp\/v2\/posts\/121\/revisions"}],"predecessor-version":[{"id":58070,"href":"https:\/\/www.uartes.edu.ec\/sitio\/fr\/wp-json\/wp\/v2\/posts\/121\/revisions\/58070"}],"wp:featuredmedia":[{"embeddable":true,"href":"https:\/\/www.uartes.edu.ec\/sitio\/fr\/wp-json\/wp\/v2\/media\/56477"}],"wp:attachment":[{"href":"https:\/\/www.uartes.edu.ec\/sitio\/fr\/wp-json\/wp\/v2\/media?parent=121"}],"wp:term":[{"taxonomy":"category","embeddable":true,"href":"https:\/\/www.uartes.edu.ec\/sitio\/fr\/wp-json\/wp\/v2\/categories?post=121"},{"taxonomy":"post_tag","embeddable":true,"href":"https:\/\/www.uartes.edu.ec\/sitio\/fr\/wp-json\/wp\/v2\/tags?post=121"},{"taxonomy":"infouartes","embeddable":true,"href":"https:\/\/www.uartes.edu.ec\/sitio\/fr\/wp-json\/wp\/v2\/infouartes?post=121"}],"curies":[{"name":"wp","href":"https:\/\/api.w.org\/{rel}","templated":true}]}}