{"id":1271,"date":"2018-02-21T11:27:51","date_gmt":"2018-02-21T16:27:51","guid":{"rendered":"http:\/\/www.uartes.edu.ec\/infouartes\/?p=1271"},"modified":"2024-07-04T11:53:58","modified_gmt":"2024-07-04T16:53:58","slug":"uartes-y-fncl-firman-convenio-especifico-para-fomentar-catedra-sobre-cine-latinoamericano-y-caribeno","status":"publish","type":"post","link":"https:\/\/www.uartes.edu.ec\/sitio\/fr\/blog\/2018\/02\/21\/uartes-y-fncl-firman-convenio-especifico-para-fomentar-catedra-sobre-cine-latinoamericano-y-caribeno\/","title":{"rendered":"UArtes y FNCL firman convenio espec\u00edfico para fomentar c\u00e1tedra sobre Cine Latinoamericano y Caribe\u00f1o"},"content":{"rendered":"<p>Durante la agenda internacional realizada del 12 al 16 de febrero de 2018 por el Rector Ramiro Noriega en La Habana, Cuba, se llev\u00f3 a cabo la firma de un convenio espec\u00edfico entre la UArtes y la Fundaci\u00f3n Nuevo Cine Latinoamericano destinado a desarrollar, implementar y promover la C\u00e1tedra de Cine Latinoamericano y Caribe\u00f1o que lleva adelante la Fundaci\u00f3n. Este acuerdo se logr\u00f3 en el contexto del convenio marco que mantiene la UArtes con la Fundaci\u00f3n.<\/p>\n<p>La C\u00e1tedra de Cine Latinoamericano y Caribe\u00f1o, concebida por La Fundaci\u00f3n, tiene como objetivo la investigaci\u00f3n y puesta en valor de la memoria audiovisual latinoamericana y caribe\u00f1a; el desarrollo e implementaci\u00f3n de cursos y programas acad\u00e9micos de grado y postgrado; la creaci\u00f3n de espacios de intercambio entre estudiantes, docentes, cineastas, investigadores y gestores de cine latinoamericano y caribe\u00f1o; y la producci\u00f3n y publicaci\u00f3n de material que aporte a la formaci\u00f3n integral de las nuevas generaciones de cineastas e investigadores.<\/p>\n<p>La firma de este acuerdo y el compromiso de las partes permitir\u00e1 el desarrollo de una plataforma digital que ofrezca cursos en l\u00ednea, primer proyecto de este tipo por la Escuela de Cine UArtes; la realizaci\u00f3n de un encuentro de cineastas a nivel regional; la publicaci\u00f3n de un libro de texto sobre cine Latinoamericano y Caribe\u00f1o para estudiantes de pregrado; y la posible implementaci\u00f3n de un programa de diplomado o maestr\u00eda sobre cine.<\/p>","protected":false},"excerpt":{"rendered":"<p>Durante la agenda internacional realizada del 12 al 16 de febrero de 2018 por el Rector Ramiro Noriega en La Habana, Cuba, se llev\u00f3 a cabo la firma de un convenio espec\u00edfico entre la UArtes y la Fundaci\u00f3n Nuevo Cine Latinoamericano destinado a desarrollar, implementar y promover la C\u00e1tedra de Cine Latinoamericano y Caribe\u00f1o que [&hellip;]<\/p>\n","protected":false},"author":1,"featured_media":1272,"comment_status":"closed","ping_status":"open","sticky":false,"template":"","format":"standard","meta":{"_acf_changed":false,"_uag_custom_page_level_css":"","_monsterinsights_skip_tracking":false,"_monsterinsights_sitenote_active":false,"_monsterinsights_sitenote_note":"","_monsterinsights_sitenote_category":0,"cybocfi_hide_featured_image":"","footnotes":""},"categories":[80,77,84],"tags":[],"infouartes":[],"class_list":["post-1271","post","type-post","status-publish","format-standard","has-post-thumbnail","hentry","category-academico","category-gestion","category-rectorado"],"acf":[],"yoast_head":"<!-- This site is optimized with the Yoast SEO plugin v27.4 - https:\/\/yoast.com\/product\/yoast-seo-wordpress\/ -->\n<title>Universidad de las Artes - UArtes y FNCL firman convenio espec\u00edfico para fomentar c\u00e1tedra sobre Cine Latinoamericano y Caribe\u00f1o<\/title>\n<meta name=\"description\" content=\"Universidad de las Artes - UArtes y FNCL firman convenio espec\u00edfico para fomentar c\u00e1tedra sobre Cine Latinoamericano y Caribe\u00f1o\" \/>\n<meta name=\"robots\" content=\"index, follow, max-snippet:-1, max-image-preview:large, max-video-preview:-1\" \/>\n<link rel=\"canonical\" href=\"https:\/\/www.uartes.edu.ec\/sitio\/fr\/blog\/2018\/02\/21\/uartes-y-fncl-firman-convenio-especifico-para-fomentar-catedra-sobre-cine-latinoamericano-y-caribeno\/\" \/>\n<meta property=\"og:locale\" content=\"fr_FR\" \/>\n<meta property=\"og:type\" content=\"article\" \/>\n<meta property=\"og:title\" content=\"Universidad de las Artes - UArtes y FNCL firman convenio espec\u00edfico para fomentar c\u00e1tedra sobre Cine Latinoamericano y Caribe\u00f1o\" \/>\n<meta property=\"og:description\" content=\"Universidad de las Artes - UArtes y FNCL firman convenio espec\u00edfico para fomentar c\u00e1tedra sobre Cine Latinoamericano y Caribe\u00f1o\" \/>\n<meta property=\"og:url\" content=\"https:\/\/www.uartes.edu.ec\/sitio\/fr\/blog\/2018\/02\/21\/uartes-y-fncl-firman-convenio-especifico-para-fomentar-catedra-sobre-cine-latinoamericano-y-caribeno\/\" \/>\n<meta property=\"og:site_name\" content=\"Universidad de las Artes\" \/>\n<meta property=\"article:publisher\" content=\"https:\/\/www.facebook.com\/uartesec\" \/>\n<meta property=\"article:published_time\" content=\"2018-02-21T16:27:51+00:00\" \/>\n<meta property=\"article:modified_time\" content=\"2024-07-04T16:53:58+00:00\" \/>\n<meta name=\"author\" content=\"Universidad de las Artes\" \/>\n<meta name=\"twitter:card\" content=\"summary_large_image\" \/>\n<meta name=\"twitter:creator\" content=\"@uartesec\" \/>\n<meta name=\"twitter:site\" content=\"@uartesec\" \/>\n<meta name=\"twitter:label1\" content=\"\u00c9crit par\" \/>\n\t<meta name=\"twitter:data1\" content=\"Universidad de las Artes\" \/>\n\t<meta name=\"twitter:label2\" content=\"Dur\u00e9e de lecture estim\u00e9e\" \/>\n\t<meta name=\"twitter:data2\" content=\"1 minute\" \/>\n<script type=\"application\/ld+json\" class=\"yoast-schema-graph\">{\"@context\":\"https:\\\/\\\/schema.org\",\"@graph\":[{\"@type\":\"Article\",\"@id\":\"https:\\\/\\\/www.uartes.edu.ec\\\/sitio\\\/fr\\\/blog\\\/2018\\\/02\\\/21\\\/uartes-y-fncl-firman-convenio-especifico-para-fomentar-catedra-sobre-cine-latinoamericano-y-caribeno\\\/#article\",\"isPartOf\":{\"@id\":\"https:\\\/\\\/www.uartes.edu.ec\\\/sitio\\\/fr\\\/blog\\\/2018\\\/02\\\/21\\\/uartes-y-fncl-firman-convenio-especifico-para-fomentar-catedra-sobre-cine-latinoamericano-y-caribeno\\\/\"},\"author\":{\"name\":\"Universidad de las Artes\",\"@id\":\"https:\\\/\\\/www.uartes.edu.ec\\\/sitio\\\/fr\\\/#\\\/schema\\\/person\\\/f33f8c1d2af0d5c80a38c8abf458184a\"},\"headline\":\"UArtes y FNCL firman convenio espec\u00edfico para fomentar c\u00e1tedra sobre Cine Latinoamericano y Caribe\u00f1o\",\"datePublished\":\"2018-02-21T16:27:51+00:00\",\"dateModified\":\"2024-07-04T16:53:58+00:00\",\"mainEntityOfPage\":{\"@id\":\"https:\\\/\\\/www.uartes.edu.ec\\\/sitio\\\/fr\\\/blog\\\/2018\\\/02\\\/21\\\/uartes-y-fncl-firman-convenio-especifico-para-fomentar-catedra-sobre-cine-latinoamericano-y-caribeno\\\/\"},\"wordCount\":266,\"publisher\":{\"@id\":\"https:\\\/\\\/www.uartes.edu.ec\\\/sitio\\\/fr\\\/#organization\"},\"image\":{\"@id\":\"https:\\\/\\\/www.uartes.edu.ec\\\/sitio\\\/fr\\\/blog\\\/2018\\\/02\\\/21\\\/uartes-y-fncl-firman-convenio-especifico-para-fomentar-catedra-sobre-cine-latinoamericano-y-caribeno\\\/#primaryimage\"},\"thumbnailUrl\":\"\",\"articleSection\":[\"Acad\u00e9mico\",\"Gesti\u00f3n\",\"Rectorado\"],\"inLanguage\":\"fr-FR\"},{\"@type\":[\"WebPage\",\"ItemPage\"],\"@id\":\"https:\\\/\\\/www.uartes.edu.ec\\\/sitio\\\/fr\\\/blog\\\/2018\\\/02\\\/21\\\/uartes-y-fncl-firman-convenio-especifico-para-fomentar-catedra-sobre-cine-latinoamericano-y-caribeno\\\/\",\"url\":\"https:\\\/\\\/www.uartes.edu.ec\\\/sitio\\\/fr\\\/blog\\\/2018\\\/02\\\/21\\\/uartes-y-fncl-firman-convenio-especifico-para-fomentar-catedra-sobre-cine-latinoamericano-y-caribeno\\\/\",\"name\":\"Universidad de las Artes - UArtes y FNCL firman convenio espec\u00edfico para fomentar c\u00e1tedra sobre Cine Latinoamericano y Caribe\u00f1o\",\"isPartOf\":{\"@id\":\"https:\\\/\\\/www.uartes.edu.ec\\\/sitio\\\/fr\\\/#website\"},\"primaryImageOfPage\":{\"@id\":\"https:\\\/\\\/www.uartes.edu.ec\\\/sitio\\\/fr\\\/blog\\\/2018\\\/02\\\/21\\\/uartes-y-fncl-firman-convenio-especifico-para-fomentar-catedra-sobre-cine-latinoamericano-y-caribeno\\\/#primaryimage\"},\"image\":{\"@id\":\"https:\\\/\\\/www.uartes.edu.ec\\\/sitio\\\/fr\\\/blog\\\/2018\\\/02\\\/21\\\/uartes-y-fncl-firman-convenio-especifico-para-fomentar-catedra-sobre-cine-latinoamericano-y-caribeno\\\/#primaryimage\"},\"thumbnailUrl\":\"\",\"datePublished\":\"2018-02-21T16:27:51+00:00\",\"dateModified\":\"2024-07-04T16:53:58+00:00\",\"description\":\"Universidad de las Artes - UArtes y FNCL firman convenio espec\u00edfico para fomentar c\u00e1tedra sobre Cine Latinoamericano y Caribe\u00f1o\",\"breadcrumb\":{\"@id\":\"https:\\\/\\\/www.uartes.edu.ec\\\/sitio\\\/fr\\\/blog\\\/2018\\\/02\\\/21\\\/uartes-y-fncl-firman-convenio-especifico-para-fomentar-catedra-sobre-cine-latinoamericano-y-caribeno\\\/#breadcrumb\"},\"inLanguage\":\"fr-FR\",\"potentialAction\":[{\"@type\":\"ReadAction\",\"target\":[\"https:\\\/\\\/www.uartes.edu.ec\\\/sitio\\\/fr\\\/blog\\\/2018\\\/02\\\/21\\\/uartes-y-fncl-firman-convenio-especifico-para-fomentar-catedra-sobre-cine-latinoamericano-y-caribeno\\\/\"]}]},{\"@type\":\"ImageObject\",\"inLanguage\":\"fr-FR\",\"@id\":\"https:\\\/\\\/www.uartes.edu.ec\\\/sitio\\\/fr\\\/blog\\\/2018\\\/02\\\/21\\\/uartes-y-fncl-firman-convenio-especifico-para-fomentar-catedra-sobre-cine-latinoamericano-y-caribeno\\\/#primaryimage\",\"url\":\"\",\"contentUrl\":\"\"},{\"@type\":\"BreadcrumbList\",\"@id\":\"https:\\\/\\\/www.uartes.edu.ec\\\/sitio\\\/fr\\\/blog\\\/2018\\\/02\\\/21\\\/uartes-y-fncl-firman-convenio-especifico-para-fomentar-catedra-sobre-cine-latinoamericano-y-caribeno\\\/#breadcrumb\",\"itemListElement\":[{\"@type\":\"ListItem\",\"position\":1,\"name\":\"Inicio\",\"item\":\"https:\\\/\\\/www.uartes.edu.ec\\\/sitio\\\/\"},{\"@type\":\"ListItem\",\"position\":2,\"name\":\"UArtes y FNCL firman convenio espec\u00edfico para fomentar c\u00e1tedra sobre Cine Latinoamericano y Caribe\u00f1o\"}]},{\"@type\":\"WebSite\",\"@id\":\"https:\\\/\\\/www.uartes.edu.ec\\\/sitio\\\/fr\\\/#website\",\"url\":\"https:\\\/\\\/www.uartes.edu.ec\\\/sitio\\\/fr\\\/\",\"name\":\"Universidad de las Artes\",\"description\":\"Sitio oficial de la Universidad Nacional de las Artes del Ecuador\",\"publisher\":{\"@id\":\"https:\\\/\\\/www.uartes.edu.ec\\\/sitio\\\/fr\\\/#organization\"},\"potentialAction\":[{\"@type\":\"SearchAction\",\"target\":{\"@type\":\"EntryPoint\",\"urlTemplate\":\"https:\\\/\\\/www.uartes.edu.ec\\\/sitio\\\/fr\\\/?s={search_term_string}\"},\"query-input\":{\"@type\":\"PropertyValueSpecification\",\"valueRequired\":true,\"valueName\":\"search_term_string\"}}],\"inLanguage\":\"fr-FR\"},{\"@type\":\"Organization\",\"@id\":\"https:\\\/\\\/www.uartes.edu.ec\\\/sitio\\\/fr\\\/#organization\",\"name\":\"Universidad de las Artes\",\"url\":\"https:\\\/\\\/www.uartes.edu.ec\\\/sitio\\\/fr\\\/\",\"logo\":{\"@type\":\"ImageObject\",\"inLanguage\":\"fr-FR\",\"@id\":\"https:\\\/\\\/www.uartes.edu.ec\\\/sitio\\\/fr\\\/#\\\/schema\\\/logo\\\/image\\\/\",\"url\":\"https:\\\/\\\/www.uartes.edu.ec\\\/sitio\\\/wp-content\\\/uploads\\\/2022\\\/07\\\/logo-ua-horizontal.png\",\"contentUrl\":\"https:\\\/\\\/www.uartes.edu.ec\\\/sitio\\\/wp-content\\\/uploads\\\/2022\\\/07\\\/logo-ua-horizontal.png\",\"width\":800,\"height\":276,\"caption\":\"Universidad de las Artes\"},\"image\":{\"@id\":\"https:\\\/\\\/www.uartes.edu.ec\\\/sitio\\\/fr\\\/#\\\/schema\\\/logo\\\/image\\\/\"},\"sameAs\":[\"https:\\\/\\\/www.facebook.com\\\/uartesec\",\"https:\\\/\\\/x.com\\\/uartesec\",\"https:\\\/\\\/www.tiktok.com\\\/@uartesec\"]},{\"@type\":\"Person\",\"@id\":\"https:\\\/\\\/www.uartes.edu.ec\\\/sitio\\\/fr\\\/#\\\/schema\\\/person\\\/f33f8c1d2af0d5c80a38c8abf458184a\",\"name\":\"Universidad de las Artes\",\"image\":{\"@type\":\"ImageObject\",\"inLanguage\":\"fr-FR\",\"@id\":\"https:\\\/\\\/secure.gravatar.com\\\/avatar\\\/52e4757902f5cfa5ac52d020e5be83cae5487519154b6c35482fe08d589f3c13?s=96&d=mm&r=g\",\"url\":\"https:\\\/\\\/secure.gravatar.com\\\/avatar\\\/52e4757902f5cfa5ac52d020e5be83cae5487519154b6c35482fe08d589f3c13?s=96&d=mm&r=g\",\"contentUrl\":\"https:\\\/\\\/secure.gravatar.com\\\/avatar\\\/52e4757902f5cfa5ac52d020e5be83cae5487519154b6c35482fe08d589f3c13?s=96&d=mm&r=g\",\"caption\":\"Universidad de las Artes\"},\"url\":\"https:\\\/\\\/www.uartes.edu.ec\\\/sitio\\\/fr\\\/blog\\\/author\\\/dircomadm\\\/\"}]}<\/script>\n<!-- \/ Yoast SEO plugin. -->","yoast_head_json":{"title":"Universidad de las Artes - UArtes y FNCL firman convenio espec\u00edfico para fomentar c\u00e1tedra sobre Cine Latinoamericano y Caribe\u00f1o","description":"Universidad de las Artes - UArtes y FNCL firman convenio espec\u00edfico para fomentar c\u00e1tedra sobre Cine Latinoamericano y Caribe\u00f1o","robots":{"index":"index","follow":"follow","max-snippet":"max-snippet:-1","max-image-preview":"max-image-preview:large","max-video-preview":"max-video-preview:-1"},"canonical":"https:\/\/www.uartes.edu.ec\/sitio\/fr\/blog\/2018\/02\/21\/uartes-y-fncl-firman-convenio-especifico-para-fomentar-catedra-sobre-cine-latinoamericano-y-caribeno\/","og_locale":"fr_FR","og_type":"article","og_title":"Universidad de las Artes - UArtes y FNCL firman convenio espec\u00edfico para fomentar c\u00e1tedra sobre Cine Latinoamericano y Caribe\u00f1o","og_description":"Universidad de las Artes - UArtes y FNCL firman convenio espec\u00edfico para fomentar c\u00e1tedra sobre Cine Latinoamericano y Caribe\u00f1o","og_url":"https:\/\/www.uartes.edu.ec\/sitio\/fr\/blog\/2018\/02\/21\/uartes-y-fncl-firman-convenio-especifico-para-fomentar-catedra-sobre-cine-latinoamericano-y-caribeno\/","og_site_name":"Universidad de las Artes","article_publisher":"https:\/\/www.facebook.com\/uartesec","article_published_time":"2018-02-21T16:27:51+00:00","article_modified_time":"2024-07-04T16:53:58+00:00","author":"Universidad de las Artes","twitter_card":"summary_large_image","twitter_creator":"@uartesec","twitter_site":"@uartesec","twitter_misc":{"\u00c9crit par":"Universidad de las Artes","Dur\u00e9e de lecture estim\u00e9e":"1 minute"},"schema":{"@context":"https:\/\/schema.org","@graph":[{"@type":"Article","@id":"https:\/\/www.uartes.edu.ec\/sitio\/fr\/blog\/2018\/02\/21\/uartes-y-fncl-firman-convenio-especifico-para-fomentar-catedra-sobre-cine-latinoamericano-y-caribeno\/#article","isPartOf":{"@id":"https:\/\/www.uartes.edu.ec\/sitio\/fr\/blog\/2018\/02\/21\/uartes-y-fncl-firman-convenio-especifico-para-fomentar-catedra-sobre-cine-latinoamericano-y-caribeno\/"},"author":{"name":"Universidad de las Artes","@id":"https:\/\/www.uartes.edu.ec\/sitio\/fr\/#\/schema\/person\/f33f8c1d2af0d5c80a38c8abf458184a"},"headline":"UArtes y FNCL firman convenio espec\u00edfico para fomentar c\u00e1tedra sobre Cine Latinoamericano y Caribe\u00f1o","datePublished":"2018-02-21T16:27:51+00:00","dateModified":"2024-07-04T16:53:58+00:00","mainEntityOfPage":{"@id":"https:\/\/www.uartes.edu.ec\/sitio\/fr\/blog\/2018\/02\/21\/uartes-y-fncl-firman-convenio-especifico-para-fomentar-catedra-sobre-cine-latinoamericano-y-caribeno\/"},"wordCount":266,"publisher":{"@id":"https:\/\/www.uartes.edu.ec\/sitio\/fr\/#organization"},"image":{"@id":"https:\/\/www.uartes.edu.ec\/sitio\/fr\/blog\/2018\/02\/21\/uartes-y-fncl-firman-convenio-especifico-para-fomentar-catedra-sobre-cine-latinoamericano-y-caribeno\/#primaryimage"},"thumbnailUrl":"","articleSection":["Acad\u00e9mico","Gesti\u00f3n","Rectorado"],"inLanguage":"fr-FR"},{"@type":["WebPage","ItemPage"],"@id":"https:\/\/www.uartes.edu.ec\/sitio\/fr\/blog\/2018\/02\/21\/uartes-y-fncl-firman-convenio-especifico-para-fomentar-catedra-sobre-cine-latinoamericano-y-caribeno\/","url":"https:\/\/www.uartes.edu.ec\/sitio\/fr\/blog\/2018\/02\/21\/uartes-y-fncl-firman-convenio-especifico-para-fomentar-catedra-sobre-cine-latinoamericano-y-caribeno\/","name":"Universidad de las Artes - UArtes y FNCL firman convenio espec\u00edfico para fomentar c\u00e1tedra sobre Cine Latinoamericano y Caribe\u00f1o","isPartOf":{"@id":"https:\/\/www.uartes.edu.ec\/sitio\/fr\/#website"},"primaryImageOfPage":{"@id":"https:\/\/www.uartes.edu.ec\/sitio\/fr\/blog\/2018\/02\/21\/uartes-y-fncl-firman-convenio-especifico-para-fomentar-catedra-sobre-cine-latinoamericano-y-caribeno\/#primaryimage"},"image":{"@id":"https:\/\/www.uartes.edu.ec\/sitio\/fr\/blog\/2018\/02\/21\/uartes-y-fncl-firman-convenio-especifico-para-fomentar-catedra-sobre-cine-latinoamericano-y-caribeno\/#primaryimage"},"thumbnailUrl":"","datePublished":"2018-02-21T16:27:51+00:00","dateModified":"2024-07-04T16:53:58+00:00","description":"Universidad de las Artes - UArtes y FNCL firman convenio espec\u00edfico para fomentar c\u00e1tedra sobre Cine Latinoamericano y Caribe\u00f1o","breadcrumb":{"@id":"https:\/\/www.uartes.edu.ec\/sitio\/fr\/blog\/2018\/02\/21\/uartes-y-fncl-firman-convenio-especifico-para-fomentar-catedra-sobre-cine-latinoamericano-y-caribeno\/#breadcrumb"},"inLanguage":"fr-FR","potentialAction":[{"@type":"ReadAction","target":["https:\/\/www.uartes.edu.ec\/sitio\/fr\/blog\/2018\/02\/21\/uartes-y-fncl-firman-convenio-especifico-para-fomentar-catedra-sobre-cine-latinoamericano-y-caribeno\/"]}]},{"@type":"ImageObject","inLanguage":"fr-FR","@id":"https:\/\/www.uartes.edu.ec\/sitio\/fr\/blog\/2018\/02\/21\/uartes-y-fncl-firman-convenio-especifico-para-fomentar-catedra-sobre-cine-latinoamericano-y-caribeno\/#primaryimage","url":"","contentUrl":""},{"@type":"BreadcrumbList","@id":"https:\/\/www.uartes.edu.ec\/sitio\/fr\/blog\/2018\/02\/21\/uartes-y-fncl-firman-convenio-especifico-para-fomentar-catedra-sobre-cine-latinoamericano-y-caribeno\/#breadcrumb","itemListElement":[{"@type":"ListItem","position":1,"name":"Inicio","item":"https:\/\/www.uartes.edu.ec\/sitio\/"},{"@type":"ListItem","position":2,"name":"UArtes y FNCL firman convenio espec\u00edfico para fomentar c\u00e1tedra sobre Cine Latinoamericano y Caribe\u00f1o"}]},{"@type":"WebSite","@id":"https:\/\/www.uartes.edu.ec\/sitio\/fr\/#website","url":"https:\/\/www.uartes.edu.ec\/sitio\/fr\/","name":"Universidad de las Artes","description":"Sitio oficial de la Universidad Nacional de las Artes del Ecuador","publisher":{"@id":"https:\/\/www.uartes.edu.ec\/sitio\/fr\/#organization"},"potentialAction":[{"@type":"SearchAction","target":{"@type":"EntryPoint","urlTemplate":"https:\/\/www.uartes.edu.ec\/sitio\/fr\/?s={search_term_string}"},"query-input":{"@type":"PropertyValueSpecification","valueRequired":true,"valueName":"search_term_string"}}],"inLanguage":"fr-FR"},{"@type":"Organization","@id":"https:\/\/www.uartes.edu.ec\/sitio\/fr\/#organization","name":"Universidad de las Artes","url":"https:\/\/www.uartes.edu.ec\/sitio\/fr\/","logo":{"@type":"ImageObject","inLanguage":"fr-FR","@id":"https:\/\/www.uartes.edu.ec\/sitio\/fr\/#\/schema\/logo\/image\/","url":"https:\/\/www.uartes.edu.ec\/sitio\/wp-content\/uploads\/2022\/07\/logo-ua-horizontal.png","contentUrl":"https:\/\/www.uartes.edu.ec\/sitio\/wp-content\/uploads\/2022\/07\/logo-ua-horizontal.png","width":800,"height":276,"caption":"Universidad de las Artes"},"image":{"@id":"https:\/\/www.uartes.edu.ec\/sitio\/fr\/#\/schema\/logo\/image\/"},"sameAs":["https:\/\/www.facebook.com\/uartesec","https:\/\/x.com\/uartesec","https:\/\/www.tiktok.com\/@uartesec"]},{"@type":"Person","@id":"https:\/\/www.uartes.edu.ec\/sitio\/fr\/#\/schema\/person\/f33f8c1d2af0d5c80a38c8abf458184a","name":"Universidad de las Artes","image":{"@type":"ImageObject","inLanguage":"fr-FR","@id":"https:\/\/secure.gravatar.com\/avatar\/52e4757902f5cfa5ac52d020e5be83cae5487519154b6c35482fe08d589f3c13?s=96&d=mm&r=g","url":"https:\/\/secure.gravatar.com\/avatar\/52e4757902f5cfa5ac52d020e5be83cae5487519154b6c35482fe08d589f3c13?s=96&d=mm&r=g","contentUrl":"https:\/\/secure.gravatar.com\/avatar\/52e4757902f5cfa5ac52d020e5be83cae5487519154b6c35482fe08d589f3c13?s=96&d=mm&r=g","caption":"Universidad de las Artes"},"url":"https:\/\/www.uartes.edu.ec\/sitio\/fr\/blog\/author\/dircomadm\/"}]}},"uagb_featured_image_src":{"full":false,"thumbnail":false,"medium":false,"medium_large":false,"large":false,"1536x1536":false,"2048x2048":false,"trp-custom-language-flag":false,"htmega_size_585x295":false,"htmega_size_1170x536":false,"htmega_size_396x360":false,"gb-block-post-grid-landscape":false,"gb-block-post-grid-square":false,"university-hub-thumb":false,"mailpoet_newsletter_max":false},"uagb_author_info":{"display_name":"Universidad de las Artes","author_link":"https:\/\/www.uartes.edu.ec\/sitio\/fr\/blog\/author\/dircomadm\/"},"uagb_comment_info":0,"uagb_excerpt":"Durante la agenda internacional realizada del 12 al 16 de febrero de 2018 por el Rector Ramiro Noriega en La Habana, Cuba, se llev\u00f3 a cabo la firma de un convenio espec\u00edfico entre la UArtes y la Fundaci\u00f3n Nuevo Cine Latinoamericano destinado a desarrollar, implementar y promover la C\u00e1tedra de Cine Latinoamericano y Caribe\u00f1o que\u2026","featured_image_src":null,"featured_image_src_square":null,"author_info":{"display_name":"Universidad de las Artes","author_link":"https:\/\/www.uartes.edu.ec\/sitio\/fr\/blog\/author\/dircomadm\/"},"publishpress_future_workflow_manual_trigger":{"enabledWorkflows":[]},"distributor_meta":false,"distributor_terms":false,"distributor_media":false,"distributor_original_site_name":"Universidad de las Artes","distributor_original_site_url":"https:\/\/www.uartes.edu.ec\/sitio\/fr","push-errors":false,"_links":{"self":[{"href":"https:\/\/www.uartes.edu.ec\/sitio\/fr\/wp-json\/wp\/v2\/posts\/1271","targetHints":{"allow":["GET"]}}],"collection":[{"href":"https:\/\/www.uartes.edu.ec\/sitio\/fr\/wp-json\/wp\/v2\/posts"}],"about":[{"href":"https:\/\/www.uartes.edu.ec\/sitio\/fr\/wp-json\/wp\/v2\/types\/post"}],"author":[{"embeddable":true,"href":"https:\/\/www.uartes.edu.ec\/sitio\/fr\/wp-json\/wp\/v2\/users\/1"}],"replies":[{"embeddable":true,"href":"https:\/\/www.uartes.edu.ec\/sitio\/fr\/wp-json\/wp\/v2\/comments?post=1271"}],"version-history":[{"count":1,"href":"https:\/\/www.uartes.edu.ec\/sitio\/fr\/wp-json\/wp\/v2\/posts\/1271\/revisions"}],"predecessor-version":[{"id":57882,"href":"https:\/\/www.uartes.edu.ec\/sitio\/fr\/wp-json\/wp\/v2\/posts\/1271\/revisions\/57882"}],"wp:featuredmedia":[{"embeddable":true,"href":"https:\/\/www.uartes.edu.ec\/sitio\/fr\/wp-json\/"}],"wp:attachment":[{"href":"https:\/\/www.uartes.edu.ec\/sitio\/fr\/wp-json\/wp\/v2\/media?parent=1271"}],"wp:term":[{"taxonomy":"category","embeddable":true,"href":"https:\/\/www.uartes.edu.ec\/sitio\/fr\/wp-json\/wp\/v2\/categories?post=1271"},{"taxonomy":"post_tag","embeddable":true,"href":"https:\/\/www.uartes.edu.ec\/sitio\/fr\/wp-json\/wp\/v2\/tags?post=1271"},{"taxonomy":"infouartes","embeddable":true,"href":"https:\/\/www.uartes.edu.ec\/sitio\/fr\/wp-json\/wp\/v2\/infouartes?post=1271"}],"curies":[{"name":"wp","href":"https:\/\/api.w.org\/{rel}","templated":true}]}}