{"id":12867,"date":"2021-02-24T15:07:53","date_gmt":"2021-02-24T20:07:53","guid":{"rendered":"http:\/\/www.uartes.edu.ec\/sitio\/?p=12867"},"modified":"2024-07-04T11:28:14","modified_gmt":"2024-07-04T16:28:14","slug":"estacion-cero-el-podcast-como-medio-activador-de-la-critica-reflexiva","status":"publish","type":"post","link":"https:\/\/www.uartes.edu.ec\/sitio\/fr\/blog\/2021\/02\/24\/estacion-cero-el-podcast-como-medio-activador-de-la-critica-reflexiva\/","title":{"rendered":"\u201cEstaci\u00f3n Cero\u201d: El podcast como medio activador de la cr\u00edtica reflexiva"},"content":{"rendered":"<p>En su cuenta de Instagram \u201cEstaci\u00f3n Cero\u201d public\u00f3 recientemente que \u201cel arte estimula otros modos de estar: un descubrir\u2013dialogar, un transitar\u2013interpelar, un inusual\u2013pertenecer\u201d. En el texto que acompa\u00f1a la imagen de un cuadro sin\u00f3ptico destaca la realizaci\u00f3n de un cuarto episodio de la propuesta, en el que se buscaron respuestas a las inquietudes: \u00bfQu\u00e9 es el arte urbano? \u00bfCu\u00e1les son sus posibilidades? \u00bfCu\u00e1les son sus lenguajes?<\/p>\n\n\n\n<p>Acerca de lo que es \u201cEstaci\u00f3n Cero\u201d y qui\u00e9nes son los gestores de esta iniciativa que naci\u00f3 en la Universidad de las Artes, el blog Comunidad Visuales, cuya g\u00e9nesis es la Escuela de Artes Visuales, proporciona los detalles en una publicaci\u00f3n de reciente factura en la que se entrevista a sus creadores. Aqu\u00ed parte de su contenido (es de anotar que InfoUArtes realiz\u00f3 una actualizaci\u00f3n de la informaci\u00f3n se\u00f1alada):<\/p>\n\n\n\n<p>Basados en la idea de Boris Groys sobre la teor\u00eda cr\u00edtica como un sentimiento que nos impulsa a responder a su llamada, a la \u00a1acci\u00f3n!, nace Estaci\u00f3n Cero, en medio de la virtualidad como parte de las nuevas pr\u00e1cticas que trajo la pandemia del COVID-19.<\/p>\n\n\n\n<p>El proyecto busca ir m\u00e1s all\u00e1 que solo informar, busca ser un generador de temas sobre los acontecimientos del arte local, involucrando el \u00e1mbito sociocultural de una manera m\u00e1s sencilla e informal. Esto con el fin de abarcar un p\u00fablico que trascienda el circuito del arte, invitando a quienes sintonizan \u201cEstaci\u00f3n Cero\u201d a cuestionar las decisiones que se toman en torno a las actividades y din\u00e1micas culturales de Guayaquil. As\u00ed lo comenta el equipo de la propuesta, integrado por Ivanna Santoro, Cynthia Paredes y Gino Plaza, estudiantes de la carrera de Artes Visuales de la Universidad de las Artes, de cuyo itinerario \u2013Procesos Curatoriales\u2013 parti\u00f3 este proyecto durante la clase de Cr\u00edtica y Curadur\u00eda.<\/p>\n\n\n\n<p>La din\u00e1mica del proyecto se desarrolla a trav\u00e9s de publicaciones de podcasts, ensayos auditivos que exploran mediante el di\u00e1logo una variedad de tem\u00e1ticas acompa\u00f1ados de cartograf\u00edas donde se reflejan las ideas que dan inicio a cada episodio.<\/p>\n\n\n\n<p>Cuentan con tres podcasts y una reciente publicaci\u00f3n en la cual preguntan \u201c\u00bfqu\u00e9 es el arte urbano?, \u00bfcu\u00e1les son sus posibilidades?, \u00bfcu\u00e1les son sus lenguajes?\u201d. Esta tem\u00e1tica, as\u00ed como las planteadas anteriormente, fueron discutidas y reflexionadas, y responden a las inquietudes e investigaciones desarrolladas por el equipo y a las sugerencias recibidas del p\u00fablico receptor.<\/p>\n\n\n\n<p>Mediante el podcast, Ivanna Santoro, Cynthia Paredes y Gino Plaza buscan constituirse en un acompa\u00f1ante generador de reflexiones, mismas que se puedan debatir entre amigos, familiares, profesores, artistas y p\u00fablico interesado (no necesariamente especializado); un espacio en el que encuentren temas culturales, art\u00edsticos, sociales y pol\u00edticos, los cuales tienen como activador a la ciudad de Guayaquil.<\/p>\n\n\n\n<p>Pr\u00f3ximos a culminar la carrera, el equipo de \u201cEstaci\u00f3n Cero\u201d ve al proyecto como un nicho laboral que puede funcionar. \u201cSomos estudiantes que ya est\u00e1n saliendo a insertarse dentro del espacio cultural. En Guayaquil siempre est\u00e1n lanz\u00e1ndose nuevos proyectos, pero no hay tanta inversi\u00f3n como sucede en otras provincias. Creo que el crear nosotros nuestros propios espacios, un propio nicho de trabajo, tambi\u00e9n es un paso para poder salir y no estar a la expectativa de qu\u00e9 vamos a hacer despu\u00e9s de la licenciatura\u201d, apunta Gino Plaza.<\/p>\n\n\n\n<p>Al ser la virtualidad una caracter\u00edstica y condici\u00f3n que les permite moverse, y no permanecer fijos en un espacio, \u201cEstaci\u00f3n Cero\u201d proyecta abarcar en sus podcasts problem\u00e1ticas de otras ciudades del pa\u00eds y de Latinoam\u00e9rica. Texto e im\u00e1genes tomados de: <a href=\"https:\/\/visualesuartes.wordpress.com\">https:\/\/visualesuartes.wordpress.com<\/a><\/p>\n\n\n\n<p>S\u00edguelos en\u00a0<a href=\"https:\/\/www.instagram.com\/estacioncero.ec\/\">https:\/\/www.instagram.com\/estacioncero.ec\/<\/a><br><a href=\"https:\/\/open.spotify.com\/show\/6K6p4VaGswBqArcH6YIToT?si=vIZKD0PKS7SpwNxkl7gzHA\">Estaci\u00f3n Cero | Podcast on Spotify<\/a><br><a href=\"https:\/\/soundcloud.com\/estacioncero_ec\">Estaci\u00f3n Cero | Esc\u00fachalo gratis en SoundCloud<\/a><br><a href=\"https:\/\/podcasts.apple.com\/ec\/podcast\/estaci%C3%B3n-cero\/id1530970123\">Estaci\u00f3n Cero en Apple Podcasts<\/a><br><\/p>","protected":false},"excerpt":{"rendered":"<p>En su cuenta de Instagram \u201cEstaci\u00f3n Cero\u201d public\u00f3 recientemente que \u201cel arte estimula otros modos de estar: un descubrir\u2013dialogar, un transitar\u2013interpelar, un inusual\u2013pertenecer\u201d. <\/p>","protected":false},"author":1,"featured_media":12865,"comment_status":"closed","ping_status":"closed","sticky":false,"template":"","format":"standard","meta":{"_acf_changed":false,"_uag_custom_page_level_css":"","_monsterinsights_skip_tracking":false,"_monsterinsights_sitenote_active":false,"_monsterinsights_sitenote_note":"","_monsterinsights_sitenote_category":0,"cybocfi_hide_featured_image":"","footnotes":""},"categories":[82,157,76],"tags":[211],"infouartes":[],"class_list":["post-12867","post","type-post","status-publish","format-standard","has-post-thumbnail","hentry","category-artes","category-artes-visuales","category-estudiantes","tag-covid19"],"acf":[],"yoast_head":"<!-- This site is optimized with the Yoast SEO plugin v27.4 - https:\/\/yoast.com\/product\/yoast-seo-wordpress\/ -->\n<title>Universidad de las Artes - \u201cEstaci\u00f3n Cero\u201d: El podcast como medio activador de la cr\u00edtica reflexiva<\/title>\n<meta name=\"description\" content=\"Universidad de las Artes - \u201cEstaci\u00f3n Cero\u201d: El podcast como medio activador de la cr\u00edtica reflexiva\" \/>\n<meta name=\"robots\" content=\"index, follow, max-snippet:-1, max-image-preview:large, max-video-preview:-1\" \/>\n<link rel=\"canonical\" href=\"https:\/\/www.uartes.edu.ec\/sitio\/fr\/blog\/2021\/02\/24\/estacion-cero-el-podcast-como-medio-activador-de-la-critica-reflexiva\/\" \/>\n<meta property=\"og:locale\" content=\"fr_FR\" \/>\n<meta property=\"og:type\" content=\"article\" \/>\n<meta property=\"og:title\" content=\"Universidad de las Artes - \u201cEstaci\u00f3n Cero\u201d: El podcast como medio activador de la cr\u00edtica reflexiva\" \/>\n<meta property=\"og:description\" content=\"Universidad de las Artes - \u201cEstaci\u00f3n Cero\u201d: El podcast como medio activador de la cr\u00edtica reflexiva\" \/>\n<meta property=\"og:url\" content=\"https:\/\/www.uartes.edu.ec\/sitio\/fr\/blog\/2021\/02\/24\/estacion-cero-el-podcast-como-medio-activador-de-la-critica-reflexiva\/\" \/>\n<meta property=\"og:site_name\" content=\"Universidad de las Artes\" \/>\n<meta property=\"article:publisher\" content=\"https:\/\/www.facebook.com\/uartesec\" \/>\n<meta property=\"article:published_time\" content=\"2021-02-24T20:07:53+00:00\" \/>\n<meta property=\"article:modified_time\" content=\"2024-07-04T16:28:14+00:00\" \/>\n<meta property=\"og:image\" content=\"https:\/\/www.uartes.edu.ec\/sitio\/wp-content\/uploads\/2021\/02\/ESTACION-CERO.jpg\" \/>\n\t<meta property=\"og:image:width\" content=\"2000\" \/>\n\t<meta property=\"og:image:height\" content=\"1333\" \/>\n\t<meta property=\"og:image:type\" content=\"image\/jpeg\" \/>\n<meta name=\"author\" content=\"Universidad de las Artes\" \/>\n<meta name=\"twitter:card\" content=\"summary_large_image\" \/>\n<meta name=\"twitter:creator\" content=\"@uartesec\" \/>\n<meta name=\"twitter:site\" content=\"@uartesec\" \/>\n<meta name=\"twitter:label1\" content=\"\u00c9crit par\" \/>\n\t<meta name=\"twitter:data1\" content=\"Universidad de las Artes\" \/>\n\t<meta name=\"twitter:label2\" content=\"Dur\u00e9e de lecture estim\u00e9e\" \/>\n\t<meta name=\"twitter:data2\" content=\"3 minutes\" \/>\n<script type=\"application\/ld+json\" class=\"yoast-schema-graph\">{\"@context\":\"https:\\\/\\\/schema.org\",\"@graph\":[{\"@type\":\"Article\",\"@id\":\"https:\\\/\\\/www.uartes.edu.ec\\\/sitio\\\/fr\\\/blog\\\/2021\\\/02\\\/24\\\/estacion-cero-el-podcast-como-medio-activador-de-la-critica-reflexiva\\\/#article\",\"isPartOf\":{\"@id\":\"https:\\\/\\\/www.uartes.edu.ec\\\/sitio\\\/fr\\\/blog\\\/2021\\\/02\\\/24\\\/estacion-cero-el-podcast-como-medio-activador-de-la-critica-reflexiva\\\/\"},\"author\":{\"name\":\"Universidad de las Artes\",\"@id\":\"https:\\\/\\\/www.uartes.edu.ec\\\/sitio\\\/fr\\\/#\\\/schema\\\/person\\\/f33f8c1d2af0d5c80a38c8abf458184a\"},\"headline\":\"\u201cEstaci\u00f3n Cero\u201d: El podcast como medio activador de la cr\u00edtica reflexiva\",\"datePublished\":\"2021-02-24T20:07:53+00:00\",\"dateModified\":\"2024-07-04T16:28:14+00:00\",\"mainEntityOfPage\":{\"@id\":\"https:\\\/\\\/www.uartes.edu.ec\\\/sitio\\\/fr\\\/blog\\\/2021\\\/02\\\/24\\\/estacion-cero-el-podcast-como-medio-activador-de-la-critica-reflexiva\\\/\"},\"wordCount\":673,\"publisher\":{\"@id\":\"https:\\\/\\\/www.uartes.edu.ec\\\/sitio\\\/fr\\\/#organization\"},\"image\":{\"@id\":\"https:\\\/\\\/www.uartes.edu.ec\\\/sitio\\\/fr\\\/blog\\\/2021\\\/02\\\/24\\\/estacion-cero-el-podcast-como-medio-activador-de-la-critica-reflexiva\\\/#primaryimage\"},\"thumbnailUrl\":\"https:\\\/\\\/www.uartes.edu.ec\\\/sitio\\\/wp-content\\\/uploads\\\/2021\\\/02\\\/ESTACION-CERO.jpg\",\"keywords\":[\"covid19\"],\"articleSection\":[\"Artes\",\"Artes Visuales\",\"Estudiantes\"],\"inLanguage\":\"fr-FR\"},{\"@type\":[\"WebPage\",\"ItemPage\"],\"@id\":\"https:\\\/\\\/www.uartes.edu.ec\\\/sitio\\\/fr\\\/blog\\\/2021\\\/02\\\/24\\\/estacion-cero-el-podcast-como-medio-activador-de-la-critica-reflexiva\\\/\",\"url\":\"https:\\\/\\\/www.uartes.edu.ec\\\/sitio\\\/fr\\\/blog\\\/2021\\\/02\\\/24\\\/estacion-cero-el-podcast-como-medio-activador-de-la-critica-reflexiva\\\/\",\"name\":\"Universidad de las Artes - \u201cEstaci\u00f3n Cero\u201d: El podcast como medio activador de la cr\u00edtica reflexiva\",\"isPartOf\":{\"@id\":\"https:\\\/\\\/www.uartes.edu.ec\\\/sitio\\\/fr\\\/#website\"},\"primaryImageOfPage\":{\"@id\":\"https:\\\/\\\/www.uartes.edu.ec\\\/sitio\\\/fr\\\/blog\\\/2021\\\/02\\\/24\\\/estacion-cero-el-podcast-como-medio-activador-de-la-critica-reflexiva\\\/#primaryimage\"},\"image\":{\"@id\":\"https:\\\/\\\/www.uartes.edu.ec\\\/sitio\\\/fr\\\/blog\\\/2021\\\/02\\\/24\\\/estacion-cero-el-podcast-como-medio-activador-de-la-critica-reflexiva\\\/#primaryimage\"},\"thumbnailUrl\":\"https:\\\/\\\/www.uartes.edu.ec\\\/sitio\\\/wp-content\\\/uploads\\\/2021\\\/02\\\/ESTACION-CERO.jpg\",\"datePublished\":\"2021-02-24T20:07:53+00:00\",\"dateModified\":\"2024-07-04T16:28:14+00:00\",\"description\":\"Universidad de las Artes - \u201cEstaci\u00f3n Cero\u201d: El podcast como medio activador de la cr\u00edtica reflexiva\",\"breadcrumb\":{\"@id\":\"https:\\\/\\\/www.uartes.edu.ec\\\/sitio\\\/fr\\\/blog\\\/2021\\\/02\\\/24\\\/estacion-cero-el-podcast-como-medio-activador-de-la-critica-reflexiva\\\/#breadcrumb\"},\"inLanguage\":\"fr-FR\",\"potentialAction\":[{\"@type\":\"ReadAction\",\"target\":[\"https:\\\/\\\/www.uartes.edu.ec\\\/sitio\\\/fr\\\/blog\\\/2021\\\/02\\\/24\\\/estacion-cero-el-podcast-como-medio-activador-de-la-critica-reflexiva\\\/\"]}]},{\"@type\":\"ImageObject\",\"inLanguage\":\"fr-FR\",\"@id\":\"https:\\\/\\\/www.uartes.edu.ec\\\/sitio\\\/fr\\\/blog\\\/2021\\\/02\\\/24\\\/estacion-cero-el-podcast-como-medio-activador-de-la-critica-reflexiva\\\/#primaryimage\",\"url\":\"https:\\\/\\\/www.uartes.edu.ec\\\/sitio\\\/wp-content\\\/uploads\\\/2021\\\/02\\\/ESTACION-CERO.jpg\",\"contentUrl\":\"https:\\\/\\\/www.uartes.edu.ec\\\/sitio\\\/wp-content\\\/uploads\\\/2021\\\/02\\\/ESTACION-CERO.jpg\",\"width\":2000,\"height\":1333},{\"@type\":\"BreadcrumbList\",\"@id\":\"https:\\\/\\\/www.uartes.edu.ec\\\/sitio\\\/fr\\\/blog\\\/2021\\\/02\\\/24\\\/estacion-cero-el-podcast-como-medio-activador-de-la-critica-reflexiva\\\/#breadcrumb\",\"itemListElement\":[{\"@type\":\"ListItem\",\"position\":1,\"name\":\"Inicio\",\"item\":\"https:\\\/\\\/www.uartes.edu.ec\\\/sitio\\\/\"},{\"@type\":\"ListItem\",\"position\":2,\"name\":\"\u201cEstaci\u00f3n Cero\u201d: El podcast como medio activador de la cr\u00edtica reflexiva\"}]},{\"@type\":\"WebSite\",\"@id\":\"https:\\\/\\\/www.uartes.edu.ec\\\/sitio\\\/fr\\\/#website\",\"url\":\"https:\\\/\\\/www.uartes.edu.ec\\\/sitio\\\/fr\\\/\",\"name\":\"Universidad de las Artes\",\"description\":\"Sitio oficial de la Universidad Nacional de las Artes del Ecuador\",\"publisher\":{\"@id\":\"https:\\\/\\\/www.uartes.edu.ec\\\/sitio\\\/fr\\\/#organization\"},\"potentialAction\":[{\"@type\":\"SearchAction\",\"target\":{\"@type\":\"EntryPoint\",\"urlTemplate\":\"https:\\\/\\\/www.uartes.edu.ec\\\/sitio\\\/fr\\\/?s={search_term_string}\"},\"query-input\":{\"@type\":\"PropertyValueSpecification\",\"valueRequired\":true,\"valueName\":\"search_term_string\"}}],\"inLanguage\":\"fr-FR\"},{\"@type\":\"Organization\",\"@id\":\"https:\\\/\\\/www.uartes.edu.ec\\\/sitio\\\/fr\\\/#organization\",\"name\":\"Universidad de las Artes\",\"url\":\"https:\\\/\\\/www.uartes.edu.ec\\\/sitio\\\/fr\\\/\",\"logo\":{\"@type\":\"ImageObject\",\"inLanguage\":\"fr-FR\",\"@id\":\"https:\\\/\\\/www.uartes.edu.ec\\\/sitio\\\/fr\\\/#\\\/schema\\\/logo\\\/image\\\/\",\"url\":\"https:\\\/\\\/www.uartes.edu.ec\\\/sitio\\\/wp-content\\\/uploads\\\/2022\\\/07\\\/logo-ua-horizontal.png\",\"contentUrl\":\"https:\\\/\\\/www.uartes.edu.ec\\\/sitio\\\/wp-content\\\/uploads\\\/2022\\\/07\\\/logo-ua-horizontal.png\",\"width\":800,\"height\":276,\"caption\":\"Universidad de las Artes\"},\"image\":{\"@id\":\"https:\\\/\\\/www.uartes.edu.ec\\\/sitio\\\/fr\\\/#\\\/schema\\\/logo\\\/image\\\/\"},\"sameAs\":[\"https:\\\/\\\/www.facebook.com\\\/uartesec\",\"https:\\\/\\\/x.com\\\/uartesec\",\"https:\\\/\\\/www.tiktok.com\\\/@uartesec\"]},{\"@type\":\"Person\",\"@id\":\"https:\\\/\\\/www.uartes.edu.ec\\\/sitio\\\/fr\\\/#\\\/schema\\\/person\\\/f33f8c1d2af0d5c80a38c8abf458184a\",\"name\":\"Universidad de las Artes\",\"image\":{\"@type\":\"ImageObject\",\"inLanguage\":\"fr-FR\",\"@id\":\"https:\\\/\\\/secure.gravatar.com\\\/avatar\\\/52e4757902f5cfa5ac52d020e5be83cae5487519154b6c35482fe08d589f3c13?s=96&d=mm&r=g\",\"url\":\"https:\\\/\\\/secure.gravatar.com\\\/avatar\\\/52e4757902f5cfa5ac52d020e5be83cae5487519154b6c35482fe08d589f3c13?s=96&d=mm&r=g\",\"contentUrl\":\"https:\\\/\\\/secure.gravatar.com\\\/avatar\\\/52e4757902f5cfa5ac52d020e5be83cae5487519154b6c35482fe08d589f3c13?s=96&d=mm&r=g\",\"caption\":\"Universidad de las Artes\"},\"url\":\"https:\\\/\\\/www.uartes.edu.ec\\\/sitio\\\/fr\\\/blog\\\/author\\\/dircomadm\\\/\"}]}<\/script>\n<!-- \/ Yoast SEO plugin. -->","yoast_head_json":{"title":"Universidad de las Artes - \u201cEstaci\u00f3n Cero\u201d: El podcast como medio activador de la cr\u00edtica reflexiva","description":"Universidad de las Artes - \u201cEstaci\u00f3n Cero\u201d: El podcast como medio activador de la cr\u00edtica reflexiva","robots":{"index":"index","follow":"follow","max-snippet":"max-snippet:-1","max-image-preview":"max-image-preview:large","max-video-preview":"max-video-preview:-1"},"canonical":"https:\/\/www.uartes.edu.ec\/sitio\/fr\/blog\/2021\/02\/24\/estacion-cero-el-podcast-como-medio-activador-de-la-critica-reflexiva\/","og_locale":"fr_FR","og_type":"article","og_title":"Universidad de las Artes - \u201cEstaci\u00f3n Cero\u201d: El podcast como medio activador de la cr\u00edtica reflexiva","og_description":"Universidad de las Artes - \u201cEstaci\u00f3n Cero\u201d: El podcast como medio activador de la cr\u00edtica reflexiva","og_url":"https:\/\/www.uartes.edu.ec\/sitio\/fr\/blog\/2021\/02\/24\/estacion-cero-el-podcast-como-medio-activador-de-la-critica-reflexiva\/","og_site_name":"Universidad de las Artes","article_publisher":"https:\/\/www.facebook.com\/uartesec","article_published_time":"2021-02-24T20:07:53+00:00","article_modified_time":"2024-07-04T16:28:14+00:00","og_image":[{"width":2000,"height":1333,"url":"https:\/\/www.uartes.edu.ec\/sitio\/wp-content\/uploads\/2021\/02\/ESTACION-CERO.jpg","type":"image\/jpeg"}],"author":"Universidad de las Artes","twitter_card":"summary_large_image","twitter_creator":"@uartesec","twitter_site":"@uartesec","twitter_misc":{"\u00c9crit par":"Universidad de las Artes","Dur\u00e9e de lecture estim\u00e9e":"3 minutes"},"schema":{"@context":"https:\/\/schema.org","@graph":[{"@type":"Article","@id":"https:\/\/www.uartes.edu.ec\/sitio\/fr\/blog\/2021\/02\/24\/estacion-cero-el-podcast-como-medio-activador-de-la-critica-reflexiva\/#article","isPartOf":{"@id":"https:\/\/www.uartes.edu.ec\/sitio\/fr\/blog\/2021\/02\/24\/estacion-cero-el-podcast-como-medio-activador-de-la-critica-reflexiva\/"},"author":{"name":"Universidad de las Artes","@id":"https:\/\/www.uartes.edu.ec\/sitio\/fr\/#\/schema\/person\/f33f8c1d2af0d5c80a38c8abf458184a"},"headline":"\u201cEstaci\u00f3n Cero\u201d: El podcast como medio activador de la cr\u00edtica reflexiva","datePublished":"2021-02-24T20:07:53+00:00","dateModified":"2024-07-04T16:28:14+00:00","mainEntityOfPage":{"@id":"https:\/\/www.uartes.edu.ec\/sitio\/fr\/blog\/2021\/02\/24\/estacion-cero-el-podcast-como-medio-activador-de-la-critica-reflexiva\/"},"wordCount":673,"publisher":{"@id":"https:\/\/www.uartes.edu.ec\/sitio\/fr\/#organization"},"image":{"@id":"https:\/\/www.uartes.edu.ec\/sitio\/fr\/blog\/2021\/02\/24\/estacion-cero-el-podcast-como-medio-activador-de-la-critica-reflexiva\/#primaryimage"},"thumbnailUrl":"https:\/\/www.uartes.edu.ec\/sitio\/wp-content\/uploads\/2021\/02\/ESTACION-CERO.jpg","keywords":["covid19"],"articleSection":["Artes","Artes Visuales","Estudiantes"],"inLanguage":"fr-FR"},{"@type":["WebPage","ItemPage"],"@id":"https:\/\/www.uartes.edu.ec\/sitio\/fr\/blog\/2021\/02\/24\/estacion-cero-el-podcast-como-medio-activador-de-la-critica-reflexiva\/","url":"https:\/\/www.uartes.edu.ec\/sitio\/fr\/blog\/2021\/02\/24\/estacion-cero-el-podcast-como-medio-activador-de-la-critica-reflexiva\/","name":"Universidad de las Artes - \u201cEstaci\u00f3n Cero\u201d: El podcast como medio activador de la cr\u00edtica reflexiva","isPartOf":{"@id":"https:\/\/www.uartes.edu.ec\/sitio\/fr\/#website"},"primaryImageOfPage":{"@id":"https:\/\/www.uartes.edu.ec\/sitio\/fr\/blog\/2021\/02\/24\/estacion-cero-el-podcast-como-medio-activador-de-la-critica-reflexiva\/#primaryimage"},"image":{"@id":"https:\/\/www.uartes.edu.ec\/sitio\/fr\/blog\/2021\/02\/24\/estacion-cero-el-podcast-como-medio-activador-de-la-critica-reflexiva\/#primaryimage"},"thumbnailUrl":"https:\/\/www.uartes.edu.ec\/sitio\/wp-content\/uploads\/2021\/02\/ESTACION-CERO.jpg","datePublished":"2021-02-24T20:07:53+00:00","dateModified":"2024-07-04T16:28:14+00:00","description":"Universidad de las Artes - \u201cEstaci\u00f3n Cero\u201d: El podcast como medio activador de la cr\u00edtica reflexiva","breadcrumb":{"@id":"https:\/\/www.uartes.edu.ec\/sitio\/fr\/blog\/2021\/02\/24\/estacion-cero-el-podcast-como-medio-activador-de-la-critica-reflexiva\/#breadcrumb"},"inLanguage":"fr-FR","potentialAction":[{"@type":"ReadAction","target":["https:\/\/www.uartes.edu.ec\/sitio\/fr\/blog\/2021\/02\/24\/estacion-cero-el-podcast-como-medio-activador-de-la-critica-reflexiva\/"]}]},{"@type":"ImageObject","inLanguage":"fr-FR","@id":"https:\/\/www.uartes.edu.ec\/sitio\/fr\/blog\/2021\/02\/24\/estacion-cero-el-podcast-como-medio-activador-de-la-critica-reflexiva\/#primaryimage","url":"https:\/\/www.uartes.edu.ec\/sitio\/wp-content\/uploads\/2021\/02\/ESTACION-CERO.jpg","contentUrl":"https:\/\/www.uartes.edu.ec\/sitio\/wp-content\/uploads\/2021\/02\/ESTACION-CERO.jpg","width":2000,"height":1333},{"@type":"BreadcrumbList","@id":"https:\/\/www.uartes.edu.ec\/sitio\/fr\/blog\/2021\/02\/24\/estacion-cero-el-podcast-como-medio-activador-de-la-critica-reflexiva\/#breadcrumb","itemListElement":[{"@type":"ListItem","position":1,"name":"Inicio","item":"https:\/\/www.uartes.edu.ec\/sitio\/"},{"@type":"ListItem","position":2,"name":"\u201cEstaci\u00f3n Cero\u201d: El podcast como medio activador de la cr\u00edtica reflexiva"}]},{"@type":"WebSite","@id":"https:\/\/www.uartes.edu.ec\/sitio\/fr\/#website","url":"https:\/\/www.uartes.edu.ec\/sitio\/fr\/","name":"Universidad de las Artes","description":"Sitio oficial de la Universidad Nacional de las Artes del Ecuador","publisher":{"@id":"https:\/\/www.uartes.edu.ec\/sitio\/fr\/#organization"},"potentialAction":[{"@type":"SearchAction","target":{"@type":"EntryPoint","urlTemplate":"https:\/\/www.uartes.edu.ec\/sitio\/fr\/?s={search_term_string}"},"query-input":{"@type":"PropertyValueSpecification","valueRequired":true,"valueName":"search_term_string"}}],"inLanguage":"fr-FR"},{"@type":"Organization","@id":"https:\/\/www.uartes.edu.ec\/sitio\/fr\/#organization","name":"Universidad de las Artes","url":"https:\/\/www.uartes.edu.ec\/sitio\/fr\/","logo":{"@type":"ImageObject","inLanguage":"fr-FR","@id":"https:\/\/www.uartes.edu.ec\/sitio\/fr\/#\/schema\/logo\/image\/","url":"https:\/\/www.uartes.edu.ec\/sitio\/wp-content\/uploads\/2022\/07\/logo-ua-horizontal.png","contentUrl":"https:\/\/www.uartes.edu.ec\/sitio\/wp-content\/uploads\/2022\/07\/logo-ua-horizontal.png","width":800,"height":276,"caption":"Universidad de las Artes"},"image":{"@id":"https:\/\/www.uartes.edu.ec\/sitio\/fr\/#\/schema\/logo\/image\/"},"sameAs":["https:\/\/www.facebook.com\/uartesec","https:\/\/x.com\/uartesec","https:\/\/www.tiktok.com\/@uartesec"]},{"@type":"Person","@id":"https:\/\/www.uartes.edu.ec\/sitio\/fr\/#\/schema\/person\/f33f8c1d2af0d5c80a38c8abf458184a","name":"Universidad de las Artes","image":{"@type":"ImageObject","inLanguage":"fr-FR","@id":"https:\/\/secure.gravatar.com\/avatar\/52e4757902f5cfa5ac52d020e5be83cae5487519154b6c35482fe08d589f3c13?s=96&d=mm&r=g","url":"https:\/\/secure.gravatar.com\/avatar\/52e4757902f5cfa5ac52d020e5be83cae5487519154b6c35482fe08d589f3c13?s=96&d=mm&r=g","contentUrl":"https:\/\/secure.gravatar.com\/avatar\/52e4757902f5cfa5ac52d020e5be83cae5487519154b6c35482fe08d589f3c13?s=96&d=mm&r=g","caption":"Universidad de las Artes"},"url":"https:\/\/www.uartes.edu.ec\/sitio\/fr\/blog\/author\/dircomadm\/"}]}},"uagb_featured_image_src":{"full":["https:\/\/www.uartes.edu.ec\/sitio\/wp-content\/uploads\/2021\/02\/ESTACION-CERO.jpg",2000,1333,false],"thumbnail":["https:\/\/www.uartes.edu.ec\/sitio\/wp-content\/uploads\/2021\/02\/ESTACION-CERO-150x150.jpg",150,150,true],"medium":["https:\/\/www.uartes.edu.ec\/sitio\/wp-content\/uploads\/2021\/02\/ESTACION-CERO-300x200.jpg",300,200,true],"medium_large":["https:\/\/www.uartes.edu.ec\/sitio\/wp-content\/uploads\/2021\/02\/ESTACION-CERO-768x512.jpg",768,512,true],"large":["https:\/\/www.uartes.edu.ec\/sitio\/wp-content\/uploads\/2021\/02\/ESTACION-CERO-644x429.jpg",644,429,true],"1536x1536":["https:\/\/www.uartes.edu.ec\/sitio\/wp-content\/uploads\/2021\/02\/ESTACION-CERO-1536x1024.jpg",1536,1024,true],"2048x2048":["https:\/\/www.uartes.edu.ec\/sitio\/wp-content\/uploads\/2021\/02\/ESTACION-CERO.jpg",2000,1333,false],"trp-custom-language-flag":["https:\/\/www.uartes.edu.ec\/sitio\/wp-content\/uploads\/2021\/02\/ESTACION-CERO.jpg",18,12,false],"htmega_size_585x295":["https:\/\/www.uartes.edu.ec\/sitio\/wp-content\/uploads\/2021\/02\/ESTACION-CERO-585x295.jpg",585,295,true],"htmega_size_1170x536":["https:\/\/www.uartes.edu.ec\/sitio\/wp-content\/uploads\/2021\/02\/ESTACION-CERO-1170x536.jpg",1170,536,true],"htmega_size_396x360":["https:\/\/www.uartes.edu.ec\/sitio\/wp-content\/uploads\/2021\/02\/ESTACION-CERO-396x360.jpg",396,360,true],"gb-block-post-grid-landscape":["https:\/\/www.uartes.edu.ec\/sitio\/wp-content\/uploads\/2021\/02\/ESTACION-CERO.jpg",600,400,false],"gb-block-post-grid-square":["https:\/\/www.uartes.edu.ec\/sitio\/wp-content\/uploads\/2021\/02\/ESTACION-CERO.jpg",600,400,false],"university-hub-thumb":["https:\/\/www.uartes.edu.ec\/sitio\/wp-content\/uploads\/2021\/02\/ESTACION-CERO.jpg",400,267,false]},"uagb_author_info":{"display_name":"Universidad de las Artes","author_link":"https:\/\/www.uartes.edu.ec\/sitio\/fr\/blog\/author\/dircomadm\/"},"uagb_comment_info":0,"uagb_excerpt":"En su cuenta de Instagram \u201cEstaci\u00f3n Cero\u201d public\u00f3 recientemente que \u201cel arte estimula otros modos de estar: un descubrir\u2013dialogar, un transitar\u2013interpelar, un inusual\u2013pertenecer\u201d.","featured_image_src":"https:\/\/www.uartes.edu.ec\/sitio\/wp-content\/uploads\/2021\/02\/ESTACION-CERO.jpg","featured_image_src_square":"https:\/\/www.uartes.edu.ec\/sitio\/wp-content\/uploads\/2021\/02\/ESTACION-CERO.jpg","author_info":{"display_name":"Universidad de las Artes","author_link":"https:\/\/www.uartes.edu.ec\/sitio\/fr\/blog\/author\/dircomadm\/"},"publishpress_future_workflow_manual_trigger":{"enabledWorkflows":[]},"distributor_meta":false,"distributor_terms":false,"distributor_media":false,"distributor_original_site_name":"Universidad de las Artes","distributor_original_site_url":"https:\/\/www.uartes.edu.ec\/sitio\/fr","push-errors":false,"_links":{"self":[{"href":"https:\/\/www.uartes.edu.ec\/sitio\/fr\/wp-json\/wp\/v2\/posts\/12867","targetHints":{"allow":["GET"]}}],"collection":[{"href":"https:\/\/www.uartes.edu.ec\/sitio\/fr\/wp-json\/wp\/v2\/posts"}],"about":[{"href":"https:\/\/www.uartes.edu.ec\/sitio\/fr\/wp-json\/wp\/v2\/types\/post"}],"author":[{"embeddable":true,"href":"https:\/\/www.uartes.edu.ec\/sitio\/fr\/wp-json\/wp\/v2\/users\/1"}],"replies":[{"embeddable":true,"href":"https:\/\/www.uartes.edu.ec\/sitio\/fr\/wp-json\/wp\/v2\/comments?post=12867"}],"version-history":[{"count":1,"href":"https:\/\/www.uartes.edu.ec\/sitio\/fr\/wp-json\/wp\/v2\/posts\/12867\/revisions"}],"predecessor-version":[{"id":12868,"href":"https:\/\/www.uartes.edu.ec\/sitio\/fr\/wp-json\/wp\/v2\/posts\/12867\/revisions\/12868"}],"wp:featuredmedia":[{"embeddable":true,"href":"https:\/\/www.uartes.edu.ec\/sitio\/fr\/wp-json\/wp\/v2\/media\/12865"}],"wp:attachment":[{"href":"https:\/\/www.uartes.edu.ec\/sitio\/fr\/wp-json\/wp\/v2\/media?parent=12867"}],"wp:term":[{"taxonomy":"category","embeddable":true,"href":"https:\/\/www.uartes.edu.ec\/sitio\/fr\/wp-json\/wp\/v2\/categories?post=12867"},{"taxonomy":"post_tag","embeddable":true,"href":"https:\/\/www.uartes.edu.ec\/sitio\/fr\/wp-json\/wp\/v2\/tags?post=12867"},{"taxonomy":"infouartes","embeddable":true,"href":"https:\/\/www.uartes.edu.ec\/sitio\/fr\/wp-json\/wp\/v2\/infouartes?post=12867"}],"curies":[{"name":"wp","href":"https:\/\/api.w.org\/{rel}","templated":true}]}}