{"id":13040,"date":"2021-03-10T10:28:32","date_gmt":"2021-03-10T15:28:32","guid":{"rendered":"http:\/\/www.uartes.edu.ec\/sitio\/?p=13040"},"modified":"2024-07-04T11:28:12","modified_gmt":"2024-07-04T16:28:12","slug":"61-estudiantes-de-la-uartes-participan-con-sus-propuestas-en-los-talleres-de-invierno","status":"publish","type":"post","link":"https:\/\/www.uartes.edu.ec\/sitio\/fr\/blog\/2021\/03\/11\/61-estudiantes-de-la-uartes-participan-con-sus-propuestas-en-los-talleres-de-invierno\/","title":{"rendered":"61 estudiantes de la UArtes participan con \u2028sus propuestas en los Talleres de Invierno"},"content":{"rendered":"<p>La Universidad de las Artes dio inicio este lunes 8 de marzo de 2021 a 26 laboratorios art\u00edsticos dirigidos a la comunidad, con \u00e9nfasis en la ni\u00f1ez y adolescencia. Estos talleres forman parte del proyecto de Vinculaci\u00f3n con la Comunidad Talleres de Invierno, el cual viene desarroll\u00e1ndose cada a\u00f1o en el periodo de vacaciones escolares del r\u00e9gimen Costa.<\/p>\n\n\n\n<p>Debido a la emergencia sanitaria decretada por la pandemia del COVID-19 y al posterior distanciamiento social \u2013que se mantiene hasta la actualidad\u2013, desde el 2020 los talleres dieron un giro hacia la virtualidad y aunque la presencialidad es clave en el compartir de saberes y conocimientos, los talleristas pudieron, con el uso de la tecnolog\u00eda y la conectividad, llegar a otras regiones del pa\u00eds e incluso, en algunos casos, recibir a participantes internacionales.<\/p>\n\n\n\n<p>En la ejecuci\u00f3n del proyecto se encuentran vinculados 61 estudiantes de la Universidad de las Artes, quienes desarrollan los talleres como parte de sus pr\u00e1cticas preprofesionales. Lo hacen bajo la gu\u00eda de los docentes tutores y son ellos quienes realizan las propuestas.<\/p>\n\n\n\n<p>Los talleres propuestos y en ejecuci\u00f3n son: Paper Toys \u201cAnimals y Otros\u201d; IndiCine: Introducci\u00f3n al Lenguaje Cinematogr\u00e1fico; Motion Arts; C\u00f3mo hacer aviones de papel; Taller de Guion y Origami; Processing \u00abLenguaje para aprender a codificar en el contexto de las artes visuales\u00bb; Taller de Juego y Expresi\u00f3n corporal para desarrollar la psicomotricidad en los ni\u00f1os; Cine f\u00f3rum Aprendiendo cine viendo cine matutino; Cine f\u00f3rum Aprendiendo cine viendo cine vespertino; Danza y Expresi\u00f3n corporal para ni\u00f1os y adolescentes; Danza y Expresi\u00f3n corporal para adolescentes; Taller de Teatro para ni\u00f1as y ni\u00f1os de 8 a 10 a\u00f1os; Creative Motion para ni\u00f1os y ni\u00f1as; Creative Motion para adolescentes y Taller de Teatro para ni\u00f1as y ni\u00f1os de 11 a 13 a\u00f1os.<\/p>\n\n\n\n<p>Tambi\u00e9n, Taller de Stop Motion; Taller virtual de Lectura Dramatizada; Crea un poco de cine; Teor\u00eda musical para principiantes; Fotograf\u00eda y Creatividad; Taller de Iniciaci\u00f3n a la producci\u00f3n de audio digital; Producci\u00f3n de secuencias musicales para bandas en vivo; Taller de Introducci\u00f3n a la Guitarra y Composici\u00f3n de Canciones; Taller Inicial de C\u00e1mara e Iluminaci\u00f3n Cinematogr\u00e1fica; Aprende Cine Haciendo Cine; y, En Acci\u00f3n con PBT (Progessing Ballet Technique).<\/p>\n\n\n\n<p>Los cursos y talleres tienen un mes de duraci\u00f3n. Los productos art\u00edsticos generados con los 661 participantes inscritos ser\u00e1n socializados con la comunidad a trav\u00e9s de las redes de la Universidad de las Artes.<\/p>","protected":false},"excerpt":{"rendered":"<p>La Universidad de las Artes dio inicio este lunes 8 de marzo de 2021 a 26 laboratorios art\u00edsticos dirigidos a la comunidad, con \u00e9nfasis en la ni\u00f1ez y adolescencia. Estos talleres forman parte del proyecto de Vinculaci\u00f3n con la Comunidad Talleres de Invierno, el cual viene desarroll\u00e1ndose cada a\u00f1o en el periodo de vacaciones escolares del r\u00e9gimen Costa.<\/p>","protected":false},"author":1,"featured_media":13041,"comment_status":"closed","ping_status":"closed","sticky":false,"template":"","format":"standard","meta":{"_acf_changed":false,"_uag_custom_page_level_css":"","_monsterinsights_skip_tracking":false,"_monsterinsights_sitenote_active":false,"_monsterinsights_sitenote_note":"","_monsterinsights_sitenote_category":0,"cybocfi_hide_featured_image":"","footnotes":""},"categories":[80,82,76,79],"tags":[211,416,212],"infouartes":[],"class_list":["post-13040","post","type-post","status-publish","format-standard","has-post-thumbnail","hentry","category-academico","category-artes","category-estudiantes","category-vinculo","tag-covid19","tag-practicas-pre-profesionales","tag-talleres-de-invierno"],"acf":[],"yoast_head":"<!-- This site is optimized with the Yoast SEO plugin v27.4 - https:\/\/yoast.com\/product\/yoast-seo-wordpress\/ -->\n<title>Universidad de las Artes - 61 estudiantes de la UArtes participan con \u2028sus propuestas en los Talleres de Invierno<\/title>\n<meta name=\"description\" content=\"Universidad de las Artes - 61 estudiantes de la UArtes participan con \u2028sus propuestas en los Talleres de Invierno\" \/>\n<meta name=\"robots\" content=\"index, follow, max-snippet:-1, max-image-preview:large, max-video-preview:-1\" \/>\n<link rel=\"canonical\" href=\"https:\/\/www.uartes.edu.ec\/sitio\/fr\/blog\/2021\/03\/11\/61-estudiantes-de-la-uartes-participan-con-sus-propuestas-en-los-talleres-de-invierno\/\" \/>\n<meta property=\"og:locale\" content=\"fr_FR\" \/>\n<meta property=\"og:type\" content=\"article\" \/>\n<meta property=\"og:title\" content=\"Universidad de las Artes - 61 estudiantes de la UArtes participan con \u2028sus propuestas en los Talleres de Invierno\" \/>\n<meta property=\"og:description\" content=\"Universidad de las Artes - 61 estudiantes de la UArtes participan con \u2028sus propuestas en los Talleres de Invierno\" \/>\n<meta property=\"og:url\" content=\"https:\/\/www.uartes.edu.ec\/sitio\/fr\/blog\/2021\/03\/11\/61-estudiantes-de-la-uartes-participan-con-sus-propuestas-en-los-talleres-de-invierno\/\" \/>\n<meta property=\"og:site_name\" content=\"Universidad de las Artes\" \/>\n<meta property=\"article:publisher\" content=\"https:\/\/www.facebook.com\/uartesec\" \/>\n<meta property=\"article:published_time\" content=\"2021-03-10T15:28:32+00:00\" \/>\n<meta property=\"article:modified_time\" content=\"2024-07-04T16:28:12+00:00\" \/>\n<meta property=\"og:image\" content=\"https:\/\/www.uartes.edu.ec\/sitio\/wp-content\/uploads\/2021\/03\/NOTA-EDUCACION-CONTINUA-FINAL.jpg\" \/>\n\t<meta property=\"og:image:width\" content=\"2000\" \/>\n\t<meta property=\"og:image:height\" content=\"1333\" \/>\n\t<meta property=\"og:image:type\" content=\"image\/jpeg\" \/>\n<meta name=\"author\" content=\"Universidad de las Artes\" \/>\n<meta name=\"twitter:card\" content=\"summary_large_image\" \/>\n<meta name=\"twitter:creator\" content=\"@uartesec\" \/>\n<meta name=\"twitter:site\" content=\"@uartesec\" \/>\n<meta name=\"twitter:label1\" content=\"\u00c9crit par\" \/>\n\t<meta name=\"twitter:data1\" content=\"Universidad de las Artes\" \/>\n\t<meta name=\"twitter:label2\" content=\"Dur\u00e9e de lecture estim\u00e9e\" \/>\n\t<meta name=\"twitter:data2\" content=\"2 minutes\" \/>\n<script type=\"application\/ld+json\" class=\"yoast-schema-graph\">{\"@context\":\"https:\\\/\\\/schema.org\",\"@graph\":[{\"@type\":\"Article\",\"@id\":\"https:\\\/\\\/www.uartes.edu.ec\\\/sitio\\\/fr\\\/blog\\\/2021\\\/03\\\/11\\\/61-estudiantes-de-la-uartes-participan-con-sus-propuestas-en-los-talleres-de-invierno\\\/#article\",\"isPartOf\":{\"@id\":\"https:\\\/\\\/www.uartes.edu.ec\\\/sitio\\\/fr\\\/blog\\\/2021\\\/03\\\/11\\\/61-estudiantes-de-la-uartes-participan-con-sus-propuestas-en-los-talleres-de-invierno\\\/\"},\"author\":{\"name\":\"Universidad de las Artes\",\"@id\":\"https:\\\/\\\/www.uartes.edu.ec\\\/sitio\\\/fr\\\/#\\\/schema\\\/person\\\/f33f8c1d2af0d5c80a38c8abf458184a\"},\"headline\":\"61 estudiantes de la UArtes participan con \\u2028sus propuestas en los Talleres de Invierno\",\"datePublished\":\"2021-03-10T15:28:32+00:00\",\"dateModified\":\"2024-07-04T16:28:12+00:00\",\"mainEntityOfPage\":{\"@id\":\"https:\\\/\\\/www.uartes.edu.ec\\\/sitio\\\/fr\\\/blog\\\/2021\\\/03\\\/11\\\/61-estudiantes-de-la-uartes-participan-con-sus-propuestas-en-los-talleres-de-invierno\\\/\"},\"wordCount\":442,\"publisher\":{\"@id\":\"https:\\\/\\\/www.uartes.edu.ec\\\/sitio\\\/fr\\\/#organization\"},\"image\":{\"@id\":\"https:\\\/\\\/www.uartes.edu.ec\\\/sitio\\\/fr\\\/blog\\\/2021\\\/03\\\/11\\\/61-estudiantes-de-la-uartes-participan-con-sus-propuestas-en-los-talleres-de-invierno\\\/#primaryimage\"},\"thumbnailUrl\":\"https:\\\/\\\/www.uartes.edu.ec\\\/sitio\\\/wp-content\\\/uploads\\\/2021\\\/03\\\/NOTA-EDUCACION-CONTINUA-FINAL.jpg\",\"keywords\":[\"covid19\",\"pr\u00e1cticas pre-profesionales\",\"talleres de invierno\"],\"articleSection\":[\"Acad\u00e9mico\",\"Artes\",\"Estudiantes\",\"V\u00ednculo\"],\"inLanguage\":\"fr-FR\"},{\"@type\":[\"WebPage\",\"ItemPage\"],\"@id\":\"https:\\\/\\\/www.uartes.edu.ec\\\/sitio\\\/fr\\\/blog\\\/2021\\\/03\\\/11\\\/61-estudiantes-de-la-uartes-participan-con-sus-propuestas-en-los-talleres-de-invierno\\\/\",\"url\":\"https:\\\/\\\/www.uartes.edu.ec\\\/sitio\\\/fr\\\/blog\\\/2021\\\/03\\\/11\\\/61-estudiantes-de-la-uartes-participan-con-sus-propuestas-en-los-talleres-de-invierno\\\/\",\"name\":\"Universidad de las Artes - 61 estudiantes de la UArtes participan con \\u2028sus propuestas en los Talleres de Invierno\",\"isPartOf\":{\"@id\":\"https:\\\/\\\/www.uartes.edu.ec\\\/sitio\\\/fr\\\/#website\"},\"primaryImageOfPage\":{\"@id\":\"https:\\\/\\\/www.uartes.edu.ec\\\/sitio\\\/fr\\\/blog\\\/2021\\\/03\\\/11\\\/61-estudiantes-de-la-uartes-participan-con-sus-propuestas-en-los-talleres-de-invierno\\\/#primaryimage\"},\"image\":{\"@id\":\"https:\\\/\\\/www.uartes.edu.ec\\\/sitio\\\/fr\\\/blog\\\/2021\\\/03\\\/11\\\/61-estudiantes-de-la-uartes-participan-con-sus-propuestas-en-los-talleres-de-invierno\\\/#primaryimage\"},\"thumbnailUrl\":\"https:\\\/\\\/www.uartes.edu.ec\\\/sitio\\\/wp-content\\\/uploads\\\/2021\\\/03\\\/NOTA-EDUCACION-CONTINUA-FINAL.jpg\",\"datePublished\":\"2021-03-10T15:28:32+00:00\",\"dateModified\":\"2024-07-04T16:28:12+00:00\",\"description\":\"Universidad de las Artes - 61 estudiantes de la UArtes participan con \\u2028sus propuestas en los Talleres de Invierno\",\"breadcrumb\":{\"@id\":\"https:\\\/\\\/www.uartes.edu.ec\\\/sitio\\\/fr\\\/blog\\\/2021\\\/03\\\/11\\\/61-estudiantes-de-la-uartes-participan-con-sus-propuestas-en-los-talleres-de-invierno\\\/#breadcrumb\"},\"inLanguage\":\"fr-FR\",\"potentialAction\":[{\"@type\":\"ReadAction\",\"target\":[\"https:\\\/\\\/www.uartes.edu.ec\\\/sitio\\\/fr\\\/blog\\\/2021\\\/03\\\/11\\\/61-estudiantes-de-la-uartes-participan-con-sus-propuestas-en-los-talleres-de-invierno\\\/\"]}]},{\"@type\":\"ImageObject\",\"inLanguage\":\"fr-FR\",\"@id\":\"https:\\\/\\\/www.uartes.edu.ec\\\/sitio\\\/fr\\\/blog\\\/2021\\\/03\\\/11\\\/61-estudiantes-de-la-uartes-participan-con-sus-propuestas-en-los-talleres-de-invierno\\\/#primaryimage\",\"url\":\"https:\\\/\\\/www.uartes.edu.ec\\\/sitio\\\/wp-content\\\/uploads\\\/2021\\\/03\\\/NOTA-EDUCACION-CONTINUA-FINAL.jpg\",\"contentUrl\":\"https:\\\/\\\/www.uartes.edu.ec\\\/sitio\\\/wp-content\\\/uploads\\\/2021\\\/03\\\/NOTA-EDUCACION-CONTINUA-FINAL.jpg\",\"width\":2000,\"height\":1333},{\"@type\":\"BreadcrumbList\",\"@id\":\"https:\\\/\\\/www.uartes.edu.ec\\\/sitio\\\/fr\\\/blog\\\/2021\\\/03\\\/11\\\/61-estudiantes-de-la-uartes-participan-con-sus-propuestas-en-los-talleres-de-invierno\\\/#breadcrumb\",\"itemListElement\":[{\"@type\":\"ListItem\",\"position\":1,\"name\":\"Inicio\",\"item\":\"https:\\\/\\\/www.uartes.edu.ec\\\/sitio\\\/\"},{\"@type\":\"ListItem\",\"position\":2,\"name\":\"61 estudiantes de la UArtes participan con \\u2028sus propuestas en los Talleres de Invierno\"}]},{\"@type\":\"WebSite\",\"@id\":\"https:\\\/\\\/www.uartes.edu.ec\\\/sitio\\\/fr\\\/#website\",\"url\":\"https:\\\/\\\/www.uartes.edu.ec\\\/sitio\\\/fr\\\/\",\"name\":\"Universidad de las Artes\",\"description\":\"Sitio oficial de la Universidad Nacional de las Artes del Ecuador\",\"publisher\":{\"@id\":\"https:\\\/\\\/www.uartes.edu.ec\\\/sitio\\\/fr\\\/#organization\"},\"potentialAction\":[{\"@type\":\"SearchAction\",\"target\":{\"@type\":\"EntryPoint\",\"urlTemplate\":\"https:\\\/\\\/www.uartes.edu.ec\\\/sitio\\\/fr\\\/?s={search_term_string}\"},\"query-input\":{\"@type\":\"PropertyValueSpecification\",\"valueRequired\":true,\"valueName\":\"search_term_string\"}}],\"inLanguage\":\"fr-FR\"},{\"@type\":\"Organization\",\"@id\":\"https:\\\/\\\/www.uartes.edu.ec\\\/sitio\\\/fr\\\/#organization\",\"name\":\"Universidad de las Artes\",\"url\":\"https:\\\/\\\/www.uartes.edu.ec\\\/sitio\\\/fr\\\/\",\"logo\":{\"@type\":\"ImageObject\",\"inLanguage\":\"fr-FR\",\"@id\":\"https:\\\/\\\/www.uartes.edu.ec\\\/sitio\\\/fr\\\/#\\\/schema\\\/logo\\\/image\\\/\",\"url\":\"https:\\\/\\\/www.uartes.edu.ec\\\/sitio\\\/wp-content\\\/uploads\\\/2022\\\/07\\\/logo-ua-horizontal.png\",\"contentUrl\":\"https:\\\/\\\/www.uartes.edu.ec\\\/sitio\\\/wp-content\\\/uploads\\\/2022\\\/07\\\/logo-ua-horizontal.png\",\"width\":800,\"height\":276,\"caption\":\"Universidad de las Artes\"},\"image\":{\"@id\":\"https:\\\/\\\/www.uartes.edu.ec\\\/sitio\\\/fr\\\/#\\\/schema\\\/logo\\\/image\\\/\"},\"sameAs\":[\"https:\\\/\\\/www.facebook.com\\\/uartesec\",\"https:\\\/\\\/x.com\\\/uartesec\",\"https:\\\/\\\/www.tiktok.com\\\/@uartesec\"]},{\"@type\":\"Person\",\"@id\":\"https:\\\/\\\/www.uartes.edu.ec\\\/sitio\\\/fr\\\/#\\\/schema\\\/person\\\/f33f8c1d2af0d5c80a38c8abf458184a\",\"name\":\"Universidad de las Artes\",\"image\":{\"@type\":\"ImageObject\",\"inLanguage\":\"fr-FR\",\"@id\":\"https:\\\/\\\/secure.gravatar.com\\\/avatar\\\/52e4757902f5cfa5ac52d020e5be83cae5487519154b6c35482fe08d589f3c13?s=96&d=mm&r=g\",\"url\":\"https:\\\/\\\/secure.gravatar.com\\\/avatar\\\/52e4757902f5cfa5ac52d020e5be83cae5487519154b6c35482fe08d589f3c13?s=96&d=mm&r=g\",\"contentUrl\":\"https:\\\/\\\/secure.gravatar.com\\\/avatar\\\/52e4757902f5cfa5ac52d020e5be83cae5487519154b6c35482fe08d589f3c13?s=96&d=mm&r=g\",\"caption\":\"Universidad de las Artes\"},\"url\":\"https:\\\/\\\/www.uartes.edu.ec\\\/sitio\\\/fr\\\/blog\\\/author\\\/dircomadm\\\/\"}]}<\/script>\n<!-- \/ Yoast SEO plugin. -->","yoast_head_json":{"title":"Universidad de las Artes - 61 estudiantes de la UArtes participan con \u2028sus propuestas en los Talleres de Invierno","description":"Universidad de las Artes - 61 estudiantes de la UArtes participan con \u2028sus propuestas en los Talleres de Invierno","robots":{"index":"index","follow":"follow","max-snippet":"max-snippet:-1","max-image-preview":"max-image-preview:large","max-video-preview":"max-video-preview:-1"},"canonical":"https:\/\/www.uartes.edu.ec\/sitio\/fr\/blog\/2021\/03\/11\/61-estudiantes-de-la-uartes-participan-con-sus-propuestas-en-los-talleres-de-invierno\/","og_locale":"fr_FR","og_type":"article","og_title":"Universidad de las Artes - 61 estudiantes de la UArtes participan con \u2028sus propuestas en los Talleres de Invierno","og_description":"Universidad de las Artes - 61 estudiantes de la UArtes participan con \u2028sus propuestas en los Talleres de Invierno","og_url":"https:\/\/www.uartes.edu.ec\/sitio\/fr\/blog\/2021\/03\/11\/61-estudiantes-de-la-uartes-participan-con-sus-propuestas-en-los-talleres-de-invierno\/","og_site_name":"Universidad de las Artes","article_publisher":"https:\/\/www.facebook.com\/uartesec","article_published_time":"2021-03-10T15:28:32+00:00","article_modified_time":"2024-07-04T16:28:12+00:00","og_image":[{"width":2000,"height":1333,"url":"https:\/\/www.uartes.edu.ec\/sitio\/wp-content\/uploads\/2021\/03\/NOTA-EDUCACION-CONTINUA-FINAL.jpg","type":"image\/jpeg"}],"author":"Universidad de las Artes","twitter_card":"summary_large_image","twitter_creator":"@uartesec","twitter_site":"@uartesec","twitter_misc":{"\u00c9crit par":"Universidad de las Artes","Dur\u00e9e de lecture estim\u00e9e":"2 minutes"},"schema":{"@context":"https:\/\/schema.org","@graph":[{"@type":"Article","@id":"https:\/\/www.uartes.edu.ec\/sitio\/fr\/blog\/2021\/03\/11\/61-estudiantes-de-la-uartes-participan-con-sus-propuestas-en-los-talleres-de-invierno\/#article","isPartOf":{"@id":"https:\/\/www.uartes.edu.ec\/sitio\/fr\/blog\/2021\/03\/11\/61-estudiantes-de-la-uartes-participan-con-sus-propuestas-en-los-talleres-de-invierno\/"},"author":{"name":"Universidad de las Artes","@id":"https:\/\/www.uartes.edu.ec\/sitio\/fr\/#\/schema\/person\/f33f8c1d2af0d5c80a38c8abf458184a"},"headline":"61 estudiantes de la UArtes participan con \u2028sus propuestas en los Talleres de Invierno","datePublished":"2021-03-10T15:28:32+00:00","dateModified":"2024-07-04T16:28:12+00:00","mainEntityOfPage":{"@id":"https:\/\/www.uartes.edu.ec\/sitio\/fr\/blog\/2021\/03\/11\/61-estudiantes-de-la-uartes-participan-con-sus-propuestas-en-los-talleres-de-invierno\/"},"wordCount":442,"publisher":{"@id":"https:\/\/www.uartes.edu.ec\/sitio\/fr\/#organization"},"image":{"@id":"https:\/\/www.uartes.edu.ec\/sitio\/fr\/blog\/2021\/03\/11\/61-estudiantes-de-la-uartes-participan-con-sus-propuestas-en-los-talleres-de-invierno\/#primaryimage"},"thumbnailUrl":"https:\/\/www.uartes.edu.ec\/sitio\/wp-content\/uploads\/2021\/03\/NOTA-EDUCACION-CONTINUA-FINAL.jpg","keywords":["covid19","pr\u00e1cticas pre-profesionales","talleres de invierno"],"articleSection":["Acad\u00e9mico","Artes","Estudiantes","V\u00ednculo"],"inLanguage":"fr-FR"},{"@type":["WebPage","ItemPage"],"@id":"https:\/\/www.uartes.edu.ec\/sitio\/fr\/blog\/2021\/03\/11\/61-estudiantes-de-la-uartes-participan-con-sus-propuestas-en-los-talleres-de-invierno\/","url":"https:\/\/www.uartes.edu.ec\/sitio\/fr\/blog\/2021\/03\/11\/61-estudiantes-de-la-uartes-participan-con-sus-propuestas-en-los-talleres-de-invierno\/","name":"Universidad de las Artes - 61 estudiantes de la UArtes participan con \u2028sus propuestas en los Talleres de Invierno","isPartOf":{"@id":"https:\/\/www.uartes.edu.ec\/sitio\/fr\/#website"},"primaryImageOfPage":{"@id":"https:\/\/www.uartes.edu.ec\/sitio\/fr\/blog\/2021\/03\/11\/61-estudiantes-de-la-uartes-participan-con-sus-propuestas-en-los-talleres-de-invierno\/#primaryimage"},"image":{"@id":"https:\/\/www.uartes.edu.ec\/sitio\/fr\/blog\/2021\/03\/11\/61-estudiantes-de-la-uartes-participan-con-sus-propuestas-en-los-talleres-de-invierno\/#primaryimage"},"thumbnailUrl":"https:\/\/www.uartes.edu.ec\/sitio\/wp-content\/uploads\/2021\/03\/NOTA-EDUCACION-CONTINUA-FINAL.jpg","datePublished":"2021-03-10T15:28:32+00:00","dateModified":"2024-07-04T16:28:12+00:00","description":"Universidad de las Artes - 61 estudiantes de la UArtes participan con \u2028sus propuestas en los Talleres de Invierno","breadcrumb":{"@id":"https:\/\/www.uartes.edu.ec\/sitio\/fr\/blog\/2021\/03\/11\/61-estudiantes-de-la-uartes-participan-con-sus-propuestas-en-los-talleres-de-invierno\/#breadcrumb"},"inLanguage":"fr-FR","potentialAction":[{"@type":"ReadAction","target":["https:\/\/www.uartes.edu.ec\/sitio\/fr\/blog\/2021\/03\/11\/61-estudiantes-de-la-uartes-participan-con-sus-propuestas-en-los-talleres-de-invierno\/"]}]},{"@type":"ImageObject","inLanguage":"fr-FR","@id":"https:\/\/www.uartes.edu.ec\/sitio\/fr\/blog\/2021\/03\/11\/61-estudiantes-de-la-uartes-participan-con-sus-propuestas-en-los-talleres-de-invierno\/#primaryimage","url":"https:\/\/www.uartes.edu.ec\/sitio\/wp-content\/uploads\/2021\/03\/NOTA-EDUCACION-CONTINUA-FINAL.jpg","contentUrl":"https:\/\/www.uartes.edu.ec\/sitio\/wp-content\/uploads\/2021\/03\/NOTA-EDUCACION-CONTINUA-FINAL.jpg","width":2000,"height":1333},{"@type":"BreadcrumbList","@id":"https:\/\/www.uartes.edu.ec\/sitio\/fr\/blog\/2021\/03\/11\/61-estudiantes-de-la-uartes-participan-con-sus-propuestas-en-los-talleres-de-invierno\/#breadcrumb","itemListElement":[{"@type":"ListItem","position":1,"name":"Inicio","item":"https:\/\/www.uartes.edu.ec\/sitio\/"},{"@type":"ListItem","position":2,"name":"61 estudiantes de la UArtes participan con \u2028sus propuestas en los Talleres de Invierno"}]},{"@type":"WebSite","@id":"https:\/\/www.uartes.edu.ec\/sitio\/fr\/#website","url":"https:\/\/www.uartes.edu.ec\/sitio\/fr\/","name":"Universidad de las Artes","description":"Sitio oficial de la Universidad Nacional de las Artes del Ecuador","publisher":{"@id":"https:\/\/www.uartes.edu.ec\/sitio\/fr\/#organization"},"potentialAction":[{"@type":"SearchAction","target":{"@type":"EntryPoint","urlTemplate":"https:\/\/www.uartes.edu.ec\/sitio\/fr\/?s={search_term_string}"},"query-input":{"@type":"PropertyValueSpecification","valueRequired":true,"valueName":"search_term_string"}}],"inLanguage":"fr-FR"},{"@type":"Organization","@id":"https:\/\/www.uartes.edu.ec\/sitio\/fr\/#organization","name":"Universidad de las Artes","url":"https:\/\/www.uartes.edu.ec\/sitio\/fr\/","logo":{"@type":"ImageObject","inLanguage":"fr-FR","@id":"https:\/\/www.uartes.edu.ec\/sitio\/fr\/#\/schema\/logo\/image\/","url":"https:\/\/www.uartes.edu.ec\/sitio\/wp-content\/uploads\/2022\/07\/logo-ua-horizontal.png","contentUrl":"https:\/\/www.uartes.edu.ec\/sitio\/wp-content\/uploads\/2022\/07\/logo-ua-horizontal.png","width":800,"height":276,"caption":"Universidad de las Artes"},"image":{"@id":"https:\/\/www.uartes.edu.ec\/sitio\/fr\/#\/schema\/logo\/image\/"},"sameAs":["https:\/\/www.facebook.com\/uartesec","https:\/\/x.com\/uartesec","https:\/\/www.tiktok.com\/@uartesec"]},{"@type":"Person","@id":"https:\/\/www.uartes.edu.ec\/sitio\/fr\/#\/schema\/person\/f33f8c1d2af0d5c80a38c8abf458184a","name":"Universidad de las Artes","image":{"@type":"ImageObject","inLanguage":"fr-FR","@id":"https:\/\/secure.gravatar.com\/avatar\/52e4757902f5cfa5ac52d020e5be83cae5487519154b6c35482fe08d589f3c13?s=96&d=mm&r=g","url":"https:\/\/secure.gravatar.com\/avatar\/52e4757902f5cfa5ac52d020e5be83cae5487519154b6c35482fe08d589f3c13?s=96&d=mm&r=g","contentUrl":"https:\/\/secure.gravatar.com\/avatar\/52e4757902f5cfa5ac52d020e5be83cae5487519154b6c35482fe08d589f3c13?s=96&d=mm&r=g","caption":"Universidad de las Artes"},"url":"https:\/\/www.uartes.edu.ec\/sitio\/fr\/blog\/author\/dircomadm\/"}]}},"uagb_featured_image_src":{"full":["https:\/\/www.uartes.edu.ec\/sitio\/wp-content\/uploads\/2021\/03\/NOTA-EDUCACION-CONTINUA-FINAL.jpg",2000,1333,false],"thumbnail":["https:\/\/www.uartes.edu.ec\/sitio\/wp-content\/uploads\/2021\/03\/NOTA-EDUCACION-CONTINUA-FINAL-150x150.jpg",150,150,true],"medium":["https:\/\/www.uartes.edu.ec\/sitio\/wp-content\/uploads\/2021\/03\/NOTA-EDUCACION-CONTINUA-FINAL-300x200.jpg",300,200,true],"medium_large":["https:\/\/www.uartes.edu.ec\/sitio\/wp-content\/uploads\/2021\/03\/NOTA-EDUCACION-CONTINUA-FINAL-768x512.jpg",768,512,true],"large":["https:\/\/www.uartes.edu.ec\/sitio\/wp-content\/uploads\/2021\/03\/NOTA-EDUCACION-CONTINUA-FINAL-644x429.jpg",644,429,true],"1536x1536":["https:\/\/www.uartes.edu.ec\/sitio\/wp-content\/uploads\/2021\/03\/NOTA-EDUCACION-CONTINUA-FINAL-1536x1024.jpg",1536,1024,true],"2048x2048":["https:\/\/www.uartes.edu.ec\/sitio\/wp-content\/uploads\/2021\/03\/NOTA-EDUCACION-CONTINUA-FINAL.jpg",2000,1333,false],"trp-custom-language-flag":["https:\/\/www.uartes.edu.ec\/sitio\/wp-content\/uploads\/2021\/03\/NOTA-EDUCACION-CONTINUA-FINAL.jpg",18,12,false],"htmega_size_585x295":["https:\/\/www.uartes.edu.ec\/sitio\/wp-content\/uploads\/2021\/03\/NOTA-EDUCACION-CONTINUA-FINAL-585x295.jpg",585,295,true],"htmega_size_1170x536":["https:\/\/www.uartes.edu.ec\/sitio\/wp-content\/uploads\/2021\/03\/NOTA-EDUCACION-CONTINUA-FINAL-1170x536.jpg",1170,536,true],"htmega_size_396x360":["https:\/\/www.uartes.edu.ec\/sitio\/wp-content\/uploads\/2021\/03\/NOTA-EDUCACION-CONTINUA-FINAL-396x360.jpg",396,360,true],"gb-block-post-grid-landscape":["https:\/\/www.uartes.edu.ec\/sitio\/wp-content\/uploads\/2021\/03\/NOTA-EDUCACION-CONTINUA-FINAL.jpg",600,400,false],"gb-block-post-grid-square":["https:\/\/www.uartes.edu.ec\/sitio\/wp-content\/uploads\/2021\/03\/NOTA-EDUCACION-CONTINUA-FINAL.jpg",600,400,false],"university-hub-thumb":["https:\/\/www.uartes.edu.ec\/sitio\/wp-content\/uploads\/2021\/03\/NOTA-EDUCACION-CONTINUA-FINAL.jpg",400,267,false]},"uagb_author_info":{"display_name":"Universidad de las Artes","author_link":"https:\/\/www.uartes.edu.ec\/sitio\/fr\/blog\/author\/dircomadm\/"},"uagb_comment_info":0,"uagb_excerpt":"La Universidad de las Artes dio inicio este lunes 8 de marzo de 2021 a 26 laboratorios art\u00edsticos dirigidos a la comunidad, con \u00e9nfasis en la ni\u00f1ez y adolescencia. Estos talleres forman parte del proyecto de Vinculaci\u00f3n con la Comunidad Talleres de Invierno, el cual viene desarroll\u00e1ndose cada a\u00f1o en el periodo de vacaciones escolares\u2026","featured_image_src":"https:\/\/www.uartes.edu.ec\/sitio\/wp-content\/uploads\/2021\/03\/NOTA-EDUCACION-CONTINUA-FINAL.jpg","featured_image_src_square":"https:\/\/www.uartes.edu.ec\/sitio\/wp-content\/uploads\/2021\/03\/NOTA-EDUCACION-CONTINUA-FINAL.jpg","author_info":{"display_name":"Universidad de las Artes","author_link":"https:\/\/www.uartes.edu.ec\/sitio\/fr\/blog\/author\/dircomadm\/"},"publishpress_future_workflow_manual_trigger":{"enabledWorkflows":[]},"distributor_meta":false,"distributor_terms":false,"distributor_media":false,"distributor_original_site_name":"Universidad de las Artes","distributor_original_site_url":"https:\/\/www.uartes.edu.ec\/sitio\/fr","push-errors":false,"_links":{"self":[{"href":"https:\/\/www.uartes.edu.ec\/sitio\/fr\/wp-json\/wp\/v2\/posts\/13040","targetHints":{"allow":["GET"]}}],"collection":[{"href":"https:\/\/www.uartes.edu.ec\/sitio\/fr\/wp-json\/wp\/v2\/posts"}],"about":[{"href":"https:\/\/www.uartes.edu.ec\/sitio\/fr\/wp-json\/wp\/v2\/types\/post"}],"author":[{"embeddable":true,"href":"https:\/\/www.uartes.edu.ec\/sitio\/fr\/wp-json\/wp\/v2\/users\/1"}],"replies":[{"embeddable":true,"href":"https:\/\/www.uartes.edu.ec\/sitio\/fr\/wp-json\/wp\/v2\/comments?post=13040"}],"version-history":[{"count":1,"href":"https:\/\/www.uartes.edu.ec\/sitio\/fr\/wp-json\/wp\/v2\/posts\/13040\/revisions"}],"predecessor-version":[{"id":13042,"href":"https:\/\/www.uartes.edu.ec\/sitio\/fr\/wp-json\/wp\/v2\/posts\/13040\/revisions\/13042"}],"wp:featuredmedia":[{"embeddable":true,"href":"https:\/\/www.uartes.edu.ec\/sitio\/fr\/wp-json\/wp\/v2\/media\/13041"}],"wp:attachment":[{"href":"https:\/\/www.uartes.edu.ec\/sitio\/fr\/wp-json\/wp\/v2\/media?parent=13040"}],"wp:term":[{"taxonomy":"category","embeddable":true,"href":"https:\/\/www.uartes.edu.ec\/sitio\/fr\/wp-json\/wp\/v2\/categories?post=13040"},{"taxonomy":"post_tag","embeddable":true,"href":"https:\/\/www.uartes.edu.ec\/sitio\/fr\/wp-json\/wp\/v2\/tags?post=13040"},{"taxonomy":"infouartes","embeddable":true,"href":"https:\/\/www.uartes.edu.ec\/sitio\/fr\/wp-json\/wp\/v2\/infouartes?post=13040"}],"curies":[{"name":"wp","href":"https:\/\/api.w.org\/{rel}","templated":true}]}}