{"id":13111,"date":"2021-03-24T09:30:56","date_gmt":"2021-03-24T14:30:56","guid":{"rendered":"http:\/\/www.uartes.edu.ec\/sitio\/?p=13111"},"modified":"2024-07-04T11:27:30","modified_gmt":"2024-07-04T16:27:30","slug":"angela-arboleda-comparte-en-taller-intensivo-como-cuento-mi-cuento","status":"publish","type":"post","link":"https:\/\/www.uartes.edu.ec\/sitio\/fr\/blog\/2021\/03\/24\/angela-arboleda-comparte-en-taller-intensivo-como-cuento-mi-cuento\/","title":{"rendered":"\u00c1ngela Arboleda comparte en taller intensivo \u00bfC\u00f3mo cuento mi cuento?"},"content":{"rendered":"<p>Es estudiante y docente de la Universidad de las Artes. Unos la identifican como una cuenta cuentos o como una cuentera. Otros, como la de \u201cUn Cerro de Cuentos\u201d, el encuentro internacional de narradores orales que varias veces organiz\u00f3 con la Corporaci\u00f3n Cultural Imaginario. De hecho, en los afiches que promocionan el taller intensivo que dicta la se\u00f1alan as\u00ed: la del Cerro de Cuentos. Se trata de \u00c1ngela Arboleda Jim\u00e9nez, la narradora oral que durante seis semanas y en seis sesiones compartir\u00e1 su experiencia y vivencias en \u201c\u00bfC\u00f3mo cuento mi cuento?\u201d.&nbsp;&nbsp;<\/p>\n\n\n\n<p>El taller intensivo es virtual; se inici\u00f3 el viernes 19 de marzo de 2021 y se extender\u00e1 hasta el 23 de abril, los d\u00edas viernes, de 17:00 a 20:00. Con narradores internacionales invitados a las clases, lo que \u00c1ngela Arboleda har\u00e1 es una introducci\u00f3n a la narraci\u00f3n oral esc\u00e9nica.<\/p>\n\n\n\n<p>\u201cJugaremos a armar historias propias o ajenas para ser contadas oralmente y si quieres las cuentas en p\u00fablico en nuestra sesi\u00f3n de cierre\u201d, se\u00f1ala en el afiche que da cuenta de la actividad. En di\u00e1logo con InfoUArtes, \u00c1ngela Arboleda indic\u00f3 que su propuesta es la de compartir el camino que ella hall\u00f3 para escoger un cuento, estructurarlo y llevarlo a un lenguaje oral para ser contado en un espacio esc\u00e9nico.<\/p>\n\n\n\n<p>En \u201c\u00bfC\u00f3mo cuento mi cuento?\u201d, la narradora oral ecuatoriana busca ir preparando a las personas que tienen inter\u00e9s en contar con herramientas para contar un cuento en cualquier \u00e1mbito, en casa y luego con mucha m\u00e1s pr\u00e1ctica subirse al escenario para contar historias. Dicho de otro modo, las ayudar\u00e1 a contar sus historias.<\/p>\n\n\n\n<p>De c\u00f3mo surgi\u00f3 la idea de realizar el taller intensivo, la narradora oral comenta que debido al encierro para evitar la propagaci\u00f3n de la pandemia por el COVID-19 un amigo, Luis P\u00e1ez, pens\u00f3 en contarles historias a sus hijos, a fin de entretenerlos. En alguna ocasi\u00f3n lo hizo incluso para los compa\u00f1eritos de aula de sus ni\u00f1os y todos lo disfrutaron. \u201c\u00c9l qued\u00f3 muy entusiasmado y me pregunt\u00f3 si pod\u00eda ayudarlo a formarse mejor, para hacerlo mejor y seguir entreteniendo a sus hijos y a todos los ni\u00f1os que pudiese darles un momento de alegr\u00eda en este encierro. Pensamos que pod\u00edamos abrir (esa ense\u00f1anza solicitada) a todas las personas que tuvieren el mismo inter\u00e9s de contarle a sus amigos, amigas, seres queridos historias, aprovechando que estamos m\u00e1s en casa\u201d.<\/p>\n\n\n\n<p>Confiesa que la anim\u00f3, pues no gusta mucho de dar talleres, porque considera es un trabajo complejo y dif\u00edcil, que ense\u00f1ar a contar cuentos es complicado. No obstante, s\u00ed ha dado talleres, en especial cuando ha participado en festivales fuera del pa\u00eds y por lo general piden espect\u00e1culos para adultos, espect\u00e1culos para ni\u00f1os, espect\u00e1culos para espacios especiales: tambi\u00e9n solicitan una charla o un taller. \u201cMe he visto forzada a armar talleres; el \u00faltimo que di fue en Espa\u00f1a, adonde la invitaron especialmente a dar un taller donde compartiera la toda la experiencias sobre la narraci\u00f3n oral infantil\u201d.<\/p>\n\n\n\n<h3 class=\"wp-block-heading\"><strong>El 25 de marzo presenta su libro<\/strong><\/h3>\n\n\n\n<div class=\"wp-block-image is-style-default\"><figure class=\"aligncenter size-full\"><img fetchpriority=\"high\" decoding=\"async\" width=\"2000\" height=\"1333\" src=\"http:\/\/www.uartes.edu.ec\/sitio\/wp-content\/uploads\/2021\/03\/ANGELA-ARBOLEDA2.jpg\" alt=\"\" class=\"wp-image-13113\" srcset=\"https:\/\/www.uartes.edu.ec\/sitio\/wp-content\/uploads\/2021\/03\/ANGELA-ARBOLEDA2.jpg 2000w, https:\/\/www.uartes.edu.ec\/sitio\/wp-content\/uploads\/2021\/03\/ANGELA-ARBOLEDA2-300x200.jpg 300w, https:\/\/www.uartes.edu.ec\/sitio\/wp-content\/uploads\/2021\/03\/ANGELA-ARBOLEDA2-644x429.jpg 644w, https:\/\/www.uartes.edu.ec\/sitio\/wp-content\/uploads\/2021\/03\/ANGELA-ARBOLEDA2-768x512.jpg 768w, https:\/\/www.uartes.edu.ec\/sitio\/wp-content\/uploads\/2021\/03\/ANGELA-ARBOLEDA2-1536x1024.jpg 1536w, https:\/\/www.uartes.edu.ec\/sitio\/wp-content\/uploads\/2021\/03\/ANGELA-ARBOLEDA2-600x400.jpg 600w, https:\/\/www.uartes.edu.ec\/sitio\/wp-content\/uploads\/2021\/03\/ANGELA-ARBOLEDA2-400x267.jpg 400w, https:\/\/www.uartes.edu.ec\/sitio\/wp-content\/uploads\/2021\/03\/ANGELA-ARBOLEDA2-272x182.jpg 272w\" sizes=\"(max-width: 2000px) 100vw, 2000px\" \/><figcaption>Angela Arboleda en \u00ab\u00bfC\u00f3mo cuento mi cuento?\u00bb<\/figcaption><\/figure><\/div>\n\n\n\n<p>Tambi\u00e9n en este mes, el jueves 25, \u00c1ngela Arboleda Jim\u00e9nez tiene previsto realizar la presentaci\u00f3n de su libro Tu\u00e9tano, editado por la editorial Doble Rostro. Ser\u00e1 a las 19:00, en el vest\u00edbulo del Museo Antropol\u00f3gico y de Arte Contempor\u00e1neo (MAAC). En el acto habr\u00e1 un di\u00e1logo con Solange Rodr\u00edguez Pappe, docente UArtes, y Mariella Manrique Garc\u00eda. Con ellas el artista Omar Aguirre.<\/p>\n\n\n\n<p><em>Tu\u00e9tano<\/em> estar\u00e1 en preventa. En Quito estar\u00e1 disponible hasta este domingo en la feria del libro que se realizar\u00e1 en El \u00datero (Reina y Victoria y Carri\u00f3n) junto a otros libros y novedades de Enjambre. Igualmente se har\u00e1 descuento por preventa en otras ciudades, escribiendo al correo electr\u00f3nico <a href=\"mailto:doblerostroeditores@gmail.com\">doblerostroeditores@gmail.com<\/a> o al whatsapp 0998242177.<\/p>","protected":false},"excerpt":{"rendered":"<p>Es estudiante y docente de la Universidad de las Artes. Unos la identifican como una cuenta cuentos o como una cuentera. Otros, como la de \u201cUn Cerro de Cuentos\u201d, el encuentro internacional de narradores orales que varias veces organiz\u00f3 con la Corporaci\u00f3n Cultural Imaginario.<\/p>","protected":false},"author":1,"featured_media":13112,"comment_status":"closed","ping_status":"closed","sticky":false,"template":"","format":"standard","meta":{"_acf_changed":false,"_uag_custom_page_level_css":"","_monsterinsights_skip_tracking":false,"_monsterinsights_sitenote_active":false,"_monsterinsights_sitenote_note":"","_monsterinsights_sitenote_category":0,"cybocfi_hide_featured_image":"","footnotes":""},"categories":[80,75,76,175],"tags":[211],"infouartes":[],"class_list":["post-13111","post","type-post","status-publish","format-standard","has-post-thumbnail","hentry","category-academico","category-docentes","category-estudiantes","category-literatura","tag-covid19"],"acf":[],"yoast_head":"<!-- This site is optimized with the Yoast SEO plugin v27.4 - https:\/\/yoast.com\/product\/yoast-seo-wordpress\/ -->\n<title>Universidad de las Artes - \u00c1ngela Arboleda comparte en taller intensivo \u00bfC\u00f3mo cuento mi cuento?<\/title>\n<meta name=\"description\" content=\"Universidad de las Artes - \u00c1ngela Arboleda comparte en taller intensivo \u00bfC\u00f3mo cuento mi cuento?\" \/>\n<meta name=\"robots\" content=\"index, follow, max-snippet:-1, max-image-preview:large, max-video-preview:-1\" \/>\n<link rel=\"canonical\" href=\"https:\/\/www.uartes.edu.ec\/sitio\/fr\/blog\/2021\/03\/24\/angela-arboleda-comparte-en-taller-intensivo-como-cuento-mi-cuento\/\" \/>\n<meta property=\"og:locale\" content=\"fr_FR\" \/>\n<meta property=\"og:type\" content=\"article\" \/>\n<meta property=\"og:title\" content=\"Universidad de las Artes - \u00c1ngela Arboleda comparte en taller intensivo \u00bfC\u00f3mo cuento mi cuento?\" \/>\n<meta property=\"og:description\" content=\"Universidad de las Artes - \u00c1ngela Arboleda comparte en taller intensivo \u00bfC\u00f3mo cuento mi cuento?\" \/>\n<meta property=\"og:url\" content=\"https:\/\/www.uartes.edu.ec\/sitio\/fr\/blog\/2021\/03\/24\/angela-arboleda-comparte-en-taller-intensivo-como-cuento-mi-cuento\/\" \/>\n<meta property=\"og:site_name\" content=\"Universidad de las Artes\" \/>\n<meta property=\"article:publisher\" content=\"https:\/\/www.facebook.com\/uartesec\" \/>\n<meta property=\"article:published_time\" content=\"2021-03-24T14:30:56+00:00\" \/>\n<meta property=\"article:modified_time\" content=\"2024-07-04T16:27:30+00:00\" \/>\n<meta property=\"og:image\" content=\"https:\/\/www.uartes.edu.ec\/sitio\/wp-content\/uploads\/2021\/03\/ANGELA-ARBOLEDA-22.jpg\" \/>\n\t<meta property=\"og:image:width\" content=\"2000\" \/>\n\t<meta property=\"og:image:height\" content=\"1333\" \/>\n\t<meta property=\"og:image:type\" content=\"image\/jpeg\" \/>\n<meta name=\"author\" content=\"Universidad de las Artes\" \/>\n<meta name=\"twitter:card\" content=\"summary_large_image\" \/>\n<meta name=\"twitter:creator\" content=\"@uartesec\" \/>\n<meta name=\"twitter:site\" content=\"@uartesec\" \/>\n<meta name=\"twitter:label1\" content=\"\u00c9crit par\" \/>\n\t<meta name=\"twitter:data1\" content=\"Universidad de las Artes\" \/>\n\t<meta name=\"twitter:label2\" content=\"Dur\u00e9e de lecture estim\u00e9e\" \/>\n\t<meta name=\"twitter:data2\" content=\"3 minutes\" \/>\n<script type=\"application\/ld+json\" class=\"yoast-schema-graph\">{\"@context\":\"https:\\\/\\\/schema.org\",\"@graph\":[{\"@type\":\"Article\",\"@id\":\"https:\\\/\\\/www.uartes.edu.ec\\\/sitio\\\/fr\\\/blog\\\/2021\\\/03\\\/24\\\/angela-arboleda-comparte-en-taller-intensivo-como-cuento-mi-cuento\\\/#article\",\"isPartOf\":{\"@id\":\"https:\\\/\\\/www.uartes.edu.ec\\\/sitio\\\/fr\\\/blog\\\/2021\\\/03\\\/24\\\/angela-arboleda-comparte-en-taller-intensivo-como-cuento-mi-cuento\\\/\"},\"author\":{\"name\":\"Universidad de las Artes\",\"@id\":\"https:\\\/\\\/www.uartes.edu.ec\\\/sitio\\\/fr\\\/#\\\/schema\\\/person\\\/f33f8c1d2af0d5c80a38c8abf458184a\"},\"headline\":\"\u00c1ngela Arboleda comparte en taller intensivo \u00bfC\u00f3mo cuento mi cuento?\",\"datePublished\":\"2021-03-24T14:30:56+00:00\",\"dateModified\":\"2024-07-04T16:27:30+00:00\",\"mainEntityOfPage\":{\"@id\":\"https:\\\/\\\/www.uartes.edu.ec\\\/sitio\\\/fr\\\/blog\\\/2021\\\/03\\\/24\\\/angela-arboleda-comparte-en-taller-intensivo-como-cuento-mi-cuento\\\/\"},\"wordCount\":678,\"publisher\":{\"@id\":\"https:\\\/\\\/www.uartes.edu.ec\\\/sitio\\\/fr\\\/#organization\"},\"image\":{\"@id\":\"https:\\\/\\\/www.uartes.edu.ec\\\/sitio\\\/fr\\\/blog\\\/2021\\\/03\\\/24\\\/angela-arboleda-comparte-en-taller-intensivo-como-cuento-mi-cuento\\\/#primaryimage\"},\"thumbnailUrl\":\"https:\\\/\\\/www.uartes.edu.ec\\\/sitio\\\/wp-content\\\/uploads\\\/2021\\\/03\\\/ANGELA-ARBOLEDA-22.jpg\",\"keywords\":[\"covid19\"],\"articleSection\":[\"Acad\u00e9mico\",\"Docentes\",\"Estudiantes\",\"Literatura\"],\"inLanguage\":\"fr-FR\"},{\"@type\":[\"WebPage\",\"ItemPage\"],\"@id\":\"https:\\\/\\\/www.uartes.edu.ec\\\/sitio\\\/fr\\\/blog\\\/2021\\\/03\\\/24\\\/angela-arboleda-comparte-en-taller-intensivo-como-cuento-mi-cuento\\\/\",\"url\":\"https:\\\/\\\/www.uartes.edu.ec\\\/sitio\\\/fr\\\/blog\\\/2021\\\/03\\\/24\\\/angela-arboleda-comparte-en-taller-intensivo-como-cuento-mi-cuento\\\/\",\"name\":\"Universidad de las Artes - \u00c1ngela Arboleda comparte en taller intensivo \u00bfC\u00f3mo cuento mi cuento?\",\"isPartOf\":{\"@id\":\"https:\\\/\\\/www.uartes.edu.ec\\\/sitio\\\/fr\\\/#website\"},\"primaryImageOfPage\":{\"@id\":\"https:\\\/\\\/www.uartes.edu.ec\\\/sitio\\\/fr\\\/blog\\\/2021\\\/03\\\/24\\\/angela-arboleda-comparte-en-taller-intensivo-como-cuento-mi-cuento\\\/#primaryimage\"},\"image\":{\"@id\":\"https:\\\/\\\/www.uartes.edu.ec\\\/sitio\\\/fr\\\/blog\\\/2021\\\/03\\\/24\\\/angela-arboleda-comparte-en-taller-intensivo-como-cuento-mi-cuento\\\/#primaryimage\"},\"thumbnailUrl\":\"https:\\\/\\\/www.uartes.edu.ec\\\/sitio\\\/wp-content\\\/uploads\\\/2021\\\/03\\\/ANGELA-ARBOLEDA-22.jpg\",\"datePublished\":\"2021-03-24T14:30:56+00:00\",\"dateModified\":\"2024-07-04T16:27:30+00:00\",\"description\":\"Universidad de las Artes - \u00c1ngela Arboleda comparte en taller intensivo \u00bfC\u00f3mo cuento mi cuento?\",\"breadcrumb\":{\"@id\":\"https:\\\/\\\/www.uartes.edu.ec\\\/sitio\\\/fr\\\/blog\\\/2021\\\/03\\\/24\\\/angela-arboleda-comparte-en-taller-intensivo-como-cuento-mi-cuento\\\/#breadcrumb\"},\"inLanguage\":\"fr-FR\",\"potentialAction\":[{\"@type\":\"ReadAction\",\"target\":[\"https:\\\/\\\/www.uartes.edu.ec\\\/sitio\\\/fr\\\/blog\\\/2021\\\/03\\\/24\\\/angela-arboleda-comparte-en-taller-intensivo-como-cuento-mi-cuento\\\/\"]}]},{\"@type\":\"ImageObject\",\"inLanguage\":\"fr-FR\",\"@id\":\"https:\\\/\\\/www.uartes.edu.ec\\\/sitio\\\/fr\\\/blog\\\/2021\\\/03\\\/24\\\/angela-arboleda-comparte-en-taller-intensivo-como-cuento-mi-cuento\\\/#primaryimage\",\"url\":\"https:\\\/\\\/www.uartes.edu.ec\\\/sitio\\\/wp-content\\\/uploads\\\/2021\\\/03\\\/ANGELA-ARBOLEDA-22.jpg\",\"contentUrl\":\"https:\\\/\\\/www.uartes.edu.ec\\\/sitio\\\/wp-content\\\/uploads\\\/2021\\\/03\\\/ANGELA-ARBOLEDA-22.jpg\",\"width\":2000,\"height\":1333,\"caption\":\"Angela Arboleda en Interactos\"},{\"@type\":\"BreadcrumbList\",\"@id\":\"https:\\\/\\\/www.uartes.edu.ec\\\/sitio\\\/fr\\\/blog\\\/2021\\\/03\\\/24\\\/angela-arboleda-comparte-en-taller-intensivo-como-cuento-mi-cuento\\\/#breadcrumb\",\"itemListElement\":[{\"@type\":\"ListItem\",\"position\":1,\"name\":\"Inicio\",\"item\":\"https:\\\/\\\/www.uartes.edu.ec\\\/sitio\\\/\"},{\"@type\":\"ListItem\",\"position\":2,\"name\":\"\u00c1ngela Arboleda comparte en taller intensivo \u00bfC\u00f3mo cuento mi cuento?\"}]},{\"@type\":\"WebSite\",\"@id\":\"https:\\\/\\\/www.uartes.edu.ec\\\/sitio\\\/fr\\\/#website\",\"url\":\"https:\\\/\\\/www.uartes.edu.ec\\\/sitio\\\/fr\\\/\",\"name\":\"Universidad de las Artes\",\"description\":\"Sitio oficial de la Universidad Nacional de las Artes del Ecuador\",\"publisher\":{\"@id\":\"https:\\\/\\\/www.uartes.edu.ec\\\/sitio\\\/fr\\\/#organization\"},\"potentialAction\":[{\"@type\":\"SearchAction\",\"target\":{\"@type\":\"EntryPoint\",\"urlTemplate\":\"https:\\\/\\\/www.uartes.edu.ec\\\/sitio\\\/fr\\\/?s={search_term_string}\"},\"query-input\":{\"@type\":\"PropertyValueSpecification\",\"valueRequired\":true,\"valueName\":\"search_term_string\"}}],\"inLanguage\":\"fr-FR\"},{\"@type\":\"Organization\",\"@id\":\"https:\\\/\\\/www.uartes.edu.ec\\\/sitio\\\/fr\\\/#organization\",\"name\":\"Universidad de las Artes\",\"url\":\"https:\\\/\\\/www.uartes.edu.ec\\\/sitio\\\/fr\\\/\",\"logo\":{\"@type\":\"ImageObject\",\"inLanguage\":\"fr-FR\",\"@id\":\"https:\\\/\\\/www.uartes.edu.ec\\\/sitio\\\/fr\\\/#\\\/schema\\\/logo\\\/image\\\/\",\"url\":\"https:\\\/\\\/www.uartes.edu.ec\\\/sitio\\\/wp-content\\\/uploads\\\/2022\\\/07\\\/logo-ua-horizontal.png\",\"contentUrl\":\"https:\\\/\\\/www.uartes.edu.ec\\\/sitio\\\/wp-content\\\/uploads\\\/2022\\\/07\\\/logo-ua-horizontal.png\",\"width\":800,\"height\":276,\"caption\":\"Universidad de las Artes\"},\"image\":{\"@id\":\"https:\\\/\\\/www.uartes.edu.ec\\\/sitio\\\/fr\\\/#\\\/schema\\\/logo\\\/image\\\/\"},\"sameAs\":[\"https:\\\/\\\/www.facebook.com\\\/uartesec\",\"https:\\\/\\\/x.com\\\/uartesec\",\"https:\\\/\\\/www.tiktok.com\\\/@uartesec\"]},{\"@type\":\"Person\",\"@id\":\"https:\\\/\\\/www.uartes.edu.ec\\\/sitio\\\/fr\\\/#\\\/schema\\\/person\\\/f33f8c1d2af0d5c80a38c8abf458184a\",\"name\":\"Universidad de las Artes\",\"image\":{\"@type\":\"ImageObject\",\"inLanguage\":\"fr-FR\",\"@id\":\"https:\\\/\\\/secure.gravatar.com\\\/avatar\\\/52e4757902f5cfa5ac52d020e5be83cae5487519154b6c35482fe08d589f3c13?s=96&d=mm&r=g\",\"url\":\"https:\\\/\\\/secure.gravatar.com\\\/avatar\\\/52e4757902f5cfa5ac52d020e5be83cae5487519154b6c35482fe08d589f3c13?s=96&d=mm&r=g\",\"contentUrl\":\"https:\\\/\\\/secure.gravatar.com\\\/avatar\\\/52e4757902f5cfa5ac52d020e5be83cae5487519154b6c35482fe08d589f3c13?s=96&d=mm&r=g\",\"caption\":\"Universidad de las Artes\"},\"url\":\"https:\\\/\\\/www.uartes.edu.ec\\\/sitio\\\/fr\\\/blog\\\/author\\\/dircomadm\\\/\"}]}<\/script>\n<!-- \/ Yoast SEO plugin. -->","yoast_head_json":{"title":"Universidad de las Artes - \u00c1ngela Arboleda comparte en taller intensivo \u00bfC\u00f3mo cuento mi cuento?","description":"Universidad de las Artes - \u00c1ngela Arboleda comparte en taller intensivo \u00bfC\u00f3mo cuento mi cuento?","robots":{"index":"index","follow":"follow","max-snippet":"max-snippet:-1","max-image-preview":"max-image-preview:large","max-video-preview":"max-video-preview:-1"},"canonical":"https:\/\/www.uartes.edu.ec\/sitio\/fr\/blog\/2021\/03\/24\/angela-arboleda-comparte-en-taller-intensivo-como-cuento-mi-cuento\/","og_locale":"fr_FR","og_type":"article","og_title":"Universidad de las Artes - \u00c1ngela Arboleda comparte en taller intensivo \u00bfC\u00f3mo cuento mi cuento?","og_description":"Universidad de las Artes - \u00c1ngela Arboleda comparte en taller intensivo \u00bfC\u00f3mo cuento mi cuento?","og_url":"https:\/\/www.uartes.edu.ec\/sitio\/fr\/blog\/2021\/03\/24\/angela-arboleda-comparte-en-taller-intensivo-como-cuento-mi-cuento\/","og_site_name":"Universidad de las Artes","article_publisher":"https:\/\/www.facebook.com\/uartesec","article_published_time":"2021-03-24T14:30:56+00:00","article_modified_time":"2024-07-04T16:27:30+00:00","og_image":[{"width":2000,"height":1333,"url":"https:\/\/www.uartes.edu.ec\/sitio\/wp-content\/uploads\/2021\/03\/ANGELA-ARBOLEDA-22.jpg","type":"image\/jpeg"}],"author":"Universidad de las Artes","twitter_card":"summary_large_image","twitter_creator":"@uartesec","twitter_site":"@uartesec","twitter_misc":{"\u00c9crit par":"Universidad de las Artes","Dur\u00e9e de lecture estim\u00e9e":"3 minutes"},"schema":{"@context":"https:\/\/schema.org","@graph":[{"@type":"Article","@id":"https:\/\/www.uartes.edu.ec\/sitio\/fr\/blog\/2021\/03\/24\/angela-arboleda-comparte-en-taller-intensivo-como-cuento-mi-cuento\/#article","isPartOf":{"@id":"https:\/\/www.uartes.edu.ec\/sitio\/fr\/blog\/2021\/03\/24\/angela-arboleda-comparte-en-taller-intensivo-como-cuento-mi-cuento\/"},"author":{"name":"Universidad de las Artes","@id":"https:\/\/www.uartes.edu.ec\/sitio\/fr\/#\/schema\/person\/f33f8c1d2af0d5c80a38c8abf458184a"},"headline":"\u00c1ngela Arboleda comparte en taller intensivo \u00bfC\u00f3mo cuento mi cuento?","datePublished":"2021-03-24T14:30:56+00:00","dateModified":"2024-07-04T16:27:30+00:00","mainEntityOfPage":{"@id":"https:\/\/www.uartes.edu.ec\/sitio\/fr\/blog\/2021\/03\/24\/angela-arboleda-comparte-en-taller-intensivo-como-cuento-mi-cuento\/"},"wordCount":678,"publisher":{"@id":"https:\/\/www.uartes.edu.ec\/sitio\/fr\/#organization"},"image":{"@id":"https:\/\/www.uartes.edu.ec\/sitio\/fr\/blog\/2021\/03\/24\/angela-arboleda-comparte-en-taller-intensivo-como-cuento-mi-cuento\/#primaryimage"},"thumbnailUrl":"https:\/\/www.uartes.edu.ec\/sitio\/wp-content\/uploads\/2021\/03\/ANGELA-ARBOLEDA-22.jpg","keywords":["covid19"],"articleSection":["Acad\u00e9mico","Docentes","Estudiantes","Literatura"],"inLanguage":"fr-FR"},{"@type":["WebPage","ItemPage"],"@id":"https:\/\/www.uartes.edu.ec\/sitio\/fr\/blog\/2021\/03\/24\/angela-arboleda-comparte-en-taller-intensivo-como-cuento-mi-cuento\/","url":"https:\/\/www.uartes.edu.ec\/sitio\/fr\/blog\/2021\/03\/24\/angela-arboleda-comparte-en-taller-intensivo-como-cuento-mi-cuento\/","name":"Universidad de las Artes - \u00c1ngela Arboleda comparte en taller intensivo \u00bfC\u00f3mo cuento mi cuento?","isPartOf":{"@id":"https:\/\/www.uartes.edu.ec\/sitio\/fr\/#website"},"primaryImageOfPage":{"@id":"https:\/\/www.uartes.edu.ec\/sitio\/fr\/blog\/2021\/03\/24\/angela-arboleda-comparte-en-taller-intensivo-como-cuento-mi-cuento\/#primaryimage"},"image":{"@id":"https:\/\/www.uartes.edu.ec\/sitio\/fr\/blog\/2021\/03\/24\/angela-arboleda-comparte-en-taller-intensivo-como-cuento-mi-cuento\/#primaryimage"},"thumbnailUrl":"https:\/\/www.uartes.edu.ec\/sitio\/wp-content\/uploads\/2021\/03\/ANGELA-ARBOLEDA-22.jpg","datePublished":"2021-03-24T14:30:56+00:00","dateModified":"2024-07-04T16:27:30+00:00","description":"Universidad de las Artes - \u00c1ngela Arboleda comparte en taller intensivo \u00bfC\u00f3mo cuento mi cuento?","breadcrumb":{"@id":"https:\/\/www.uartes.edu.ec\/sitio\/fr\/blog\/2021\/03\/24\/angela-arboleda-comparte-en-taller-intensivo-como-cuento-mi-cuento\/#breadcrumb"},"inLanguage":"fr-FR","potentialAction":[{"@type":"ReadAction","target":["https:\/\/www.uartes.edu.ec\/sitio\/fr\/blog\/2021\/03\/24\/angela-arboleda-comparte-en-taller-intensivo-como-cuento-mi-cuento\/"]}]},{"@type":"ImageObject","inLanguage":"fr-FR","@id":"https:\/\/www.uartes.edu.ec\/sitio\/fr\/blog\/2021\/03\/24\/angela-arboleda-comparte-en-taller-intensivo-como-cuento-mi-cuento\/#primaryimage","url":"https:\/\/www.uartes.edu.ec\/sitio\/wp-content\/uploads\/2021\/03\/ANGELA-ARBOLEDA-22.jpg","contentUrl":"https:\/\/www.uartes.edu.ec\/sitio\/wp-content\/uploads\/2021\/03\/ANGELA-ARBOLEDA-22.jpg","width":2000,"height":1333,"caption":"Angela Arboleda en Interactos"},{"@type":"BreadcrumbList","@id":"https:\/\/www.uartes.edu.ec\/sitio\/fr\/blog\/2021\/03\/24\/angela-arboleda-comparte-en-taller-intensivo-como-cuento-mi-cuento\/#breadcrumb","itemListElement":[{"@type":"ListItem","position":1,"name":"Inicio","item":"https:\/\/www.uartes.edu.ec\/sitio\/"},{"@type":"ListItem","position":2,"name":"\u00c1ngela Arboleda comparte en taller intensivo \u00bfC\u00f3mo cuento mi cuento?"}]},{"@type":"WebSite","@id":"https:\/\/www.uartes.edu.ec\/sitio\/fr\/#website","url":"https:\/\/www.uartes.edu.ec\/sitio\/fr\/","name":"Universidad de las Artes","description":"Sitio oficial de la Universidad Nacional de las Artes del Ecuador","publisher":{"@id":"https:\/\/www.uartes.edu.ec\/sitio\/fr\/#organization"},"potentialAction":[{"@type":"SearchAction","target":{"@type":"EntryPoint","urlTemplate":"https:\/\/www.uartes.edu.ec\/sitio\/fr\/?s={search_term_string}"},"query-input":{"@type":"PropertyValueSpecification","valueRequired":true,"valueName":"search_term_string"}}],"inLanguage":"fr-FR"},{"@type":"Organization","@id":"https:\/\/www.uartes.edu.ec\/sitio\/fr\/#organization","name":"Universidad de las Artes","url":"https:\/\/www.uartes.edu.ec\/sitio\/fr\/","logo":{"@type":"ImageObject","inLanguage":"fr-FR","@id":"https:\/\/www.uartes.edu.ec\/sitio\/fr\/#\/schema\/logo\/image\/","url":"https:\/\/www.uartes.edu.ec\/sitio\/wp-content\/uploads\/2022\/07\/logo-ua-horizontal.png","contentUrl":"https:\/\/www.uartes.edu.ec\/sitio\/wp-content\/uploads\/2022\/07\/logo-ua-horizontal.png","width":800,"height":276,"caption":"Universidad de las Artes"},"image":{"@id":"https:\/\/www.uartes.edu.ec\/sitio\/fr\/#\/schema\/logo\/image\/"},"sameAs":["https:\/\/www.facebook.com\/uartesec","https:\/\/x.com\/uartesec","https:\/\/www.tiktok.com\/@uartesec"]},{"@type":"Person","@id":"https:\/\/www.uartes.edu.ec\/sitio\/fr\/#\/schema\/person\/f33f8c1d2af0d5c80a38c8abf458184a","name":"Universidad de las Artes","image":{"@type":"ImageObject","inLanguage":"fr-FR","@id":"https:\/\/secure.gravatar.com\/avatar\/52e4757902f5cfa5ac52d020e5be83cae5487519154b6c35482fe08d589f3c13?s=96&d=mm&r=g","url":"https:\/\/secure.gravatar.com\/avatar\/52e4757902f5cfa5ac52d020e5be83cae5487519154b6c35482fe08d589f3c13?s=96&d=mm&r=g","contentUrl":"https:\/\/secure.gravatar.com\/avatar\/52e4757902f5cfa5ac52d020e5be83cae5487519154b6c35482fe08d589f3c13?s=96&d=mm&r=g","caption":"Universidad de las Artes"},"url":"https:\/\/www.uartes.edu.ec\/sitio\/fr\/blog\/author\/dircomadm\/"}]}},"uagb_featured_image_src":{"full":["https:\/\/www.uartes.edu.ec\/sitio\/wp-content\/uploads\/2021\/03\/ANGELA-ARBOLEDA-22.jpg",2000,1333,false],"thumbnail":["https:\/\/www.uartes.edu.ec\/sitio\/wp-content\/uploads\/2021\/03\/ANGELA-ARBOLEDA-22-150x150.jpg",150,150,true],"medium":["https:\/\/www.uartes.edu.ec\/sitio\/wp-content\/uploads\/2021\/03\/ANGELA-ARBOLEDA-22-300x200.jpg",300,200,true],"medium_large":["https:\/\/www.uartes.edu.ec\/sitio\/wp-content\/uploads\/2021\/03\/ANGELA-ARBOLEDA-22-768x512.jpg",768,512,true],"large":["https:\/\/www.uartes.edu.ec\/sitio\/wp-content\/uploads\/2021\/03\/ANGELA-ARBOLEDA-22-644x429.jpg",644,429,true],"1536x1536":["https:\/\/www.uartes.edu.ec\/sitio\/wp-content\/uploads\/2021\/03\/ANGELA-ARBOLEDA-22-1536x1024.jpg",1536,1024,true],"2048x2048":["https:\/\/www.uartes.edu.ec\/sitio\/wp-content\/uploads\/2021\/03\/ANGELA-ARBOLEDA-22.jpg",2000,1333,false],"trp-custom-language-flag":["https:\/\/www.uartes.edu.ec\/sitio\/wp-content\/uploads\/2021\/03\/ANGELA-ARBOLEDA-22.jpg",18,12,false],"htmega_size_585x295":["https:\/\/www.uartes.edu.ec\/sitio\/wp-content\/uploads\/2021\/03\/ANGELA-ARBOLEDA-22-585x295.jpg",585,295,true],"htmega_size_1170x536":["https:\/\/www.uartes.edu.ec\/sitio\/wp-content\/uploads\/2021\/03\/ANGELA-ARBOLEDA-22-1170x536.jpg",1170,536,true],"htmega_size_396x360":["https:\/\/www.uartes.edu.ec\/sitio\/wp-content\/uploads\/2021\/03\/ANGELA-ARBOLEDA-22-396x360.jpg",396,360,true],"gb-block-post-grid-landscape":["https:\/\/www.uartes.edu.ec\/sitio\/wp-content\/uploads\/2021\/03\/ANGELA-ARBOLEDA-22.jpg",600,400,false],"gb-block-post-grid-square":["https:\/\/www.uartes.edu.ec\/sitio\/wp-content\/uploads\/2021\/03\/ANGELA-ARBOLEDA-22.jpg",600,400,false],"university-hub-thumb":["https:\/\/www.uartes.edu.ec\/sitio\/wp-content\/uploads\/2021\/03\/ANGELA-ARBOLEDA-22-400x267.jpg",400,267,true],"mailpoet_newsletter_max":["https:\/\/www.uartes.edu.ec\/sitio\/wp-content\/uploads\/2021\/03\/ANGELA-ARBOLEDA-22.jpg",1320,880,false]},"uagb_author_info":{"display_name":"Universidad de las Artes","author_link":"https:\/\/www.uartes.edu.ec\/sitio\/fr\/blog\/author\/dircomadm\/"},"uagb_comment_info":0,"uagb_excerpt":"Es estudiante y docente de la Universidad de las Artes. Unos la identifican como una cuenta cuentos o como una cuentera. Otros, como la de \u201cUn Cerro de Cuentos\u201d, el encuentro internacional de narradores orales que varias veces organiz\u00f3 con la Corporaci\u00f3n Cultural Imaginario.","featured_image_src":"https:\/\/www.uartes.edu.ec\/sitio\/wp-content\/uploads\/2021\/03\/ANGELA-ARBOLEDA-22.jpg","featured_image_src_square":"https:\/\/www.uartes.edu.ec\/sitio\/wp-content\/uploads\/2021\/03\/ANGELA-ARBOLEDA-22.jpg","author_info":{"display_name":"Universidad de las Artes","author_link":"https:\/\/www.uartes.edu.ec\/sitio\/fr\/blog\/author\/dircomadm\/"},"publishpress_future_workflow_manual_trigger":{"enabledWorkflows":[]},"distributor_meta":false,"distributor_terms":false,"distributor_media":false,"distributor_original_site_name":"Universidad de las Artes","distributor_original_site_url":"https:\/\/www.uartes.edu.ec\/sitio\/fr","push-errors":false,"_links":{"self":[{"href":"https:\/\/www.uartes.edu.ec\/sitio\/fr\/wp-json\/wp\/v2\/posts\/13111","targetHints":{"allow":["GET"]}}],"collection":[{"href":"https:\/\/www.uartes.edu.ec\/sitio\/fr\/wp-json\/wp\/v2\/posts"}],"about":[{"href":"https:\/\/www.uartes.edu.ec\/sitio\/fr\/wp-json\/wp\/v2\/types\/post"}],"author":[{"embeddable":true,"href":"https:\/\/www.uartes.edu.ec\/sitio\/fr\/wp-json\/wp\/v2\/users\/1"}],"replies":[{"embeddable":true,"href":"https:\/\/www.uartes.edu.ec\/sitio\/fr\/wp-json\/wp\/v2\/comments?post=13111"}],"version-history":[{"count":1,"href":"https:\/\/www.uartes.edu.ec\/sitio\/fr\/wp-json\/wp\/v2\/posts\/13111\/revisions"}],"predecessor-version":[{"id":13114,"href":"https:\/\/www.uartes.edu.ec\/sitio\/fr\/wp-json\/wp\/v2\/posts\/13111\/revisions\/13114"}],"wp:featuredmedia":[{"embeddable":true,"href":"https:\/\/www.uartes.edu.ec\/sitio\/fr\/wp-json\/wp\/v2\/media\/13112"}],"wp:attachment":[{"href":"https:\/\/www.uartes.edu.ec\/sitio\/fr\/wp-json\/wp\/v2\/media?parent=13111"}],"wp:term":[{"taxonomy":"category","embeddable":true,"href":"https:\/\/www.uartes.edu.ec\/sitio\/fr\/wp-json\/wp\/v2\/categories?post=13111"},{"taxonomy":"post_tag","embeddable":true,"href":"https:\/\/www.uartes.edu.ec\/sitio\/fr\/wp-json\/wp\/v2\/tags?post=13111"},{"taxonomy":"infouartes","embeddable":true,"href":"https:\/\/www.uartes.edu.ec\/sitio\/fr\/wp-json\/wp\/v2\/infouartes?post=13111"}],"curies":[{"name":"wp","href":"https:\/\/api.w.org\/{rel}","templated":true}]}}