{"id":13160,"date":"2021-03-31T15:40:53","date_gmt":"2021-03-31T20:40:53","guid":{"rendered":"http:\/\/www.uartes.edu.ec\/sitio\/?p=13160"},"modified":"2024-07-04T11:27:29","modified_gmt":"2024-07-04T16:27:29","slug":"en-dialogo-2021-se-analizara-situacion-de-la-casa-de-la-cultura-nucleo-del-guayas","status":"publish","type":"post","link":"https:\/\/www.uartes.edu.ec\/sitio\/fr\/blog\/2021\/03\/31\/en-dialogo-2021-se-analizara-situacion-de-la-casa-de-la-cultura-nucleo-del-guayas\/","title":{"rendered":"En \u201cDi\u00e1logo 2021\u201d se analizar\u00e1 situaci\u00f3n de la Casa de la Cultura N\u00facleo del Guayas"},"content":{"rendered":"<p class=\"has-text-align-right\"><em>En la organizaci\u00f3n del encuentro interviene como gestora cultural independiente <br>Janina Su\u00e1rez Pinz\u00f3n, docente e investigadora de la Universidad de las Artes. Tambi\u00e9n participa, como expositor, Andr\u00e9s Zerega, de MZ14 de la UArtes.<\/em><\/p>\n\n\n\n<p>\u201cComo ciudadanos nos vemos llamados a provocar un encuentro donde democr\u00e1ticamente todas las personas que aspiran asumir la Direcci\u00f3n de la Casa de la Cultura Ecuatoriana N\u00facleo del Guayas (CCNG) expresen sus puntos de vista sobre varios aspectos que involucran la gesti\u00f3n administrativa, financiera, cultural, patrimonial y la planificaci\u00f3n institucional\u201d.<\/p>\n\n\n\n<p>Es el texto del bolet\u00edn que sustenta la realizaci\u00f3n de \u201cDi\u00e1logo 2021\u201d, previsto de manera presencial, con aforo limitado y observando todas las medidas de bioseguridad pertinentes, el mi\u00e9rcoles 6 de abril de 2021, a las 17:00. La jornada se efect\u00faa en la v\u00edspera de las elecciones en la CCNG, la organizan gestores culturales independientes de Guayaquil, equipo integrado por Cristian Levi, Fernando Insua y Janina Su\u00e1rez Pinz\u00f3n, docente e investigadora de la Universidad de las Artes. Participar\u00e1n en la cita Miguel Cantos, H\u00e9ctor Garz\u00f3n, Orlando Sotomayor y Andr\u00e9s Zerega, analista 3 de Innovaci\u00f3n y Asistencia T\u00e9cnica de MZ14, de la UArtes.<\/p>\n\n\n\n<div class=\"wp-block-image is-style-default\"><figure class=\"aligncenter size-full\"><img fetchpriority=\"high\" decoding=\"async\" width=\"2000\" height=\"1333\" src=\"http:\/\/www.uartes.edu.ec\/sitio\/wp-content\/uploads\/2020\/12\/JANINA-OK.jpg\" alt=\"\" class=\"wp-image-11603\" srcset=\"https:\/\/www.uartes.edu.ec\/sitio\/wp-content\/uploads\/2020\/12\/JANINA-OK.jpg 2000w, https:\/\/www.uartes.edu.ec\/sitio\/wp-content\/uploads\/2020\/12\/JANINA-OK-300x200.jpg 300w, https:\/\/www.uartes.edu.ec\/sitio\/wp-content\/uploads\/2020\/12\/JANINA-OK-644x429.jpg 644w, https:\/\/www.uartes.edu.ec\/sitio\/wp-content\/uploads\/2020\/12\/JANINA-OK-768x512.jpg 768w, https:\/\/www.uartes.edu.ec\/sitio\/wp-content\/uploads\/2020\/12\/JANINA-OK-1536x1024.jpg 1536w, https:\/\/www.uartes.edu.ec\/sitio\/wp-content\/uploads\/2020\/12\/JANINA-OK-600x400.jpg 600w, https:\/\/www.uartes.edu.ec\/sitio\/wp-content\/uploads\/2020\/12\/JANINA-OK-1140x760.jpg 1140w, https:\/\/www.uartes.edu.ec\/sitio\/wp-content\/uploads\/2020\/12\/JANINA-OK-272x182.jpg 272w\" sizes=\"(max-width: 2000px) 100vw, 2000px\" \/><figcaption>Janina Su\u00e1rez Pinz\u00f3n, Docente de la UArtes<\/figcaption><\/figure><\/div>\n\n\n\n<p>Los organizadores de \u201cDi\u00e1logo 2021\u201d subrayan que en la trayectoria del n\u00facleo provincial han surgido desaf\u00edos que marcan su trascendencia en la ciudad de Guayaquil y en la provincia del Guayas, \u201cde all\u00ed nuestro inter\u00e9s por analizar diferentes circunstancias que apremian sobre la infraestructura, las reservas, el fondo bibliogr\u00e1fico, los espacios formativos de danza y m\u00fasica, especialmente el rol que tiene en la actualidad la CCNG para la creaci\u00f3n art\u00edstica, producci\u00f3n, difusi\u00f3n, distribuci\u00f3n y disfrute de bienes y servicios culturales\u201d.<\/p>\n\n\n\n<p>Agregan que la CCNG \u201cfue pionera con su Museo de Oro, al igual que en el \u00e1mbito de la \u00f3pera y el ballet con la maestra Ileana Leonidoff y su disc\u00edpula Esperanza Cruz o en temas arqueol\u00f3gicos con el trabajo de Carlos Zevallos Men\u00e9ndez y Resfa Parducci, entre otros aspectos de la historia, por lo que queremos poner en cuesti\u00f3n la vigencia o no en el imaginario ciudadano del dibujo del maestro T\u00e1bara (imagen del afiche promocional) ante el drama del poder en las instituciones culturales\u201d.<\/p>\n\n\n\n<p>El di\u00e1logo ocurrir\u00e1 en el Museo Nahim Isa\u00edas (Pichincha entre Aguirre y Clemente Ball\u00e9n) y se indica que en su din\u00e1mica constar\u00e1 de seis rondas tem\u00e1ticas en las cuales cada participante tendr\u00e1 cinco minutos para intervenir. \u201cDi\u00e1logo 2021\u201d cuenta con el aval de la Fundaci\u00f3n Garza Roja y de Infograma.net.<\/p>","protected":false},"excerpt":{"rendered":"<p>En la organizaci\u00f3n del encuentro interviene como gestora cultural independiente<br \/>\nJanina Su\u00e1rez Pinz\u00f3n, docente e investigadora de la Universidad de las Artes. Tambi\u00e9n participa, como expositor, Andr\u00e9s Zerega, de MZ14 de la UArtes.<\/p>","protected":false},"author":1,"featured_media":13155,"comment_status":"closed","ping_status":"closed","sticky":false,"template":"","format":"standard","meta":{"_acf_changed":false,"_uag_custom_page_level_css":"","_monsterinsights_skip_tracking":false,"_monsterinsights_sitenote_active":false,"_monsterinsights_sitenote_note":"","_monsterinsights_sitenote_category":0,"cybocfi_hide_featured_image":"","footnotes":""},"categories":[75,77,79],"tags":[106],"infouartes":[],"class_list":["post-13160","post","type-post","status-publish","format-standard","has-post-thumbnail","hentry","category-docentes","category-gestion","category-vinculo","tag-mz14"],"acf":[],"yoast_head":"<!-- This site is optimized with the Yoast SEO plugin v27.4 - https:\/\/yoast.com\/product\/yoast-seo-wordpress\/ -->\n<title>Universidad de las Artes - En \u201cDi\u00e1logo 2021\u201d se analizar\u00e1 situaci\u00f3n de la Casa de la Cultura N\u00facleo del Guayas<\/title>\n<meta name=\"description\" content=\"Universidad de las Artes - En \u201cDi\u00e1logo 2021\u201d se analizar\u00e1 situaci\u00f3n de la Casa de la Cultura N\u00facleo del Guayas\" \/>\n<meta name=\"robots\" content=\"index, follow, max-snippet:-1, max-image-preview:large, max-video-preview:-1\" \/>\n<link rel=\"canonical\" href=\"https:\/\/www.uartes.edu.ec\/sitio\/fr\/blog\/2021\/03\/31\/en-dialogo-2021-se-analizara-situacion-de-la-casa-de-la-cultura-nucleo-del-guayas\/\" \/>\n<meta property=\"og:locale\" content=\"fr_FR\" \/>\n<meta property=\"og:type\" content=\"article\" \/>\n<meta property=\"og:title\" content=\"Universidad de las Artes - En \u201cDi\u00e1logo 2021\u201d se analizar\u00e1 situaci\u00f3n de la Casa de la Cultura N\u00facleo del Guayas\" \/>\n<meta property=\"og:description\" content=\"Universidad de las Artes - En \u201cDi\u00e1logo 2021\u201d se analizar\u00e1 situaci\u00f3n de la Casa de la Cultura N\u00facleo del Guayas\" \/>\n<meta property=\"og:url\" content=\"https:\/\/www.uartes.edu.ec\/sitio\/fr\/blog\/2021\/03\/31\/en-dialogo-2021-se-analizara-situacion-de-la-casa-de-la-cultura-nucleo-del-guayas\/\" \/>\n<meta property=\"og:site_name\" content=\"Universidad de las Artes\" \/>\n<meta property=\"article:publisher\" content=\"https:\/\/www.facebook.com\/uartesec\" \/>\n<meta property=\"article:published_time\" content=\"2021-03-31T20:40:53+00:00\" \/>\n<meta property=\"article:modified_time\" content=\"2024-07-04T16:27:29+00:00\" \/>\n<meta property=\"og:image\" content=\"https:\/\/www.uartes.edu.ec\/sitio\/wp-content\/uploads\/2021\/03\/DIALOGO-2021.jpg\" \/>\n\t<meta property=\"og:image:width\" content=\"1999\" \/>\n\t<meta property=\"og:image:height\" content=\"1333\" \/>\n\t<meta property=\"og:image:type\" content=\"image\/jpeg\" \/>\n<meta name=\"author\" content=\"Universidad de las Artes\" \/>\n<meta name=\"twitter:card\" content=\"summary_large_image\" \/>\n<meta name=\"twitter:creator\" content=\"@uartesec\" \/>\n<meta name=\"twitter:site\" content=\"@uartesec\" \/>\n<meta name=\"twitter:label1\" content=\"\u00c9crit par\" \/>\n\t<meta name=\"twitter:data1\" content=\"Universidad de las Artes\" \/>\n\t<meta name=\"twitter:label2\" content=\"Dur\u00e9e de lecture estim\u00e9e\" \/>\n\t<meta name=\"twitter:data2\" content=\"2 minutes\" \/>\n<script type=\"application\/ld+json\" class=\"yoast-schema-graph\">{\"@context\":\"https:\\\/\\\/schema.org\",\"@graph\":[{\"@type\":\"Article\",\"@id\":\"https:\\\/\\\/www.uartes.edu.ec\\\/sitio\\\/fr\\\/blog\\\/2021\\\/03\\\/31\\\/en-dialogo-2021-se-analizara-situacion-de-la-casa-de-la-cultura-nucleo-del-guayas\\\/#article\",\"isPartOf\":{\"@id\":\"https:\\\/\\\/www.uartes.edu.ec\\\/sitio\\\/fr\\\/blog\\\/2021\\\/03\\\/31\\\/en-dialogo-2021-se-analizara-situacion-de-la-casa-de-la-cultura-nucleo-del-guayas\\\/\"},\"author\":{\"name\":\"Universidad de las Artes\",\"@id\":\"https:\\\/\\\/www.uartes.edu.ec\\\/sitio\\\/fr\\\/#\\\/schema\\\/person\\\/f33f8c1d2af0d5c80a38c8abf458184a\"},\"headline\":\"En \u201cDi\u00e1logo 2021\u201d se analizar\u00e1 situaci\u00f3n de la Casa de la Cultura N\u00facleo del Guayas\",\"datePublished\":\"2021-03-31T20:40:53+00:00\",\"dateModified\":\"2024-07-04T16:27:29+00:00\",\"mainEntityOfPage\":{\"@id\":\"https:\\\/\\\/www.uartes.edu.ec\\\/sitio\\\/fr\\\/blog\\\/2021\\\/03\\\/31\\\/en-dialogo-2021-se-analizara-situacion-de-la-casa-de-la-cultura-nucleo-del-guayas\\\/\"},\"wordCount\":468,\"publisher\":{\"@id\":\"https:\\\/\\\/www.uartes.edu.ec\\\/sitio\\\/fr\\\/#organization\"},\"image\":{\"@id\":\"https:\\\/\\\/www.uartes.edu.ec\\\/sitio\\\/fr\\\/blog\\\/2021\\\/03\\\/31\\\/en-dialogo-2021-se-analizara-situacion-de-la-casa-de-la-cultura-nucleo-del-guayas\\\/#primaryimage\"},\"thumbnailUrl\":\"https:\\\/\\\/www.uartes.edu.ec\\\/sitio\\\/wp-content\\\/uploads\\\/2021\\\/03\\\/DIALOGO-2021.jpg\",\"keywords\":[\"mz14\"],\"articleSection\":[\"Docentes\",\"Gesti\u00f3n\",\"V\u00ednculo\"],\"inLanguage\":\"fr-FR\"},{\"@type\":[\"WebPage\",\"ItemPage\"],\"@id\":\"https:\\\/\\\/www.uartes.edu.ec\\\/sitio\\\/fr\\\/blog\\\/2021\\\/03\\\/31\\\/en-dialogo-2021-se-analizara-situacion-de-la-casa-de-la-cultura-nucleo-del-guayas\\\/\",\"url\":\"https:\\\/\\\/www.uartes.edu.ec\\\/sitio\\\/fr\\\/blog\\\/2021\\\/03\\\/31\\\/en-dialogo-2021-se-analizara-situacion-de-la-casa-de-la-cultura-nucleo-del-guayas\\\/\",\"name\":\"Universidad de las Artes - En \u201cDi\u00e1logo 2021\u201d se analizar\u00e1 situaci\u00f3n de la Casa de la Cultura N\u00facleo del Guayas\",\"isPartOf\":{\"@id\":\"https:\\\/\\\/www.uartes.edu.ec\\\/sitio\\\/fr\\\/#website\"},\"primaryImageOfPage\":{\"@id\":\"https:\\\/\\\/www.uartes.edu.ec\\\/sitio\\\/fr\\\/blog\\\/2021\\\/03\\\/31\\\/en-dialogo-2021-se-analizara-situacion-de-la-casa-de-la-cultura-nucleo-del-guayas\\\/#primaryimage\"},\"image\":{\"@id\":\"https:\\\/\\\/www.uartes.edu.ec\\\/sitio\\\/fr\\\/blog\\\/2021\\\/03\\\/31\\\/en-dialogo-2021-se-analizara-situacion-de-la-casa-de-la-cultura-nucleo-del-guayas\\\/#primaryimage\"},\"thumbnailUrl\":\"https:\\\/\\\/www.uartes.edu.ec\\\/sitio\\\/wp-content\\\/uploads\\\/2021\\\/03\\\/DIALOGO-2021.jpg\",\"datePublished\":\"2021-03-31T20:40:53+00:00\",\"dateModified\":\"2024-07-04T16:27:29+00:00\",\"description\":\"Universidad de las Artes - En \u201cDi\u00e1logo 2021\u201d se analizar\u00e1 situaci\u00f3n de la Casa de la Cultura N\u00facleo del Guayas\",\"breadcrumb\":{\"@id\":\"https:\\\/\\\/www.uartes.edu.ec\\\/sitio\\\/fr\\\/blog\\\/2021\\\/03\\\/31\\\/en-dialogo-2021-se-analizara-situacion-de-la-casa-de-la-cultura-nucleo-del-guayas\\\/#breadcrumb\"},\"inLanguage\":\"fr-FR\",\"potentialAction\":[{\"@type\":\"ReadAction\",\"target\":[\"https:\\\/\\\/www.uartes.edu.ec\\\/sitio\\\/fr\\\/blog\\\/2021\\\/03\\\/31\\\/en-dialogo-2021-se-analizara-situacion-de-la-casa-de-la-cultura-nucleo-del-guayas\\\/\"]}]},{\"@type\":\"ImageObject\",\"inLanguage\":\"fr-FR\",\"@id\":\"https:\\\/\\\/www.uartes.edu.ec\\\/sitio\\\/fr\\\/blog\\\/2021\\\/03\\\/31\\\/en-dialogo-2021-se-analizara-situacion-de-la-casa-de-la-cultura-nucleo-del-guayas\\\/#primaryimage\",\"url\":\"https:\\\/\\\/www.uartes.edu.ec\\\/sitio\\\/wp-content\\\/uploads\\\/2021\\\/03\\\/DIALOGO-2021.jpg\",\"contentUrl\":\"https:\\\/\\\/www.uartes.edu.ec\\\/sitio\\\/wp-content\\\/uploads\\\/2021\\\/03\\\/DIALOGO-2021.jpg\",\"width\":1999,\"height\":1333,\"caption\":\"Di\u00e1logo 2021 de la Casa de la Cultura N\u00facleo del Guayas.\"},{\"@type\":\"BreadcrumbList\",\"@id\":\"https:\\\/\\\/www.uartes.edu.ec\\\/sitio\\\/fr\\\/blog\\\/2021\\\/03\\\/31\\\/en-dialogo-2021-se-analizara-situacion-de-la-casa-de-la-cultura-nucleo-del-guayas\\\/#breadcrumb\",\"itemListElement\":[{\"@type\":\"ListItem\",\"position\":1,\"name\":\"Inicio\",\"item\":\"https:\\\/\\\/www.uartes.edu.ec\\\/sitio\\\/\"},{\"@type\":\"ListItem\",\"position\":2,\"name\":\"En \u201cDi\u00e1logo 2021\u201d se analizar\u00e1 situaci\u00f3n de la Casa de la Cultura N\u00facleo del Guayas\"}]},{\"@type\":\"WebSite\",\"@id\":\"https:\\\/\\\/www.uartes.edu.ec\\\/sitio\\\/fr\\\/#website\",\"url\":\"https:\\\/\\\/www.uartes.edu.ec\\\/sitio\\\/fr\\\/\",\"name\":\"Universidad de las Artes\",\"description\":\"Sitio oficial de la Universidad Nacional de las Artes del Ecuador\",\"publisher\":{\"@id\":\"https:\\\/\\\/www.uartes.edu.ec\\\/sitio\\\/fr\\\/#organization\"},\"potentialAction\":[{\"@type\":\"SearchAction\",\"target\":{\"@type\":\"EntryPoint\",\"urlTemplate\":\"https:\\\/\\\/www.uartes.edu.ec\\\/sitio\\\/fr\\\/?s={search_term_string}\"},\"query-input\":{\"@type\":\"PropertyValueSpecification\",\"valueRequired\":true,\"valueName\":\"search_term_string\"}}],\"inLanguage\":\"fr-FR\"},{\"@type\":\"Organization\",\"@id\":\"https:\\\/\\\/www.uartes.edu.ec\\\/sitio\\\/fr\\\/#organization\",\"name\":\"Universidad de las Artes\",\"url\":\"https:\\\/\\\/www.uartes.edu.ec\\\/sitio\\\/fr\\\/\",\"logo\":{\"@type\":\"ImageObject\",\"inLanguage\":\"fr-FR\",\"@id\":\"https:\\\/\\\/www.uartes.edu.ec\\\/sitio\\\/fr\\\/#\\\/schema\\\/logo\\\/image\\\/\",\"url\":\"https:\\\/\\\/www.uartes.edu.ec\\\/sitio\\\/wp-content\\\/uploads\\\/2022\\\/07\\\/logo-ua-horizontal.png\",\"contentUrl\":\"https:\\\/\\\/www.uartes.edu.ec\\\/sitio\\\/wp-content\\\/uploads\\\/2022\\\/07\\\/logo-ua-horizontal.png\",\"width\":800,\"height\":276,\"caption\":\"Universidad de las Artes\"},\"image\":{\"@id\":\"https:\\\/\\\/www.uartes.edu.ec\\\/sitio\\\/fr\\\/#\\\/schema\\\/logo\\\/image\\\/\"},\"sameAs\":[\"https:\\\/\\\/www.facebook.com\\\/uartesec\",\"https:\\\/\\\/x.com\\\/uartesec\",\"https:\\\/\\\/www.tiktok.com\\\/@uartesec\"]},{\"@type\":\"Person\",\"@id\":\"https:\\\/\\\/www.uartes.edu.ec\\\/sitio\\\/fr\\\/#\\\/schema\\\/person\\\/f33f8c1d2af0d5c80a38c8abf458184a\",\"name\":\"Universidad de las Artes\",\"image\":{\"@type\":\"ImageObject\",\"inLanguage\":\"fr-FR\",\"@id\":\"https:\\\/\\\/secure.gravatar.com\\\/avatar\\\/52e4757902f5cfa5ac52d020e5be83cae5487519154b6c35482fe08d589f3c13?s=96&d=mm&r=g\",\"url\":\"https:\\\/\\\/secure.gravatar.com\\\/avatar\\\/52e4757902f5cfa5ac52d020e5be83cae5487519154b6c35482fe08d589f3c13?s=96&d=mm&r=g\",\"contentUrl\":\"https:\\\/\\\/secure.gravatar.com\\\/avatar\\\/52e4757902f5cfa5ac52d020e5be83cae5487519154b6c35482fe08d589f3c13?s=96&d=mm&r=g\",\"caption\":\"Universidad de las Artes\"},\"url\":\"https:\\\/\\\/www.uartes.edu.ec\\\/sitio\\\/fr\\\/blog\\\/author\\\/dircomadm\\\/\"}]}<\/script>\n<!-- \/ Yoast SEO plugin. -->","yoast_head_json":{"title":"Universidad de las Artes - En \u201cDi\u00e1logo 2021\u201d se analizar\u00e1 situaci\u00f3n de la Casa de la Cultura N\u00facleo del Guayas","description":"Universidad de las Artes - En \u201cDi\u00e1logo 2021\u201d se analizar\u00e1 situaci\u00f3n de la Casa de la Cultura N\u00facleo del Guayas","robots":{"index":"index","follow":"follow","max-snippet":"max-snippet:-1","max-image-preview":"max-image-preview:large","max-video-preview":"max-video-preview:-1"},"canonical":"https:\/\/www.uartes.edu.ec\/sitio\/fr\/blog\/2021\/03\/31\/en-dialogo-2021-se-analizara-situacion-de-la-casa-de-la-cultura-nucleo-del-guayas\/","og_locale":"fr_FR","og_type":"article","og_title":"Universidad de las Artes - En \u201cDi\u00e1logo 2021\u201d se analizar\u00e1 situaci\u00f3n de la Casa de la Cultura N\u00facleo del Guayas","og_description":"Universidad de las Artes - En \u201cDi\u00e1logo 2021\u201d se analizar\u00e1 situaci\u00f3n de la Casa de la Cultura N\u00facleo del Guayas","og_url":"https:\/\/www.uartes.edu.ec\/sitio\/fr\/blog\/2021\/03\/31\/en-dialogo-2021-se-analizara-situacion-de-la-casa-de-la-cultura-nucleo-del-guayas\/","og_site_name":"Universidad de las Artes","article_publisher":"https:\/\/www.facebook.com\/uartesec","article_published_time":"2021-03-31T20:40:53+00:00","article_modified_time":"2024-07-04T16:27:29+00:00","og_image":[{"width":1999,"height":1333,"url":"https:\/\/www.uartes.edu.ec\/sitio\/wp-content\/uploads\/2021\/03\/DIALOGO-2021.jpg","type":"image\/jpeg"}],"author":"Universidad de las Artes","twitter_card":"summary_large_image","twitter_creator":"@uartesec","twitter_site":"@uartesec","twitter_misc":{"\u00c9crit par":"Universidad de las Artes","Dur\u00e9e de lecture estim\u00e9e":"2 minutes"},"schema":{"@context":"https:\/\/schema.org","@graph":[{"@type":"Article","@id":"https:\/\/www.uartes.edu.ec\/sitio\/fr\/blog\/2021\/03\/31\/en-dialogo-2021-se-analizara-situacion-de-la-casa-de-la-cultura-nucleo-del-guayas\/#article","isPartOf":{"@id":"https:\/\/www.uartes.edu.ec\/sitio\/fr\/blog\/2021\/03\/31\/en-dialogo-2021-se-analizara-situacion-de-la-casa-de-la-cultura-nucleo-del-guayas\/"},"author":{"name":"Universidad de las Artes","@id":"https:\/\/www.uartes.edu.ec\/sitio\/fr\/#\/schema\/person\/f33f8c1d2af0d5c80a38c8abf458184a"},"headline":"En \u201cDi\u00e1logo 2021\u201d se analizar\u00e1 situaci\u00f3n de la Casa de la Cultura N\u00facleo del Guayas","datePublished":"2021-03-31T20:40:53+00:00","dateModified":"2024-07-04T16:27:29+00:00","mainEntityOfPage":{"@id":"https:\/\/www.uartes.edu.ec\/sitio\/fr\/blog\/2021\/03\/31\/en-dialogo-2021-se-analizara-situacion-de-la-casa-de-la-cultura-nucleo-del-guayas\/"},"wordCount":468,"publisher":{"@id":"https:\/\/www.uartes.edu.ec\/sitio\/fr\/#organization"},"image":{"@id":"https:\/\/www.uartes.edu.ec\/sitio\/fr\/blog\/2021\/03\/31\/en-dialogo-2021-se-analizara-situacion-de-la-casa-de-la-cultura-nucleo-del-guayas\/#primaryimage"},"thumbnailUrl":"https:\/\/www.uartes.edu.ec\/sitio\/wp-content\/uploads\/2021\/03\/DIALOGO-2021.jpg","keywords":["mz14"],"articleSection":["Docentes","Gesti\u00f3n","V\u00ednculo"],"inLanguage":"fr-FR"},{"@type":["WebPage","ItemPage"],"@id":"https:\/\/www.uartes.edu.ec\/sitio\/fr\/blog\/2021\/03\/31\/en-dialogo-2021-se-analizara-situacion-de-la-casa-de-la-cultura-nucleo-del-guayas\/","url":"https:\/\/www.uartes.edu.ec\/sitio\/fr\/blog\/2021\/03\/31\/en-dialogo-2021-se-analizara-situacion-de-la-casa-de-la-cultura-nucleo-del-guayas\/","name":"Universidad de las Artes - En \u201cDi\u00e1logo 2021\u201d se analizar\u00e1 situaci\u00f3n de la Casa de la Cultura N\u00facleo del Guayas","isPartOf":{"@id":"https:\/\/www.uartes.edu.ec\/sitio\/fr\/#website"},"primaryImageOfPage":{"@id":"https:\/\/www.uartes.edu.ec\/sitio\/fr\/blog\/2021\/03\/31\/en-dialogo-2021-se-analizara-situacion-de-la-casa-de-la-cultura-nucleo-del-guayas\/#primaryimage"},"image":{"@id":"https:\/\/www.uartes.edu.ec\/sitio\/fr\/blog\/2021\/03\/31\/en-dialogo-2021-se-analizara-situacion-de-la-casa-de-la-cultura-nucleo-del-guayas\/#primaryimage"},"thumbnailUrl":"https:\/\/www.uartes.edu.ec\/sitio\/wp-content\/uploads\/2021\/03\/DIALOGO-2021.jpg","datePublished":"2021-03-31T20:40:53+00:00","dateModified":"2024-07-04T16:27:29+00:00","description":"Universidad de las Artes - En \u201cDi\u00e1logo 2021\u201d se analizar\u00e1 situaci\u00f3n de la Casa de la Cultura N\u00facleo del Guayas","breadcrumb":{"@id":"https:\/\/www.uartes.edu.ec\/sitio\/fr\/blog\/2021\/03\/31\/en-dialogo-2021-se-analizara-situacion-de-la-casa-de-la-cultura-nucleo-del-guayas\/#breadcrumb"},"inLanguage":"fr-FR","potentialAction":[{"@type":"ReadAction","target":["https:\/\/www.uartes.edu.ec\/sitio\/fr\/blog\/2021\/03\/31\/en-dialogo-2021-se-analizara-situacion-de-la-casa-de-la-cultura-nucleo-del-guayas\/"]}]},{"@type":"ImageObject","inLanguage":"fr-FR","@id":"https:\/\/www.uartes.edu.ec\/sitio\/fr\/blog\/2021\/03\/31\/en-dialogo-2021-se-analizara-situacion-de-la-casa-de-la-cultura-nucleo-del-guayas\/#primaryimage","url":"https:\/\/www.uartes.edu.ec\/sitio\/wp-content\/uploads\/2021\/03\/DIALOGO-2021.jpg","contentUrl":"https:\/\/www.uartes.edu.ec\/sitio\/wp-content\/uploads\/2021\/03\/DIALOGO-2021.jpg","width":1999,"height":1333,"caption":"Di\u00e1logo 2021 de la Casa de la Cultura N\u00facleo del Guayas."},{"@type":"BreadcrumbList","@id":"https:\/\/www.uartes.edu.ec\/sitio\/fr\/blog\/2021\/03\/31\/en-dialogo-2021-se-analizara-situacion-de-la-casa-de-la-cultura-nucleo-del-guayas\/#breadcrumb","itemListElement":[{"@type":"ListItem","position":1,"name":"Inicio","item":"https:\/\/www.uartes.edu.ec\/sitio\/"},{"@type":"ListItem","position":2,"name":"En \u201cDi\u00e1logo 2021\u201d se analizar\u00e1 situaci\u00f3n de la Casa de la Cultura N\u00facleo del Guayas"}]},{"@type":"WebSite","@id":"https:\/\/www.uartes.edu.ec\/sitio\/fr\/#website","url":"https:\/\/www.uartes.edu.ec\/sitio\/fr\/","name":"Universidad de las Artes","description":"Sitio oficial de la Universidad Nacional de las Artes del Ecuador","publisher":{"@id":"https:\/\/www.uartes.edu.ec\/sitio\/fr\/#organization"},"potentialAction":[{"@type":"SearchAction","target":{"@type":"EntryPoint","urlTemplate":"https:\/\/www.uartes.edu.ec\/sitio\/fr\/?s={search_term_string}"},"query-input":{"@type":"PropertyValueSpecification","valueRequired":true,"valueName":"search_term_string"}}],"inLanguage":"fr-FR"},{"@type":"Organization","@id":"https:\/\/www.uartes.edu.ec\/sitio\/fr\/#organization","name":"Universidad de las Artes","url":"https:\/\/www.uartes.edu.ec\/sitio\/fr\/","logo":{"@type":"ImageObject","inLanguage":"fr-FR","@id":"https:\/\/www.uartes.edu.ec\/sitio\/fr\/#\/schema\/logo\/image\/","url":"https:\/\/www.uartes.edu.ec\/sitio\/wp-content\/uploads\/2022\/07\/logo-ua-horizontal.png","contentUrl":"https:\/\/www.uartes.edu.ec\/sitio\/wp-content\/uploads\/2022\/07\/logo-ua-horizontal.png","width":800,"height":276,"caption":"Universidad de las Artes"},"image":{"@id":"https:\/\/www.uartes.edu.ec\/sitio\/fr\/#\/schema\/logo\/image\/"},"sameAs":["https:\/\/www.facebook.com\/uartesec","https:\/\/x.com\/uartesec","https:\/\/www.tiktok.com\/@uartesec"]},{"@type":"Person","@id":"https:\/\/www.uartes.edu.ec\/sitio\/fr\/#\/schema\/person\/f33f8c1d2af0d5c80a38c8abf458184a","name":"Universidad de las Artes","image":{"@type":"ImageObject","inLanguage":"fr-FR","@id":"https:\/\/secure.gravatar.com\/avatar\/52e4757902f5cfa5ac52d020e5be83cae5487519154b6c35482fe08d589f3c13?s=96&d=mm&r=g","url":"https:\/\/secure.gravatar.com\/avatar\/52e4757902f5cfa5ac52d020e5be83cae5487519154b6c35482fe08d589f3c13?s=96&d=mm&r=g","contentUrl":"https:\/\/secure.gravatar.com\/avatar\/52e4757902f5cfa5ac52d020e5be83cae5487519154b6c35482fe08d589f3c13?s=96&d=mm&r=g","caption":"Universidad de las Artes"},"url":"https:\/\/www.uartes.edu.ec\/sitio\/fr\/blog\/author\/dircomadm\/"}]}},"uagb_featured_image_src":{"full":["https:\/\/www.uartes.edu.ec\/sitio\/wp-content\/uploads\/2021\/03\/DIALOGO-2021.jpg",1999,1333,false],"thumbnail":["https:\/\/www.uartes.edu.ec\/sitio\/wp-content\/uploads\/2021\/03\/DIALOGO-2021-150x150.jpg",150,150,true],"medium":["https:\/\/www.uartes.edu.ec\/sitio\/wp-content\/uploads\/2021\/03\/DIALOGO-2021-300x200.jpg",300,200,true],"medium_large":["https:\/\/www.uartes.edu.ec\/sitio\/wp-content\/uploads\/2021\/03\/DIALOGO-2021-768x512.jpg",768,512,true],"large":["https:\/\/www.uartes.edu.ec\/sitio\/wp-content\/uploads\/2021\/03\/DIALOGO-2021-644x429.jpg",644,429,true],"1536x1536":["https:\/\/www.uartes.edu.ec\/sitio\/wp-content\/uploads\/2021\/03\/DIALOGO-2021-1536x1024.jpg",1536,1024,true],"2048x2048":["https:\/\/www.uartes.edu.ec\/sitio\/wp-content\/uploads\/2021\/03\/DIALOGO-2021.jpg",1999,1333,false],"trp-custom-language-flag":["https:\/\/www.uartes.edu.ec\/sitio\/wp-content\/uploads\/2021\/03\/DIALOGO-2021.jpg",18,12,false],"htmega_size_585x295":["https:\/\/www.uartes.edu.ec\/sitio\/wp-content\/uploads\/2021\/03\/DIALOGO-2021-585x295.jpg",585,295,true],"htmega_size_1170x536":["https:\/\/www.uartes.edu.ec\/sitio\/wp-content\/uploads\/2021\/03\/DIALOGO-2021-1170x536.jpg",1170,536,true],"htmega_size_396x360":["https:\/\/www.uartes.edu.ec\/sitio\/wp-content\/uploads\/2021\/03\/DIALOGO-2021-396x360.jpg",396,360,true],"gb-block-post-grid-landscape":["https:\/\/www.uartes.edu.ec\/sitio\/wp-content\/uploads\/2021\/03\/DIALOGO-2021.jpg",600,400,false],"gb-block-post-grid-square":["https:\/\/www.uartes.edu.ec\/sitio\/wp-content\/uploads\/2021\/03\/DIALOGO-2021.jpg",600,400,false],"university-hub-thumb":["https:\/\/www.uartes.edu.ec\/sitio\/wp-content\/uploads\/2021\/03\/DIALOGO-2021-400x267.jpg",400,267,true]},"uagb_author_info":{"display_name":"Universidad de las Artes","author_link":"https:\/\/www.uartes.edu.ec\/sitio\/fr\/blog\/author\/dircomadm\/"},"uagb_comment_info":0,"uagb_excerpt":"En la organizaci\u00f3n del encuentro interviene como gestora cultural independiente Janina Su\u00e1rez Pinz\u00f3n, docente e investigadora de la Universidad de las Artes. Tambi\u00e9n participa, como expositor, Andr\u00e9s Zerega, de MZ14 de la UArtes.","featured_image_src":"https:\/\/www.uartes.edu.ec\/sitio\/wp-content\/uploads\/2021\/03\/DIALOGO-2021.jpg","featured_image_src_square":"https:\/\/www.uartes.edu.ec\/sitio\/wp-content\/uploads\/2021\/03\/DIALOGO-2021.jpg","author_info":{"display_name":"Universidad de las Artes","author_link":"https:\/\/www.uartes.edu.ec\/sitio\/fr\/blog\/author\/dircomadm\/"},"publishpress_future_workflow_manual_trigger":{"enabledWorkflows":[]},"distributor_meta":false,"distributor_terms":false,"distributor_media":false,"distributor_original_site_name":"Universidad de las Artes","distributor_original_site_url":"https:\/\/www.uartes.edu.ec\/sitio\/fr","push-errors":false,"_links":{"self":[{"href":"https:\/\/www.uartes.edu.ec\/sitio\/fr\/wp-json\/wp\/v2\/posts\/13160","targetHints":{"allow":["GET"]}}],"collection":[{"href":"https:\/\/www.uartes.edu.ec\/sitio\/fr\/wp-json\/wp\/v2\/posts"}],"about":[{"href":"https:\/\/www.uartes.edu.ec\/sitio\/fr\/wp-json\/wp\/v2\/types\/post"}],"author":[{"embeddable":true,"href":"https:\/\/www.uartes.edu.ec\/sitio\/fr\/wp-json\/wp\/v2\/users\/1"}],"replies":[{"embeddable":true,"href":"https:\/\/www.uartes.edu.ec\/sitio\/fr\/wp-json\/wp\/v2\/comments?post=13160"}],"version-history":[{"count":1,"href":"https:\/\/www.uartes.edu.ec\/sitio\/fr\/wp-json\/wp\/v2\/posts\/13160\/revisions"}],"predecessor-version":[{"id":13161,"href":"https:\/\/www.uartes.edu.ec\/sitio\/fr\/wp-json\/wp\/v2\/posts\/13160\/revisions\/13161"}],"wp:featuredmedia":[{"embeddable":true,"href":"https:\/\/www.uartes.edu.ec\/sitio\/fr\/wp-json\/wp\/v2\/media\/13155"}],"wp:attachment":[{"href":"https:\/\/www.uartes.edu.ec\/sitio\/fr\/wp-json\/wp\/v2\/media?parent=13160"}],"wp:term":[{"taxonomy":"category","embeddable":true,"href":"https:\/\/www.uartes.edu.ec\/sitio\/fr\/wp-json\/wp\/v2\/categories?post=13160"},{"taxonomy":"post_tag","embeddable":true,"href":"https:\/\/www.uartes.edu.ec\/sitio\/fr\/wp-json\/wp\/v2\/tags?post=13160"},{"taxonomy":"infouartes","embeddable":true,"href":"https:\/\/www.uartes.edu.ec\/sitio\/fr\/wp-json\/wp\/v2\/infouartes?post=13160"}],"curies":[{"name":"wp","href":"https:\/\/api.w.org\/{rel}","templated":true}]}}