{"id":13395,"date":"2021-04-23T19:36:33","date_gmt":"2021-04-24T00:36:33","guid":{"rendered":"http:\/\/www.uartes.edu.ec\/sitio\/?p=13395"},"modified":"2024-07-04T11:27:23","modified_gmt":"2024-07-04T16:27:23","slug":"del-3-al-5-de-mayo-se-realizara-la-iv-edicion-de-las-conferencias-de-audio-y-sonido-del-ecuador","status":"publish","type":"post","link":"https:\/\/www.uartes.edu.ec\/sitio\/fr\/blog\/2021\/04\/23\/del-3-al-5-de-mayo-se-realizara-la-iv-edicion-de-las-conferencias-de-audio-y-sonido-del-ecuador\/","title":{"rendered":"Del 3 al 5 de mayo se realizar\u00e1 la IV edici\u00f3n de las Conferencias de Audio y Sonido del Ecuador"},"content":{"rendered":"<p>La Universidad de las Artes (UArtes) y su Escuela de Artes Sonoras (EAS) desarrollar\u00e1n del 3 al 5 de mayo de 2021 la cuarta edici\u00f3n de las Conferencias de Audio y Sonido del Ecuador (CASE). Como en la cita anterior, y debido a la pandemia por COVID-19, ser\u00e1 de manera virtual. Previa inscripci\u00f3n, sus jornadas tendr\u00e1n libre acceso y estar\u00e1n dirigidas a la comunidad universitaria, a quienes est\u00e9n interesados e inmersos en la producci\u00f3n musical y al p\u00fablico en general.<\/p>\n\n\n\n<p>El itinerario de las CASE est\u00e1 lleno de reconocidos profesionales nacionales e internacionales, quienes ofrecer\u00e1n y mantendr\u00e1n charlas magistrales, talleres, conferencias y conversatorios acerca de las especificidades de la producci\u00f3n musical y del trabajo con audio. Acorde a su cronograma, las Conferencias de Audio y Sonido del Ecuador arrancar\u00e1n el lunes 3 de mayo, a las 10:00, con Danny Dee en el tema \u201cOptimizando su Home Studio\u201d. Desde las 11:00, Widinson, Sergio Sacoto (PC) y Paola Navarrete ser\u00e1n los invitados a dialogar sobre \u201cArtistas ecuatorianos\u201d; intervendr\u00e1 como moderador To\u00f1o Cepeda.<\/p>\n\n\n\n<p>Tras el break, desde 16:00 hasta las 18:00, el argentino Ezequiel Morfi tratar\u00e1 sobre las \u201cHerramientas de mezclas y masterizaci\u00f3n gratuitas\u201d; modera, Daniel Orejuela, docente de la EAS. Posteriormente, de 18:00 a 19:00, Ivis Flies y Alex Alvear har\u00e1n una retroalimentaci\u00f3n de trabajos de los estudiantes de la carrera. Y, desde las 20:00 hasta las 21:00, est\u00e1n programados los Conciertos v\u00eda streaming, a cargo de Yamil Mart\u00ednez y Edu Reyes.<\/p>\n\n\n\n<p>En su segunda jornada, d\u00eda martes 4 de mayo, las Conferencias de Audio y Sonido del Ecuador se iniciar\u00e1n a las 10:00 con la tem\u00e1tica \u201cM\u00fasica popular ecuatoriana\u201d; intervendr\u00e1n Carlos Gallegos, como expositor, y el docente Dar\u00edo Buitr\u00f3n, como moderador.<\/p>\n\n\n\n<p>\u201cLas caras detr\u00e1s de las caras\u201d se titula el conversatorio en el que participar\u00e1n, de 11:00 a 12:00 y de 12:00 a 13:00, Jorge Mart\u00ednez, Jorge Luis Boh\u00f3rquez, Luis Castro y Willie Tamayo; modera, Daniel Orejuela.<\/p>\n\n\n\n<p>Desde las 13:00 a 14:00 se desarrollar\u00e1 el \u201cNetworking\u201d, con Berni y Diego como moderadores. A las 16:00 tendr\u00e1 inicio el conversatorio \u201cGestando proyectos en pandemia\u201d, el cual se extender\u00e1 hasta las 18:00 y contar\u00e1 con las participaciones de Dennise Santos, Grecia Alb\u00e1n, Luz Pinos, Fabiola Pazmi\u00f1o y Tania Navarrete; modera, Berni Ubidia.<\/p>\n\n\n\n<p>Entre las 18:00 y 19:00 se har\u00e1 el anuncio de los finalistas de la competencia Mezcla AES y se registrar\u00e1n las exposiciones de Renato Zamora y Juan Jim\u00e9nez, con la moderaci\u00f3n de Diego Benalc\u00e1zar. Las actividades del CASE concluir\u00e1n con la ponencia \u201cTecnolog\u00eda y Contratecnolog\u00eda\u201d, con Mario Breuer; ser\u00e1 de 19:00 a 21:00; modera, To\u00f1o Cepeda.<\/p>\n\n\n\n<p>El \u00faltimo d\u00eda de las Conferencias de Audio y Sonido del Ecuador, el mi\u00e9rcoles 5 de mayo, arrancar\u00e1 con el tema \u201cInconsistencias en diferentes equipos de producci\u00f3n\u201d. Ser\u00e1 de 10:00 a 11:00 y tendr\u00e1 como invitado a Ugis Kampars; modera, Daniel Orejuela.<\/p>\n\n\n\n<p>De 11:00 a 12:00, Max Noach abordar\u00e1 el tema \u201cLevantando el velo\u2026 Los secretos tras la sonoridad de SSL\u201d; modera, Daniel Orejuela.<\/p>\n\n\n\n<p>De 12:00 a 13:00, los docentes Andr\u00e9s Bracero, de la UArtes, y Gaby Y\u00e1nez, de la UDLA, hablar\u00e1n de \u201cEducaci\u00f3n en audio\u201d; modera, Diego Benalc\u00e1zar.<\/p>\n\n\n\n<p>El mismo docente estar\u00e1 de 16:00 a hasta las 17:00 y desde las 17:00 hasta las 18:00 analizando el tema \u201cDise\u00f1o sonoro y musicalizaci\u00f3n cinematogr\u00e1fica. Mi camino desde los sketches hasta Netflix\u201d con Victor Herreras, de Touch\u00e9 Films.<\/p>\n\n\n\n<p>A las 18:00 est\u00e1 programada \u201cRetroalimentaci\u00f3n\u201d, un feedback del trabajo estudiantil a cargo de Daniel Pasquel y To\u00f1o Cepeda. De 19:00 a 20:00, finalizando la cuarta edici\u00f3n de CASE 2021, ser\u00e1n Fabrizzio Piazzini y Aquiles Vera los expositores de \u201cLivesound: Protocolo Soundgrid y Consolas LV1\u201d; modera, Daniel Orejuela.<\/p>","protected":false},"excerpt":{"rendered":"<p>La Universidad de las Artes (UArtes) y su Escuela de Artes Sonoras (EAS) desarrollar\u00e1n del 3 al 5 de mayo de 2021 la cuarta edici\u00f3n de las Conferencias de Audio y Sonido del Ecuador (CASE). Como en la cita anterior, y debido a la pandemia por COVID-19, ser\u00e1 de manera virtual.<\/p>","protected":false},"author":10,"featured_media":13404,"comment_status":"closed","ping_status":"closed","sticky":false,"template":"","format":"standard","meta":{"_acf_changed":false,"_uag_custom_page_level_css":"","_monsterinsights_skip_tracking":false,"_monsterinsights_sitenote_active":false,"_monsterinsights_sitenote_note":"","_monsterinsights_sitenote_category":0,"cybocfi_hide_featured_image":"","footnotes":""},"categories":[80,82,150,75],"tags":[454,211],"infouartes":[],"class_list":["post-13395","post","type-post","status-publish","format-standard","has-post-thumbnail","hentry","category-academico","category-artes","category-artes-sonoras","category-docentes","tag-case","tag-covid19"],"acf":[],"yoast_head":"<!-- This site is optimized with the Yoast SEO plugin v27.4 - https:\/\/yoast.com\/product\/yoast-seo-wordpress\/ -->\n<title>Universidad de las Artes - Del 3 al 5 de mayo se realizar\u00e1 la IV edici\u00f3n de las Conferencias de Audio y Sonido del Ecuador<\/title>\n<meta name=\"description\" content=\"Universidad de las Artes - Del 3 al 5 de mayo se realizar\u00e1 la IV edici\u00f3n de las Conferencias de Audio y Sonido del Ecuador\" \/>\n<meta name=\"robots\" content=\"index, follow, max-snippet:-1, max-image-preview:large, max-video-preview:-1\" \/>\n<link rel=\"canonical\" href=\"https:\/\/www.uartes.edu.ec\/sitio\/fr\/blog\/2021\/04\/23\/del-3-al-5-de-mayo-se-realizara-la-iv-edicion-de-las-conferencias-de-audio-y-sonido-del-ecuador\/\" \/>\n<meta property=\"og:locale\" content=\"fr_FR\" \/>\n<meta property=\"og:type\" content=\"article\" \/>\n<meta property=\"og:title\" content=\"Universidad de las Artes - Del 3 al 5 de mayo se realizar\u00e1 la IV edici\u00f3n de las Conferencias de Audio y Sonido del Ecuador\" \/>\n<meta property=\"og:description\" content=\"Universidad de las Artes - Del 3 al 5 de mayo se realizar\u00e1 la IV edici\u00f3n de las Conferencias de Audio y Sonido del Ecuador\" \/>\n<meta property=\"og:url\" content=\"https:\/\/www.uartes.edu.ec\/sitio\/fr\/blog\/2021\/04\/23\/del-3-al-5-de-mayo-se-realizara-la-iv-edicion-de-las-conferencias-de-audio-y-sonido-del-ecuador\/\" \/>\n<meta property=\"og:site_name\" content=\"Universidad de las Artes\" \/>\n<meta property=\"article:publisher\" content=\"https:\/\/www.facebook.com\/uartesec\" \/>\n<meta property=\"article:published_time\" content=\"2021-04-24T00:36:33+00:00\" \/>\n<meta property=\"article:modified_time\" content=\"2024-07-04T16:27:23+00:00\" \/>\n<meta property=\"og:image\" content=\"https:\/\/www.uartes.edu.ec\/sitio\/wp-content\/uploads\/2021\/04\/PORTADA-CASE-WEB.jpg\" \/>\n\t<meta property=\"og:image:width\" content=\"2000\" \/>\n\t<meta property=\"og:image:height\" content=\"1333\" \/>\n\t<meta property=\"og:image:type\" content=\"image\/jpeg\" \/>\n<meta name=\"author\" content=\"ccortez\" \/>\n<meta name=\"twitter:card\" content=\"summary_large_image\" \/>\n<meta name=\"twitter:creator\" content=\"@uartesec\" \/>\n<meta name=\"twitter:site\" content=\"@uartesec\" \/>\n<meta name=\"twitter:label1\" content=\"\u00c9crit par\" \/>\n\t<meta name=\"twitter:data1\" content=\"ccortez\" \/>\n\t<meta name=\"twitter:label2\" content=\"Dur\u00e9e de lecture estim\u00e9e\" \/>\n\t<meta name=\"twitter:data2\" content=\"3 minutes\" \/>\n<script type=\"application\/ld+json\" class=\"yoast-schema-graph\">{\"@context\":\"https:\\\/\\\/schema.org\",\"@graph\":[{\"@type\":\"Article\",\"@id\":\"https:\\\/\\\/www.uartes.edu.ec\\\/sitio\\\/fr\\\/blog\\\/2021\\\/04\\\/23\\\/del-3-al-5-de-mayo-se-realizara-la-iv-edicion-de-las-conferencias-de-audio-y-sonido-del-ecuador\\\/#article\",\"isPartOf\":{\"@id\":\"https:\\\/\\\/www.uartes.edu.ec\\\/sitio\\\/fr\\\/blog\\\/2021\\\/04\\\/23\\\/del-3-al-5-de-mayo-se-realizara-la-iv-edicion-de-las-conferencias-de-audio-y-sonido-del-ecuador\\\/\"},\"author\":{\"name\":\"ccortez\",\"@id\":\"https:\\\/\\\/www.uartes.edu.ec\\\/sitio\\\/fr\\\/#\\\/schema\\\/person\\\/efa1b8275797664fd7f13a79ccc0b1f4\"},\"headline\":\"Del 3 al 5 de mayo se realizar\u00e1 la IV edici\u00f3n de las Conferencias de Audio y Sonido del Ecuador\",\"datePublished\":\"2021-04-24T00:36:33+00:00\",\"dateModified\":\"2024-07-04T16:27:23+00:00\",\"mainEntityOfPage\":{\"@id\":\"https:\\\/\\\/www.uartes.edu.ec\\\/sitio\\\/fr\\\/blog\\\/2021\\\/04\\\/23\\\/del-3-al-5-de-mayo-se-realizara-la-iv-edicion-de-las-conferencias-de-audio-y-sonido-del-ecuador\\\/\"},\"wordCount\":634,\"publisher\":{\"@id\":\"https:\\\/\\\/www.uartes.edu.ec\\\/sitio\\\/fr\\\/#organization\"},\"image\":{\"@id\":\"https:\\\/\\\/www.uartes.edu.ec\\\/sitio\\\/fr\\\/blog\\\/2021\\\/04\\\/23\\\/del-3-al-5-de-mayo-se-realizara-la-iv-edicion-de-las-conferencias-de-audio-y-sonido-del-ecuador\\\/#primaryimage\"},\"thumbnailUrl\":\"https:\\\/\\\/www.uartes.edu.ec\\\/sitio\\\/wp-content\\\/uploads\\\/2021\\\/04\\\/PORTADA-CASE-WEB.jpg\",\"keywords\":[\"case\",\"covid19\"],\"articleSection\":[\"Acad\u00e9mico\",\"Artes\",\"Artes Sonoras\",\"Docentes\"],\"inLanguage\":\"fr-FR\"},{\"@type\":[\"WebPage\",\"ItemPage\"],\"@id\":\"https:\\\/\\\/www.uartes.edu.ec\\\/sitio\\\/fr\\\/blog\\\/2021\\\/04\\\/23\\\/del-3-al-5-de-mayo-se-realizara-la-iv-edicion-de-las-conferencias-de-audio-y-sonido-del-ecuador\\\/\",\"url\":\"https:\\\/\\\/www.uartes.edu.ec\\\/sitio\\\/fr\\\/blog\\\/2021\\\/04\\\/23\\\/del-3-al-5-de-mayo-se-realizara-la-iv-edicion-de-las-conferencias-de-audio-y-sonido-del-ecuador\\\/\",\"name\":\"Universidad de las Artes - Del 3 al 5 de mayo se realizar\u00e1 la IV edici\u00f3n de las Conferencias de Audio y Sonido del Ecuador\",\"isPartOf\":{\"@id\":\"https:\\\/\\\/www.uartes.edu.ec\\\/sitio\\\/fr\\\/#website\"},\"primaryImageOfPage\":{\"@id\":\"https:\\\/\\\/www.uartes.edu.ec\\\/sitio\\\/fr\\\/blog\\\/2021\\\/04\\\/23\\\/del-3-al-5-de-mayo-se-realizara-la-iv-edicion-de-las-conferencias-de-audio-y-sonido-del-ecuador\\\/#primaryimage\"},\"image\":{\"@id\":\"https:\\\/\\\/www.uartes.edu.ec\\\/sitio\\\/fr\\\/blog\\\/2021\\\/04\\\/23\\\/del-3-al-5-de-mayo-se-realizara-la-iv-edicion-de-las-conferencias-de-audio-y-sonido-del-ecuador\\\/#primaryimage\"},\"thumbnailUrl\":\"https:\\\/\\\/www.uartes.edu.ec\\\/sitio\\\/wp-content\\\/uploads\\\/2021\\\/04\\\/PORTADA-CASE-WEB.jpg\",\"datePublished\":\"2021-04-24T00:36:33+00:00\",\"dateModified\":\"2024-07-04T16:27:23+00:00\",\"description\":\"Universidad de las Artes - Del 3 al 5 de mayo se realizar\u00e1 la IV edici\u00f3n de las Conferencias de Audio y Sonido del Ecuador\",\"breadcrumb\":{\"@id\":\"https:\\\/\\\/www.uartes.edu.ec\\\/sitio\\\/fr\\\/blog\\\/2021\\\/04\\\/23\\\/del-3-al-5-de-mayo-se-realizara-la-iv-edicion-de-las-conferencias-de-audio-y-sonido-del-ecuador\\\/#breadcrumb\"},\"inLanguage\":\"fr-FR\",\"potentialAction\":[{\"@type\":\"ReadAction\",\"target\":[\"https:\\\/\\\/www.uartes.edu.ec\\\/sitio\\\/fr\\\/blog\\\/2021\\\/04\\\/23\\\/del-3-al-5-de-mayo-se-realizara-la-iv-edicion-de-las-conferencias-de-audio-y-sonido-del-ecuador\\\/\"]}]},{\"@type\":\"ImageObject\",\"inLanguage\":\"fr-FR\",\"@id\":\"https:\\\/\\\/www.uartes.edu.ec\\\/sitio\\\/fr\\\/blog\\\/2021\\\/04\\\/23\\\/del-3-al-5-de-mayo-se-realizara-la-iv-edicion-de-las-conferencias-de-audio-y-sonido-del-ecuador\\\/#primaryimage\",\"url\":\"https:\\\/\\\/www.uartes.edu.ec\\\/sitio\\\/wp-content\\\/uploads\\\/2021\\\/04\\\/PORTADA-CASE-WEB.jpg\",\"contentUrl\":\"https:\\\/\\\/www.uartes.edu.ec\\\/sitio\\\/wp-content\\\/uploads\\\/2021\\\/04\\\/PORTADA-CASE-WEB.jpg\",\"width\":2000,\"height\":1333,\"caption\":\"CASE 2021\"},{\"@type\":\"BreadcrumbList\",\"@id\":\"https:\\\/\\\/www.uartes.edu.ec\\\/sitio\\\/fr\\\/blog\\\/2021\\\/04\\\/23\\\/del-3-al-5-de-mayo-se-realizara-la-iv-edicion-de-las-conferencias-de-audio-y-sonido-del-ecuador\\\/#breadcrumb\",\"itemListElement\":[{\"@type\":\"ListItem\",\"position\":1,\"name\":\"Inicio\",\"item\":\"https:\\\/\\\/www.uartes.edu.ec\\\/sitio\\\/\"},{\"@type\":\"ListItem\",\"position\":2,\"name\":\"Del 3 al 5 de mayo se realizar\u00e1 la IV edici\u00f3n de las Conferencias de Audio y Sonido del Ecuador\"}]},{\"@type\":\"WebSite\",\"@id\":\"https:\\\/\\\/www.uartes.edu.ec\\\/sitio\\\/fr\\\/#website\",\"url\":\"https:\\\/\\\/www.uartes.edu.ec\\\/sitio\\\/fr\\\/\",\"name\":\"Universidad de las Artes\",\"description\":\"Sitio oficial de la Universidad Nacional de las Artes del Ecuador\",\"publisher\":{\"@id\":\"https:\\\/\\\/www.uartes.edu.ec\\\/sitio\\\/fr\\\/#organization\"},\"potentialAction\":[{\"@type\":\"SearchAction\",\"target\":{\"@type\":\"EntryPoint\",\"urlTemplate\":\"https:\\\/\\\/www.uartes.edu.ec\\\/sitio\\\/fr\\\/?s={search_term_string}\"},\"query-input\":{\"@type\":\"PropertyValueSpecification\",\"valueRequired\":true,\"valueName\":\"search_term_string\"}}],\"inLanguage\":\"fr-FR\"},{\"@type\":\"Organization\",\"@id\":\"https:\\\/\\\/www.uartes.edu.ec\\\/sitio\\\/fr\\\/#organization\",\"name\":\"Universidad de las Artes\",\"url\":\"https:\\\/\\\/www.uartes.edu.ec\\\/sitio\\\/fr\\\/\",\"logo\":{\"@type\":\"ImageObject\",\"inLanguage\":\"fr-FR\",\"@id\":\"https:\\\/\\\/www.uartes.edu.ec\\\/sitio\\\/fr\\\/#\\\/schema\\\/logo\\\/image\\\/\",\"url\":\"https:\\\/\\\/www.uartes.edu.ec\\\/sitio\\\/wp-content\\\/uploads\\\/2022\\\/07\\\/logo-ua-horizontal.png\",\"contentUrl\":\"https:\\\/\\\/www.uartes.edu.ec\\\/sitio\\\/wp-content\\\/uploads\\\/2022\\\/07\\\/logo-ua-horizontal.png\",\"width\":800,\"height\":276,\"caption\":\"Universidad de las Artes\"},\"image\":{\"@id\":\"https:\\\/\\\/www.uartes.edu.ec\\\/sitio\\\/fr\\\/#\\\/schema\\\/logo\\\/image\\\/\"},\"sameAs\":[\"https:\\\/\\\/www.facebook.com\\\/uartesec\",\"https:\\\/\\\/x.com\\\/uartesec\",\"https:\\\/\\\/www.tiktok.com\\\/@uartesec\"]},{\"@type\":\"Person\",\"@id\":\"https:\\\/\\\/www.uartes.edu.ec\\\/sitio\\\/fr\\\/#\\\/schema\\\/person\\\/efa1b8275797664fd7f13a79ccc0b1f4\",\"name\":\"ccortez\",\"image\":{\"@type\":\"ImageObject\",\"inLanguage\":\"fr-FR\",\"@id\":\"https:\\\/\\\/secure.gravatar.com\\\/avatar\\\/b2a6f664a3ae8e074346ef91775736c5ec479e637ecced6842de9dc98b5da9cd?s=96&d=mm&r=g\",\"url\":\"https:\\\/\\\/secure.gravatar.com\\\/avatar\\\/b2a6f664a3ae8e074346ef91775736c5ec479e637ecced6842de9dc98b5da9cd?s=96&d=mm&r=g\",\"contentUrl\":\"https:\\\/\\\/secure.gravatar.com\\\/avatar\\\/b2a6f664a3ae8e074346ef91775736c5ec479e637ecced6842de9dc98b5da9cd?s=96&d=mm&r=g\",\"caption\":\"ccortez\"},\"url\":\"https:\\\/\\\/www.uartes.edu.ec\\\/sitio\\\/fr\\\/blog\\\/author\\\/ccortez\\\/\"}]}<\/script>\n<!-- \/ Yoast SEO plugin. -->","yoast_head_json":{"title":"Universidad de las Artes - Del 3 al 5 de mayo se realizar\u00e1 la IV edici\u00f3n de las Conferencias de Audio y Sonido del Ecuador","description":"Universidad de las Artes - Del 3 al 5 de mayo se realizar\u00e1 la IV edici\u00f3n de las Conferencias de Audio y Sonido del Ecuador","robots":{"index":"index","follow":"follow","max-snippet":"max-snippet:-1","max-image-preview":"max-image-preview:large","max-video-preview":"max-video-preview:-1"},"canonical":"https:\/\/www.uartes.edu.ec\/sitio\/fr\/blog\/2021\/04\/23\/del-3-al-5-de-mayo-se-realizara-la-iv-edicion-de-las-conferencias-de-audio-y-sonido-del-ecuador\/","og_locale":"fr_FR","og_type":"article","og_title":"Universidad de las Artes - Del 3 al 5 de mayo se realizar\u00e1 la IV edici\u00f3n de las Conferencias de Audio y Sonido del Ecuador","og_description":"Universidad de las Artes - Del 3 al 5 de mayo se realizar\u00e1 la IV edici\u00f3n de las Conferencias de Audio y Sonido del Ecuador","og_url":"https:\/\/www.uartes.edu.ec\/sitio\/fr\/blog\/2021\/04\/23\/del-3-al-5-de-mayo-se-realizara-la-iv-edicion-de-las-conferencias-de-audio-y-sonido-del-ecuador\/","og_site_name":"Universidad de las Artes","article_publisher":"https:\/\/www.facebook.com\/uartesec","article_published_time":"2021-04-24T00:36:33+00:00","article_modified_time":"2024-07-04T16:27:23+00:00","og_image":[{"width":2000,"height":1333,"url":"https:\/\/www.uartes.edu.ec\/sitio\/wp-content\/uploads\/2021\/04\/PORTADA-CASE-WEB.jpg","type":"image\/jpeg"}],"author":"ccortez","twitter_card":"summary_large_image","twitter_creator":"@uartesec","twitter_site":"@uartesec","twitter_misc":{"\u00c9crit par":"ccortez","Dur\u00e9e de lecture estim\u00e9e":"3 minutes"},"schema":{"@context":"https:\/\/schema.org","@graph":[{"@type":"Article","@id":"https:\/\/www.uartes.edu.ec\/sitio\/fr\/blog\/2021\/04\/23\/del-3-al-5-de-mayo-se-realizara-la-iv-edicion-de-las-conferencias-de-audio-y-sonido-del-ecuador\/#article","isPartOf":{"@id":"https:\/\/www.uartes.edu.ec\/sitio\/fr\/blog\/2021\/04\/23\/del-3-al-5-de-mayo-se-realizara-la-iv-edicion-de-las-conferencias-de-audio-y-sonido-del-ecuador\/"},"author":{"name":"ccortez","@id":"https:\/\/www.uartes.edu.ec\/sitio\/fr\/#\/schema\/person\/efa1b8275797664fd7f13a79ccc0b1f4"},"headline":"Del 3 al 5 de mayo se realizar\u00e1 la IV edici\u00f3n de las Conferencias de Audio y Sonido del Ecuador","datePublished":"2021-04-24T00:36:33+00:00","dateModified":"2024-07-04T16:27:23+00:00","mainEntityOfPage":{"@id":"https:\/\/www.uartes.edu.ec\/sitio\/fr\/blog\/2021\/04\/23\/del-3-al-5-de-mayo-se-realizara-la-iv-edicion-de-las-conferencias-de-audio-y-sonido-del-ecuador\/"},"wordCount":634,"publisher":{"@id":"https:\/\/www.uartes.edu.ec\/sitio\/fr\/#organization"},"image":{"@id":"https:\/\/www.uartes.edu.ec\/sitio\/fr\/blog\/2021\/04\/23\/del-3-al-5-de-mayo-se-realizara-la-iv-edicion-de-las-conferencias-de-audio-y-sonido-del-ecuador\/#primaryimage"},"thumbnailUrl":"https:\/\/www.uartes.edu.ec\/sitio\/wp-content\/uploads\/2021\/04\/PORTADA-CASE-WEB.jpg","keywords":["case","covid19"],"articleSection":["Acad\u00e9mico","Artes","Artes Sonoras","Docentes"],"inLanguage":"fr-FR"},{"@type":["WebPage","ItemPage"],"@id":"https:\/\/www.uartes.edu.ec\/sitio\/fr\/blog\/2021\/04\/23\/del-3-al-5-de-mayo-se-realizara-la-iv-edicion-de-las-conferencias-de-audio-y-sonido-del-ecuador\/","url":"https:\/\/www.uartes.edu.ec\/sitio\/fr\/blog\/2021\/04\/23\/del-3-al-5-de-mayo-se-realizara-la-iv-edicion-de-las-conferencias-de-audio-y-sonido-del-ecuador\/","name":"Universidad de las Artes - Del 3 al 5 de mayo se realizar\u00e1 la IV edici\u00f3n de las Conferencias de Audio y Sonido del Ecuador","isPartOf":{"@id":"https:\/\/www.uartes.edu.ec\/sitio\/fr\/#website"},"primaryImageOfPage":{"@id":"https:\/\/www.uartes.edu.ec\/sitio\/fr\/blog\/2021\/04\/23\/del-3-al-5-de-mayo-se-realizara-la-iv-edicion-de-las-conferencias-de-audio-y-sonido-del-ecuador\/#primaryimage"},"image":{"@id":"https:\/\/www.uartes.edu.ec\/sitio\/fr\/blog\/2021\/04\/23\/del-3-al-5-de-mayo-se-realizara-la-iv-edicion-de-las-conferencias-de-audio-y-sonido-del-ecuador\/#primaryimage"},"thumbnailUrl":"https:\/\/www.uartes.edu.ec\/sitio\/wp-content\/uploads\/2021\/04\/PORTADA-CASE-WEB.jpg","datePublished":"2021-04-24T00:36:33+00:00","dateModified":"2024-07-04T16:27:23+00:00","description":"Universidad de las Artes - Del 3 al 5 de mayo se realizar\u00e1 la IV edici\u00f3n de las Conferencias de Audio y Sonido del Ecuador","breadcrumb":{"@id":"https:\/\/www.uartes.edu.ec\/sitio\/fr\/blog\/2021\/04\/23\/del-3-al-5-de-mayo-se-realizara-la-iv-edicion-de-las-conferencias-de-audio-y-sonido-del-ecuador\/#breadcrumb"},"inLanguage":"fr-FR","potentialAction":[{"@type":"ReadAction","target":["https:\/\/www.uartes.edu.ec\/sitio\/fr\/blog\/2021\/04\/23\/del-3-al-5-de-mayo-se-realizara-la-iv-edicion-de-las-conferencias-de-audio-y-sonido-del-ecuador\/"]}]},{"@type":"ImageObject","inLanguage":"fr-FR","@id":"https:\/\/www.uartes.edu.ec\/sitio\/fr\/blog\/2021\/04\/23\/del-3-al-5-de-mayo-se-realizara-la-iv-edicion-de-las-conferencias-de-audio-y-sonido-del-ecuador\/#primaryimage","url":"https:\/\/www.uartes.edu.ec\/sitio\/wp-content\/uploads\/2021\/04\/PORTADA-CASE-WEB.jpg","contentUrl":"https:\/\/www.uartes.edu.ec\/sitio\/wp-content\/uploads\/2021\/04\/PORTADA-CASE-WEB.jpg","width":2000,"height":1333,"caption":"CASE 2021"},{"@type":"BreadcrumbList","@id":"https:\/\/www.uartes.edu.ec\/sitio\/fr\/blog\/2021\/04\/23\/del-3-al-5-de-mayo-se-realizara-la-iv-edicion-de-las-conferencias-de-audio-y-sonido-del-ecuador\/#breadcrumb","itemListElement":[{"@type":"ListItem","position":1,"name":"Inicio","item":"https:\/\/www.uartes.edu.ec\/sitio\/"},{"@type":"ListItem","position":2,"name":"Del 3 al 5 de mayo se realizar\u00e1 la IV edici\u00f3n de las Conferencias de Audio y Sonido del Ecuador"}]},{"@type":"WebSite","@id":"https:\/\/www.uartes.edu.ec\/sitio\/fr\/#website","url":"https:\/\/www.uartes.edu.ec\/sitio\/fr\/","name":"Universidad de las Artes","description":"Sitio oficial de la Universidad Nacional de las Artes del Ecuador","publisher":{"@id":"https:\/\/www.uartes.edu.ec\/sitio\/fr\/#organization"},"potentialAction":[{"@type":"SearchAction","target":{"@type":"EntryPoint","urlTemplate":"https:\/\/www.uartes.edu.ec\/sitio\/fr\/?s={search_term_string}"},"query-input":{"@type":"PropertyValueSpecification","valueRequired":true,"valueName":"search_term_string"}}],"inLanguage":"fr-FR"},{"@type":"Organization","@id":"https:\/\/www.uartes.edu.ec\/sitio\/fr\/#organization","name":"Universidad de las Artes","url":"https:\/\/www.uartes.edu.ec\/sitio\/fr\/","logo":{"@type":"ImageObject","inLanguage":"fr-FR","@id":"https:\/\/www.uartes.edu.ec\/sitio\/fr\/#\/schema\/logo\/image\/","url":"https:\/\/www.uartes.edu.ec\/sitio\/wp-content\/uploads\/2022\/07\/logo-ua-horizontal.png","contentUrl":"https:\/\/www.uartes.edu.ec\/sitio\/wp-content\/uploads\/2022\/07\/logo-ua-horizontal.png","width":800,"height":276,"caption":"Universidad de las Artes"},"image":{"@id":"https:\/\/www.uartes.edu.ec\/sitio\/fr\/#\/schema\/logo\/image\/"},"sameAs":["https:\/\/www.facebook.com\/uartesec","https:\/\/x.com\/uartesec","https:\/\/www.tiktok.com\/@uartesec"]},{"@type":"Person","@id":"https:\/\/www.uartes.edu.ec\/sitio\/fr\/#\/schema\/person\/efa1b8275797664fd7f13a79ccc0b1f4","name":"ccortez","image":{"@type":"ImageObject","inLanguage":"fr-FR","@id":"https:\/\/secure.gravatar.com\/avatar\/b2a6f664a3ae8e074346ef91775736c5ec479e637ecced6842de9dc98b5da9cd?s=96&d=mm&r=g","url":"https:\/\/secure.gravatar.com\/avatar\/b2a6f664a3ae8e074346ef91775736c5ec479e637ecced6842de9dc98b5da9cd?s=96&d=mm&r=g","contentUrl":"https:\/\/secure.gravatar.com\/avatar\/b2a6f664a3ae8e074346ef91775736c5ec479e637ecced6842de9dc98b5da9cd?s=96&d=mm&r=g","caption":"ccortez"},"url":"https:\/\/www.uartes.edu.ec\/sitio\/fr\/blog\/author\/ccortez\/"}]}},"uagb_featured_image_src":{"full":["https:\/\/www.uartes.edu.ec\/sitio\/wp-content\/uploads\/2021\/04\/PORTADA-CASE-WEB.jpg",2000,1333,false],"thumbnail":["https:\/\/www.uartes.edu.ec\/sitio\/wp-content\/uploads\/2021\/04\/PORTADA-CASE-WEB-150x150.jpg",150,150,true],"medium":["https:\/\/www.uartes.edu.ec\/sitio\/wp-content\/uploads\/2021\/04\/PORTADA-CASE-WEB-300x200.jpg",300,200,true],"medium_large":["https:\/\/www.uartes.edu.ec\/sitio\/wp-content\/uploads\/2021\/04\/PORTADA-CASE-WEB-768x512.jpg",768,512,true],"large":["https:\/\/www.uartes.edu.ec\/sitio\/wp-content\/uploads\/2021\/04\/PORTADA-CASE-WEB-644x429.jpg",644,429,true],"1536x1536":["https:\/\/www.uartes.edu.ec\/sitio\/wp-content\/uploads\/2021\/04\/PORTADA-CASE-WEB-1536x1024.jpg",1536,1024,true],"2048x2048":["https:\/\/www.uartes.edu.ec\/sitio\/wp-content\/uploads\/2021\/04\/PORTADA-CASE-WEB.jpg",2000,1333,false],"trp-custom-language-flag":["https:\/\/www.uartes.edu.ec\/sitio\/wp-content\/uploads\/2021\/04\/PORTADA-CASE-WEB.jpg",18,12,false],"htmega_size_585x295":["https:\/\/www.uartes.edu.ec\/sitio\/wp-content\/uploads\/2021\/04\/PORTADA-CASE-WEB-585x295.jpg",585,295,true],"htmega_size_1170x536":["https:\/\/www.uartes.edu.ec\/sitio\/wp-content\/uploads\/2021\/04\/PORTADA-CASE-WEB-1170x536.jpg",1170,536,true],"htmega_size_396x360":["https:\/\/www.uartes.edu.ec\/sitio\/wp-content\/uploads\/2021\/04\/PORTADA-CASE-WEB-396x360.jpg",396,360,true],"gb-block-post-grid-landscape":["https:\/\/www.uartes.edu.ec\/sitio\/wp-content\/uploads\/2021\/04\/PORTADA-CASE-WEB.jpg",600,400,false],"gb-block-post-grid-square":["https:\/\/www.uartes.edu.ec\/sitio\/wp-content\/uploads\/2021\/04\/PORTADA-CASE-WEB.jpg",600,400,false],"university-hub-thumb":["https:\/\/www.uartes.edu.ec\/sitio\/wp-content\/uploads\/2021\/04\/PORTADA-CASE-WEB-400x267.jpg",400,267,true],"mailpoet_newsletter_max":["https:\/\/www.uartes.edu.ec\/sitio\/wp-content\/uploads\/2021\/04\/PORTADA-CASE-WEB.jpg",1320,880,false]},"uagb_author_info":{"display_name":"ccortez","author_link":"https:\/\/www.uartes.edu.ec\/sitio\/fr\/blog\/author\/ccortez\/"},"uagb_comment_info":0,"uagb_excerpt":"La Universidad de las Artes (UArtes) y su Escuela de Artes Sonoras (EAS) desarrollar\u00e1n del 3 al 5 de mayo de 2021 la cuarta edici\u00f3n de las Conferencias de Audio y Sonido del Ecuador (CASE). Como en la cita anterior, y debido a la pandemia por COVID-19, ser\u00e1 de manera virtual.","featured_image_src":"https:\/\/www.uartes.edu.ec\/sitio\/wp-content\/uploads\/2021\/04\/PORTADA-CASE-WEB.jpg","featured_image_src_square":"https:\/\/www.uartes.edu.ec\/sitio\/wp-content\/uploads\/2021\/04\/PORTADA-CASE-WEB.jpg","author_info":{"display_name":"ccortez","author_link":"https:\/\/www.uartes.edu.ec\/sitio\/fr\/blog\/author\/ccortez\/"},"publishpress_future_workflow_manual_trigger":{"enabledWorkflows":[]},"distributor_meta":false,"distributor_terms":false,"distributor_media":false,"distributor_original_site_name":"Universidad de las Artes","distributor_original_site_url":"https:\/\/www.uartes.edu.ec\/sitio\/fr","push-errors":false,"_links":{"self":[{"href":"https:\/\/www.uartes.edu.ec\/sitio\/fr\/wp-json\/wp\/v2\/posts\/13395","targetHints":{"allow":["GET"]}}],"collection":[{"href":"https:\/\/www.uartes.edu.ec\/sitio\/fr\/wp-json\/wp\/v2\/posts"}],"about":[{"href":"https:\/\/www.uartes.edu.ec\/sitio\/fr\/wp-json\/wp\/v2\/types\/post"}],"author":[{"embeddable":true,"href":"https:\/\/www.uartes.edu.ec\/sitio\/fr\/wp-json\/wp\/v2\/users\/10"}],"replies":[{"embeddable":true,"href":"https:\/\/www.uartes.edu.ec\/sitio\/fr\/wp-json\/wp\/v2\/comments?post=13395"}],"version-history":[{"count":2,"href":"https:\/\/www.uartes.edu.ec\/sitio\/fr\/wp-json\/wp\/v2\/posts\/13395\/revisions"}],"predecessor-version":[{"id":13449,"href":"https:\/\/www.uartes.edu.ec\/sitio\/fr\/wp-json\/wp\/v2\/posts\/13395\/revisions\/13449"}],"wp:featuredmedia":[{"embeddable":true,"href":"https:\/\/www.uartes.edu.ec\/sitio\/fr\/wp-json\/wp\/v2\/media\/13404"}],"wp:attachment":[{"href":"https:\/\/www.uartes.edu.ec\/sitio\/fr\/wp-json\/wp\/v2\/media?parent=13395"}],"wp:term":[{"taxonomy":"category","embeddable":true,"href":"https:\/\/www.uartes.edu.ec\/sitio\/fr\/wp-json\/wp\/v2\/categories?post=13395"},{"taxonomy":"post_tag","embeddable":true,"href":"https:\/\/www.uartes.edu.ec\/sitio\/fr\/wp-json\/wp\/v2\/tags?post=13395"},{"taxonomy":"infouartes","embeddable":true,"href":"https:\/\/www.uartes.edu.ec\/sitio\/fr\/wp-json\/wp\/v2\/infouartes?post=13395"}],"curies":[{"name":"wp","href":"https:\/\/api.w.org\/{rel}","templated":true}]}}