{"id":13441,"date":"2021-04-23T19:30:17","date_gmt":"2021-04-24T00:30:17","guid":{"rendered":"http:\/\/www.uartes.edu.ec\/sitio\/?p=13441"},"modified":"2024-07-04T11:27:23","modified_gmt":"2024-07-04T16:27:23","slug":"global-y-glocal-el-ascenso-de-los-signos-urbanos-muestra-de-joaquin-serrano-en-galeria-virtual-de-la-ccg","status":"publish","type":"post","link":"https:\/\/www.uartes.edu.ec\/sitio\/fr\/blog\/2021\/04\/23\/global-y-glocal-el-ascenso-de-los-signos-urbanos-muestra-de-joaquin-serrano-en-galeria-virtual-de-la-ccg\/","title":{"rendered":"\u201cGlobal y Glocal\u2026 El ascenso de los signos urbanos\u201d, muestra de Joaqu\u00edn Serrano en galer\u00eda virtual de la CCG"},"content":{"rendered":"<p>\u201cLa obra de Joaqu\u00edn Serrano est\u00e1 llena de s\u00edmbolos que denotan el diario enfrentamiento con cualquier circunstancia de expresi\u00f3n social, a la vuelta de la esquina de lo cotidiano, de la estrecha relaci\u00f3n del autor con su obra, y de esta con la sociedad; a la vez que se cumple el ciclo dial\u00e9ctico de la comunicaci\u00f3n, esto es lo que nutre al autor y lo hace trascender a los sectores mayoritarios, potenciales usuarios hist\u00f3ricos de la obra, sus retratos viven en ella y se perpet\u00faan en su plasticidad\u201d.<\/p>\n\n\n\n<p>La opini\u00f3n es de Jefferson Cabrera Amaiquema, hoy egresado de la Escuela de Literatura de la Universidad de las Artes, quien es el autor del texto curatorial de la exposici\u00f3n que el artista y docente de la UArtes inaugurar\u00e1 del mi\u00e9rcoles 28 de abril, a las 19h00, en la galer\u00eda virtual de la Casa de la Cultura N\u00facleo del Guayas. Titulada <em>Global y Glocal\u2026 El ascenso de los signos urbanos<\/em>, la muestra puede ser admirada a trav\u00e9s de las plataformas digitales de la CCG (Facebook, Youtube y Web).<\/p>\n\n\n\n<p>Seg\u00fan se explica desde la CCG, la de Joaqu\u00edn Serrano ser\u00e1 la d\u00e9cima exposici\u00f3n de la segunda versi\u00f3n de la Galer\u00eda Nacional Virtual con la obra de un artista pl\u00e1stico representativo de cada provincia del pa\u00eds; es organizado por la Sede Nacional de la Casa de la Cultura Ecuatoriana y sus N\u00facleos Provinciales, en el marco de la campa\u00f1a #CCEnTuCasa.<\/p>\n\n\n\n<p>La propuesta de Joaqu\u00edn Serrano, agregan los organizadores, muestra elementos conjugados dentro de las tem\u00e1ticas en tres temporalidades, recorren los s\u00edmbolos de lo urbano-social, que se detienen temporalmente con el arribo de la \u201cPerla del Pac\u00edfico\u201d, con la serie \u201cGuayaquil Signos Urbanos\u201d.<\/p>\n\n\n\n<p>El accionar pict\u00f3rico de Joaqu\u00edn Serrano propone un juego al que \u00e9l llamar\u00eda \u201cSignos Urbanos\u201d, y que aparecieron a partir de \u201cfragmentos del suprematismo (1983) que impulsaron el aire de urbanidad en su obra conjugando un superrealismo, hiperrealismo y surrealismo\u201d,\u00a0 reflexionando sobre lo simb\u00f3lico y\u00a0 estilo que se puede tener en la relaci\u00f3n del arte por el arte, y el l\u00edmite de las representaciones pol\u00edticas, po\u00e9ticas, filos\u00f3ficas, de convivencia en sociedad e incluso clandestinidad.<\/p>\n\n\n\n<div class=\"wp-block-image\"><figure class=\"aligncenter size-full\"><img fetchpriority=\"high\" decoding=\"async\" width=\"2000\" height=\"1334\" src=\"http:\/\/www.uartes.edu.ec\/sitio\/wp-content\/uploads\/2021\/04\/JS-3.jpg\" alt=\"Muestra art\u00edstica de Joaqu\u00edn Serrano\" class=\"wp-image-13455\" srcset=\"https:\/\/www.uartes.edu.ec\/sitio\/wp-content\/uploads\/2021\/04\/JS-3.jpg 2000w, https:\/\/www.uartes.edu.ec\/sitio\/wp-content\/uploads\/2021\/04\/JS-3-300x200.jpg 300w, https:\/\/www.uartes.edu.ec\/sitio\/wp-content\/uploads\/2021\/04\/JS-3-644x430.jpg 644w, https:\/\/www.uartes.edu.ec\/sitio\/wp-content\/uploads\/2021\/04\/JS-3-768x512.jpg 768w, https:\/\/www.uartes.edu.ec\/sitio\/wp-content\/uploads\/2021\/04\/JS-3-1536x1025.jpg 1536w, https:\/\/www.uartes.edu.ec\/sitio\/wp-content\/uploads\/2021\/04\/JS-3-600x400.jpg 600w, https:\/\/www.uartes.edu.ec\/sitio\/wp-content\/uploads\/2021\/04\/JS-3-400x267.jpg 400w, https:\/\/www.uartes.edu.ec\/sitio\/wp-content\/uploads\/2021\/04\/JS-3-272x182.jpg 272w\" sizes=\"(max-width: 2000px) 100vw, 2000px\" \/><figcaption>Muestra art\u00edstica de Joaqu\u00edn Serrano<\/figcaption><\/figure><\/div>\n\n\n\n<p>Todas estas representaciones que, sobre todo, son reales y n\u00edtidas, resultan parte de una sociedad que intenta tener un di\u00e1logo m\u00e1s all\u00e1 de fronteras, del color de la piel o del lugar del que se haya migrado. Incuba la met\u00e1fora del hombre que nace de la tierra y que dibuja y desdibuja a dicho ser en formaci\u00f3n, que se contextualiza en una ciudad, y que parece pasar por un proceso colonizador, en el que cada esquina es casi una rep\u00fablica de diferentes balcones y boulevard de la arquitectura contempor\u00e1neo-latinoamericana.<\/p>\n\n\n\n<p>Joaqu\u00edn Humberto Serrano Mac\u00edas, guayaquile\u00f1o, realiz\u00f3 sus estudios en las Facultades de Arquitectura y Urbanismo de las Universidades Cat\u00f3lica y Estatal de Guayaquil. Enriqueci\u00f3 su creaci\u00f3n pl\u00e1stica asistiendo a varios talleres y seminarios relacionados con la creaci\u00f3n art\u00edstica como el Taller Latinoamericano de Xilograf\u00eda e Intaglios, en el marco de la VI Bienal Internacional de Arte de La Habana. Encuentro sobre actividad pl\u00e1stica contempor\u00e1nea a nivel local, con temas sobre Formas de gesti\u00f3n del arte, Situaci\u00f3n de la pl\u00e1stica en Guayaquil, su contexto internacional y proyectos de ense\u00f1anza del Arte. Seminarios \u201cLibros de artista\u201d, \u201cBloqueos creativos y como contrarrestarlos\u201d y Taller de Xilograf\u00eda y Litograf\u00eda. Estudi\u00f3, adem\u00e1s, teatro y expresi\u00f3n corporal.<\/p>\n\n\n\n<p>Joaqu\u00edn Serrano es gestor cultural vinculado al arte, la cultura y la academia. Es docente de dibujo,&nbsp; artes pl\u00e1sticas y gr\u00e1ficas. Es miembro de la Secci\u00f3n de Artes Pl\u00e1sticas de la CCE, N\u00facleo del Guayas, de la que fue director. Ha realizado ilustraciones para varios libros y revistas, y es Fundador de la Agrupaci\u00f3n Cultural La Cucaracha en Guayaquil. Realiz\u00f3 varias exposiciones individuales y colectivas en destacados salones y galer\u00edas de arte a nivel nacional e internacional, que le hicieron merecedor de varios reconocimientos. Tiene a su haber varios&nbsp; premios y distinciones.<\/p>\n\n\n\n<p>Junto con el artista Joaqu\u00edn Serrano, quien es director del N\u00facleo del Guayas, en la inauguraci\u00f3n de <em>Global y Glocal\u2026 El ascenso de los signos urbanos<\/em> estar\u00e1 el presidente de la CCE, Camilo Restrepo Guzm\u00e1n, y la directora de Museos, Patricia Noriega.<\/p>\n\n\n\n<p><a href=\"http:\/\/www.galerianacionalvirtual.casadelacultura.gob.ec\">www.galerianacionalvirtual.casadelacultura.gob.ec<\/a><\/p>","protected":false},"excerpt":{"rendered":"<p>\u201cLa obra de Joaqu\u00edn Serrano est\u00e1 llena de s\u00edmbolos que denotan el diario enfrentamiento con cualquier circunstancia de expresi\u00f3n social, a la vuelta de la esquina de lo cotidiano, de la estrecha relaci\u00f3n del autor con su obra, y de esta con la sociedad; a la vez que se cumple el ciclo dial\u00e9ctico de la [&hellip;]<\/p>\n","protected":false},"author":10,"featured_media":13456,"comment_status":"closed","ping_status":"closed","sticky":false,"template":"","format":"standard","meta":{"_acf_changed":false,"_uag_custom_page_level_css":"","_monsterinsights_skip_tracking":false,"_monsterinsights_sitenote_active":false,"_monsterinsights_sitenote_note":"","_monsterinsights_sitenote_category":0,"cybocfi_hide_featured_image":"","footnotes":""},"categories":[82,75],"tags":[],"infouartes":[],"class_list":["post-13441","post","type-post","status-publish","format-standard","has-post-thumbnail","hentry","category-artes","category-docentes"],"acf":[],"yoast_head":"<!-- This site is optimized with the Yoast SEO plugin v27.4 - https:\/\/yoast.com\/product\/yoast-seo-wordpress\/ -->\n<title>Universidad de las Artes - \u201cGlobal y Glocal\u2026 El ascenso de los signos urbanos\u201d, muestra de Joaqu\u00edn Serrano en galer\u00eda virtual de la CCG<\/title>\n<meta name=\"description\" content=\"Universidad de las Artes - \u201cGlobal y Glocal\u2026 El ascenso de los signos urbanos\u201d, muestra de Joaqu\u00edn Serrano en galer\u00eda virtual de la CCG\" \/>\n<meta name=\"robots\" content=\"index, follow, max-snippet:-1, max-image-preview:large, max-video-preview:-1\" \/>\n<link rel=\"canonical\" href=\"https:\/\/www.uartes.edu.ec\/sitio\/fr\/blog\/2021\/04\/23\/global-y-glocal-el-ascenso-de-los-signos-urbanos-muestra-de-joaquin-serrano-en-galeria-virtual-de-la-ccg\/\" \/>\n<meta property=\"og:locale\" content=\"fr_FR\" \/>\n<meta property=\"og:type\" content=\"article\" \/>\n<meta property=\"og:title\" content=\"Universidad de las Artes - \u201cGlobal y Glocal\u2026 El ascenso de los signos urbanos\u201d, muestra de Joaqu\u00edn Serrano en galer\u00eda virtual de la CCG\" \/>\n<meta property=\"og:description\" content=\"Universidad de las Artes - \u201cGlobal y Glocal\u2026 El ascenso de los signos urbanos\u201d, muestra de Joaqu\u00edn Serrano en galer\u00eda virtual de la CCG\" \/>\n<meta property=\"og:url\" content=\"https:\/\/www.uartes.edu.ec\/sitio\/fr\/blog\/2021\/04\/23\/global-y-glocal-el-ascenso-de-los-signos-urbanos-muestra-de-joaquin-serrano-en-galeria-virtual-de-la-ccg\/\" \/>\n<meta property=\"og:site_name\" content=\"Universidad de las Artes\" \/>\n<meta property=\"article:publisher\" content=\"https:\/\/www.facebook.com\/uartesec\" \/>\n<meta property=\"article:published_time\" content=\"2021-04-24T00:30:17+00:00\" \/>\n<meta property=\"article:modified_time\" content=\"2024-07-04T16:27:23+00:00\" \/>\n<meta property=\"og:image\" content=\"https:\/\/www.uartes.edu.ec\/sitio\/wp-content\/uploads\/2021\/04\/JS-1.jpg\" \/>\n\t<meta property=\"og:image:width\" content=\"2000\" \/>\n\t<meta property=\"og:image:height\" content=\"1334\" \/>\n\t<meta property=\"og:image:type\" content=\"image\/jpeg\" \/>\n<meta name=\"author\" content=\"ccortez\" \/>\n<meta name=\"twitter:card\" content=\"summary_large_image\" \/>\n<meta name=\"twitter:creator\" content=\"@uartesec\" \/>\n<meta name=\"twitter:site\" content=\"@uartesec\" \/>\n<meta name=\"twitter:label1\" content=\"\u00c9crit par\" \/>\n\t<meta name=\"twitter:data1\" content=\"ccortez\" \/>\n\t<meta name=\"twitter:label2\" content=\"Dur\u00e9e de lecture estim\u00e9e\" \/>\n\t<meta name=\"twitter:data2\" content=\"4 minutes\" \/>\n<script type=\"application\/ld+json\" class=\"yoast-schema-graph\">{\"@context\":\"https:\\\/\\\/schema.org\",\"@graph\":[{\"@type\":\"Article\",\"@id\":\"https:\\\/\\\/www.uartes.edu.ec\\\/sitio\\\/fr\\\/blog\\\/2021\\\/04\\\/23\\\/global-y-glocal-el-ascenso-de-los-signos-urbanos-muestra-de-joaquin-serrano-en-galeria-virtual-de-la-ccg\\\/#article\",\"isPartOf\":{\"@id\":\"https:\\\/\\\/www.uartes.edu.ec\\\/sitio\\\/fr\\\/blog\\\/2021\\\/04\\\/23\\\/global-y-glocal-el-ascenso-de-los-signos-urbanos-muestra-de-joaquin-serrano-en-galeria-virtual-de-la-ccg\\\/\"},\"author\":{\"name\":\"ccortez\",\"@id\":\"https:\\\/\\\/www.uartes.edu.ec\\\/sitio\\\/fr\\\/#\\\/schema\\\/person\\\/efa1b8275797664fd7f13a79ccc0b1f4\"},\"headline\":\"\u201cGlobal y Glocal\u2026 El ascenso de los signos urbanos\u201d, muestra de Joaqu\u00edn Serrano en galer\u00eda virtual de la CCG\",\"datePublished\":\"2021-04-24T00:30:17+00:00\",\"dateModified\":\"2024-07-04T16:27:23+00:00\",\"mainEntityOfPage\":{\"@id\":\"https:\\\/\\\/www.uartes.edu.ec\\\/sitio\\\/fr\\\/blog\\\/2021\\\/04\\\/23\\\/global-y-glocal-el-ascenso-de-los-signos-urbanos-muestra-de-joaquin-serrano-en-galeria-virtual-de-la-ccg\\\/\"},\"wordCount\":794,\"publisher\":{\"@id\":\"https:\\\/\\\/www.uartes.edu.ec\\\/sitio\\\/fr\\\/#organization\"},\"image\":{\"@id\":\"https:\\\/\\\/www.uartes.edu.ec\\\/sitio\\\/fr\\\/blog\\\/2021\\\/04\\\/23\\\/global-y-glocal-el-ascenso-de-los-signos-urbanos-muestra-de-joaquin-serrano-en-galeria-virtual-de-la-ccg\\\/#primaryimage\"},\"thumbnailUrl\":\"https:\\\/\\\/www.uartes.edu.ec\\\/sitio\\\/wp-content\\\/uploads\\\/2021\\\/04\\\/JS-1.jpg\",\"articleSection\":[\"Artes\",\"Docentes\"],\"inLanguage\":\"fr-FR\"},{\"@type\":[\"WebPage\",\"ItemPage\"],\"@id\":\"https:\\\/\\\/www.uartes.edu.ec\\\/sitio\\\/fr\\\/blog\\\/2021\\\/04\\\/23\\\/global-y-glocal-el-ascenso-de-los-signos-urbanos-muestra-de-joaquin-serrano-en-galeria-virtual-de-la-ccg\\\/\",\"url\":\"https:\\\/\\\/www.uartes.edu.ec\\\/sitio\\\/fr\\\/blog\\\/2021\\\/04\\\/23\\\/global-y-glocal-el-ascenso-de-los-signos-urbanos-muestra-de-joaquin-serrano-en-galeria-virtual-de-la-ccg\\\/\",\"name\":\"Universidad de las Artes - \u201cGlobal y Glocal\u2026 El ascenso de los signos urbanos\u201d, muestra de Joaqu\u00edn Serrano en galer\u00eda virtual de la CCG\",\"isPartOf\":{\"@id\":\"https:\\\/\\\/www.uartes.edu.ec\\\/sitio\\\/fr\\\/#website\"},\"primaryImageOfPage\":{\"@id\":\"https:\\\/\\\/www.uartes.edu.ec\\\/sitio\\\/fr\\\/blog\\\/2021\\\/04\\\/23\\\/global-y-glocal-el-ascenso-de-los-signos-urbanos-muestra-de-joaquin-serrano-en-galeria-virtual-de-la-ccg\\\/#primaryimage\"},\"image\":{\"@id\":\"https:\\\/\\\/www.uartes.edu.ec\\\/sitio\\\/fr\\\/blog\\\/2021\\\/04\\\/23\\\/global-y-glocal-el-ascenso-de-los-signos-urbanos-muestra-de-joaquin-serrano-en-galeria-virtual-de-la-ccg\\\/#primaryimage\"},\"thumbnailUrl\":\"https:\\\/\\\/www.uartes.edu.ec\\\/sitio\\\/wp-content\\\/uploads\\\/2021\\\/04\\\/JS-1.jpg\",\"datePublished\":\"2021-04-24T00:30:17+00:00\",\"dateModified\":\"2024-07-04T16:27:23+00:00\",\"description\":\"Universidad de las Artes - \u201cGlobal y Glocal\u2026 El ascenso de los signos urbanos\u201d, muestra de Joaqu\u00edn Serrano en galer\u00eda virtual de la CCG\",\"breadcrumb\":{\"@id\":\"https:\\\/\\\/www.uartes.edu.ec\\\/sitio\\\/fr\\\/blog\\\/2021\\\/04\\\/23\\\/global-y-glocal-el-ascenso-de-los-signos-urbanos-muestra-de-joaquin-serrano-en-galeria-virtual-de-la-ccg\\\/#breadcrumb\"},\"inLanguage\":\"fr-FR\",\"potentialAction\":[{\"@type\":\"ReadAction\",\"target\":[\"https:\\\/\\\/www.uartes.edu.ec\\\/sitio\\\/fr\\\/blog\\\/2021\\\/04\\\/23\\\/global-y-glocal-el-ascenso-de-los-signos-urbanos-muestra-de-joaquin-serrano-en-galeria-virtual-de-la-ccg\\\/\"]}]},{\"@type\":\"ImageObject\",\"inLanguage\":\"fr-FR\",\"@id\":\"https:\\\/\\\/www.uartes.edu.ec\\\/sitio\\\/fr\\\/blog\\\/2021\\\/04\\\/23\\\/global-y-glocal-el-ascenso-de-los-signos-urbanos-muestra-de-joaquin-serrano-en-galeria-virtual-de-la-ccg\\\/#primaryimage\",\"url\":\"https:\\\/\\\/www.uartes.edu.ec\\\/sitio\\\/wp-content\\\/uploads\\\/2021\\\/04\\\/JS-1.jpg\",\"contentUrl\":\"https:\\\/\\\/www.uartes.edu.ec\\\/sitio\\\/wp-content\\\/uploads\\\/2021\\\/04\\\/JS-1.jpg\",\"width\":2000,\"height\":1334,\"caption\":\"Muestra art\u00edstica de Joaqu\u00edn Serrano\"},{\"@type\":\"BreadcrumbList\",\"@id\":\"https:\\\/\\\/www.uartes.edu.ec\\\/sitio\\\/fr\\\/blog\\\/2021\\\/04\\\/23\\\/global-y-glocal-el-ascenso-de-los-signos-urbanos-muestra-de-joaquin-serrano-en-galeria-virtual-de-la-ccg\\\/#breadcrumb\",\"itemListElement\":[{\"@type\":\"ListItem\",\"position\":1,\"name\":\"Inicio\",\"item\":\"https:\\\/\\\/www.uartes.edu.ec\\\/sitio\\\/\"},{\"@type\":\"ListItem\",\"position\":2,\"name\":\"\u201cGlobal y Glocal\u2026 El ascenso de los signos urbanos\u201d, muestra de Joaqu\u00edn Serrano en galer\u00eda virtual de la CCG\"}]},{\"@type\":\"WebSite\",\"@id\":\"https:\\\/\\\/www.uartes.edu.ec\\\/sitio\\\/fr\\\/#website\",\"url\":\"https:\\\/\\\/www.uartes.edu.ec\\\/sitio\\\/fr\\\/\",\"name\":\"Universidad de las Artes\",\"description\":\"Sitio oficial de la Universidad Nacional de las Artes del Ecuador\",\"publisher\":{\"@id\":\"https:\\\/\\\/www.uartes.edu.ec\\\/sitio\\\/fr\\\/#organization\"},\"potentialAction\":[{\"@type\":\"SearchAction\",\"target\":{\"@type\":\"EntryPoint\",\"urlTemplate\":\"https:\\\/\\\/www.uartes.edu.ec\\\/sitio\\\/fr\\\/?s={search_term_string}\"},\"query-input\":{\"@type\":\"PropertyValueSpecification\",\"valueRequired\":true,\"valueName\":\"search_term_string\"}}],\"inLanguage\":\"fr-FR\"},{\"@type\":\"Organization\",\"@id\":\"https:\\\/\\\/www.uartes.edu.ec\\\/sitio\\\/fr\\\/#organization\",\"name\":\"Universidad de las Artes\",\"url\":\"https:\\\/\\\/www.uartes.edu.ec\\\/sitio\\\/fr\\\/\",\"logo\":{\"@type\":\"ImageObject\",\"inLanguage\":\"fr-FR\",\"@id\":\"https:\\\/\\\/www.uartes.edu.ec\\\/sitio\\\/fr\\\/#\\\/schema\\\/logo\\\/image\\\/\",\"url\":\"https:\\\/\\\/www.uartes.edu.ec\\\/sitio\\\/wp-content\\\/uploads\\\/2022\\\/07\\\/logo-ua-horizontal.png\",\"contentUrl\":\"https:\\\/\\\/www.uartes.edu.ec\\\/sitio\\\/wp-content\\\/uploads\\\/2022\\\/07\\\/logo-ua-horizontal.png\",\"width\":800,\"height\":276,\"caption\":\"Universidad de las Artes\"},\"image\":{\"@id\":\"https:\\\/\\\/www.uartes.edu.ec\\\/sitio\\\/fr\\\/#\\\/schema\\\/logo\\\/image\\\/\"},\"sameAs\":[\"https:\\\/\\\/www.facebook.com\\\/uartesec\",\"https:\\\/\\\/x.com\\\/uartesec\",\"https:\\\/\\\/www.tiktok.com\\\/@uartesec\"]},{\"@type\":\"Person\",\"@id\":\"https:\\\/\\\/www.uartes.edu.ec\\\/sitio\\\/fr\\\/#\\\/schema\\\/person\\\/efa1b8275797664fd7f13a79ccc0b1f4\",\"name\":\"ccortez\",\"image\":{\"@type\":\"ImageObject\",\"inLanguage\":\"fr-FR\",\"@id\":\"https:\\\/\\\/secure.gravatar.com\\\/avatar\\\/b2a6f664a3ae8e074346ef91775736c5ec479e637ecced6842de9dc98b5da9cd?s=96&d=mm&r=g\",\"url\":\"https:\\\/\\\/secure.gravatar.com\\\/avatar\\\/b2a6f664a3ae8e074346ef91775736c5ec479e637ecced6842de9dc98b5da9cd?s=96&d=mm&r=g\",\"contentUrl\":\"https:\\\/\\\/secure.gravatar.com\\\/avatar\\\/b2a6f664a3ae8e074346ef91775736c5ec479e637ecced6842de9dc98b5da9cd?s=96&d=mm&r=g\",\"caption\":\"ccortez\"},\"url\":\"https:\\\/\\\/www.uartes.edu.ec\\\/sitio\\\/fr\\\/blog\\\/author\\\/ccortez\\\/\"}]}<\/script>\n<!-- \/ Yoast SEO plugin. -->","yoast_head_json":{"title":"Universidad de las Artes - \u201cGlobal y Glocal\u2026 El ascenso de los signos urbanos\u201d, muestra de Joaqu\u00edn Serrano en galer\u00eda virtual de la CCG","description":"Universidad de las Artes - \u201cGlobal y Glocal\u2026 El ascenso de los signos urbanos\u201d, muestra de Joaqu\u00edn Serrano en galer\u00eda virtual de la CCG","robots":{"index":"index","follow":"follow","max-snippet":"max-snippet:-1","max-image-preview":"max-image-preview:large","max-video-preview":"max-video-preview:-1"},"canonical":"https:\/\/www.uartes.edu.ec\/sitio\/fr\/blog\/2021\/04\/23\/global-y-glocal-el-ascenso-de-los-signos-urbanos-muestra-de-joaquin-serrano-en-galeria-virtual-de-la-ccg\/","og_locale":"fr_FR","og_type":"article","og_title":"Universidad de las Artes - \u201cGlobal y Glocal\u2026 El ascenso de los signos urbanos\u201d, muestra de Joaqu\u00edn Serrano en galer\u00eda virtual de la CCG","og_description":"Universidad de las Artes - \u201cGlobal y Glocal\u2026 El ascenso de los signos urbanos\u201d, muestra de Joaqu\u00edn Serrano en galer\u00eda virtual de la CCG","og_url":"https:\/\/www.uartes.edu.ec\/sitio\/fr\/blog\/2021\/04\/23\/global-y-glocal-el-ascenso-de-los-signos-urbanos-muestra-de-joaquin-serrano-en-galeria-virtual-de-la-ccg\/","og_site_name":"Universidad de las Artes","article_publisher":"https:\/\/www.facebook.com\/uartesec","article_published_time":"2021-04-24T00:30:17+00:00","article_modified_time":"2024-07-04T16:27:23+00:00","og_image":[{"width":2000,"height":1334,"url":"https:\/\/www.uartes.edu.ec\/sitio\/wp-content\/uploads\/2021\/04\/JS-1.jpg","type":"image\/jpeg"}],"author":"ccortez","twitter_card":"summary_large_image","twitter_creator":"@uartesec","twitter_site":"@uartesec","twitter_misc":{"\u00c9crit par":"ccortez","Dur\u00e9e de lecture estim\u00e9e":"4 minutes"},"schema":{"@context":"https:\/\/schema.org","@graph":[{"@type":"Article","@id":"https:\/\/www.uartes.edu.ec\/sitio\/fr\/blog\/2021\/04\/23\/global-y-glocal-el-ascenso-de-los-signos-urbanos-muestra-de-joaquin-serrano-en-galeria-virtual-de-la-ccg\/#article","isPartOf":{"@id":"https:\/\/www.uartes.edu.ec\/sitio\/fr\/blog\/2021\/04\/23\/global-y-glocal-el-ascenso-de-los-signos-urbanos-muestra-de-joaquin-serrano-en-galeria-virtual-de-la-ccg\/"},"author":{"name":"ccortez","@id":"https:\/\/www.uartes.edu.ec\/sitio\/fr\/#\/schema\/person\/efa1b8275797664fd7f13a79ccc0b1f4"},"headline":"\u201cGlobal y Glocal\u2026 El ascenso de los signos urbanos\u201d, muestra de Joaqu\u00edn Serrano en galer\u00eda virtual de la CCG","datePublished":"2021-04-24T00:30:17+00:00","dateModified":"2024-07-04T16:27:23+00:00","mainEntityOfPage":{"@id":"https:\/\/www.uartes.edu.ec\/sitio\/fr\/blog\/2021\/04\/23\/global-y-glocal-el-ascenso-de-los-signos-urbanos-muestra-de-joaquin-serrano-en-galeria-virtual-de-la-ccg\/"},"wordCount":794,"publisher":{"@id":"https:\/\/www.uartes.edu.ec\/sitio\/fr\/#organization"},"image":{"@id":"https:\/\/www.uartes.edu.ec\/sitio\/fr\/blog\/2021\/04\/23\/global-y-glocal-el-ascenso-de-los-signos-urbanos-muestra-de-joaquin-serrano-en-galeria-virtual-de-la-ccg\/#primaryimage"},"thumbnailUrl":"https:\/\/www.uartes.edu.ec\/sitio\/wp-content\/uploads\/2021\/04\/JS-1.jpg","articleSection":["Artes","Docentes"],"inLanguage":"fr-FR"},{"@type":["WebPage","ItemPage"],"@id":"https:\/\/www.uartes.edu.ec\/sitio\/fr\/blog\/2021\/04\/23\/global-y-glocal-el-ascenso-de-los-signos-urbanos-muestra-de-joaquin-serrano-en-galeria-virtual-de-la-ccg\/","url":"https:\/\/www.uartes.edu.ec\/sitio\/fr\/blog\/2021\/04\/23\/global-y-glocal-el-ascenso-de-los-signos-urbanos-muestra-de-joaquin-serrano-en-galeria-virtual-de-la-ccg\/","name":"Universidad de las Artes - \u201cGlobal y Glocal\u2026 El ascenso de los signos urbanos\u201d, muestra de Joaqu\u00edn Serrano en galer\u00eda virtual de la CCG","isPartOf":{"@id":"https:\/\/www.uartes.edu.ec\/sitio\/fr\/#website"},"primaryImageOfPage":{"@id":"https:\/\/www.uartes.edu.ec\/sitio\/fr\/blog\/2021\/04\/23\/global-y-glocal-el-ascenso-de-los-signos-urbanos-muestra-de-joaquin-serrano-en-galeria-virtual-de-la-ccg\/#primaryimage"},"image":{"@id":"https:\/\/www.uartes.edu.ec\/sitio\/fr\/blog\/2021\/04\/23\/global-y-glocal-el-ascenso-de-los-signos-urbanos-muestra-de-joaquin-serrano-en-galeria-virtual-de-la-ccg\/#primaryimage"},"thumbnailUrl":"https:\/\/www.uartes.edu.ec\/sitio\/wp-content\/uploads\/2021\/04\/JS-1.jpg","datePublished":"2021-04-24T00:30:17+00:00","dateModified":"2024-07-04T16:27:23+00:00","description":"Universidad de las Artes - \u201cGlobal y Glocal\u2026 El ascenso de los signos urbanos\u201d, muestra de Joaqu\u00edn Serrano en galer\u00eda virtual de la CCG","breadcrumb":{"@id":"https:\/\/www.uartes.edu.ec\/sitio\/fr\/blog\/2021\/04\/23\/global-y-glocal-el-ascenso-de-los-signos-urbanos-muestra-de-joaquin-serrano-en-galeria-virtual-de-la-ccg\/#breadcrumb"},"inLanguage":"fr-FR","potentialAction":[{"@type":"ReadAction","target":["https:\/\/www.uartes.edu.ec\/sitio\/fr\/blog\/2021\/04\/23\/global-y-glocal-el-ascenso-de-los-signos-urbanos-muestra-de-joaquin-serrano-en-galeria-virtual-de-la-ccg\/"]}]},{"@type":"ImageObject","inLanguage":"fr-FR","@id":"https:\/\/www.uartes.edu.ec\/sitio\/fr\/blog\/2021\/04\/23\/global-y-glocal-el-ascenso-de-los-signos-urbanos-muestra-de-joaquin-serrano-en-galeria-virtual-de-la-ccg\/#primaryimage","url":"https:\/\/www.uartes.edu.ec\/sitio\/wp-content\/uploads\/2021\/04\/JS-1.jpg","contentUrl":"https:\/\/www.uartes.edu.ec\/sitio\/wp-content\/uploads\/2021\/04\/JS-1.jpg","width":2000,"height":1334,"caption":"Muestra art\u00edstica de Joaqu\u00edn Serrano"},{"@type":"BreadcrumbList","@id":"https:\/\/www.uartes.edu.ec\/sitio\/fr\/blog\/2021\/04\/23\/global-y-glocal-el-ascenso-de-los-signos-urbanos-muestra-de-joaquin-serrano-en-galeria-virtual-de-la-ccg\/#breadcrumb","itemListElement":[{"@type":"ListItem","position":1,"name":"Inicio","item":"https:\/\/www.uartes.edu.ec\/sitio\/"},{"@type":"ListItem","position":2,"name":"\u201cGlobal y Glocal\u2026 El ascenso de los signos urbanos\u201d, muestra de Joaqu\u00edn Serrano en galer\u00eda virtual de la CCG"}]},{"@type":"WebSite","@id":"https:\/\/www.uartes.edu.ec\/sitio\/fr\/#website","url":"https:\/\/www.uartes.edu.ec\/sitio\/fr\/","name":"Universidad de las Artes","description":"Sitio oficial de la Universidad Nacional de las Artes del Ecuador","publisher":{"@id":"https:\/\/www.uartes.edu.ec\/sitio\/fr\/#organization"},"potentialAction":[{"@type":"SearchAction","target":{"@type":"EntryPoint","urlTemplate":"https:\/\/www.uartes.edu.ec\/sitio\/fr\/?s={search_term_string}"},"query-input":{"@type":"PropertyValueSpecification","valueRequired":true,"valueName":"search_term_string"}}],"inLanguage":"fr-FR"},{"@type":"Organization","@id":"https:\/\/www.uartes.edu.ec\/sitio\/fr\/#organization","name":"Universidad de las Artes","url":"https:\/\/www.uartes.edu.ec\/sitio\/fr\/","logo":{"@type":"ImageObject","inLanguage":"fr-FR","@id":"https:\/\/www.uartes.edu.ec\/sitio\/fr\/#\/schema\/logo\/image\/","url":"https:\/\/www.uartes.edu.ec\/sitio\/wp-content\/uploads\/2022\/07\/logo-ua-horizontal.png","contentUrl":"https:\/\/www.uartes.edu.ec\/sitio\/wp-content\/uploads\/2022\/07\/logo-ua-horizontal.png","width":800,"height":276,"caption":"Universidad de las Artes"},"image":{"@id":"https:\/\/www.uartes.edu.ec\/sitio\/fr\/#\/schema\/logo\/image\/"},"sameAs":["https:\/\/www.facebook.com\/uartesec","https:\/\/x.com\/uartesec","https:\/\/www.tiktok.com\/@uartesec"]},{"@type":"Person","@id":"https:\/\/www.uartes.edu.ec\/sitio\/fr\/#\/schema\/person\/efa1b8275797664fd7f13a79ccc0b1f4","name":"ccortez","image":{"@type":"ImageObject","inLanguage":"fr-FR","@id":"https:\/\/secure.gravatar.com\/avatar\/b2a6f664a3ae8e074346ef91775736c5ec479e637ecced6842de9dc98b5da9cd?s=96&d=mm&r=g","url":"https:\/\/secure.gravatar.com\/avatar\/b2a6f664a3ae8e074346ef91775736c5ec479e637ecced6842de9dc98b5da9cd?s=96&d=mm&r=g","contentUrl":"https:\/\/secure.gravatar.com\/avatar\/b2a6f664a3ae8e074346ef91775736c5ec479e637ecced6842de9dc98b5da9cd?s=96&d=mm&r=g","caption":"ccortez"},"url":"https:\/\/www.uartes.edu.ec\/sitio\/fr\/blog\/author\/ccortez\/"}]}},"uagb_featured_image_src":{"full":["https:\/\/www.uartes.edu.ec\/sitio\/wp-content\/uploads\/2021\/04\/JS-1.jpg",2000,1334,false],"thumbnail":["https:\/\/www.uartes.edu.ec\/sitio\/wp-content\/uploads\/2021\/04\/JS-1-150x150.jpg",150,150,true],"medium":["https:\/\/www.uartes.edu.ec\/sitio\/wp-content\/uploads\/2021\/04\/JS-1-300x200.jpg",300,200,true],"medium_large":["https:\/\/www.uartes.edu.ec\/sitio\/wp-content\/uploads\/2021\/04\/JS-1-768x512.jpg",768,512,true],"large":["https:\/\/www.uartes.edu.ec\/sitio\/wp-content\/uploads\/2021\/04\/JS-1-644x430.jpg",644,430,true],"1536x1536":["https:\/\/www.uartes.edu.ec\/sitio\/wp-content\/uploads\/2021\/04\/JS-1-1536x1025.jpg",1536,1025,true],"2048x2048":["https:\/\/www.uartes.edu.ec\/sitio\/wp-content\/uploads\/2021\/04\/JS-1.jpg",2000,1334,false],"trp-custom-language-flag":["https:\/\/www.uartes.edu.ec\/sitio\/wp-content\/uploads\/2021\/04\/JS-1.jpg",18,12,false],"htmega_size_585x295":["https:\/\/www.uartes.edu.ec\/sitio\/wp-content\/uploads\/2021\/04\/JS-1-585x295.jpg",585,295,true],"htmega_size_1170x536":["https:\/\/www.uartes.edu.ec\/sitio\/wp-content\/uploads\/2021\/04\/JS-1-1170x536.jpg",1170,536,true],"htmega_size_396x360":["https:\/\/www.uartes.edu.ec\/sitio\/wp-content\/uploads\/2021\/04\/JS-1-396x360.jpg",396,360,true],"gb-block-post-grid-landscape":["https:\/\/www.uartes.edu.ec\/sitio\/wp-content\/uploads\/2021\/04\/JS-1.jpg",600,400,false],"gb-block-post-grid-square":["https:\/\/www.uartes.edu.ec\/sitio\/wp-content\/uploads\/2021\/04\/JS-1.jpg",600,400,false],"university-hub-thumb":["https:\/\/www.uartes.edu.ec\/sitio\/wp-content\/uploads\/2021\/04\/JS-1-400x267.jpg",400,267,true],"mailpoet_newsletter_max":["https:\/\/www.uartes.edu.ec\/sitio\/wp-content\/uploads\/2021\/04\/JS-1.jpg",1320,880,false]},"uagb_author_info":{"display_name":"ccortez","author_link":"https:\/\/www.uartes.edu.ec\/sitio\/fr\/blog\/author\/ccortez\/"},"uagb_comment_info":0,"uagb_excerpt":"\u201cLa obra de Joaqu\u00edn Serrano est\u00e1 llena de s\u00edmbolos que denotan el diario enfrentamiento con cualquier circunstancia de expresi\u00f3n social, a la vuelta de la esquina de lo cotidiano, de la estrecha relaci\u00f3n del autor con su obra, y de esta con la sociedad; a la vez que se cumple el ciclo dial\u00e9ctico de la\u2026","featured_image_src":"https:\/\/www.uartes.edu.ec\/sitio\/wp-content\/uploads\/2021\/04\/JS-1.jpg","featured_image_src_square":"https:\/\/www.uartes.edu.ec\/sitio\/wp-content\/uploads\/2021\/04\/JS-1.jpg","author_info":{"display_name":"ccortez","author_link":"https:\/\/www.uartes.edu.ec\/sitio\/fr\/blog\/author\/ccortez\/"},"publishpress_future_workflow_manual_trigger":{"enabledWorkflows":[]},"distributor_meta":false,"distributor_terms":false,"distributor_media":false,"distributor_original_site_name":"Universidad de las Artes","distributor_original_site_url":"https:\/\/www.uartes.edu.ec\/sitio\/fr","push-errors":false,"_links":{"self":[{"href":"https:\/\/www.uartes.edu.ec\/sitio\/fr\/wp-json\/wp\/v2\/posts\/13441","targetHints":{"allow":["GET"]}}],"collection":[{"href":"https:\/\/www.uartes.edu.ec\/sitio\/fr\/wp-json\/wp\/v2\/posts"}],"about":[{"href":"https:\/\/www.uartes.edu.ec\/sitio\/fr\/wp-json\/wp\/v2\/types\/post"}],"author":[{"embeddable":true,"href":"https:\/\/www.uartes.edu.ec\/sitio\/fr\/wp-json\/wp\/v2\/users\/10"}],"replies":[{"embeddable":true,"href":"https:\/\/www.uartes.edu.ec\/sitio\/fr\/wp-json\/wp\/v2\/comments?post=13441"}],"version-history":[{"count":2,"href":"https:\/\/www.uartes.edu.ec\/sitio\/fr\/wp-json\/wp\/v2\/posts\/13441\/revisions"}],"predecessor-version":[{"id":13460,"href":"https:\/\/www.uartes.edu.ec\/sitio\/fr\/wp-json\/wp\/v2\/posts\/13441\/revisions\/13460"}],"wp:featuredmedia":[{"embeddable":true,"href":"https:\/\/www.uartes.edu.ec\/sitio\/fr\/wp-json\/wp\/v2\/media\/13456"}],"wp:attachment":[{"href":"https:\/\/www.uartes.edu.ec\/sitio\/fr\/wp-json\/wp\/v2\/media?parent=13441"}],"wp:term":[{"taxonomy":"category","embeddable":true,"href":"https:\/\/www.uartes.edu.ec\/sitio\/fr\/wp-json\/wp\/v2\/categories?post=13441"},{"taxonomy":"post_tag","embeddable":true,"href":"https:\/\/www.uartes.edu.ec\/sitio\/fr\/wp-json\/wp\/v2\/tags?post=13441"},{"taxonomy":"infouartes","embeddable":true,"href":"https:\/\/www.uartes.edu.ec\/sitio\/fr\/wp-json\/wp\/v2\/infouartes?post=13441"}],"curies":[{"name":"wp","href":"https:\/\/api.w.org\/{rel}","templated":true}]}}