{"id":13616,"date":"2021-04-29T16:17:00","date_gmt":"2021-04-29T21:17:00","guid":{"rendered":"http:\/\/www.uartes.edu.ec\/sitio\/?p=13616"},"modified":"2024-07-04T11:27:21","modified_gmt":"2024-07-04T16:27:21","slug":"el-cepam-participo-en-uno-de-los-dialogos-de-la-semana-cero","status":"publish","type":"post","link":"https:\/\/www.uartes.edu.ec\/sitio\/fr\/blog\/2021\/05\/05\/el-cepam-participo-en-uno-de-los-dialogos-de-la-semana-cero\/","title":{"rendered":"El CEPAM particip\u00f3 en uno de los di\u00e1logos de la Semana Cero"},"content":{"rendered":"<p>En la \u00faltima jornada de la Semana Cero de la Universidad de las Artes, que se inici\u00f3 el lunes 29 de abril y concluy\u00f3 hoy, jueves 29 (ma\u00f1ana viernes 30 no habr\u00e1 actividad por el feriado del 1 de mayo), los di\u00e1logos virtuales estuvieron dirigidos a tratar temas sobre la violencia contra la mujer y el procedimiento a seguir en casos de acoso, discriminaci\u00f3n y violencia de g\u00e9nero; a conocer en detalle el Club Ecol\u00f3gico; y, a participar en la presentaci\u00f3n del tercer n\u00famero de la Revista <em>F-ILIA,<\/em> editada por el Instituto Latinoamericano de Investigaci\u00f3n en Artes.<\/p>\n\n\n\n<p>As\u00ed, a las 10:00, en la primera de las citas mencionadas, hizo su presentaci\u00f3n la psic\u00f3loga Anabelle Ar\u00e9valo, quien es gestora de servicios integrales del Centro Ecuatoriano para la Promoci\u00f3n y Acci\u00f3n de la mujer (CEPAM). Esta es una organizaci\u00f3n sin fines de lucro creada en 1983 para velar por la atenci\u00f3n exclusiva a mujeres que han sufrido o sufren de maltrato, discriminaci\u00f3n y cualquier tipo de violencia que atenta contra su integridad y sus derechos como personas vulnerables en la sociedad.<\/p>\n\n\n\n<p>Contando con la participaci\u00f3n de 18 personas conectadas, entre ellas, estudiantes y miembros de la Secretar\u00eda de Bienestar Universitario de la UArtes, se dio espacio al di\u00e1logo abierto para que las y los estudiantes manifestaran sus inquietudes. La psic\u00f3loga del CEPAM indic\u00f3 que es muy dif\u00edcil para una mujer denunciar una situaci\u00f3n de violencia porque existe un pensamiento patriarcal ya establecido. Acercarse y denunciar es de valientes, refiri\u00f3 ante la interrogante de una estudiante respecto a los casos reportados. \u201cLas amenazas se vuelven reales y se cumplen. Aquello de \u2018si me dejas te mato\u2019 ya no solo es manipulaci\u00f3n, sino no existieran los femicidios\u201d, dijo y revel\u00f3 que, lamentablemente, existen victimas de femicidios que ten\u00edan la denuncia en la cartera y no alcanzaron a tocar el bot\u00f3n de p\u00e1nico.<\/p>\n\n\n\n<p>En la presentaci\u00f3n de estos denominadores comunes en casos de violencia y acoso, la gestora de servicios integrales del CEPAM tambi\u00e9n explic\u00f3 sobre el conjunto de acciones y situaciones de manipulaci\u00f3n por parte de las parejas de estas v\u00edctimas, que terminan siendo afectadas emocionalmente y que por temor deciden permanecer en silencio, dejando la puerta abierta a m\u00e1s actos violentos donde se perpet\u00faan el da\u00f1o f\u00edsico y emocional.<\/p>\n\n\n\n<p>Una de las conclusiones que dej\u00f3 la expositora fue la de reconocer que la importancia de defender a la mujer para la CEPAM radica en examinar las conductas machistas que existen en las relaciones y en la sociedad marcada por el patriarcado. Los escenarios llenos de acciones que son vistas de forma usual y que son aceptadas como normales y que llevan a ese mismo escenario violento donde la manipulaci\u00f3n puede llegar a convertirse en un femicidio, como el de tantos ocurridos ya en un pa\u00eds, donde recientemente se empieza a visibilizar la vulnerabilidad de la mujer. Este entramado de situaciones dentro de un pa\u00eds patriarcal conduce a la revictimizaci\u00f3n de la mujer.<\/p>\n\n\n\n<p>\u201cSi empiezas a interrogarla, no la est\u00e1s apoyando\u201d, se\u00f1al\u00f3 al mencionar uno de sus puntos de qu\u00e9 es lo que se debe hacer frente a una situaci\u00f3n de violencia con una mujer que se atreve a contar lo sucedido. \u201cNo ayudan comentarios como \u2018\u00bfpor qu\u00e9 permiti\u00f3 que le pase esto\u2019?, \u00bfpor qu\u00e9 no se alej\u00f3 de \u00e9l?, \u00bfpor qu\u00e9 no se separ\u00f3?\u201d, pues son interrogantes que solo logran hacer sentir responsable a la v\u00edctima\u201d.<\/p>\n\n\n\n<p>En la presentaci\u00f3n, Anabelle Ar\u00e9valo explic\u00f3 sobre la \u201cRuta de atenci\u00f3n integral CEPAM\u201d, denominaci\u00f3n de los servicios prestados por la organizaci\u00f3n una vez que recibe a la v\u00edctima de acoso o violencia. Esta se divide en la recepci\u00f3n, que es donde se muestra la fuente de referencia: denuncia propia, v\u00eda telef\u00f3nica u otras instituciones; una entrevista de acogida, en la que se recopilan informaci\u00f3n de la v\u00edctima, como sus datos personales y socioecon\u00f3micos; valoraci\u00f3n de riesgo a los que se enfrenta la v\u00edctima; identificaci\u00f3n y an\u00e1lisis de la demanda; y, un registro inform\u00e1tico. La v\u00edctima es, a su vez, derivada a una entidad judicial, fiscal\u00eda o unidades especiales de violencia, a fin de que el caso sea llevado a instancias legales.<\/p>\n\n\n\n<p>El CEPAM, agreg\u00f3, ofrece atenci\u00f3n especializada directa con la v\u00edctima, decisi\u00f3n que depende \u00fanicamente de ella, pues tras dialogar y conocer su caso se le sugiere recibir atenci\u00f3n psicol\u00f3gica o de alg\u00fan grupo de apoyo entre compa\u00f1eras v\u00edctimas de violencia.<\/p>\n\n\n\n<p>La Universidad de las Artes es una instituci\u00f3n que se encuentra en total apoyo con su comunidad y con las mujeres estudiantes, en especial que se sientan en una situaci\u00f3n de peligro. Es por este motivo que organizaciones invitadas, como el CEPAM, que enfrentan estas situaciones a diario se manifiesten de forma enf\u00e1tica, a fin de guiar a las estudiantes que requieran ayuda o que conozcan de alg\u00fan caso en particular.<\/p>\n\n\n\n<p>Desde la Secretar\u00eda de Bienestar Universitario se inform\u00f3 que a trav\u00e9s del protocolo ADVG se procede a intervenir en los casos particulares de acoso de forma \u00fanica y confidencial con las estudiantes y los estudiantes. Manuel Ayavaca, como trabajador social de la UArtes, es el encargado de recibir este tipo de denuncias y tomar las debidas acciones para defenderlos del agresor. Estar presente en este tipo de presentaciones permite involucrar a las estudiantes y a la comunidad universitaria en un v\u00ednculo m\u00e1s cercano.<\/p>\n\n\n\n<p>Manuel Ayavaca, presente en la cita, puso a disposici\u00f3n su direcci\u00f3n de correo institucional <a href=\"mailto:manuel.ayavaca@uartes.edu.ec\">manuel.ayavaca@uartes.edu.ec<\/a><\/p>\n\n\n\n<p>Al cierre de la actividad, Anabelle Ar\u00e9valo puso disposici\u00f3n de todas y todos n\u00fameros de emergencias y entidades d\u00f3nde una mujer en caso de violencia puede acudir, entre ellos, Casa de Acogida Hogar de Nazareth <a href=\"mailto:recepci\u00f3n@hogardecristo.org.ec\">recepci\u00f3n@hogardecristo.org.ec<\/a> , Amiga ya no est\u00e1s sola <a href=\"mailto:beagonpm@guayaquil.gov.ec\">beagonpm@guayaquil.gov.ec<\/a>, Fundaci\u00f3n Mar\u00eda Guare <a href=\"mailto:fmariaguare@gmail.com\">fmariaguare@gmail.com<\/a>, y CEPAM <a href=\"mailto:aarevalo@cepamgye.org\">aarevalo@cepamgye.org<\/a>.<\/p>\n\n\n\n<p><em>Texto: Mar\u00eda Fernanda Hidalgo, estudiante de la Escuela de Literatura\/Carmen Cortez<\/em><\/p>","protected":false},"excerpt":{"rendered":"<p>En la \u00faltima jornada de la Semana Cero de la Universidad de las Artes los di\u00e1logos virtuales estuvieron dirigidos a tratar temas sobre la violencia contra la mujer y el procedimiento a seguir en casos de acoso, discriminaci\u00f3n y violencia de g\u00e9nero;<\/p>","protected":false},"author":1,"featured_media":13609,"comment_status":"closed","ping_status":"closed","sticky":false,"template":"","format":"standard","meta":{"_acf_changed":false,"_uag_custom_page_level_css":"","_monsterinsights_skip_tracking":false,"_monsterinsights_sitenote_active":false,"_monsterinsights_sitenote_note":"","_monsterinsights_sitenote_category":0,"cybocfi_hide_featured_image":"","footnotes":""},"categories":[80,82,75,76],"tags":[111],"infouartes":[],"class_list":["post-13616","post","type-post","status-publish","format-standard","has-post-thumbnail","hentry","category-academico","category-artes","category-docentes","category-estudiantes","tag-semana-0"],"acf":[],"yoast_head":"<!-- This site is optimized with the Yoast SEO plugin v27.4 - https:\/\/yoast.com\/product\/yoast-seo-wordpress\/ -->\n<title>Universidad de las Artes - El CEPAM particip\u00f3 en uno de los di\u00e1logos de la Semana Cero<\/title>\n<meta name=\"description\" content=\"Universidad de las Artes - El CEPAM particip\u00f3 en uno de los di\u00e1logos de la Semana Cero\" \/>\n<meta name=\"robots\" content=\"index, follow, max-snippet:-1, max-image-preview:large, max-video-preview:-1\" \/>\n<link rel=\"canonical\" href=\"https:\/\/www.uartes.edu.ec\/sitio\/fr\/blog\/2021\/05\/05\/el-cepam-participo-en-uno-de-los-dialogos-de-la-semana-cero\/\" \/>\n<meta property=\"og:locale\" content=\"fr_FR\" \/>\n<meta property=\"og:type\" content=\"article\" \/>\n<meta property=\"og:title\" content=\"Universidad de las Artes - El CEPAM particip\u00f3 en uno de los di\u00e1logos de la Semana Cero\" \/>\n<meta property=\"og:description\" content=\"Universidad de las Artes - El CEPAM particip\u00f3 en uno de los di\u00e1logos de la Semana Cero\" \/>\n<meta property=\"og:url\" content=\"https:\/\/www.uartes.edu.ec\/sitio\/fr\/blog\/2021\/05\/05\/el-cepam-participo-en-uno-de-los-dialogos-de-la-semana-cero\/\" \/>\n<meta property=\"og:site_name\" content=\"Universidad de las Artes\" \/>\n<meta property=\"article:publisher\" content=\"https:\/\/www.facebook.com\/uartesec\" \/>\n<meta property=\"article:published_time\" content=\"2021-04-29T21:17:00+00:00\" \/>\n<meta property=\"article:modified_time\" content=\"2024-07-04T16:27:21+00:00\" \/>\n<meta property=\"og:image\" content=\"https:\/\/www.uartes.edu.ec\/sitio\/wp-content\/uploads\/2021\/05\/El-CEPAM-participo\u0301-en-uno-de-los-dia\u0301logos-de-la-Semana-Cero.jpg\" \/>\n\t<meta property=\"og:image:width\" content=\"2000\" \/>\n\t<meta property=\"og:image:height\" content=\"1333\" \/>\n\t<meta property=\"og:image:type\" content=\"image\/jpeg\" \/>\n<meta name=\"author\" content=\"Universidad de las Artes\" \/>\n<meta name=\"twitter:card\" content=\"summary_large_image\" \/>\n<meta name=\"twitter:creator\" content=\"@uartesec\" \/>\n<meta name=\"twitter:site\" content=\"@uartesec\" \/>\n<meta name=\"twitter:label1\" content=\"\u00c9crit par\" \/>\n\t<meta name=\"twitter:data1\" content=\"Universidad de las Artes\" \/>\n\t<meta name=\"twitter:label2\" content=\"Dur\u00e9e de lecture estim\u00e9e\" \/>\n\t<meta name=\"twitter:data2\" content=\"5 minutes\" \/>\n<script type=\"application\/ld+json\" class=\"yoast-schema-graph\">{\"@context\":\"https:\\\/\\\/schema.org\",\"@graph\":[{\"@type\":\"Article\",\"@id\":\"https:\\\/\\\/www.uartes.edu.ec\\\/sitio\\\/fr\\\/blog\\\/2021\\\/05\\\/05\\\/el-cepam-participo-en-uno-de-los-dialogos-de-la-semana-cero\\\/#article\",\"isPartOf\":{\"@id\":\"https:\\\/\\\/www.uartes.edu.ec\\\/sitio\\\/fr\\\/blog\\\/2021\\\/05\\\/05\\\/el-cepam-participo-en-uno-de-los-dialogos-de-la-semana-cero\\\/\"},\"author\":{\"name\":\"Universidad de las Artes\",\"@id\":\"https:\\\/\\\/www.uartes.edu.ec\\\/sitio\\\/fr\\\/#\\\/schema\\\/person\\\/f33f8c1d2af0d5c80a38c8abf458184a\"},\"headline\":\"El CEPAM particip\u00f3 en uno de los di\u00e1logos de la Semana Cero\",\"datePublished\":\"2021-04-29T21:17:00+00:00\",\"dateModified\":\"2024-07-04T16:27:21+00:00\",\"mainEntityOfPage\":{\"@id\":\"https:\\\/\\\/www.uartes.edu.ec\\\/sitio\\\/fr\\\/blog\\\/2021\\\/05\\\/05\\\/el-cepam-participo-en-uno-de-los-dialogos-de-la-semana-cero\\\/\"},\"wordCount\":1062,\"publisher\":{\"@id\":\"https:\\\/\\\/www.uartes.edu.ec\\\/sitio\\\/fr\\\/#organization\"},\"image\":{\"@id\":\"https:\\\/\\\/www.uartes.edu.ec\\\/sitio\\\/fr\\\/blog\\\/2021\\\/05\\\/05\\\/el-cepam-participo-en-uno-de-los-dialogos-de-la-semana-cero\\\/#primaryimage\"},\"thumbnailUrl\":\"https:\\\/\\\/www.uartes.edu.ec\\\/sitio\\\/wp-content\\\/uploads\\\/2021\\\/05\\\/El-CEPAM-participo\u0301-en-uno-de-los-dia\u0301logos-de-la-Semana-Cero.jpg\",\"keywords\":[\"semana 0\"],\"articleSection\":[\"Acad\u00e9mico\",\"Artes\",\"Docentes\",\"Estudiantes\"],\"inLanguage\":\"fr-FR\"},{\"@type\":[\"WebPage\",\"ItemPage\"],\"@id\":\"https:\\\/\\\/www.uartes.edu.ec\\\/sitio\\\/fr\\\/blog\\\/2021\\\/05\\\/05\\\/el-cepam-participo-en-uno-de-los-dialogos-de-la-semana-cero\\\/\",\"url\":\"https:\\\/\\\/www.uartes.edu.ec\\\/sitio\\\/fr\\\/blog\\\/2021\\\/05\\\/05\\\/el-cepam-participo-en-uno-de-los-dialogos-de-la-semana-cero\\\/\",\"name\":\"Universidad de las Artes - El CEPAM particip\u00f3 en uno de los di\u00e1logos de la Semana Cero\",\"isPartOf\":{\"@id\":\"https:\\\/\\\/www.uartes.edu.ec\\\/sitio\\\/fr\\\/#website\"},\"primaryImageOfPage\":{\"@id\":\"https:\\\/\\\/www.uartes.edu.ec\\\/sitio\\\/fr\\\/blog\\\/2021\\\/05\\\/05\\\/el-cepam-participo-en-uno-de-los-dialogos-de-la-semana-cero\\\/#primaryimage\"},\"image\":{\"@id\":\"https:\\\/\\\/www.uartes.edu.ec\\\/sitio\\\/fr\\\/blog\\\/2021\\\/05\\\/05\\\/el-cepam-participo-en-uno-de-los-dialogos-de-la-semana-cero\\\/#primaryimage\"},\"thumbnailUrl\":\"https:\\\/\\\/www.uartes.edu.ec\\\/sitio\\\/wp-content\\\/uploads\\\/2021\\\/05\\\/El-CEPAM-participo\u0301-en-uno-de-los-dia\u0301logos-de-la-Semana-Cero.jpg\",\"datePublished\":\"2021-04-29T21:17:00+00:00\",\"dateModified\":\"2024-07-04T16:27:21+00:00\",\"description\":\"Universidad de las Artes - El CEPAM particip\u00f3 en uno de los di\u00e1logos de la Semana Cero\",\"breadcrumb\":{\"@id\":\"https:\\\/\\\/www.uartes.edu.ec\\\/sitio\\\/fr\\\/blog\\\/2021\\\/05\\\/05\\\/el-cepam-participo-en-uno-de-los-dialogos-de-la-semana-cero\\\/#breadcrumb\"},\"inLanguage\":\"fr-FR\",\"potentialAction\":[{\"@type\":\"ReadAction\",\"target\":[\"https:\\\/\\\/www.uartes.edu.ec\\\/sitio\\\/fr\\\/blog\\\/2021\\\/05\\\/05\\\/el-cepam-participo-en-uno-de-los-dialogos-de-la-semana-cero\\\/\"]}]},{\"@type\":\"ImageObject\",\"inLanguage\":\"fr-FR\",\"@id\":\"https:\\\/\\\/www.uartes.edu.ec\\\/sitio\\\/fr\\\/blog\\\/2021\\\/05\\\/05\\\/el-cepam-participo-en-uno-de-los-dialogos-de-la-semana-cero\\\/#primaryimage\",\"url\":\"https:\\\/\\\/www.uartes.edu.ec\\\/sitio\\\/wp-content\\\/uploads\\\/2021\\\/05\\\/El-CEPAM-participo\u0301-en-uno-de-los-dia\u0301logos-de-la-Semana-Cero.jpg\",\"contentUrl\":\"https:\\\/\\\/www.uartes.edu.ec\\\/sitio\\\/wp-content\\\/uploads\\\/2021\\\/05\\\/El-CEPAM-participo\u0301-en-uno-de-los-dia\u0301logos-de-la-Semana-Cero.jpg\",\"width\":2000,\"height\":1333,\"caption\":\"El CEPAM particip\u00f3 en uno de los di\u00e1logos de la Semana Cero\"},{\"@type\":\"BreadcrumbList\",\"@id\":\"https:\\\/\\\/www.uartes.edu.ec\\\/sitio\\\/fr\\\/blog\\\/2021\\\/05\\\/05\\\/el-cepam-participo-en-uno-de-los-dialogos-de-la-semana-cero\\\/#breadcrumb\",\"itemListElement\":[{\"@type\":\"ListItem\",\"position\":1,\"name\":\"Inicio\",\"item\":\"https:\\\/\\\/www.uartes.edu.ec\\\/sitio\\\/\"},{\"@type\":\"ListItem\",\"position\":2,\"name\":\"El CEPAM particip\u00f3 en uno de los di\u00e1logos de la Semana Cero\"}]},{\"@type\":\"WebSite\",\"@id\":\"https:\\\/\\\/www.uartes.edu.ec\\\/sitio\\\/fr\\\/#website\",\"url\":\"https:\\\/\\\/www.uartes.edu.ec\\\/sitio\\\/fr\\\/\",\"name\":\"Universidad de las Artes\",\"description\":\"Sitio oficial de la Universidad Nacional de las Artes del Ecuador\",\"publisher\":{\"@id\":\"https:\\\/\\\/www.uartes.edu.ec\\\/sitio\\\/fr\\\/#organization\"},\"potentialAction\":[{\"@type\":\"SearchAction\",\"target\":{\"@type\":\"EntryPoint\",\"urlTemplate\":\"https:\\\/\\\/www.uartes.edu.ec\\\/sitio\\\/fr\\\/?s={search_term_string}\"},\"query-input\":{\"@type\":\"PropertyValueSpecification\",\"valueRequired\":true,\"valueName\":\"search_term_string\"}}],\"inLanguage\":\"fr-FR\"},{\"@type\":\"Organization\",\"@id\":\"https:\\\/\\\/www.uartes.edu.ec\\\/sitio\\\/fr\\\/#organization\",\"name\":\"Universidad de las Artes\",\"url\":\"https:\\\/\\\/www.uartes.edu.ec\\\/sitio\\\/fr\\\/\",\"logo\":{\"@type\":\"ImageObject\",\"inLanguage\":\"fr-FR\",\"@id\":\"https:\\\/\\\/www.uartes.edu.ec\\\/sitio\\\/fr\\\/#\\\/schema\\\/logo\\\/image\\\/\",\"url\":\"https:\\\/\\\/www.uartes.edu.ec\\\/sitio\\\/wp-content\\\/uploads\\\/2022\\\/07\\\/logo-ua-horizontal.png\",\"contentUrl\":\"https:\\\/\\\/www.uartes.edu.ec\\\/sitio\\\/wp-content\\\/uploads\\\/2022\\\/07\\\/logo-ua-horizontal.png\",\"width\":800,\"height\":276,\"caption\":\"Universidad de las Artes\"},\"image\":{\"@id\":\"https:\\\/\\\/www.uartes.edu.ec\\\/sitio\\\/fr\\\/#\\\/schema\\\/logo\\\/image\\\/\"},\"sameAs\":[\"https:\\\/\\\/www.facebook.com\\\/uartesec\",\"https:\\\/\\\/x.com\\\/uartesec\",\"https:\\\/\\\/www.tiktok.com\\\/@uartesec\"]},{\"@type\":\"Person\",\"@id\":\"https:\\\/\\\/www.uartes.edu.ec\\\/sitio\\\/fr\\\/#\\\/schema\\\/person\\\/f33f8c1d2af0d5c80a38c8abf458184a\",\"name\":\"Universidad de las Artes\",\"image\":{\"@type\":\"ImageObject\",\"inLanguage\":\"fr-FR\",\"@id\":\"https:\\\/\\\/secure.gravatar.com\\\/avatar\\\/52e4757902f5cfa5ac52d020e5be83cae5487519154b6c35482fe08d589f3c13?s=96&d=mm&r=g\",\"url\":\"https:\\\/\\\/secure.gravatar.com\\\/avatar\\\/52e4757902f5cfa5ac52d020e5be83cae5487519154b6c35482fe08d589f3c13?s=96&d=mm&r=g\",\"contentUrl\":\"https:\\\/\\\/secure.gravatar.com\\\/avatar\\\/52e4757902f5cfa5ac52d020e5be83cae5487519154b6c35482fe08d589f3c13?s=96&d=mm&r=g\",\"caption\":\"Universidad de las Artes\"},\"url\":\"https:\\\/\\\/www.uartes.edu.ec\\\/sitio\\\/fr\\\/blog\\\/author\\\/dircomadm\\\/\"}]}<\/script>\n<!-- \/ Yoast SEO plugin. -->","yoast_head_json":{"title":"Universidad de las Artes - El CEPAM particip\u00f3 en uno de los di\u00e1logos de la Semana Cero","description":"Universidad de las Artes - El CEPAM particip\u00f3 en uno de los di\u00e1logos de la Semana Cero","robots":{"index":"index","follow":"follow","max-snippet":"max-snippet:-1","max-image-preview":"max-image-preview:large","max-video-preview":"max-video-preview:-1"},"canonical":"https:\/\/www.uartes.edu.ec\/sitio\/fr\/blog\/2021\/05\/05\/el-cepam-participo-en-uno-de-los-dialogos-de-la-semana-cero\/","og_locale":"fr_FR","og_type":"article","og_title":"Universidad de las Artes - El CEPAM particip\u00f3 en uno de los di\u00e1logos de la Semana Cero","og_description":"Universidad de las Artes - El CEPAM particip\u00f3 en uno de los di\u00e1logos de la Semana Cero","og_url":"https:\/\/www.uartes.edu.ec\/sitio\/fr\/blog\/2021\/05\/05\/el-cepam-participo-en-uno-de-los-dialogos-de-la-semana-cero\/","og_site_name":"Universidad de las Artes","article_publisher":"https:\/\/www.facebook.com\/uartesec","article_published_time":"2021-04-29T21:17:00+00:00","article_modified_time":"2024-07-04T16:27:21+00:00","og_image":[{"width":2000,"height":1333,"url":"https:\/\/www.uartes.edu.ec\/sitio\/wp-content\/uploads\/2021\/05\/El-CEPAM-participo\u0301-en-uno-de-los-dia\u0301logos-de-la-Semana-Cero.jpg","type":"image\/jpeg"}],"author":"Universidad de las Artes","twitter_card":"summary_large_image","twitter_creator":"@uartesec","twitter_site":"@uartesec","twitter_misc":{"\u00c9crit par":"Universidad de las Artes","Dur\u00e9e de lecture estim\u00e9e":"5 minutes"},"schema":{"@context":"https:\/\/schema.org","@graph":[{"@type":"Article","@id":"https:\/\/www.uartes.edu.ec\/sitio\/fr\/blog\/2021\/05\/05\/el-cepam-participo-en-uno-de-los-dialogos-de-la-semana-cero\/#article","isPartOf":{"@id":"https:\/\/www.uartes.edu.ec\/sitio\/fr\/blog\/2021\/05\/05\/el-cepam-participo-en-uno-de-los-dialogos-de-la-semana-cero\/"},"author":{"name":"Universidad de las Artes","@id":"https:\/\/www.uartes.edu.ec\/sitio\/fr\/#\/schema\/person\/f33f8c1d2af0d5c80a38c8abf458184a"},"headline":"El CEPAM particip\u00f3 en uno de los di\u00e1logos de la Semana Cero","datePublished":"2021-04-29T21:17:00+00:00","dateModified":"2024-07-04T16:27:21+00:00","mainEntityOfPage":{"@id":"https:\/\/www.uartes.edu.ec\/sitio\/fr\/blog\/2021\/05\/05\/el-cepam-participo-en-uno-de-los-dialogos-de-la-semana-cero\/"},"wordCount":1062,"publisher":{"@id":"https:\/\/www.uartes.edu.ec\/sitio\/fr\/#organization"},"image":{"@id":"https:\/\/www.uartes.edu.ec\/sitio\/fr\/blog\/2021\/05\/05\/el-cepam-participo-en-uno-de-los-dialogos-de-la-semana-cero\/#primaryimage"},"thumbnailUrl":"https:\/\/www.uartes.edu.ec\/sitio\/wp-content\/uploads\/2021\/05\/El-CEPAM-participo\u0301-en-uno-de-los-dia\u0301logos-de-la-Semana-Cero.jpg","keywords":["semana 0"],"articleSection":["Acad\u00e9mico","Artes","Docentes","Estudiantes"],"inLanguage":"fr-FR"},{"@type":["WebPage","ItemPage"],"@id":"https:\/\/www.uartes.edu.ec\/sitio\/fr\/blog\/2021\/05\/05\/el-cepam-participo-en-uno-de-los-dialogos-de-la-semana-cero\/","url":"https:\/\/www.uartes.edu.ec\/sitio\/fr\/blog\/2021\/05\/05\/el-cepam-participo-en-uno-de-los-dialogos-de-la-semana-cero\/","name":"Universidad de las Artes - El CEPAM particip\u00f3 en uno de los di\u00e1logos de la Semana Cero","isPartOf":{"@id":"https:\/\/www.uartes.edu.ec\/sitio\/fr\/#website"},"primaryImageOfPage":{"@id":"https:\/\/www.uartes.edu.ec\/sitio\/fr\/blog\/2021\/05\/05\/el-cepam-participo-en-uno-de-los-dialogos-de-la-semana-cero\/#primaryimage"},"image":{"@id":"https:\/\/www.uartes.edu.ec\/sitio\/fr\/blog\/2021\/05\/05\/el-cepam-participo-en-uno-de-los-dialogos-de-la-semana-cero\/#primaryimage"},"thumbnailUrl":"https:\/\/www.uartes.edu.ec\/sitio\/wp-content\/uploads\/2021\/05\/El-CEPAM-participo\u0301-en-uno-de-los-dia\u0301logos-de-la-Semana-Cero.jpg","datePublished":"2021-04-29T21:17:00+00:00","dateModified":"2024-07-04T16:27:21+00:00","description":"Universidad de las Artes - El CEPAM particip\u00f3 en uno de los di\u00e1logos de la Semana Cero","breadcrumb":{"@id":"https:\/\/www.uartes.edu.ec\/sitio\/fr\/blog\/2021\/05\/05\/el-cepam-participo-en-uno-de-los-dialogos-de-la-semana-cero\/#breadcrumb"},"inLanguage":"fr-FR","potentialAction":[{"@type":"ReadAction","target":["https:\/\/www.uartes.edu.ec\/sitio\/fr\/blog\/2021\/05\/05\/el-cepam-participo-en-uno-de-los-dialogos-de-la-semana-cero\/"]}]},{"@type":"ImageObject","inLanguage":"fr-FR","@id":"https:\/\/www.uartes.edu.ec\/sitio\/fr\/blog\/2021\/05\/05\/el-cepam-participo-en-uno-de-los-dialogos-de-la-semana-cero\/#primaryimage","url":"https:\/\/www.uartes.edu.ec\/sitio\/wp-content\/uploads\/2021\/05\/El-CEPAM-participo\u0301-en-uno-de-los-dia\u0301logos-de-la-Semana-Cero.jpg","contentUrl":"https:\/\/www.uartes.edu.ec\/sitio\/wp-content\/uploads\/2021\/05\/El-CEPAM-participo\u0301-en-uno-de-los-dia\u0301logos-de-la-Semana-Cero.jpg","width":2000,"height":1333,"caption":"El CEPAM particip\u00f3 en uno de los di\u00e1logos de la Semana Cero"},{"@type":"BreadcrumbList","@id":"https:\/\/www.uartes.edu.ec\/sitio\/fr\/blog\/2021\/05\/05\/el-cepam-participo-en-uno-de-los-dialogos-de-la-semana-cero\/#breadcrumb","itemListElement":[{"@type":"ListItem","position":1,"name":"Inicio","item":"https:\/\/www.uartes.edu.ec\/sitio\/"},{"@type":"ListItem","position":2,"name":"El CEPAM particip\u00f3 en uno de los di\u00e1logos de la Semana Cero"}]},{"@type":"WebSite","@id":"https:\/\/www.uartes.edu.ec\/sitio\/fr\/#website","url":"https:\/\/www.uartes.edu.ec\/sitio\/fr\/","name":"Universidad de las Artes","description":"Sitio oficial de la Universidad Nacional de las Artes del Ecuador","publisher":{"@id":"https:\/\/www.uartes.edu.ec\/sitio\/fr\/#organization"},"potentialAction":[{"@type":"SearchAction","target":{"@type":"EntryPoint","urlTemplate":"https:\/\/www.uartes.edu.ec\/sitio\/fr\/?s={search_term_string}"},"query-input":{"@type":"PropertyValueSpecification","valueRequired":true,"valueName":"search_term_string"}}],"inLanguage":"fr-FR"},{"@type":"Organization","@id":"https:\/\/www.uartes.edu.ec\/sitio\/fr\/#organization","name":"Universidad de las Artes","url":"https:\/\/www.uartes.edu.ec\/sitio\/fr\/","logo":{"@type":"ImageObject","inLanguage":"fr-FR","@id":"https:\/\/www.uartes.edu.ec\/sitio\/fr\/#\/schema\/logo\/image\/","url":"https:\/\/www.uartes.edu.ec\/sitio\/wp-content\/uploads\/2022\/07\/logo-ua-horizontal.png","contentUrl":"https:\/\/www.uartes.edu.ec\/sitio\/wp-content\/uploads\/2022\/07\/logo-ua-horizontal.png","width":800,"height":276,"caption":"Universidad de las Artes"},"image":{"@id":"https:\/\/www.uartes.edu.ec\/sitio\/fr\/#\/schema\/logo\/image\/"},"sameAs":["https:\/\/www.facebook.com\/uartesec","https:\/\/x.com\/uartesec","https:\/\/www.tiktok.com\/@uartesec"]},{"@type":"Person","@id":"https:\/\/www.uartes.edu.ec\/sitio\/fr\/#\/schema\/person\/f33f8c1d2af0d5c80a38c8abf458184a","name":"Universidad de las Artes","image":{"@type":"ImageObject","inLanguage":"fr-FR","@id":"https:\/\/secure.gravatar.com\/avatar\/52e4757902f5cfa5ac52d020e5be83cae5487519154b6c35482fe08d589f3c13?s=96&d=mm&r=g","url":"https:\/\/secure.gravatar.com\/avatar\/52e4757902f5cfa5ac52d020e5be83cae5487519154b6c35482fe08d589f3c13?s=96&d=mm&r=g","contentUrl":"https:\/\/secure.gravatar.com\/avatar\/52e4757902f5cfa5ac52d020e5be83cae5487519154b6c35482fe08d589f3c13?s=96&d=mm&r=g","caption":"Universidad de las Artes"},"url":"https:\/\/www.uartes.edu.ec\/sitio\/fr\/blog\/author\/dircomadm\/"}]}},"uagb_featured_image_src":{"full":["https:\/\/www.uartes.edu.ec\/sitio\/wp-content\/uploads\/2021\/05\/El-CEPAM-participo\u0301-en-uno-de-los-dia\u0301logos-de-la-Semana-Cero.jpg",2000,1333,false],"thumbnail":["https:\/\/www.uartes.edu.ec\/sitio\/wp-content\/uploads\/2021\/05\/El-CEPAM-participo\u0301-en-uno-de-los-dia\u0301logos-de-la-Semana-Cero-150x150.jpg",150,150,true],"medium":["https:\/\/www.uartes.edu.ec\/sitio\/wp-content\/uploads\/2021\/05\/El-CEPAM-participo\u0301-en-uno-de-los-dia\u0301logos-de-la-Semana-Cero-300x200.jpg",300,200,true],"medium_large":["https:\/\/www.uartes.edu.ec\/sitio\/wp-content\/uploads\/2021\/05\/El-CEPAM-participo\u0301-en-uno-de-los-dia\u0301logos-de-la-Semana-Cero-768x512.jpg",768,512,true],"large":["https:\/\/www.uartes.edu.ec\/sitio\/wp-content\/uploads\/2021\/05\/El-CEPAM-participo\u0301-en-uno-de-los-dia\u0301logos-de-la-Semana-Cero-644x429.jpg",644,429,true],"1536x1536":["https:\/\/www.uartes.edu.ec\/sitio\/wp-content\/uploads\/2021\/05\/El-CEPAM-participo\u0301-en-uno-de-los-dia\u0301logos-de-la-Semana-Cero-1536x1024.jpg",1536,1024,true],"2048x2048":["https:\/\/www.uartes.edu.ec\/sitio\/wp-content\/uploads\/2021\/05\/El-CEPAM-participo\u0301-en-uno-de-los-dia\u0301logos-de-la-Semana-Cero.jpg",2000,1333,false],"trp-custom-language-flag":["https:\/\/www.uartes.edu.ec\/sitio\/wp-content\/uploads\/2021\/05\/El-CEPAM-participo\u0301-en-uno-de-los-dia\u0301logos-de-la-Semana-Cero.jpg",18,12,false],"htmega_size_585x295":["https:\/\/www.uartes.edu.ec\/sitio\/wp-content\/uploads\/2021\/05\/El-CEPAM-participo\u0301-en-uno-de-los-dia\u0301logos-de-la-Semana-Cero-585x295.jpg",585,295,true],"htmega_size_1170x536":["https:\/\/www.uartes.edu.ec\/sitio\/wp-content\/uploads\/2021\/05\/El-CEPAM-participo\u0301-en-uno-de-los-dia\u0301logos-de-la-Semana-Cero-1170x536.jpg",1170,536,true],"htmega_size_396x360":["https:\/\/www.uartes.edu.ec\/sitio\/wp-content\/uploads\/2021\/05\/El-CEPAM-participo\u0301-en-uno-de-los-dia\u0301logos-de-la-Semana-Cero-396x360.jpg",396,360,true],"gb-block-post-grid-landscape":["https:\/\/www.uartes.edu.ec\/sitio\/wp-content\/uploads\/2021\/05\/El-CEPAM-participo\u0301-en-uno-de-los-dia\u0301logos-de-la-Semana-Cero.jpg",600,400,false],"gb-block-post-grid-square":["https:\/\/www.uartes.edu.ec\/sitio\/wp-content\/uploads\/2021\/05\/El-CEPAM-participo\u0301-en-uno-de-los-dia\u0301logos-de-la-Semana-Cero.jpg",600,400,false],"university-hub-thumb":["https:\/\/www.uartes.edu.ec\/sitio\/wp-content\/uploads\/2021\/05\/El-CEPAM-participo\u0301-en-uno-de-los-dia\u0301logos-de-la-Semana-Cero-400x267.jpg",400,267,true],"mailpoet_newsletter_max":["https:\/\/www.uartes.edu.ec\/sitio\/wp-content\/uploads\/2021\/05\/El-CEPAM-participo\u0301-en-uno-de-los-dia\u0301logos-de-la-Semana-Cero.jpg",1320,880,false]},"uagb_author_info":{"display_name":"Universidad de las Artes","author_link":"https:\/\/www.uartes.edu.ec\/sitio\/fr\/blog\/author\/dircomadm\/"},"uagb_comment_info":0,"uagb_excerpt":"En la \u00faltima jornada de la Semana Cero de la Universidad de las Artes los di\u00e1logos virtuales estuvieron dirigidos a tratar temas sobre la violencia contra la mujer y el procedimiento a seguir en casos de acoso, discriminaci\u00f3n y violencia de g\u00e9nero;","featured_image_src":"https:\/\/www.uartes.edu.ec\/sitio\/wp-content\/uploads\/2021\/05\/El-CEPAM-participo\u0301-en-uno-de-los-dia\u0301logos-de-la-Semana-Cero.jpg","featured_image_src_square":"https:\/\/www.uartes.edu.ec\/sitio\/wp-content\/uploads\/2021\/05\/El-CEPAM-participo\u0301-en-uno-de-los-dia\u0301logos-de-la-Semana-Cero.jpg","author_info":{"display_name":"Universidad de las Artes","author_link":"https:\/\/www.uartes.edu.ec\/sitio\/fr\/blog\/author\/dircomadm\/"},"publishpress_future_workflow_manual_trigger":{"enabledWorkflows":[]},"distributor_meta":false,"distributor_terms":false,"distributor_media":false,"distributor_original_site_name":"Universidad de las Artes","distributor_original_site_url":"https:\/\/www.uartes.edu.ec\/sitio\/fr","push-errors":false,"_links":{"self":[{"href":"https:\/\/www.uartes.edu.ec\/sitio\/fr\/wp-json\/wp\/v2\/posts\/13616","targetHints":{"allow":["GET"]}}],"collection":[{"href":"https:\/\/www.uartes.edu.ec\/sitio\/fr\/wp-json\/wp\/v2\/posts"}],"about":[{"href":"https:\/\/www.uartes.edu.ec\/sitio\/fr\/wp-json\/wp\/v2\/types\/post"}],"author":[{"embeddable":true,"href":"https:\/\/www.uartes.edu.ec\/sitio\/fr\/wp-json\/wp\/v2\/users\/1"}],"replies":[{"embeddable":true,"href":"https:\/\/www.uartes.edu.ec\/sitio\/fr\/wp-json\/wp\/v2\/comments?post=13616"}],"version-history":[{"count":2,"href":"https:\/\/www.uartes.edu.ec\/sitio\/fr\/wp-json\/wp\/v2\/posts\/13616\/revisions"}],"predecessor-version":[{"id":13618,"href":"https:\/\/www.uartes.edu.ec\/sitio\/fr\/wp-json\/wp\/v2\/posts\/13616\/revisions\/13618"}],"wp:featuredmedia":[{"embeddable":true,"href":"https:\/\/www.uartes.edu.ec\/sitio\/fr\/wp-json\/wp\/v2\/media\/13609"}],"wp:attachment":[{"href":"https:\/\/www.uartes.edu.ec\/sitio\/fr\/wp-json\/wp\/v2\/media?parent=13616"}],"wp:term":[{"taxonomy":"category","embeddable":true,"href":"https:\/\/www.uartes.edu.ec\/sitio\/fr\/wp-json\/wp\/v2\/categories?post=13616"},{"taxonomy":"post_tag","embeddable":true,"href":"https:\/\/www.uartes.edu.ec\/sitio\/fr\/wp-json\/wp\/v2\/tags?post=13616"},{"taxonomy":"infouartes","embeddable":true,"href":"https:\/\/www.uartes.edu.ec\/sitio\/fr\/wp-json\/wp\/v2\/infouartes?post=13616"}],"curies":[{"name":"wp","href":"https:\/\/api.w.org\/{rel}","templated":true}]}}